{"id":54418,"date":"2020-10-23T12:05:50","date_gmt":"2020-10-23T17:05:50","guid":{"rendered":"http:\/\/www.grieta.org.mx\/?p=54418"},"modified":"2020-10-25T12:17:02","modified_gmt":"2020-10-25T18:17:02","slug":"hallan-fosa-clandestina-en-bahia-de-banderas-nayarit","status":"publish","type":"post","link":"http:\/\/www.grieta.org.mx\/index.php\/2020\/10\/23\/hallan-fosa-clandestina-en-bahia-de-banderas-nayarit\/","title":{"rendered":"Hallan fosa clandestina en Bah\u00eda de Banderas (Nayarit)"},"content":{"rendered":"<p><img loading=\"lazy\" decoding=\"async\" data-attachment-id=\"54419\" data-permalink=\"http:\/\/www.grieta.org.mx\/index.php\/2020\/10\/23\/hallan-fosa-clandestina-en-bahia-de-banderas-nayarit\/fosa-3\/\" data-orig-file=\"http:\/\/www.grieta.org.mx\/wp-content\/uploads\/2020\/10\/fosa.jpg\" data-orig-size=\"800,463\" data-comments-opened=\"0\" data-image-meta=\"{&quot;aperture&quot;:&quot;0&quot;,&quot;credit&quot;:&quot;&quot;,&quot;camera&quot;:&quot;&quot;,&quot;caption&quot;:&quot;&quot;,&quot;created_timestamp&quot;:&quot;0&quot;,&quot;copyright&quot;:&quot;&quot;,&quot;focal_length&quot;:&quot;0&quot;,&quot;iso&quot;:&quot;0&quot;,&quot;shutter_speed&quot;:&quot;0&quot;,&quot;title&quot;:&quot;&quot;,&quot;orientation&quot;:&quot;0&quot;}\" data-image-title=\"fosa\" data-image-description=\"\" data-image-caption=\"\" data-medium-file=\"http:\/\/www.grieta.org.mx\/wp-content\/uploads\/2020\/10\/fosa-300x174.jpg\" data-large-file=\"http:\/\/www.grieta.org.mx\/wp-content\/uploads\/2020\/10\/fosa.jpg\" class=\" wp-image-54419 aligncenter\" src=\"http:\/\/www.grieta.org.mx\/wp-content\/uploads\/2020\/10\/fosa.jpg\" alt=\"\" width=\"800\" height=\"463\" srcset=\"http:\/\/www.grieta.org.mx\/wp-content\/uploads\/2020\/10\/fosa.jpg 800w, http:\/\/www.grieta.org.mx\/wp-content\/uploads\/2020\/10\/fosa-300x174.jpg 300w, http:\/\/www.grieta.org.mx\/wp-content\/uploads\/2020\/10\/fosa-768x444.jpg 768w\" sizes=\"auto, (max-width: 800px) 100vw, 800px\" \/><\/p>\n<p>Foto: Realidades de Nayarit<\/p>\n<p>A\u00fan no se ha precisado el n\u00famero de cad\u00e1veres<\/p>\n<p>V\u00edctor Trejo Olmos y Wilfrido Elenes luna \/ Realidades de Nayarit<\/p>\n<p>Bah\u00eda de Banderas, Nayarit. Viernes 23 de octubre del 2020.- Una narco fosa m\u00e1s, fue localizada por integrantes de la Asociaci\u00f3n Colectivo de Familias y Personas Desaparecidas en San Vicente de este municipio. Familias organizadas siguen clamando justicia, ya no para que castiguen a los responsables sino para que atiendan las investigaciones que den con el paradero de quienes ya no regresaron a sus hogares.<\/p>\n<p>La tarde de ayer jueves personas que operan maquinaria pesada dieron parte a las autoridades sobre la presencia de una osamenta y varias partes de un cuerpo humano. Al estar excavando encontraron al filo de la una de la tarde un hueso parte de una osamenta humana. La b\u00fasqueda se intensific\u00f3 encontrando m\u00e1s huesos de diferentes partes de cuerpos.<br \/>\nEl miembro de la Asociaci\u00f3n del Colectivo de Familias y Personas Desaparecidas en San Vicente que dio cuenta de este hallazgo, inmediatamente habl\u00f3 al 911 para que las autoridades estatales realicen la recuperaci\u00f3n de los restos y sean identificados mediante el sistema de ADN.<\/p>\n<p>Como suele ocurrir desde hace varios a\u00f1os, al lugar se hicieron presentes familias que andan en busca de sus seres queridos.<br \/>\nFamilias congregadas en colectivos ciudadanos estaban ah\u00ed presentes a la espera de saber datos sobre los hallazgos de las autoridades, alguna pista que terminar\u00e1 con la angustia que cargan desde el \u00faltimo d\u00eda que vieron a su familiar.<\/p>\n<p>Entre los presentes estaba la familia Rodr\u00edguez, vecinos de San Vicente, quienes presum\u00edan que los restos hallados podr\u00edan pertenecer a su familiar.<\/p>\n<p>Los restos fueron trasladados a la capital del estado para realizar los an\u00e1lisis correspondientes y cotejarlos con el banco de datos que hay de personas desaparecidas.<\/p>\n<p>Como ha sucedido desde que decidieron emprender por ellos mismos las investigaciones, y sostener los gastos, las familias del colectivo de personas desaparecidas hablaron sobre las falta de inter\u00e9s de las autoridades por tomarlos en cuenta al punto de pedirles que mejor olviden sus casos.<\/p>\n<p>Cabe se\u00f1alar que las identificaciones de los cientos de restos encontrados siguen durmiendo el sue\u00f1o de los justos y todo queda en una utop\u00eda oficial.<\/p>\n<p><a href=\"http:\/\/realidadessperiodico.com\/59561\/\">http:\/\/realidadessperiodico.com\/59561\/<\/a><\/p>\n","protected":false},"excerpt":{"rendered":"<p>Foto: Realidades de Nayarit A\u00fan no se ha precisado el n\u00famero de cad\u00e1veres V\u00edctor Trejo Olmos y Wilfrido Elenes luna \/ Realidades de Nayarit Bah\u00eda de Banderas, Nayarit. Viernes 23 &hellip; <a href=\"http:\/\/www.grieta.org.mx\/index.php\/2020\/10\/23\/hallan-fosa-clandestina-en-bahia-de-banderas-nayarit\/\" class=\"more-link\">Leer m\u00e1s<\/a><\/p>\n","protected":false},"author":2,"featured_media":54419,"comment_status":"closed","ping_status":"closed","sticky":false,"template":"","format":"standard","meta":{"ngg_post_thumbnail":0,"_jetpack_newsletter_access":"","_jetpack_dont_email_post_to_subs":false,"_jetpack_newsletter_tier_id":0,"_jetpack_memberships_contains_paywalled_content":false,"_jetpack_memberships_contains_paid_content":false,"footnotes":""},"categories":[80,87,2267,23,2,83],"tags":[3018,121,1668,856],"class_list":["post-54418","post","type-post","status-publish","format-standard","has-post-thumbnail","hentry","category-cintillo","category-desaparecidos","category-desaparecidos-en-nayarit","category-nayarit","category-noticias-nacionales","category-temas-nacionales","tag-colectivos-de-busqueda-de-desaparecidos","tag-desaparecidos","tag-familiares-de-desaparecidos","tag-fosas-clandestinas","entry"],"jetpack_featured_media_url":"http:\/\/www.grieta.org.mx\/wp-content\/uploads\/2020\/10\/fosa.jpg","jetpack_sharing_enabled":true,"jetpack_shortlink":"https:\/\/wp.me\/p7ZJR4-e9I","jetpack_likes_enabled":false,"jetpack-related-posts":[{"id":42178,"url":"http:\/\/www.grieta.org.mx\/index.php\/2019\/12\/12\/no-aparecen-17-jovenes-nayarit\/","url_meta":{"origin":54418,"position":0},"title":"No aparecen 17 j\u00f3venes (Nayarit)","author":"grieta","date":"12 diciembre, 2019","format":false,"excerpt":"Est\u00e1n desaparecidos desde hace varios meses y sus familiares piden a las autoridades correspondientes que tomen en cuenta sus demandas y den claridad a las investigaciones Foto: Realidades de Nayarit V\u00edctor Trejo Olmos \/ Realidades de Nayarit Bah\u00eda de Banderas, Nayarit.\u00a0Jueves 12 de diciembre del 2019.- Hay al menos 17\u2026","rel":"","context":"En &quot;CINTILLO&quot;","block_context":{"text":"CINTILLO","link":"http:\/\/www.grieta.org.mx\/index.php\/category\/cintillo\/"},"img":{"alt_text":"","src":"https:\/\/i0.wp.com\/www.grieta.org.mx\/wp-content\/uploads\/2019\/12\/NO-HAY-JUSTICIA-1068x801.jpg?resize=350%2C200","width":350,"height":200,"srcset":"https:\/\/i0.wp.com\/www.grieta.org.mx\/wp-content\/uploads\/2019\/12\/NO-HAY-JUSTICIA-1068x801.jpg?resize=350%2C200 1x, https:\/\/i0.wp.com\/www.grieta.org.mx\/wp-content\/uploads\/2019\/12\/NO-HAY-JUSTICIA-1068x801.jpg?resize=525%2C300 1.5x, https:\/\/i0.wp.com\/www.grieta.org.mx\/wp-content\/uploads\/2019\/12\/NO-HAY-JUSTICIA-1068x801.jpg?resize=700%2C400 2x, https:\/\/i0.wp.com\/www.grieta.org.mx\/wp-content\/uploads\/2019\/12\/NO-HAY-JUSTICIA-1068x801.jpg?resize=1050%2C600 3x"},"classes":[]},{"id":68443,"url":"http:\/\/www.grieta.org.mx\/index.php\/2024\/01\/09\/madres-buscadoras-y-familiares-realizan-busqueda-de-desaparecidos-en-el-guamuchil\/","url_meta":{"origin":54418,"position":1},"title":"Madres buscadoras y familiares realizan b\u00fasqueda de desaparecidos en El Guam\u00fachil","author":"grieta","date":"9 enero, 2024","format":false,"excerpt":"Imagen:Especial Isrrael Torres \/ Tribuna de la Bah\u00eda La Comisi\u00f3n Estatal de Personas Desaparecidas, en conjunto con familias de desaparecidos y apoyados por la Guardia Nacional y la Polic\u00eda Estatal Coordinada,\u00a0realizaron labores de b\u00fasqueda en la ribera del r\u00edo de la localidad El Guam\u00fachil, en Bah\u00eda de Banderas. Hubo excavaciones\u2026","rel":"","context":"En &quot;CINTILLO&quot;","block_context":{"text":"CINTILLO","link":"http:\/\/www.grieta.org.mx\/index.php\/category\/cintillo\/"},"img":{"alt_text":"","src":"https:\/\/i0.wp.com\/www.grieta.org.mx\/wp-content\/uploads\/2024\/02\/busqueda-personas-desaparecidas-905x613-1.jpeg?resize=350%2C200","width":350,"height":200,"srcset":"https:\/\/i0.wp.com\/www.grieta.org.mx\/wp-content\/uploads\/2024\/02\/busqueda-personas-desaparecidas-905x613-1.jpeg?resize=350%2C200 1x, https:\/\/i0.wp.com\/www.grieta.org.mx\/wp-content\/uploads\/2024\/02\/busqueda-personas-desaparecidas-905x613-1.jpeg?resize=525%2C300 1.5x, https:\/\/i0.wp.com\/www.grieta.org.mx\/wp-content\/uploads\/2024\/02\/busqueda-personas-desaparecidas-905x613-1.jpeg?resize=700%2C400 2x"},"classes":[]},{"id":56398,"url":"http:\/\/www.grieta.org.mx\/index.php\/2021\/01\/16\/encuentran-nueva-fosa-clandestina-nayarit\/","url_meta":{"origin":54418,"position":2},"title":"Encuentran nueva fosa clandestina (Nayarit)","author":"grieta","date":"16 enero, 2021","format":false,"excerpt":"Foto: Realidades de Nayarit Fue localizada en la comunidad de San Luis de Lozada Mildra Ben\u00edtez Robledo Tepic, Nayarit.- S\u00e1bado 16 de enero del 2021.- El colectivo Familias Unidas por Nayarit, este viernes confirma a trav\u00e9s de su cuenta oficial de Facebook el hallazgo de una nueva fosa clandestina en\u2026","rel":"","context":"En &quot;CINTILLO&quot;","block_context":{"text":"CINTILLO","link":"http:\/\/www.grieta.org.mx\/index.php\/category\/cintillo\/"},"img":{"alt_text":"","src":"https:\/\/i0.wp.com\/www.grieta.org.mx\/wp-content\/uploads\/2021\/01\/fosa-1-696x522-1.jpg?resize=350%2C200","width":350,"height":200,"srcset":"https:\/\/i0.wp.com\/www.grieta.org.mx\/wp-content\/uploads\/2021\/01\/fosa-1-696x522-1.jpg?resize=350%2C200 1x, https:\/\/i0.wp.com\/www.grieta.org.mx\/wp-content\/uploads\/2021\/01\/fosa-1-696x522-1.jpg?resize=525%2C300 1.5x"},"classes":[]},{"id":49978,"url":"http:\/\/www.grieta.org.mx\/index.php\/2020\/05\/24\/colectivo-de-familias-unidas-localizo-una-nueva-narcofosa-nayarit\/","url_meta":{"origin":54418,"position":3},"title":"Colectivo de Familias Unidas localiz\u00f3 una nueva narcofosa (Nayarit)","author":"grieta","date":"24 mayo, 2020","format":false,"excerpt":"Foto: Realidades de Nayarit Wilfrido Elenes Luna \/ Realidades de Nayarit Tepic, Nayarit.- Domingo 24 de mayo del 2020.- Mientras la unidad de b\u00fasqueda canina, de la Polic\u00eda Estatal Preventiva duerme el sue\u00f1o de los justos y solo sirve para hacer gastos injustificables y los Agentes Investigadores de la misma\u2026","rel":"","context":"En &quot;CINTILLO&quot;","block_context":{"text":"CINTILLO","link":"http:\/\/www.grieta.org.mx\/index.php\/category\/cintillo\/"},"img":{"alt_text":"","src":"https:\/\/i0.wp.com\/www.grieta.org.mx\/wp-content\/uploads\/2020\/05\/fosas.jpg?resize=350%2C200","width":350,"height":200,"srcset":"https:\/\/i0.wp.com\/www.grieta.org.mx\/wp-content\/uploads\/2020\/05\/fosas.jpg?resize=350%2C200 1x, https:\/\/i0.wp.com\/www.grieta.org.mx\/wp-content\/uploads\/2020\/05\/fosas.jpg?resize=525%2C300 1.5x, https:\/\/i0.wp.com\/www.grieta.org.mx\/wp-content\/uploads\/2020\/05\/fosas.jpg?resize=700%2C400 2x"},"classes":[]},{"id":67260,"url":"http:\/\/www.grieta.org.mx\/index.php\/2023\/07\/27\/madres-buscadores-recorren-bahia-de-banderas-en-busca-de-sus-hijos-nayarit\/","url_meta":{"origin":54418,"position":4},"title":"Madres buscadores recorren Bah\u00eda de Banderas en busca de sus hijos (Nayarit)","author":"grieta","date":"27 julio, 2023","format":false,"excerpt":"Imagen: Tomada de la Red Israel Torres \/ Tribuna de la Bah\u00eda Durante esta semana madres buscadoras se ha internado en rincones del municipio de Bah\u00eda de Banderas en la b\u00fasqueda de rastros que lleven a la localizaci\u00f3n de sus hijos y familiares. Este mi\u00e9rcoles y jueves el grupo recorri\u00f3\u2026","rel":"","context":"En &quot;CINTILLO&quot;","block_context":{"text":"CINTILLO","link":"http:\/\/www.grieta.org.mx\/index.php\/category\/cintillo\/"},"img":{"alt_text":"","src":"https:\/\/i0.wp.com\/www.grieta.org.mx\/wp-content\/uploads\/2023\/07\/48694562_303.jpg?resize=350%2C200","width":350,"height":200,"srcset":"https:\/\/i0.wp.com\/www.grieta.org.mx\/wp-content\/uploads\/2023\/07\/48694562_303.jpg?resize=350%2C200 1x, https:\/\/i0.wp.com\/www.grieta.org.mx\/wp-content\/uploads\/2023\/07\/48694562_303.jpg?resize=525%2C300 1.5x, https:\/\/i0.wp.com\/www.grieta.org.mx\/wp-content\/uploads\/2023\/07\/48694562_303.jpg?resize=700%2C400 2x"},"classes":[]},{"id":72004,"url":"http:\/\/www.grieta.org.mx\/index.php\/2025\/06\/11\/dejenme-escarbar-madre-buscadora-de-bahia-exige-al-gobierno-no-mandar-restos-a-fosas-comunes-nayarit\/","url_meta":{"origin":54418,"position":5},"title":"\u201cD\u00e9jenme escarbar\u201d: Madre buscadora de Bah\u00eda exige al gobierno no mandar restos a fosas comunes (Nayarit)","author":"grieta","date":"11 junio, 2025","format":false,"excerpt":"Imagen: Especial Amanda \u00c1lvarez, activista del colectivo Eh\u00e9catl, exige que se respete el derecho de las familias a buscar a sus desaparecidos sin obst\u00e1culos ni omisiones del Estado Isrrael L\u00f3pez \/ Tribuna de la Bah\u00eda La madre buscadora y activista Amanda \u00c1lvarez Ant\u00fanez, representante del Colectivo Eh\u00e9catl en Bah\u00eda de\u2026","rel":"","context":"En &quot;CINTILLO&quot;","block_context":{"text":"CINTILLO","link":"http:\/\/www.grieta.org.mx\/index.php\/category\/cintillo\/"},"img":{"alt_text":"","src":"https:\/\/i0.wp.com\/www.grieta.org.mx\/wp-content\/uploads\/2025\/07\/madres-buscadoras-ezgif.com-jpg-to-webp-converter-905x613-1.webp?resize=350%2C200","width":350,"height":200,"srcset":"https:\/\/i0.wp.com\/www.grieta.org.mx\/wp-content\/uploads\/2025\/07\/madres-buscadoras-ezgif.com-jpg-to-webp-converter-905x613-1.webp?resize=350%2C200 1x, https:\/\/i0.wp.com\/www.grieta.org.mx\/wp-content\/uploads\/2025\/07\/madres-buscadoras-ezgif.com-jpg-to-webp-converter-905x613-1.webp?resize=525%2C300 1.5x, https:\/\/i0.wp.com\/www.grieta.org.mx\/wp-content\/uploads\/2025\/07\/madres-buscadoras-ezgif.com-jpg-to-webp-converter-905x613-1.webp?resize=700%2C400 2x"},"classes":[]}],"_links":{"self":[{"href":"http:\/\/www.grieta.org.mx\/index.php\/wp-json\/wp\/v2\/posts\/54418","targetHints":{"allow":["GET"]}}],"collection":[{"href":"http:\/\/www.grieta.org.mx\/index.php\/wp-json\/wp\/v2\/posts"}],"about":[{"href":"http:\/\/www.grieta.org.mx\/index.php\/wp-json\/wp\/v2\/types\/post"}],"author":[{"embeddable":true,"href":"http:\/\/www.grieta.org.mx\/index.php\/wp-json\/wp\/v2\/users\/2"}],"replies":[{"embeddable":true,"href":"http:\/\/www.grieta.org.mx\/index.php\/wp-json\/wp\/v2\/comments?post=54418"}],"version-history":[{"count":1,"href":"http:\/\/www.grieta.org.mx\/index.php\/wp-json\/wp\/v2\/posts\/54418\/revisions"}],"predecessor-version":[{"id":54420,"href":"http:\/\/www.grieta.org.mx\/index.php\/wp-json\/wp\/v2\/posts\/54418\/revisions\/54420"}],"wp:featuredmedia":[{"embeddable":true,"href":"http:\/\/www.grieta.org.mx\/index.php\/wp-json\/wp\/v2\/media\/54419"}],"wp:attachment":[{"href":"http:\/\/www.grieta.org.mx\/index.php\/wp-json\/wp\/v2\/media?parent=54418"}],"wp:term":[{"taxonomy":"category","embeddable":true,"href":"http:\/\/www.grieta.org.mx\/index.php\/wp-json\/wp\/v2\/categories?post=54418"},{"taxonomy":"post_tag","embeddable":true,"href":"http:\/\/www.grieta.org.mx\/index.php\/wp-json\/wp\/v2\/tags?post=54418"}],"curies":[{"name":"wp","href":"https:\/\/api.w.org\/{rel}","templated":true}]}}