{"id":54391,"date":"2020-10-20T19:21:43","date_gmt":"2020-10-21T00:21:43","guid":{"rendered":"http:\/\/www.grieta.org.mx\/?p=54391"},"modified":"2020-10-22T23:28:25","modified_gmt":"2020-10-23T04:28:25","slug":"activistas-se-reactivan-contra-constellation-brands-empresa-pide-garantizar-seguridad-de-trabajadores-baja-california","status":"publish","type":"post","link":"http:\/\/www.grieta.org.mx\/index.php\/2020\/10\/20\/activistas-se-reactivan-contra-constellation-brands-empresa-pide-garantizar-seguridad-de-trabajadores-baja-california\/","title":{"rendered":"Activistas se reactivan contra Constellation Brands, empresa pide garantizar seguridad de trabajadores (Baja California)"},"content":{"rendered":"<p>Zeta Tijuana \/ Rafael Torres.<\/p>\n<p><img loading=\"lazy\" decoding=\"async\" data-attachment-id=\"54392\" data-permalink=\"http:\/\/www.grieta.org.mx\/index.php\/2020\/10\/20\/activistas-se-reactivan-contra-constellation-brands-empresa-pide-garantizar-seguridad-de-trabajadores-baja-california\/1-107\/\" data-orig-file=\"http:\/\/www.grieta.org.mx\/wp-content\/uploads\/2020\/10\/1.jpeg\" data-orig-size=\"750,500\" data-comments-opened=\"0\" data-image-meta=\"{&quot;aperture&quot;:&quot;0&quot;,&quot;credit&quot;:&quot;&quot;,&quot;camera&quot;:&quot;&quot;,&quot;caption&quot;:&quot;&quot;,&quot;created_timestamp&quot;:&quot;0&quot;,&quot;copyright&quot;:&quot;&quot;,&quot;focal_length&quot;:&quot;0&quot;,&quot;iso&quot;:&quot;0&quot;,&quot;shutter_speed&quot;:&quot;0&quot;,&quot;title&quot;:&quot;&quot;,&quot;orientation&quot;:&quot;0&quot;}\" data-image-title=\"1\" data-image-description=\"\" data-image-caption=\"\" data-medium-file=\"http:\/\/www.grieta.org.mx\/wp-content\/uploads\/2020\/10\/1-300x200.jpeg\" data-large-file=\"http:\/\/www.grieta.org.mx\/wp-content\/uploads\/2020\/10\/1.jpeg\" class=\"alignnone wp-image-54392\" src=\"http:\/\/www.grieta.org.mx\/wp-content\/uploads\/2020\/10\/1.jpeg\" alt=\"\" width=\"800\" height=\"533\" srcset=\"http:\/\/www.grieta.org.mx\/wp-content\/uploads\/2020\/10\/1.jpeg 750w, http:\/\/www.grieta.org.mx\/wp-content\/uploads\/2020\/10\/1-300x200.jpeg 300w\" sizes=\"auto, (max-width: 800px) 100vw, 800px\" \/><br \/>\nFoto: Cristian Torres\/Archivo<\/p>\n<p>Activistas en Mexicali aseguran que los trabajos en la cervecer\u00eda Constellation Brands contin\u00faan, por lo que se han reactivado las protestas afuera de las instalaciones de la empresa. Los voceros de la cervecera responden que la construcci\u00f3n se encuentra suspendida y exigen a las autoridades locales que se garantice la seguridad de los empleados en sitio.<\/p>\n<p>Los opositores a la cervecera aseguran que han observado gr\u00faas, y la construcci\u00f3n de una edificaci\u00f3n alta frente a los tanques silos que no exist\u00eda antes del mes de marzo en los terrenos de la empresa.<\/p>\n<p>Rigoberto Campos, activista en favor del agua y uno de los principales detractores de la empresa cervecera, asegura que el pasado 4 de octubre, durante la denominada Jornada por la Paz, Mario Escobedo, Secretario de Econom\u00eda Sustentable y Turismo, daba cuenta de una inversi\u00f3n de 9 millones de pesos de una maltera en Baja California.<\/p>\n<p>\u201cEsta maltera es para proveer a Constellation Brands, ni modo que a la de Tecate\u201d asumi\u00f3, \u201c\u2026y coincide con el movimiento donde ingresan material el\u00e9ctrico de conducci\u00f3n y cableado en grandes cantidades. Hemos sorprendido como a 150 trabajadores ingresando a la planta a eso de las a las 5 de la ma\u00f1ana\u201d, declar\u00f3 Campos a ZETA.<\/p>\n<p><a href=\"https:\/\/zetatijuana.com\/wp-content\/uploads\/2020\/10\/WhatsApp-Video-2020-10-20-at-5.15.01-PM.mp4?_=1\">https:\/\/zetatijuana.com\/wp-content\/uploads\/2020\/10\/WhatsApp-Video-2020-10-20-at-5.15.01-PM.mp4?_<\/a><\/p>\n<p>Jorge Ben\u00edtez, otro de los manifestantes en contra de la empresa cervecera, ha documentado en redes sociales el ingreso de autobuses a los terrenos de la compa\u00f1\u00eda. Y le ha llamado la atenci\u00f3n a la alcaldesa \u00c1vila Olmeda:<\/p>\n<p>\u201cMarina pon atenci\u00f3n a la ciudad, pon atenci\u00f3n en las calles, pon atenci\u00f3n en los baches, pon atenci\u00f3n en los desmembrados que hay en la ciudad, en el valle; pon atenci\u00f3n a los robos, a los homicidios, a todo. No est\u00e9s de t\u00edtere de una empresa trasnacional que seguramente vas a querer que patrocine tu pr\u00f3xima campa\u00f1a.\u201d Se escucha decir a Ben\u00edtez, mientras documenta con su tel\u00e9fono m\u00f3vil, patrullas escoltando autobuses que pretenden entrar al per\u00edmetro de la empresa y siendo detenido por un sujeto que se interpone entre las llantas del cami\u00f3n y el camino. Todo esto se puede observar a partir del minuto 10:52 del video en redes sociales.<\/p>\n<div class=\"jetpack-video-wrapper\"><iframe loading=\"lazy\" title=\"Activistas en #Mexicali aseguran que los trabajos en la cervecer\u00eda Constellation Brands continuan\" width=\"1170\" height=\"658\" src=\"https:\/\/www.youtube.com\/embed\/A-VRxLNaU0c?feature=oembed\" frameborder=\"0\" allow=\"accelerometer; autoplay; clipboard-write; encrypted-media; gyroscope; picture-in-picture\" allowfullscreen><\/iframe><\/div>\n<p>Tales afirmaciones fueron rechazadas mediante un comunicado, y el emporio de bebidas alcoh\u00f3licas, Constellation Brands (CB), exigi\u00f3 a las autoridades de Baja California y de Mexicali, garantizar la seguridad del personal que se encuentra en sitio para dar mantenimiento a las instalaciones, as\u00ed como a los proveedores que est\u00e1n retirando materiales e infraestructura del lugar:<\/p>\n<p>\u201cComo resultado de la consulta p\u00fablica llevada a cabo en marzo pasado, toda actividad asociada a la construcci\u00f3n de nuestra cervecer\u00eda en Mexicali, Baja California, ha sido suspendida.<\/p>\n<p>\u201cUn reducido n\u00famero de colaboradores y contratistas contin\u00faan en el predio con tareas de seguridad y mantenimiento de infraestructura y equipo, mientras seguimos trabajando con las autoridades para definir los siguientes pasos con base en nuestras necesidades de producci\u00f3n a largo plazo en M\u00e9xico.<\/p>\n<p>\u201cAdicionalmente, algunos de los contratistas que trabajaban en la construcci\u00f3n de este proyecto contin\u00faan retirando sus pertenencias y equipo de nuestras instalaciones.<\/p>\n<p>\u201cEn este contexto, hemos tomado una serie de medidas para garantizar la salud, bienestar y seguridad de nuestros colaboradores y contratistas que a\u00fan contin\u00faan laborando en el sitio, incluyendo todos los protocolos de salud y prevenci\u00f3n necesarios para evitar cualquier contagio de COVID-19.<\/p>\n<p>\u201cDesafortunadamente, varios de estos colaboradores y contratistas han sido objeto de amenazas e intimidaci\u00f3n por parte de un grupo de manifestantes que, de manera desinformada, creen que la construcci\u00f3n sigue adelante, por lo que han estado bloqueando los accesos a nuestras instalaciones de manera violenta.<\/p>\n<p>\u201cDe manera respetuosa le pedimos a las autoridades locales trabajar con este grupo de manifestantes para asegurar que tanto nuestros colaboradores como contratistas puedan continuar con sus actividades de mantenimiento de forma sana y segura mientras avanzamos en este proceso\u201d.<\/p>\n<p>La empresa asegura que la construcci\u00f3n de la cervecer\u00eda en Mexicali se encuentra suspendida y rechazan, dicen, cualquier tipo de violencia, amenaza e intimidaci\u00f3n ejercida por el grupo de manifestantes.<\/p>\n<p>Semanas atr\u00e1s, el CEO de Constellation Brands, Bill Newlands, en entrevista con la cadena estadounidense NBC, aseguraban que invertir\u00edan cien millones de d\u00f3lares para negocios de afroamericanos y minor\u00edas en los Estados Unidos, Newlands asever\u00f3 que \u201cEs un sector que no ha obtenido la cantidad adecuada de capital a lo largo del tiempo. Creemos que podemos ayudar a cambiar eso.\u201d<\/p>\n<p>Reconoci\u00f3 que la comunidad hispana es importante para el negocio de las bebidas alcoh\u00f3licas e invertir en estas comunidades es parte importante para el emporio cervecero, no solo por la reciprocidad, si no son una parte importante que ha hecho crecer su negocio.<\/p>\n<p><a href=\"https:\/\/zetatijuana.com\/2020\/10\/activistas-se-reactivan-contra-constellation-brands-empresa-pide-garantizar-seguridad-de-trabajadores\/\" target=\"_blank\" rel=\"noopener noreferrer\">https:\/\/zetatijuana.com\/2020\/10\/activistas-se-reactivan-contra-constellation-brands-empresa-pide-garantizar-seguridad-de-trabajadores\/<\/a><\/p>\n","protected":false},"excerpt":{"rendered":"<p>Zeta Tijuana \/ Rafael Torres. Foto: Cristian Torres\/Archivo Activistas en Mexicali aseguran que los trabajos en la cervecer\u00eda Constellation Brands contin\u00faan, por lo que se han reactivado las protestas afuera &hellip; <a href=\"http:\/\/www.grieta.org.mx\/index.php\/2020\/10\/20\/activistas-se-reactivan-contra-constellation-brands-empresa-pide-garantizar-seguridad-de-trabajadores-baja-california\/\" class=\"more-link\">Leer m\u00e1s<\/a><\/p>\n","protected":false},"author":2,"featured_media":54392,"comment_status":"closed","ping_status":"closed","sticky":false,"template":"","format":"standard","meta":{"ngg_post_thumbnail":0,"_jetpack_newsletter_access":"","_jetpack_dont_email_post_to_subs":false,"_jetpack_newsletter_tier_id":0,"_jetpack_memberships_contains_paywalled_content":false,"_jetpack_memberships_contains_paid_content":false,"footnotes":""},"categories":[5,80,2489,1052,2],"tags":[],"class_list":["post-54391","post","type-post","status-publish","format-standard","has-post-thumbnail","hentry","category-baja-california","category-cintillo","category-conflictos-por-agua-en-baja-california","category-la-lucha-de-resistencia-frente-a-la-cervecera-constellation-brands","category-noticias-nacionales","entry"],"jetpack_featured_media_url":"http:\/\/www.grieta.org.mx\/wp-content\/uploads\/2020\/10\/1.jpeg","jetpack_sharing_enabled":true,"jetpack_shortlink":"https:\/\/wp.me\/p7ZJR4-e9h","jetpack_likes_enabled":false,"jetpack-related-posts":[{"id":28874,"url":"http:\/\/www.grieta.org.mx\/index.php\/2019\/02\/08\/avanza-plebiscito-para-cervecera-constellation-brands-baja-california\/","url_meta":{"origin":54391,"position":0},"title":"Avanza plebiscito para cervecera Constellation Brands (Baja California)","author":"grieta","date":"8 febrero, 2019","format":false,"excerpt":"Cristian Torres En sesi\u00f3n de dictaminaci\u00f3n de la Comisi\u00f3n de Participaci\u00f3n Ciudadana y Educaci\u00f3n C\u00edvica del Instituto Estatal Electoral (IEE), se aprob\u00f3 con tres votos a favor la procedencia de solicitud de prlebiscito en contra del manifiesto de impacto ambiental que evitar\u00eda la construcci\u00f3n y operaci\u00f3n de la empresa Constellation\u2026","rel":"","context":"En &quot;Baja California&quot;","block_context":{"text":"Baja California","link":"http:\/\/www.grieta.org.mx\/index.php\/category\/noticias-nacionales\/baja-california\/"},"img":{"alt_text":"","src":"https:\/\/i0.wp.com\/www.grieta.org.mx\/wp-content\/uploads\/2019\/02\/IMG-20190208-WA0064-750x500.jpg?resize=350%2C200","width":350,"height":200,"srcset":"https:\/\/i0.wp.com\/www.grieta.org.mx\/wp-content\/uploads\/2019\/02\/IMG-20190208-WA0064-750x500.jpg?resize=350%2C200 1x, https:\/\/i0.wp.com\/www.grieta.org.mx\/wp-content\/uploads\/2019\/02\/IMG-20190208-WA0064-750x500.jpg?resize=525%2C300 1.5x, https:\/\/i0.wp.com\/www.grieta.org.mx\/wp-content\/uploads\/2019\/02\/IMG-20190208-WA0064-750x500.jpg?resize=700%2C400 2x"},"classes":[]},{"id":28428,"url":"http:\/\/www.grieta.org.mx\/index.php\/2018\/01\/25\/protestan-detractores-de-cervecera-en-oficinas-constellation-brands-y-de-la-pgje-baja-california\/","url_meta":{"origin":54391,"position":1},"title":"Protestan detractores de cervecera en oficinas Constellation Brands y de la PGJE (Baja California)","author":"grieta","date":"25 enero, 2018","format":false,"excerpt":"El edificio donde tambi\u00e9n est\u00e1n oficinas p\u00fablicas como la delegaci\u00f3n de Semarnat y del ISSSTE fue cerrado moment\u00e1neamente por el tiempo que dur\u00f3 la manifestaci\u00f3n Foto Luis Arellano POR LUIS ARELLANO SARMIENTO Mexicali, 25 de enero.- Activistas mexicalenses que se oponen a la instalaci\u00f3n de la empresa cervecera Constellation Brands,\u2026","rel":"","context":"En &quot;Baja California&quot;","block_context":{"text":"Baja California","link":"http:\/\/www.grieta.org.mx\/index.php\/category\/noticias-nacionales\/baja-california\/"},"img":{"alt_text":"","src":"https:\/\/i0.wp.com\/www.grieta.org.mx\/wp-content\/uploads\/2019\/01\/img_1430.jpg?resize=350%2C200","width":350,"height":200,"srcset":"https:\/\/i0.wp.com\/www.grieta.org.mx\/wp-content\/uploads\/2019\/01\/img_1430.jpg?resize=350%2C200 1x, https:\/\/i0.wp.com\/www.grieta.org.mx\/wp-content\/uploads\/2019\/01\/img_1430.jpg?resize=525%2C300 1.5x"},"classes":[]},{"id":27194,"url":"http:\/\/www.grieta.org.mx\/index.php\/2018\/10\/11\/presentan-firmas-contra-constellation-brands-baja-california\/","url_meta":{"origin":54391,"position":2},"title":"Presentan firmas contra Constellation Brands (Baja California)","author":"grieta","date":"11 octubre, 2018","format":false,"excerpt":"Cristian Torres 18 mil 200 firmas con el fin de evitar la construcci\u00f3n de la planta cervecera Constellation Brands, fueron presentadas ante el Instituto Estatal Electoral, por el Comit\u00e9 en Favor del Plebiscito representado por un grupo de colectivos. La activista Mar\u00eda Elvia Garc\u00eda indic\u00f3 que la propuesta de pregunta\u2026","rel":"","context":"En &quot;Baja California&quot;","block_context":{"text":"Baja California","link":"http:\/\/www.grieta.org.mx\/index.php\/category\/noticias-nacionales\/baja-california\/"},"img":{"alt_text":"","src":"https:\/\/i0.wp.com\/www.grieta.org.mx\/wp-content\/uploads\/2018\/10\/WhatsApp-Image-2018-10-11-at-11.32.05-750x500.jpeg?resize=350%2C200","width":350,"height":200,"srcset":"https:\/\/i0.wp.com\/www.grieta.org.mx\/wp-content\/uploads\/2018\/10\/WhatsApp-Image-2018-10-11-at-11.32.05-750x500.jpeg?resize=350%2C200 1x, https:\/\/i0.wp.com\/www.grieta.org.mx\/wp-content\/uploads\/2018\/10\/WhatsApp-Image-2018-10-11-at-11.32.05-750x500.jpeg?resize=525%2C300 1.5x, https:\/\/i0.wp.com\/www.grieta.org.mx\/wp-content\/uploads\/2018\/10\/WhatsApp-Image-2018-10-11-at-11.32.05-750x500.jpeg?resize=700%2C400 2x"},"classes":[]},{"id":57772,"url":"http:\/\/www.grieta.org.mx\/index.php\/2021\/03\/01\/desmantelamiento-de-constellation-brands-en-mexicali-inicia-el-18-de-marzo-baja-california-2\/","url_meta":{"origin":54391,"position":3},"title":"Desmantelamiento de Constellation Brands en Mexicali inicia el 18 de marzo (Baja California)","author":"grieta","date":"1 marzo, 2021","format":false,"excerpt":"La coperacha \/ Redacci\u00f3n. La trasnacional acepta plazo de 24 meses, en acatamiento de Consulta Ciudadana del 2020. El jueves 18 de marzo comenzar\u00e1 la primera fase de salida ordenada de Constellations Brands de Mexicali, en acatamiento a la Consulta Ciudadana elaborada por la Secretar\u00eda de Gobernaci\u00f3n en marzo del\u2026","rel":"","context":"En &quot;Baja California&quot;","block_context":{"text":"Baja California","link":"http:\/\/www.grieta.org.mx\/index.php\/category\/noticias-nacionales\/baja-california\/"},"img":{"alt_text":"","src":"https:\/\/i0.wp.com\/www.grieta.org.mx\/wp-content\/uploads\/2021\/03\/1-5.jpg?resize=350%2C200","width":350,"height":200,"srcset":"https:\/\/i0.wp.com\/www.grieta.org.mx\/wp-content\/uploads\/2021\/03\/1-5.jpg?resize=350%2C200 1x, https:\/\/i0.wp.com\/www.grieta.org.mx\/wp-content\/uploads\/2021\/03\/1-5.jpg?resize=525%2C300 1.5x, https:\/\/i0.wp.com\/www.grieta.org.mx\/wp-content\/uploads\/2021\/03\/1-5.jpg?resize=700%2C400 2x"},"classes":[]},{"id":67316,"url":"http:\/\/www.grieta.org.mx\/index.php\/2023\/06\/18\/veteranos-de-lucha-del-agua-vigilan-la-salida-de-constellation-de-mexicali-baja-california\/","url_meta":{"origin":54391,"position":4},"title":"Veteranos de lucha del agua vigilan la salida de Constellation de Mexicali (Baja California)","author":"grieta","date":"18 junio, 2023","format":false,"excerpt":"Texto y fotos: Daliri Oropeza Alvarez \/ Pie de P\u00e1gina Pasaron tres meses del plazo de seis para la salida de la cervecera Constellation de Mexicali y no hay movimiento de la empresa, de acuerdo con activistas que se organizan para supervisar que la cervecera desmonte la planta. Urgen a\u2026","rel":"","context":"En &quot;Baja California&quot;","block_context":{"text":"Baja California","link":"http:\/\/www.grieta.org.mx\/index.php\/category\/noticias-nacionales\/baja-california\/"},"img":{"alt_text":"","src":"https:\/\/i0.wp.com\/www.grieta.org.mx\/wp-content\/uploads\/2023\/08\/AguaBaja-e1691003722926.jpg?resize=350%2C200","width":350,"height":200,"srcset":"https:\/\/i0.wp.com\/www.grieta.org.mx\/wp-content\/uploads\/2023\/08\/AguaBaja-e1691003722926.jpg?resize=350%2C200 1x, https:\/\/i0.wp.com\/www.grieta.org.mx\/wp-content\/uploads\/2023\/08\/AguaBaja-e1691003722926.jpg?resize=525%2C300 1.5x, https:\/\/i0.wp.com\/www.grieta.org.mx\/wp-content\/uploads\/2023\/08\/AguaBaja-e1691003722926.jpg?resize=700%2C400 2x"},"classes":[]},{"id":24997,"url":"http:\/\/www.grieta.org.mx\/index.php\/2018\/07\/19\/se-plantan-frente-a-constellation-para-exigir-que-muestre-permisos-baja-california\/","url_meta":{"origin":54391,"position":5},"title":"Se plantan frente a Constellation para exigir que muestre permisos (Baja California)","author":"grieta","date":"19 julio, 2018","format":false,"excerpt":"Abogados de la Comunidad Baja California Resiste advirtieron que seg\u00fan la misma Conagua, en la regi\u00f3n se presenta una sequ\u00eda extrema por lo que el recurso natural agua debe ser utilizado para la agricultura y el consumo humano. Foto Luis Arellano Sarmiento Por Luis Arellano Sarmiento Mexicali, 19 de julio.-\u2026","rel":"","context":"En &quot;Baja California&quot;","block_context":{"text":"Baja California","link":"http:\/\/www.grieta.org.mx\/index.php\/category\/noticias-nacionales\/baja-california\/"},"img":{"alt_text":"","src":"https:\/\/i0.wp.com\/www.grieta.org.mx\/wp-content\/uploads\/2018\/07\/planton_frente_a_constellation_luis_arellano.jpg?resize=350%2C200","width":350,"height":200,"srcset":"https:\/\/i0.wp.com\/www.grieta.org.mx\/wp-content\/uploads\/2018\/07\/planton_frente_a_constellation_luis_arellano.jpg?resize=350%2C200 1x, https:\/\/i0.wp.com\/www.grieta.org.mx\/wp-content\/uploads\/2018\/07\/planton_frente_a_constellation_luis_arellano.jpg?resize=525%2C300 1.5x"},"classes":[]}],"_links":{"self":[{"href":"http:\/\/www.grieta.org.mx\/index.php\/wp-json\/wp\/v2\/posts\/54391","targetHints":{"allow":["GET"]}}],"collection":[{"href":"http:\/\/www.grieta.org.mx\/index.php\/wp-json\/wp\/v2\/posts"}],"about":[{"href":"http:\/\/www.grieta.org.mx\/index.php\/wp-json\/wp\/v2\/types\/post"}],"author":[{"embeddable":true,"href":"http:\/\/www.grieta.org.mx\/index.php\/wp-json\/wp\/v2\/users\/2"}],"replies":[{"embeddable":true,"href":"http:\/\/www.grieta.org.mx\/index.php\/wp-json\/wp\/v2\/comments?post=54391"}],"version-history":[{"count":1,"href":"http:\/\/www.grieta.org.mx\/index.php\/wp-json\/wp\/v2\/posts\/54391\/revisions"}],"predecessor-version":[{"id":54393,"href":"http:\/\/www.grieta.org.mx\/index.php\/wp-json\/wp\/v2\/posts\/54391\/revisions\/54393"}],"wp:featuredmedia":[{"embeddable":true,"href":"http:\/\/www.grieta.org.mx\/index.php\/wp-json\/wp\/v2\/media\/54392"}],"wp:attachment":[{"href":"http:\/\/www.grieta.org.mx\/index.php\/wp-json\/wp\/v2\/media?parent=54391"}],"wp:term":[{"taxonomy":"category","embeddable":true,"href":"http:\/\/www.grieta.org.mx\/index.php\/wp-json\/wp\/v2\/categories?post=54391"},{"taxonomy":"post_tag","embeddable":true,"href":"http:\/\/www.grieta.org.mx\/index.php\/wp-json\/wp\/v2\/tags?post=54391"}],"curies":[{"name":"wp","href":"https:\/\/api.w.org\/{rel}","templated":true}]}}