{"id":54356,"date":"2020-08-25T22:10:12","date_gmt":"2020-08-26T03:10:12","guid":{"rendered":"http:\/\/www.grieta.org.mx\/?p=54356"},"modified":"2020-10-20T22:14:19","modified_gmt":"2020-10-21T03:14:19","slug":"denuncian-feministas-impunidad-y-corrupcion-en-caso-de-violacion","status":"publish","type":"post","link":"http:\/\/www.grieta.org.mx\/index.php\/2020\/08\/25\/denuncian-feministas-impunidad-y-corrupcion-en-caso-de-violacion\/","title":{"rendered":"Denuncian feministas impunidad y corrupci\u00f3n en caso de violaci\u00f3n"},"content":{"rendered":"<div class=\"entry-content\">\n<div class=\"right hide-for-small\">FRANZELY REYNA \/ NTRZACATECAS.COM, 25 de agosto de 2020<\/div>\n<p>&nbsp;<\/p>\n<p><strong>ZACATECAS.<\/strong> El movimiento feminista de Zacatecas denunci\u00f3 impunidad y corrupci\u00f3n por parte de la Fiscal\u00eda General de Justicia del Estado de Zacatecas (FGJEZ), as\u00ed como del Tribunal Superior de Justicia (TSJEZ) y la Comisi\u00f3n Estatal de Derechos Humanos (CDHEZ) en el caso de violaci\u00f3n a una menor ocurrido en abril de 2020.<\/p>\n<p>La activista Mara Mu\u00f1oz Galv\u00e1n acus\u00f3 que el presunto violador, quien tiene 16 a\u00f1os de edad, cuenta con protecci\u00f3n de dichas instituciones mediante las cuales se manipularon las pruebas para dejarlo libre.<\/p>\n<p>Adem\u00e1s, lament\u00f3 que Mar\u00eda de la Luz Dom\u00ednguez Campos, presidenta de la CDHEZ, tenga conocimiento del hecho y una queja formal del caso desde julio y hasta el momento no haya actuado para eliminar la impunidad.<\/p>\n<p>Mu\u00f1oz Galv\u00e1n tambi\u00e9n expuso que, por parte de la defensa y en colusi\u00f3n con las autoridades, construyeron un perfil m\u00e9dico falso al presunto violador para tratar de corroborar ante el juez que el imputado no cometi\u00f3 el delito de violaci\u00f3n equiparada.<\/p>\n<\/div>\n<p><a href=\"http:\/\/ntrzacatecas.com\/2020\/08\/25\/denuncian-feministas-impunidad-y-corrupcion-en-caso-de-violacion\/\">http:\/\/ntrzacatecas.com\/2020\/08\/25\/denuncian-feministas-impunidad-y-corrupcion-en-caso-de-violacion\/<\/a>&nbsp;<\/p>\n","protected":false},"excerpt":{"rendered":"<p>FRANZELY REYNA \/ NTRZACATECAS.COM, 25 de agosto de 2020 &nbsp; ZACATECAS. El movimiento feminista de Zacatecas denunci\u00f3 impunidad y corrupci\u00f3n por parte de la Fiscal\u00eda General de Justicia del Estado &hellip; <a href=\"http:\/\/www.grieta.org.mx\/index.php\/2020\/08\/25\/denuncian-feministas-impunidad-y-corrupcion-en-caso-de-violacion\/\" class=\"more-link\">Leer m\u00e1s<\/a><\/p>\n","protected":false},"author":2,"featured_media":21928,"comment_status":"closed","ping_status":"closed","sticky":false,"template":"","format":"standard","meta":{"ngg_post_thumbnail":0,"_jetpack_newsletter_access":"","_jetpack_dont_email_post_to_subs":false,"_jetpack_newsletter_tier_id":0,"_jetpack_memberships_contains_paywalled_content":false,"_jetpack_memberships_contains_paid_content":false,"footnotes":""},"categories":[80,3170,1844,76],"tags":[2248,1630],"class_list":["post-54356","post","type-post","status-publish","format-standard","has-post-thumbnail","hentry","category-cintillo","category-luchas-y-resistencias-de-las-mujeres-en-zacatecas","category-violencia-contra-las-mujeres-en-zacatecas","category-zacatecas","tag-luchas-de-las-mujeres","tag-violencia-contra-las-mujeres","entry"],"jetpack_featured_media_url":"http:\/\/www.grieta.org.mx\/wp-content\/uploads\/2018\/03\/14524434_1106112876131411_958039263622046936_o.jpg","jetpack_sharing_enabled":true,"jetpack_shortlink":"https:\/\/wp.me\/p7ZJR4-e8I","jetpack_likes_enabled":false,"jetpack-related-posts":[{"id":28143,"url":"http:\/\/www.grieta.org.mx\/index.php\/2019\/01\/07\/en-zacatecas-cada-36-horas-se-cometio-una-violacion-sexual-durante-2018\/","url_meta":{"origin":54356,"position":0},"title":"En Zacatecas, cada 36 horas se cometi\u00f3 una violaci\u00f3n sexual durante 2018","author":"grieta","date":"7 enero, 2019","format":false,"excerpt":"Raquel Ollaquindia\/La Jornada Zacatecas ? Hasta noviembre se hab\u00edan reportado ante las agencias del Ministerio P\u00fablico 222 casos ? Debido a que en innumerables ocasiones este delito sexual ocurre al interior de los hogares y por familiares o personas cercanas a las v\u00edctimas, esta agresi\u00f3n no es denunciada ? En\u2026","rel":"","context":"En &quot;CINTILLO&quot;","block_context":{"text":"CINTILLO","link":"http:\/\/www.grieta.org.mx\/index.php\/category\/cintillo\/"},"img":{"alt_text":"","src":"https:\/\/i0.wp.com\/www.grieta.org.mx\/wp-content\/uploads\/2018\/03\/14524434_1106112876131411_958039263622046936_o.jpg?resize=350%2C200","width":350,"height":200,"srcset":"https:\/\/i0.wp.com\/www.grieta.org.mx\/wp-content\/uploads\/2018\/03\/14524434_1106112876131411_958039263622046936_o.jpg?resize=350%2C200 1x, https:\/\/i0.wp.com\/www.grieta.org.mx\/wp-content\/uploads\/2018\/03\/14524434_1106112876131411_958039263622046936_o.jpg?resize=525%2C300 1.5x, https:\/\/i0.wp.com\/www.grieta.org.mx\/wp-content\/uploads\/2018\/03\/14524434_1106112876131411_958039263622046936_o.jpg?resize=700%2C400 2x"},"classes":[]},{"id":13334,"url":"http:\/\/www.grieta.org.mx\/index.php\/2016\/05\/30\/registra-zacatecas-13-feminicidios-en-2016\/","url_meta":{"origin":54356,"position":1},"title":"Registra Zacatecas 13 feminicidios en 2016","author":"grieta","date":"30 mayo, 2016","format":false,"excerpt":"CLAUDIA BELMONTES | NTRZACATECAS.COM Zacatecas.- En lo que va del a\u00f1o se han registrado 13 feminicidios en el estado, de los cuales, 4 se dieron en mayo, inform\u00f3 Mara Mu\u00f1oz Galv\u00e1n, directora del Centro de Justicia para las Mujeres de la Procuradur\u00eda General de Justicia del Estado (PGJE). Asegur\u00f3 que\u2026","rel":"","context":"En &quot;CINTILLO&quot;","block_context":{"text":"CINTILLO","link":"http:\/\/www.grieta.org.mx\/index.php\/category\/cintillo\/"},"img":{"alt_text":"","src":"https:\/\/i0.wp.com\/www.grieta.org.mx\/wp-content\/uploads\/2016\/05\/f2.jpg?resize=350%2C200","width":350,"height":200,"srcset":"https:\/\/i0.wp.com\/www.grieta.org.mx\/wp-content\/uploads\/2016\/05\/f2.jpg?resize=350%2C200 1x, https:\/\/i0.wp.com\/www.grieta.org.mx\/wp-content\/uploads\/2016\/05\/f2.jpg?resize=525%2C300 1.5x, https:\/\/i0.wp.com\/www.grieta.org.mx\/wp-content\/uploads\/2016\/05\/f2.jpg?resize=700%2C400 2x"},"classes":[]},{"id":19563,"url":"http:\/\/www.grieta.org.mx\/index.php\/2016\/08\/12\/contabilizan-trece-feminicidios-en-zacatecas-en-investigacion-siete-mas\/","url_meta":{"origin":54356,"position":2},"title":"Contabilizan trece feminicidios en Zacatecas; en investigaci\u00f3n siete m\u00e1s","author":"grieta","date":"12 agosto, 2016","format":false,"excerpt":"12 de agosto de 2016 Zacatecas, Zac.- Trece feminicidios han sido ya clasificados en Zacatecas, de 20 carpetas de investigaci\u00f3n que se siguen por la muerte de igual n\u00famero de mujeres; de las ya clasificadas, en el 50 por ciento de los casos, el agresor ha sido detenido.Mara Mu\u00f1oz Galv\u00e1n,\u2026","rel":"","context":"En &quot;CINTILLO&quot;","block_context":{"text":"CINTILLO","link":"http:\/\/www.grieta.org.mx\/index.php\/category\/cintillo\/"},"img":{"alt_text":"","src":"https:\/\/i0.wp.com\/www.grieta.org.mx\/wp-content\/uploads\/2018\/03\/14524434_1106112876131411_958039263622046936_o.jpg?resize=350%2C200","width":350,"height":200,"srcset":"https:\/\/i0.wp.com\/www.grieta.org.mx\/wp-content\/uploads\/2018\/03\/14524434_1106112876131411_958039263622046936_o.jpg?resize=350%2C200 1x, https:\/\/i0.wp.com\/www.grieta.org.mx\/wp-content\/uploads\/2018\/03\/14524434_1106112876131411_958039263622046936_o.jpg?resize=525%2C300 1.5x, https:\/\/i0.wp.com\/www.grieta.org.mx\/wp-content\/uploads\/2018\/03\/14524434_1106112876131411_958039263622046936_o.jpg?resize=700%2C400 2x"},"classes":[]},{"id":25141,"url":"http:\/\/www.grieta.org.mx\/index.php\/2018\/07\/25\/exigen-activistas-alerta-de-genero-zacatecas\/","url_meta":{"origin":54356,"position":3},"title":"Exigen activistas alerta de g\u00e9nero (Zacatecas)","author":"grieta","date":"25 julio, 2018","format":false,"excerpt":"Franzely Reyna\/NTR Zacatecas ZACATECAS.- La Red Plural de Mujeres y organizaciones de defensa de los derechos humanos de mujeres y ni\u00f1as rechazaron el feminicidio de la ni\u00f1a San Juana Romo Navarro, de tan s\u00f3lo nueve a\u00f1os, por lo que exigieron al gobernador del Estado, Alejandro Tello Cristerna, pida se declare\u2026","rel":"","context":"En &quot;CINTILLO&quot;","block_context":{"text":"CINTILLO","link":"http:\/\/www.grieta.org.mx\/index.php\/category\/cintillo\/"},"img":{"alt_text":"","src":"https:\/\/i0.wp.com\/www.grieta.org.mx\/wp-content\/uploads\/2018\/07\/z1.jpg?resize=350%2C200","width":350,"height":200,"srcset":"https:\/\/i0.wp.com\/www.grieta.org.mx\/wp-content\/uploads\/2018\/07\/z1.jpg?resize=350%2C200 1x, https:\/\/i0.wp.com\/www.grieta.org.mx\/wp-content\/uploads\/2018\/07\/z1.jpg?resize=525%2C300 1.5x"},"classes":[]},{"id":53096,"url":"http:\/\/www.grieta.org.mx\/index.php\/2020\/08\/29\/fiscalia-de-zacatecas-fabrica-pruebas-para-encubrir-a-violador-de-adolescente\/","url_meta":{"origin":54356,"position":4},"title":"Fiscal\u00eda de Zacatecas fabrica pruebas para encubrir a violador de adolescente","author":"grieta","date":"29 agosto, 2020","format":false,"excerpt":"El acusado fue detenido en flagrancia violando a una menor de edad. Pero la Fiscal\u00eda General de Justicia de Zacatecas fabric\u00f3 pruebas, destruy\u00f3 indicios, no investig\u00f3 material gen\u00e9tico ni huellas dactilares. Colectivas de mujeres de todo el pa\u00eds acusan tr\u00e1fico de influencias y corrupci\u00f3n. 29 de agosto de 2020 Texto:\u2026","rel":"","context":"En &quot;CINTILLO&quot;","block_context":{"text":"CINTILLO","link":"http:\/\/www.grieta.org.mx\/index.php\/category\/cintillo\/"},"img":{"alt_text":"","src":"https:\/\/i0.wp.com\/www.grieta.org.mx\/wp-content\/uploads\/2020\/09\/8M-GDL_CHRISTIAN-CANTERO-1.jpg?resize=350%2C200","width":350,"height":200,"srcset":"https:\/\/i0.wp.com\/www.grieta.org.mx\/wp-content\/uploads\/2020\/09\/8M-GDL_CHRISTIAN-CANTERO-1.jpg?resize=350%2C200 1x, https:\/\/i0.wp.com\/www.grieta.org.mx\/wp-content\/uploads\/2020\/09\/8M-GDL_CHRISTIAN-CANTERO-1.jpg?resize=525%2C300 1.5x, https:\/\/i0.wp.com\/www.grieta.org.mx\/wp-content\/uploads\/2020\/09\/8M-GDL_CHRISTIAN-CANTERO-1.jpg?resize=700%2C400 2x"},"classes":[]},{"id":34423,"url":"http:\/\/www.grieta.org.mx\/index.php\/2019\/06\/05\/pediran-otra-declaratoria-de-alerta-por-violencia-de-genero-en-zacatecas\/","url_meta":{"origin":54356,"position":5},"title":"Pedir\u00e1n otra declaratoria de alerta por violencia de g\u00e9nero en Zacatecas","author":"grieta","date":"5 junio, 2019","format":false,"excerpt":"Redacci\u00f3n\/20 minutos. El Observatorio de Justicia y Derechos Humanos de Mujeres y Ni\u00f1as, con el acompa\u00f1amiento del Observatorio Ciudadano Nacional del Feminicidio (OCNF), solicitar\u00e1n una nueva Declaratoria de Alerta por Violencia de G\u00e9nero, en los municipios de Guadalupe, Fresnillo y Zacatecas. El contexto criminal que vive el estado y la\u2026","rel":"","context":"En &quot;CINTILLO&quot;","block_context":{"text":"CINTILLO","link":"http:\/\/www.grieta.org.mx\/index.php\/category\/cintillo\/"},"img":{"alt_text":"","src":"http:\/\/www.grieta.org.mx\/wp-content\/uploads\/2019\/06\/Alerta-de-Ge?nero.jpg","width":350,"height":200},"classes":[]}],"_links":{"self":[{"href":"http:\/\/www.grieta.org.mx\/index.php\/wp-json\/wp\/v2\/posts\/54356","targetHints":{"allow":["GET"]}}],"collection":[{"href":"http:\/\/www.grieta.org.mx\/index.php\/wp-json\/wp\/v2\/posts"}],"about":[{"href":"http:\/\/www.grieta.org.mx\/index.php\/wp-json\/wp\/v2\/types\/post"}],"author":[{"embeddable":true,"href":"http:\/\/www.grieta.org.mx\/index.php\/wp-json\/wp\/v2\/users\/2"}],"replies":[{"embeddable":true,"href":"http:\/\/www.grieta.org.mx\/index.php\/wp-json\/wp\/v2\/comments?post=54356"}],"version-history":[{"count":1,"href":"http:\/\/www.grieta.org.mx\/index.php\/wp-json\/wp\/v2\/posts\/54356\/revisions"}],"predecessor-version":[{"id":54357,"href":"http:\/\/www.grieta.org.mx\/index.php\/wp-json\/wp\/v2\/posts\/54356\/revisions\/54357"}],"wp:featuredmedia":[{"embeddable":true,"href":"http:\/\/www.grieta.org.mx\/index.php\/wp-json\/wp\/v2\/media\/21928"}],"wp:attachment":[{"href":"http:\/\/www.grieta.org.mx\/index.php\/wp-json\/wp\/v2\/media?parent=54356"}],"wp:term":[{"taxonomy":"category","embeddable":true,"href":"http:\/\/www.grieta.org.mx\/index.php\/wp-json\/wp\/v2\/categories?post=54356"},{"taxonomy":"post_tag","embeddable":true,"href":"http:\/\/www.grieta.org.mx\/index.php\/wp-json\/wp\/v2\/tags?post=54356"}],"curies":[{"name":"wp","href":"https:\/\/api.w.org\/{rel}","templated":true}]}}