{"id":54347,"date":"2020-10-20T18:26:22","date_gmt":"2020-10-20T23:26:22","guid":{"rendered":"http:\/\/www.grieta.org.mx\/?p=54347"},"modified":"2020-10-20T21:34:34","modified_gmt":"2020-10-21T02:34:34","slug":"menores-en-orfandad-las-otras-victimas-del-feminicidio-oaxaca","status":"publish","type":"post","link":"http:\/\/www.grieta.org.mx\/index.php\/2020\/10\/20\/menores-en-orfandad-las-otras-victimas-del-feminicidio-oaxaca\/","title":{"rendered":"Menores en orfandad, las otras v\u00edctimas del feminicidio (Oaxaca)"},"content":{"rendered":"<p>Noticias \/ Citlalli Luciana.<\/p>\n<p><strong>Acusan crueldad del Estado<\/strong><\/p>\n<p><img loading=\"lazy\" decoding=\"async\" data-attachment-id=\"54348\" data-permalink=\"http:\/\/www.grieta.org.mx\/index.php\/2020\/10\/20\/menores-en-orfandad-las-otras-victimas-del-feminicidio-oaxaca\/2-69\/\" data-orig-file=\"http:\/\/www.grieta.org.mx\/wp-content\/uploads\/2020\/10\/2-1.jpg\" data-orig-size=\"1144,645\" data-comments-opened=\"0\" data-image-meta=\"{&quot;aperture&quot;:&quot;0&quot;,&quot;credit&quot;:&quot;&quot;,&quot;camera&quot;:&quot;&quot;,&quot;caption&quot;:&quot;&quot;,&quot;created_timestamp&quot;:&quot;0&quot;,&quot;copyright&quot;:&quot;&quot;,&quot;focal_length&quot;:&quot;0&quot;,&quot;iso&quot;:&quot;0&quot;,&quot;shutter_speed&quot;:&quot;0&quot;,&quot;title&quot;:&quot;&quot;,&quot;orientation&quot;:&quot;0&quot;}\" data-image-title=\"2\" data-image-description=\"\" data-image-caption=\"\" data-medium-file=\"http:\/\/www.grieta.org.mx\/wp-content\/uploads\/2020\/10\/2-1-300x169.jpg\" data-large-file=\"http:\/\/www.grieta.org.mx\/wp-content\/uploads\/2020\/10\/2-1-1024x577.jpg\" class=\"alignnone wp-image-54348\" src=\"http:\/\/www.grieta.org.mx\/wp-content\/uploads\/2020\/10\/2-1.jpg\" alt=\"\" width=\"800\" height=\"451\" srcset=\"http:\/\/www.grieta.org.mx\/wp-content\/uploads\/2020\/10\/2-1.jpg 1144w, http:\/\/www.grieta.org.mx\/wp-content\/uploads\/2020\/10\/2-1-300x169.jpg 300w, http:\/\/www.grieta.org.mx\/wp-content\/uploads\/2020\/10\/2-1-1024x577.jpg 1024w, http:\/\/www.grieta.org.mx\/wp-content\/uploads\/2020\/10\/2-1-768x433.jpg 768w, http:\/\/www.grieta.org.mx\/wp-content\/uploads\/2020\/10\/2-1-887x500.jpg 887w\" sizes=\"auto, (max-width: 800px) 100vw, 800px\" \/><\/p>\n<p>Fue hace ocho a\u00f1os el feminicidio de su hija. Ana Mar\u00eda Robles, tiembla de enojo, coraje, rabia y dolor como el primer d\u00eda. Es una herida que nunca cerrar\u00e1, que, por el contrario, crece cada d\u00eda que no hay justicia para ella y para su nieta, v\u00edctima indirecta, invisibilizada en las pol\u00edticas p\u00fablicas gubernamentales, absorta en lo que ella llama la &#8220;crueldad del Estado&#8221;.<\/p>\n<p><img loading=\"lazy\" decoding=\"async\" data-attachment-id=\"54349\" data-permalink=\"http:\/\/www.grieta.org.mx\/index.php\/2020\/10\/20\/menores-en-orfandad-las-otras-victimas-del-feminicidio-oaxaca\/3-51\/\" data-orig-file=\"http:\/\/www.grieta.org.mx\/wp-content\/uploads\/2020\/10\/3-2.jpg\" data-orig-size=\"1341,898\" data-comments-opened=\"0\" data-image-meta=\"{&quot;aperture&quot;:&quot;0&quot;,&quot;credit&quot;:&quot;&quot;,&quot;camera&quot;:&quot;&quot;,&quot;caption&quot;:&quot;&quot;,&quot;created_timestamp&quot;:&quot;1603200829&quot;,&quot;copyright&quot;:&quot;&quot;,&quot;focal_length&quot;:&quot;0&quot;,&quot;iso&quot;:&quot;0&quot;,&quot;shutter_speed&quot;:&quot;0&quot;,&quot;title&quot;:&quot;&quot;,&quot;orientation&quot;:&quot;1&quot;}\" data-image-title=\"3\" data-image-description=\"\" data-image-caption=\"\" data-medium-file=\"http:\/\/www.grieta.org.mx\/wp-content\/uploads\/2020\/10\/3-2-300x201.jpg\" data-large-file=\"http:\/\/www.grieta.org.mx\/wp-content\/uploads\/2020\/10\/3-2-1024x686.jpg\" class=\"alignnone wp-image-54349\" src=\"http:\/\/www.grieta.org.mx\/wp-content\/uploads\/2020\/10\/3-2.jpg\" alt=\"\" width=\"800\" height=\"536\" srcset=\"http:\/\/www.grieta.org.mx\/wp-content\/uploads\/2020\/10\/3-2.jpg 1341w, http:\/\/www.grieta.org.mx\/wp-content\/uploads\/2020\/10\/3-2-300x201.jpg 300w, http:\/\/www.grieta.org.mx\/wp-content\/uploads\/2020\/10\/3-2-1024x686.jpg 1024w, http:\/\/www.grieta.org.mx\/wp-content\/uploads\/2020\/10\/3-2-768x514.jpg 768w, http:\/\/www.grieta.org.mx\/wp-content\/uploads\/2020\/10\/3-2-747x500.jpg 747w\" sizes=\"auto, (max-width: 800px) 100vw, 800px\" \/><\/p>\n<p>Ana Mar\u00eda, quien es abogada de profesi\u00f3n y como misi\u00f3n de vida activista por la b\u00fasqueda de justicia para madres, hijas e hijos, v\u00edctimas indirectas de feminicidio, lo afirma con conocimiento pleno, en experiencia propia.<\/p>\n<p>\u201cNo hay una comisi\u00f3n de v\u00edctimas en el Estado que ayude y brinde atenci\u00f3n integral a las v\u00edctimas; no hay un apoyo social, no hay pol\u00edticas p\u00fablicas para los hu\u00e9rfanos. Es una crueldad del Estado, son invisibles jur\u00eddica y socialmente, tanto las abuelas como las hijas e hijos en orfandad. Somos invisibles y no hay una ley que nos proteja\u201d, aun cuando se encuentra establecido en la Ley de V\u00edctimas que es un derecho que les asiste.&#8221;<\/p>\n<p>La desatenci\u00f3n inicia desde que no hay un padr\u00f3n fidedigno de cu\u00e1ntos ni\u00f1os, ni\u00f1as y adolescentes hay en orfandad. El \u00faltimo dato arrojado en el a\u00f1o 2019 refiere 130 en orfandad aproximadamente, pero de esa fecha a esta se ha incrementado el n\u00famero de casos de feminicidios en el Estado y en consecuencia m\u00e1s hu\u00e9rfanos por este terrible delito que da\u00f1a colateralmente a toda la familia de la v\u00edctima.<\/p>\n<p>En su caso qued\u00f3 a cargo de una ni\u00f1a con una enfermedad cr\u00f3nico degenerativa; lo que implic\u00f3 distintas intervenciones y atenciones m\u00e9dicas con especialistas, que Ana Mar\u00eda tuvo que combinar entre el largo peregrinar de la defensa de su hija dentro del proceso penal que a\u00fan se encuentra en litigio.<\/p>\n<p>\u201cYo he podido salir adelante porque soy profesionista, pero hay abuelas de la tercera edad que no tienen ni para comer, ni\u00f1as y ni\u00f1os que han dejado de ir a la escuela, que tuvieron que empezar a vender dulces, abuelas que, por no tener recursos econ\u00f3micos, las ni\u00f1as y ni\u00f1os viven con los abuelos del feminicida. Esto es muy dif\u00edcil porque mientras no se cree e instale en Oaxaca la Comisi\u00f3n de V\u00edctimas con recursos etiquetados para las v\u00edctimas de este delito (la cual es urgente y necesaria), los menores seguir\u00e1n en el olvido e invisibles para el Estado&#8221;.<\/p>\n<p>Ana Mar\u00eda, quien tambi\u00e9n es coordinadora del Grupo focalizado de feminicidios y muertes violentas del centro PAIMEF, dice que con los pocos recursos que otorga el Instituto Nacional de Desarrollo Social (Indesol) con la contrataci\u00f3n de 4 abogadas que fungen como asesoras jur\u00eddicas y dos tanat\u00f3logas, brindan atenci\u00f3n a v\u00edctimas indirectas de feminicidio y muertes violentas de mujeres en todo el estado, cosa que es insuficiente es por ello que pide al gobierno de Oaxaca, instale ya la Comisi\u00f3n de Victimas en el Estado con recursos etiquetados, agrega que muchas de las buenas intenciones se han quedado en el tintero en Programas Sociales, los cuales no han llegado a las v\u00edctimas indirectas ni\u00f1as, ni\u00f1os en orfandad.<\/p>\n<p>\u201cEl gobierno del estado ha instalado mesas en materia penal, pero no hemos avanzado en materia social, todo ha quedado en intentos. El a\u00f1o pasado planearon llevar despensas a las familias de las ni\u00f1as y ni\u00f1os v\u00edctimas de feminicidio, no s\u00e9 si llegaron, en lo personal no he sido beneficiada con nada y lo digo no porque yo lo pida porque bendito Dios soy autosuficiente, pero hay otras v\u00edctimas en las comunidades que son invisibles totalmente por la falta de conocimiento y de recursos econ\u00f3micos para llegar a la ciudad y ser escuchadas<\/p>\n<p>Por otro lado -destaca- que la invisibilizaci\u00f3n de las ni\u00f1as y los ni\u00f1os en orfandad, viola la ley de V\u00edctimas del Estado de Oaxaca, que obliga a brindar atenci\u00f3n integral. Por el contrario -agrega-los feminicidas, a\u00fan privados de su libertad reciben alimentaci\u00f3n, servicio m\u00e9dico y trato digno.<\/p>\n<p><img loading=\"lazy\" decoding=\"async\" data-attachment-id=\"54350\" data-permalink=\"http:\/\/www.grieta.org.mx\/index.php\/2020\/10\/20\/menores-en-orfandad-las-otras-victimas-del-feminicidio-oaxaca\/4-49\/\" data-orig-file=\"http:\/\/www.grieta.org.mx\/wp-content\/uploads\/2020\/10\/4-2.jpg\" data-orig-size=\"815,1200\" data-comments-opened=\"0\" data-image-meta=\"{&quot;aperture&quot;:&quot;0&quot;,&quot;credit&quot;:&quot;&quot;,&quot;camera&quot;:&quot;&quot;,&quot;caption&quot;:&quot;&quot;,&quot;created_timestamp&quot;:&quot;0&quot;,&quot;copyright&quot;:&quot;&quot;,&quot;focal_length&quot;:&quot;0&quot;,&quot;iso&quot;:&quot;0&quot;,&quot;shutter_speed&quot;:&quot;0&quot;,&quot;title&quot;:&quot;&quot;,&quot;orientation&quot;:&quot;1&quot;}\" data-image-title=\"4\" data-image-description=\"\" data-image-caption=\"\" data-medium-file=\"http:\/\/www.grieta.org.mx\/wp-content\/uploads\/2020\/10\/4-2-204x300.jpg\" data-large-file=\"http:\/\/www.grieta.org.mx\/wp-content\/uploads\/2020\/10\/4-2-695x1024.jpg\" class=\"alignnone wp-image-54350\" src=\"http:\/\/www.grieta.org.mx\/wp-content\/uploads\/2020\/10\/4-2.jpg\" alt=\"\" width=\"800\" height=\"1178\" srcset=\"http:\/\/www.grieta.org.mx\/wp-content\/uploads\/2020\/10\/4-2.jpg 815w, http:\/\/www.grieta.org.mx\/wp-content\/uploads\/2020\/10\/4-2-204x300.jpg 204w, http:\/\/www.grieta.org.mx\/wp-content\/uploads\/2020\/10\/4-2-695x1024.jpg 695w, http:\/\/www.grieta.org.mx\/wp-content\/uploads\/2020\/10\/4-2-768x1131.jpg 768w, http:\/\/www.grieta.org.mx\/wp-content\/uploads\/2020\/10\/4-2-340x500.jpg 340w\" sizes=\"auto, (max-width: 800px) 100vw, 800px\" \/><\/p>\n<p><strong>Vida truncada<\/strong><\/p>\n<p>Viridiana Monserrat fue privada de la vida el 19 de octubre de 2012, ella era madre de una ni\u00f1a, en ese entonces de un a\u00f1o de edad.<\/p>\n<p>\u201cHa sido un peregrinar muy largo, desde el inicio de la integraci\u00f3n de la averiguaci\u00f3n previa, la cual est\u00e1 tramitada en el sistema escrito anterior, en ese entonces la Procuradur\u00eda, ahora Fiscal\u00eda General no ten\u00eda un protocolo de atenci\u00f3n al delito de feminicidio. En el transcurso de los a\u00f1os ha ido avanzando, pero a\u00fan prevalece un largo y penoso tr\u00e1mite de un proceso penal que a\u00fan no se cierra para poder dictar sentencia\u201d.<\/p>\n<p>El asesino de su hija fue detenido en septiembre de 2013. Si bien es cierto que est\u00e1 privado de su libertad, se beneficia de un proceso ama\u00f1ado por su defensa, que hasta la fecha no ha ofrecido una prueba contundente que demuestre la inocencia que asegura tener.<\/p>\n<p>El caso se encuentra estancado por el burocratismo, los cambios de jueces, de secretarios, de presidentes del tribunal y la falta de personal con la experiencia o el perfil para poder determinar algunas pruebas espec\u00edficas como peritos en distintas materias, y si a eso le agregamos protestas, tomas, vacaciones, bloqueos.<\/p>\n<p>Viridiana es recordada como una persona muy noble, era empleada en el gobierno de Oaxaca, quien vivi\u00f3 en concubinato con el feminicida y padre de su hija. Hasta antes del nacimiento de su hija la relaci\u00f3n parec\u00eda ir bien, refiere Ana Mar\u00eda: \u201cYo desconoc\u00eda que sufr\u00eda violencia, me entero de esto posterior a su fallecimiento\u201d.<\/p>\n<p>Viridiana ten\u00eda muchos proyectos de vida al lado de su menor hija, quien horas antes del d\u00eda en que fue asesinada, ella y su madre (Ana Mar\u00eda) platicaban de muchos planes que se quedaron en el tintero. Bastaron unas horas dejarla sola para que \u00e9l entrara a mi casa con enga\u00f1os en donde la priv\u00f3 de la vida de la forma m\u00e1s cobarde y brutal.<\/p>\n<p>De 47 heridas de arma blanca, terminaron con la vida de Viridiana, su expareja sentimental y padre de su hija.<\/p>\n<p>\u201cSon ocho largos a\u00f1os y esto todav\u00eda duele, pareciera que fue ayer y me va a doler toda la vida. Hemos recibido atenci\u00f3n de psic\u00f3logos, psiquiatras, terapeutas y tanat\u00f3loga, y a pesar de eso es duro, muy dif\u00edcil porque tienes que aprender a vivir con este dolor, te enfrentas con una situaci\u00f3n sola y me refiero a la estructura del Estado; porque tienes a tu familia, pero no saben c\u00f3mo ayudarte con este gran dolor de perder a una hija, como consolarte, tienes que recurrir a especialistas y cuando no tienes el recurso econ\u00f3mico para hacerlo; te mueres de dolor, te mueres de depresi\u00f3n como han muerto tantas madres de v\u00edctimas: pap\u00e1s, mam\u00e1s y dem\u00e1s familia sumidas en la depresi\u00f3n\u201d, y sin el apoyo del Estado, por una situaci\u00f3n que te fue dada.<\/p>\n<p>Abrir la herida duele, desgarra el coraz\u00f3n, el sufrimiento se expresa en l\u00e1grimas de impotencia ante la falta de justicia, un grito sin eco que nadie, m\u00e1s que las madres de hijas v\u00edctimas de feminicidio entienden.<\/p>\n<p><strong>*Tan s\u00f3lo en 2019<br \/>\n*130 menores quedaron en la orfandad tras el asesinato de sus madres<\/strong><\/p>\n<p><a href=\"https:\/\/www.nvinoticias.com\/nota\/163931\/menores-en-orfandad-las-otras-victimas-del-feminicidio\" target=\"_blank\" rel=\"noopener noreferrer\">https:\/\/www.nvinoticias.com\/nota\/163931\/menores-en-orfandad-las-otras-victimas-del-feminicidio<\/a><\/p>\n","protected":false},"excerpt":{"rendered":"<p>Noticias \/ Citlalli Luciana. Acusan crueldad del Estado Fue hace ocho a\u00f1os el feminicidio de su hija. Ana Mar\u00eda Robles, tiembla de enojo, coraje, rabia y dolor como el primer &hellip; <a href=\"http:\/\/www.grieta.org.mx\/index.php\/2020\/10\/20\/menores-en-orfandad-las-otras-victimas-del-feminicidio-oaxaca\/\" class=\"more-link\">Leer m\u00e1s<\/a><\/p>\n","protected":false},"author":2,"featured_media":54348,"comment_status":"closed","ping_status":"closed","sticky":false,"template":"","format":"standard","meta":{"ngg_post_thumbnail":0,"_jetpack_newsletter_access":"","_jetpack_dont_email_post_to_subs":false,"_jetpack_newsletter_tier_id":0,"_jetpack_memberships_contains_paywalled_content":false,"_jetpack_memberships_contains_paid_content":false,"footnotes":""},"categories":[80,1325,2,25,83,1665],"tags":[],"class_list":["post-54347","post","type-post","status-publish","format-standard","has-post-thumbnail","hentry","category-cintillo","category-feminicidios-en-oaxaca-oaxaca","category-noticias-nacionales","category-oaxaca","category-temas-nacionales","category-violencia-contra-las-mujeres-en-oaxaca","entry"],"jetpack_featured_media_url":"http:\/\/www.grieta.org.mx\/wp-content\/uploads\/2020\/10\/2-1.jpg","jetpack_sharing_enabled":true,"jetpack_shortlink":"https:\/\/wp.me\/p7ZJR4-e8z","jetpack_likes_enabled":false,"jetpack-related-posts":[{"id":65754,"url":"http:\/\/www.grieta.org.mx\/index.php\/2022\/11\/02\/con-ofrenda-piden-justicia-para-victimas-de-feminicidio-en-oaxaca\/","url_meta":{"origin":54347,"position":0},"title":"Con ofrenda piden justicia para v\u00edctimas de feminicidio en Oaxaca","author":"grieta","date":"2 noviembre, 2022","format":false,"excerpt":"Imagen: El Solo de Nayarit Redacci\u00f3n \/ El Sol de Nayarit Integrantes de la colectiva \"las nietas de Lilith Oaxaca\", instalaron un altar en memoria de las mujeres que fueron v\u00edctimas de feminicidio en Oaxaca. El altar est\u00e1 ubicado a un costado del atrio de Santo Domingo de Guzm\u00e1n, en\u2026","rel":"","context":"En &quot;CINTILLO&quot;","block_context":{"text":"CINTILLO","link":"http:\/\/www.grieta.org.mx\/index.php\/category\/cintillo\/"},"img":{"alt_text":"","src":"https:\/\/i0.wp.com\/www.grieta.org.mx\/wp-content\/uploads\/2022\/11\/87688_17_20221102213731_117captura_de_pantalla_2022-11-02_a_la_s__2.47.41_p.m.png?resize=350%2C200","width":350,"height":200,"srcset":"https:\/\/i0.wp.com\/www.grieta.org.mx\/wp-content\/uploads\/2022\/11\/87688_17_20221102213731_117captura_de_pantalla_2022-11-02_a_la_s__2.47.41_p.m.png?resize=350%2C200 1x, https:\/\/i0.wp.com\/www.grieta.org.mx\/wp-content\/uploads\/2022\/11\/87688_17_20221102213731_117captura_de_pantalla_2022-11-02_a_la_s__2.47.41_p.m.png?resize=525%2C300 1.5x"},"classes":[]},{"id":66246,"url":"http:\/\/www.grieta.org.mx\/index.php\/2023\/02\/06\/familiares-y-colectivos-marchan-en-oaxaca-exigen-justica-para-mariela-oaxaca\/","url_meta":{"origin":54347,"position":1},"title":"Familiares y Colectivos marchan en Oaxaca, exigen justica para Mariela","author":"grieta","date":"6 febrero, 2023","format":false,"excerpt":"Imagen: Mario Jim\u00e9nez Leyva Citlalli L\u00f3pez Vel\u00e1zquez \/ NVI Noticias No es posible que los imputados tengan m\u00e1s garant\u00edas, que las personas que cometen los delitos tengan m\u00e1s garant\u00edas y nosotras como v\u00edctimas indirectas desde hace cuatro a\u00f1os andamos mendigando la justicia, desde hace cuatro a\u00f1os andamos en este ir\u2026","rel":"","context":"En &quot;CINTILLO&quot;","block_context":{"text":"CINTILLO","link":"http:\/\/www.grieta.org.mx\/index.php\/category\/cintillo\/"},"img":{"alt_text":"","src":"https:\/\/i0.wp.com\/www.grieta.org.mx\/wp-content\/uploads\/2023\/02\/marcha_por_marielita.webp?resize=350%2C200","width":350,"height":200,"srcset":"https:\/\/i0.wp.com\/www.grieta.org.mx\/wp-content\/uploads\/2023\/02\/marcha_por_marielita.webp?resize=350%2C200 1x, https:\/\/i0.wp.com\/www.grieta.org.mx\/wp-content\/uploads\/2023\/02\/marcha_por_marielita.webp?resize=525%2C300 1.5x, https:\/\/i0.wp.com\/www.grieta.org.mx\/wp-content\/uploads\/2023\/02\/marcha_por_marielita.webp?resize=700%2C400 2x"},"classes":[]},{"id":66578,"url":"http:\/\/www.grieta.org.mx\/index.php\/2023\/03\/14\/madre-de-victima-de-feminicida-de-oaxaca-acusa-de-corrupcion-a-juzgado-cinco-anos-sin-justicia\/","url_meta":{"origin":54347,"position":2},"title":"Madre de v\u00edctima de feminicida de Oaxaca acusa de corrupci\u00f3n a juzgado, cinco a\u00f1os sin justicia","author":"grieta","date":"14 marzo, 2023","format":false,"excerpt":"Imagen: Cortes\u00eda Leslie Aguilar \/ NVI Noticias HUAJUAPAN DE LE\u00d3N, Oaxaca.- La madre de la joven estudiante Joselyn Alejandra Vargas Ortiz, Susana Ortiz \u00c1ngeles, refiri\u00f3 que el caso que se lleva ante el Juzgado de Garant\u00edas ha estado plagado de corrupci\u00f3n, y temen que el presunto feminicida pueda salir en\u2026","rel":"","context":"En &quot;CINTILLO&quot;","block_context":{"text":"CINTILLO","link":"http:\/\/www.grieta.org.mx\/index.php\/category\/cintillo\/"},"img":{"alt_text":"","src":"https:\/\/i0.wp.com\/www.grieta.org.mx\/wp-content\/uploads\/2023\/03\/feminicidio-mixteca.webp?resize=350%2C200","width":350,"height":200,"srcset":"https:\/\/i0.wp.com\/www.grieta.org.mx\/wp-content\/uploads\/2023\/03\/feminicidio-mixteca.webp?resize=350%2C200 1x, https:\/\/i0.wp.com\/www.grieta.org.mx\/wp-content\/uploads\/2023\/03\/feminicidio-mixteca.webp?resize=525%2C300 1.5x, https:\/\/i0.wp.com\/www.grieta.org.mx\/wp-content\/uploads\/2023\/03\/feminicidio-mixteca.webp?resize=700%2C400 2x"},"classes":[]},{"id":53424,"url":"http:\/\/www.grieta.org.mx\/index.php\/2020\/09\/13\/fiscal-de-oaxaca-admite-493-homicidios-de-mujeres-trato-135-como-feminicidio\/","url_meta":{"origin":54347,"position":3},"title":"Fiscal de Oaxaca admite 493 homicidios de mujeres; trat\u00f3 135 como feminicidio","author":"grieta","date":"13 septiembre, 2020","format":false,"excerpt":"Proceso \/ Pedro Mat\u00edas. El fiscal de Oaxaca, Rub\u00e9n Vasconcelos M\u00e9ndez, en una comparecencia ante integrantes Comisi\u00f3n de G\u00e9nero y Feminicidios del Congreso del Estado. Foto: Twitter @CongresoOaxLXIV. OAXACA, Oax. (proceso.com.mx).\u2013 La Fiscal\u00eda General de Oaxaca reconoci\u00f3 que 493 mujeres han sido asesinadas en la entidad del 2017 al mes\u2026","rel":"","context":"En &quot;CINTILLO&quot;","block_context":{"text":"CINTILLO","link":"http:\/\/www.grieta.org.mx\/index.php\/category\/cintillo\/"},"img":{"alt_text":"","src":"https:\/\/i0.wp.com\/www.grieta.org.mx\/wp-content\/uploads\/2018\/03\/14524434_1106112876131411_958039263622046936_o.jpg?resize=350%2C200","width":350,"height":200,"srcset":"https:\/\/i0.wp.com\/www.grieta.org.mx\/wp-content\/uploads\/2018\/03\/14524434_1106112876131411_958039263622046936_o.jpg?resize=350%2C200 1x, https:\/\/i0.wp.com\/www.grieta.org.mx\/wp-content\/uploads\/2018\/03\/14524434_1106112876131411_958039263622046936_o.jpg?resize=525%2C300 1.5x, https:\/\/i0.wp.com\/www.grieta.org.mx\/wp-content\/uploads\/2018\/03\/14524434_1106112876131411_958039263622046936_o.jpg?resize=700%2C400 2x"},"classes":[]},{"id":66144,"url":"http:\/\/www.grieta.org.mx\/index.php\/2023\/01\/29\/exigen-justicia-por-feminicidios-e-indagar-las-desaparaciones-oaxaca\/","url_meta":{"origin":54347,"position":4},"title":"Exigen justicia por feminicidios e indagar las desapariciones (Oaxaca)","author":"grieta","date":"29 enero, 2023","format":false,"excerpt":"Imagen: Tomada de la red Lisbeth Mej\u00eda Reyes \/ El Imparcial Familiares, amigos y activistas v\u00edctimas de feminicidios, y desapariciones as\u00ed como de sobrevivientes de intento de feminicidios, protestaron \u00e9ste s\u00e1bado en la Ciudad de Oaxaca para exigir al gobierno del estado y a la fiscal\u00eda justicia para estos casos.\u2026","rel":"","context":"En &quot;CINTILLO&quot;","block_context":{"text":"CINTILLO","link":"http:\/\/www.grieta.org.mx\/index.php\/category\/cintillo\/"},"img":{"alt_text":"","src":"https:\/\/i0.wp.com\/www.grieta.org.mx\/wp-content\/uploads\/2023\/01\/Feminicidios-Oaxaca-3.webp?resize=350%2C200","width":350,"height":200,"srcset":"https:\/\/i0.wp.com\/www.grieta.org.mx\/wp-content\/uploads\/2023\/01\/Feminicidios-Oaxaca-3.webp?resize=350%2C200 1x, https:\/\/i0.wp.com\/www.grieta.org.mx\/wp-content\/uploads\/2023\/01\/Feminicidios-Oaxaca-3.webp?resize=525%2C300 1.5x, https:\/\/i0.wp.com\/www.grieta.org.mx\/wp-content\/uploads\/2023\/01\/Feminicidios-Oaxaca-3.webp?resize=700%2C400 2x"},"classes":[]},{"id":62806,"url":"http:\/\/www.grieta.org.mx\/index.php\/2021\/12\/02\/madres-de-mujeres-asesinadas-demandan-justicia-a-gobierno-de-oaxaca-ante-tribunal-feminista\/","url_meta":{"origin":54347,"position":5},"title":"Madres de mujeres asesinadas demandan justicia a gobierno de Oaxaca ante Tribunal Feminista","author":"grieta","date":"2 diciembre, 2021","format":false,"excerpt":"Proceso \/ Pedro Mat\u00edas. Ante la falta de mecanismos jur\u00eddicos que permitan a una autoridad federal la investigaci\u00f3n del mismo, recomendaron que el caso sea llevado a instancias internacionales, siendo esta la \u00fanica posibilidad real de que el Estado mexicano pueda ser obligado a garantizar el acceso a la justicia.\u2026","rel":"","context":"En &quot;CINTILLO&quot;","block_context":{"text":"CINTILLO","link":"http:\/\/www.grieta.org.mx\/index.php\/category\/cintillo\/"},"img":{"alt_text":"","src":"https:\/\/i0.wp.com\/www.grieta.org.mx\/wp-content\/uploads\/2021\/12\/1.jpg?resize=350%2C200","width":350,"height":200,"srcset":"https:\/\/i0.wp.com\/www.grieta.org.mx\/wp-content\/uploads\/2021\/12\/1.jpg?resize=350%2C200 1x, https:\/\/i0.wp.com\/www.grieta.org.mx\/wp-content\/uploads\/2021\/12\/1.jpg?resize=525%2C300 1.5x, https:\/\/i0.wp.com\/www.grieta.org.mx\/wp-content\/uploads\/2021\/12\/1.jpg?resize=700%2C400 2x"},"classes":[]}],"_links":{"self":[{"href":"http:\/\/www.grieta.org.mx\/index.php\/wp-json\/wp\/v2\/posts\/54347","targetHints":{"allow":["GET"]}}],"collection":[{"href":"http:\/\/www.grieta.org.mx\/index.php\/wp-json\/wp\/v2\/posts"}],"about":[{"href":"http:\/\/www.grieta.org.mx\/index.php\/wp-json\/wp\/v2\/types\/post"}],"author":[{"embeddable":true,"href":"http:\/\/www.grieta.org.mx\/index.php\/wp-json\/wp\/v2\/users\/2"}],"replies":[{"embeddable":true,"href":"http:\/\/www.grieta.org.mx\/index.php\/wp-json\/wp\/v2\/comments?post=54347"}],"version-history":[{"count":1,"href":"http:\/\/www.grieta.org.mx\/index.php\/wp-json\/wp\/v2\/posts\/54347\/revisions"}],"predecessor-version":[{"id":54351,"href":"http:\/\/www.grieta.org.mx\/index.php\/wp-json\/wp\/v2\/posts\/54347\/revisions\/54351"}],"wp:featuredmedia":[{"embeddable":true,"href":"http:\/\/www.grieta.org.mx\/index.php\/wp-json\/wp\/v2\/media\/54348"}],"wp:attachment":[{"href":"http:\/\/www.grieta.org.mx\/index.php\/wp-json\/wp\/v2\/media?parent=54347"}],"wp:term":[{"taxonomy":"category","embeddable":true,"href":"http:\/\/www.grieta.org.mx\/index.php\/wp-json\/wp\/v2\/categories?post=54347"},{"taxonomy":"post_tag","embeddable":true,"href":"http:\/\/www.grieta.org.mx\/index.php\/wp-json\/wp\/v2\/tags?post=54347"}],"curies":[{"name":"wp","href":"https:\/\/api.w.org\/{rel}","templated":true}]}}