{"id":54284,"date":"2020-10-15T17:32:02","date_gmt":"2020-10-15T22:32:02","guid":{"rendered":"http:\/\/www.grieta.org.mx\/?p=54284"},"modified":"2020-10-18T18:06:22","modified_gmt":"2020-10-18T23:06:22","slug":"crisis-por-la-basura-en-cancun-ahora-trabajadores-se-van-a-paro-laboral","status":"publish","type":"post","link":"http:\/\/www.grieta.org.mx\/index.php\/2020\/10\/15\/crisis-por-la-basura-en-cancun-ahora-trabajadores-se-van-a-paro-laboral\/","title":{"rendered":"Crisis por la basura en Canc\u00fan; ahora trabajadores se van a paro laboral"},"content":{"rendered":"<p><img loading=\"lazy\" decoding=\"async\" data-attachment-id=\"54285\" data-permalink=\"http:\/\/www.grieta.org.mx\/index.php\/2020\/10\/15\/crisis-por-la-basura-en-cancun-ahora-trabajadores-se-van-a-paro-laboral\/crisisbasura\/\" data-orig-file=\"http:\/\/www.grieta.org.mx\/wp-content\/uploads\/2020\/10\/CrisisBasura.png\" data-orig-size=\"640,449\" data-comments-opened=\"0\" data-image-meta=\"{&quot;aperture&quot;:&quot;0&quot;,&quot;credit&quot;:&quot;&quot;,&quot;camera&quot;:&quot;&quot;,&quot;caption&quot;:&quot;&quot;,&quot;created_timestamp&quot;:&quot;0&quot;,&quot;copyright&quot;:&quot;&quot;,&quot;focal_length&quot;:&quot;0&quot;,&quot;iso&quot;:&quot;0&quot;,&quot;shutter_speed&quot;:&quot;0&quot;,&quot;title&quot;:&quot;&quot;,&quot;orientation&quot;:&quot;0&quot;}\" data-image-title=\"CrisisBasura\" data-image-description=\"\" data-image-caption=\"\" data-medium-file=\"http:\/\/www.grieta.org.mx\/wp-content\/uploads\/2020\/10\/CrisisBasura-300x210.png\" data-large-file=\"http:\/\/www.grieta.org.mx\/wp-content\/uploads\/2020\/10\/CrisisBasura.png\" src=\"http:\/\/www.grieta.org.mx\/wp-content\/uploads\/2020\/10\/CrisisBasura.png\" alt=\"\" width=\"640\" height=\"449\" class=\"alignnone size-full wp-image-54285\" srcset=\"http:\/\/www.grieta.org.mx\/wp-content\/uploads\/2020\/10\/CrisisBasura.png 640w, http:\/\/www.grieta.org.mx\/wp-content\/uploads\/2020\/10\/CrisisBasura-300x210.png 300w\" sizes=\"auto, (max-width: 640px) 100vw, 640px\" \/><\/p>\n<p>MC \/ Meganews<\/p>\n<blockquote><p>Por ahora solo 15 de los m\u00e1s de 60 camiones recolectores de basura, se encuentran circulando por la ciudad <\/p><\/blockquote>\n<p>Canc\u00fan.- Desde hace varias semanas se ha hecho evidente que en distintos puntos de la ciudad no ha pasado el cami\u00f3n de la basura y esta se ha ido acumulando siendo un latente peligro de salud, adem\u00e1s de que genera mal aspecto para la ciudad.<\/p>\n<p>Sin embargo la crisis de la basura contin\u00faa y es que durante la noche del mi\u00e9rcoles, alrededor de 200 trabajadores de la empresa Inteligencia M\u00e9xico, contratada por Soluci\u00f3n Integral de Residuos Solidos (Siresol) para la recolecci\u00f3n de la basura en Canc\u00fan, se fueron a paro laboral.<\/p>\n<p>Entre los problemas que exigen que les den una soluci\u00f3n est\u00e1n la falta de pago del reparto de utilidades, descuento en su salario injustificado e incluso algunos fueron v\u00edctimas de tres supervisores quienes para garantizarles su puesto, les ped\u00edan favores, regalos y dinero en efectivo, tambi\u00e9n exigen un horario fijo ya que trabajan m\u00e1s de 12 horas diarias.<\/p>\n<p>Adem\u00e1s denunciaron que no cuentan con equipo de trabajo, como guantes o botas e impermeables y que se encuentran expuestos a enfermedades<\/p>\n<p>Por ahora solo 16 de los 60 camiones recolectores de basura, se encuentran circulando por la ciudad<\/p>\n<p>Elementos de la Polic\u00eda Quintana Roo tuvieron que intervenir durante la manifestaci\u00f3n que se realiz\u00f3 en el \u201cencierro\u201d ubicado en la Ruta 5 de Canc\u00fan, luego de que se diera un conato de enfrentamiento entre los trabajadores y personal administrativo.<\/p>\n<p><a href=\"https:\/\/www.meganews.mx\/quintanaroo\/crisis-por-la-basura-en-cancun-ahora-trabajadores-se-van-a-paro-laboral\/\" rel=\"noopener noreferrer\" target=\"_blank\">https:\/\/www.meganews.mx\/quintanaroo\/crisis-por-la-basura-en-cancun-ahora-trabajadores-se-van-a-paro-laboral\/<\/a><\/p>\n","protected":false},"excerpt":{"rendered":"<p>MC \/ Meganews Por ahora solo 15 de los m\u00e1s de 60 camiones recolectores de basura, se encuentran circulando por la ciudad Canc\u00fan.- Desde hace varias semanas se ha hecho &hellip; <a href=\"http:\/\/www.grieta.org.mx\/index.php\/2020\/10\/15\/crisis-por-la-basura-en-cancun-ahora-trabajadores-se-van-a-paro-laboral\/\" class=\"more-link\">Leer m\u00e1s<\/a><\/p>\n","protected":false},"author":2,"featured_media":54285,"comment_status":"closed","ping_status":"closed","sticky":false,"template":"","format":"standard","meta":{"ngg_post_thumbnail":0,"_jetpack_newsletter_access":"","_jetpack_dont_email_post_to_subs":false,"_jetpack_newsletter_tier_id":0,"_jetpack_memberships_contains_paywalled_content":false,"_jetpack_memberships_contains_paid_content":false,"footnotes":""},"categories":[80,1084,910,2,28,83],"tags":[113,105,2081],"class_list":["post-54284","post","type-post","status-publish","format-standard","has-post-thumbnail","hentry","category-cintillo","category-conflictos-laborales-en-quintana-roo","category-explotacion-y-precariedad-laboral","category-noticias-nacionales","category-quintana-roo","category-temas-nacionales","tag-conflictos-laborales","tag-derechos-laborales","tag-recoleccion-basura","entry"],"jetpack_featured_media_url":"http:\/\/www.grieta.org.mx\/wp-content\/uploads\/2020\/10\/CrisisBasura.png","jetpack_sharing_enabled":true,"jetpack_shortlink":"https:\/\/wp.me\/p7ZJR4-e7y","jetpack_likes_enabled":false,"jetpack-related-posts":[{"id":42741,"url":"http:\/\/www.grieta.org.mx\/index.php\/2020\/01\/06\/recolectores-de-basura-en-playa-del-carmen-hacen-paro-laboral\/","url_meta":{"origin":54284,"position":0},"title":"Recolectores de basura en Playa del Carmen hacen paro laboral","author":"grieta","date":"6 enero, 2020","format":false,"excerpt":"Mauricio Conde \/ El Heraldo de M\u00e9xico Al conmemorarse el D\u00eda de Reyes, los trabajadores de la Direcci\u00f3n de Servicios P\u00fablicos del Ayuntamiento de Solidaridad iniciaron un paro de labores, por lo que dejaron de recolectar la basura de este destino tur\u00edstico. Entre las demandas laborales, estos empleados p\u00fablicos piden\u2026","rel":"","context":"En &quot;CINTILLO&quot;","block_context":{"text":"CINTILLO","link":"http:\/\/www.grieta.org.mx\/index.php\/category\/cintillo\/"},"img":{"alt_text":"","src":"https:\/\/i0.wp.com\/www.grieta.org.mx\/wp-content\/uploads\/2020\/01\/WhatsApp-Image-2020-01-06-at-12.12.04-PM-1.jpeg?resize=350%2C200","width":350,"height":200,"srcset":"https:\/\/i0.wp.com\/www.grieta.org.mx\/wp-content\/uploads\/2020\/01\/WhatsApp-Image-2020-01-06-at-12.12.04-PM-1.jpeg?resize=350%2C200 1x, https:\/\/i0.wp.com\/www.grieta.org.mx\/wp-content\/uploads\/2020\/01\/WhatsApp-Image-2020-01-06-at-12.12.04-PM-1.jpeg?resize=525%2C300 1.5x, https:\/\/i0.wp.com\/www.grieta.org.mx\/wp-content\/uploads\/2020\/01\/WhatsApp-Image-2020-01-06-at-12.12.04-PM-1.jpeg?resize=700%2C400 2x"},"classes":[]},{"id":56134,"url":"http:\/\/www.grieta.org.mx\/index.php\/2021\/01\/06\/bloquean-empleados-de-intelligencia-mexico-acceso-al-relleno-sanitario\/","url_meta":{"origin":54284,"position":1},"title":"Bloquean empleados de Intelligencia M\u00e9xico acceso al relleno sanitario","author":"grieta","date":"6 enero, 2021","format":false,"excerpt":"Santiago Hern\u00e1ndez \/ Quadrat\u00edn Quintana Roo CANC\u00daN, QRoo, 6 de enero de 2021.- Trabajadores de la empresa recolectora de basura Intelligencia M\u00e9xico, mantienen bloqueado este mi\u00e9rcoles 6 de enero parte de la avenida Perif\u00e9rico y la entrada de acceso al Ramal Norte, dicha v\u00eda lleva al basurero municipal. Ning\u00fan trabajador\u2026","rel":"","context":"En &quot;CINTILLO&quot;","block_context":{"text":"CINTILLO","link":"http:\/\/www.grieta.org.mx\/index.php\/category\/cintillo\/"},"img":{"alt_text":"","src":"https:\/\/i0.wp.com\/www.grieta.org.mx\/wp-content\/uploads\/2021\/01\/RellenoSanitarioQRoo-e1609956871144.jpg?resize=350%2C200","width":350,"height":200,"srcset":"https:\/\/i0.wp.com\/www.grieta.org.mx\/wp-content\/uploads\/2021\/01\/RellenoSanitarioQRoo-e1609956871144.jpg?resize=350%2C200 1x, https:\/\/i0.wp.com\/www.grieta.org.mx\/wp-content\/uploads\/2021\/01\/RellenoSanitarioQRoo-e1609956871144.jpg?resize=525%2C300 1.5x, https:\/\/i0.wp.com\/www.grieta.org.mx\/wp-content\/uploads\/2021\/01\/RellenoSanitarioQRoo-e1609956871144.jpg?resize=700%2C400 2x"},"classes":[]},{"id":53928,"url":"http:\/\/www.grieta.org.mx\/index.php\/2020\/10\/02\/no-nos-han-pagado-ni-nos-dicen-cuando-nueva-inconformidad-en-empresa-de-recoleccion-de-basura-inteligencia-mexico-por-atraso-en-pagos-en-cancun\/","url_meta":{"origin":54284,"position":2},"title":"\u201cNo nos han pagado ni nos dicen cu\u00e1ndo\u201d: Nueva inconformidad en empresa de recolecci\u00f3n de basura \u2018Inteligencia M\u00e9xico\u2019 por atraso en pagos en Canc\u00fan","author":"grieta","date":"2 octubre, 2020","format":false,"excerpt":"Noticaribe \/ Agencia SIM CANC\u00daN, MX.- Un grupo de trabajadores de la concesionaria del servicio de basura, Inteligencia M\u00e9xico, se inconform\u00f3 hoy, al no recibir todav\u00eda el pago de su quincena ni explicarles la situaci\u00f3n alg\u00fan representante de la empresa. Reunidos afuera del encierro, acusaron que de 60 veh\u00edculos, s\u00f3lo\u2026","rel":"","context":"En &quot;CINTILLO&quot;","block_context":{"text":"CINTILLO","link":"http:\/\/www.grieta.org.mx\/index.php\/category\/cintillo\/"},"img":{"alt_text":"","src":"https:\/\/i0.wp.com\/www.grieta.org.mx\/wp-content\/uploads\/2020\/10\/Protesta-e1601681989677.png?resize=350%2C200","width":350,"height":200,"srcset":"https:\/\/i0.wp.com\/www.grieta.org.mx\/wp-content\/uploads\/2020\/10\/Protesta-e1601681989677.png?resize=350%2C200 1x, https:\/\/i0.wp.com\/www.grieta.org.mx\/wp-content\/uploads\/2020\/10\/Protesta-e1601681989677.png?resize=525%2C300 1.5x, https:\/\/i0.wp.com\/www.grieta.org.mx\/wp-content\/uploads\/2020\/10\/Protesta-e1601681989677.png?resize=700%2C400 2x"},"classes":[]},{"id":18675,"url":"http:\/\/www.grieta.org.mx\/index.php\/2016\/08\/02\/conflictos-laborales-por-la-privatizacion-de-la-recoleccion-de-basura-en-queretaro\/","url_meta":{"origin":54284,"position":3},"title":"Conflictos laborales por la privatizaci\u00f3n de la recolecci\u00f3n de basura en Quer\u00e9taro","author":"grieta","date":"2 agosto, 2016","format":false,"excerpt":"02\/08\/16. 7 mil firmas requieren para plebiscito en el municipio de Quer\u00e9taro AM Quer\u00e9taro 22\/04\/16. De nuevo, pide sindicato emplazamiento a huelga AM Quer\u00e9taro 19\/04\/16. Piden consulta popular sobre servicio de limpia AM Quer\u00e9taro 11\/04\/16. Anular concesi\u00f3n, \u00fanica demanda de trabajadores de recolecci\u00f3n de basura (VIDEO) Quadrat\u00edn 11\/04\/16. Trabajadores piden\u2026","rel":"","context":"En &quot;CINTILLO&quot;","block_context":{"text":"CINTILLO","link":"http:\/\/www.grieta.org.mx\/index.php\/category\/cintillo\/"},"img":{"alt_text":"","src":"https:\/\/i0.wp.com\/www.grieta.org.mx\/wp-content\/uploads\/2018\/03\/14524434_1106112876131411_958039263622046936_o.jpg?resize=350%2C200","width":350,"height":200,"srcset":"https:\/\/i0.wp.com\/www.grieta.org.mx\/wp-content\/uploads\/2018\/03\/14524434_1106112876131411_958039263622046936_o.jpg?resize=350%2C200 1x, https:\/\/i0.wp.com\/www.grieta.org.mx\/wp-content\/uploads\/2018\/03\/14524434_1106112876131411_958039263622046936_o.jpg?resize=525%2C300 1.5x, https:\/\/i0.wp.com\/www.grieta.org.mx\/wp-content\/uploads\/2018\/03\/14524434_1106112876131411_958039263622046936_o.jpg?resize=700%2C400 2x"},"classes":[]},{"id":55824,"url":"http:\/\/www.grieta.org.mx\/index.php\/2020\/12\/18\/queremos-que-nos-paguen-nuestro-sueldo-ganado-protestan-trabajadores-de-intelligencia-mexico-por-falta-de-empleo-y-pago-tras-conflicto-por-la-basura\/","url_meta":{"origin":54284,"position":4},"title":"\u201cQueremos que nos paguen nuestro sueldo ganado\u201d: Protestan trabajadores de \u2018Intelligencia M\u00e9xico\u2019 por falta de empleo y pago tras conflicto por la basura","author":"grieta","date":"18 diciembre, 2020","format":false,"excerpt":"Noticaribe CANC\u00daN, MX.- Un grupo de trabajadores de la empresa Inteligencia M\u00e9xico, se manifest\u00f3 esta ma\u00f1ana en el Palacio Municipal para denunciar que, a ra\u00edz de la intervenci\u00f3n de la concesi\u00f3n para la recolecci\u00f3n de basura por parte del Ayuntamiento de Benito Ju\u00e1rez, fueron dejados sin trabajo y sin recibir\u2026","rel":"","context":"En &quot;CINTILLO&quot;","block_context":{"text":"CINTILLO","link":"http:\/\/www.grieta.org.mx\/index.php\/category\/cintillo\/"},"img":{"alt_text":"","src":"https:\/\/i0.wp.com\/www.grieta.org.mx\/wp-content\/uploads\/2020\/12\/Inteligencia5-1.jpg?resize=350%2C200","width":350,"height":200,"srcset":"https:\/\/i0.wp.com\/www.grieta.org.mx\/wp-content\/uploads\/2020\/12\/Inteligencia5-1.jpg?resize=350%2C200 1x, https:\/\/i0.wp.com\/www.grieta.org.mx\/wp-content\/uploads\/2020\/12\/Inteligencia5-1.jpg?resize=525%2C300 1.5x"},"classes":[]},{"id":10268,"url":"http:\/\/www.grieta.org.mx\/index.php\/2016\/04\/11\/anular-concesion-unica-demanda-de-trabajadores-de-recoleccion-de-basura-video\/","url_meta":{"origin":54284,"position":5},"title":"Anular concesi\u00f3n, \u00fanica demanda de trabajadores de recolecci\u00f3n de basura (VIDEO)","author":"grieta","date":"11 abril, 2016","format":false,"excerpt":"Del canal de Quadrat\u00edn Quer\u00e9taro https:\/\/www.youtube.com\/watch?v=vwDXAottQ5U","rel":"","context":"En &quot;CINTILLO&quot;","block_context":{"text":"CINTILLO","link":"http:\/\/www.grieta.org.mx\/index.php\/category\/cintillo\/"},"img":{"alt_text":"","src":"https:\/\/i0.wp.com\/www.grieta.org.mx\/wp-content\/uploads\/2018\/03\/14524434_1106112876131411_958039263622046936_o.jpg?resize=350%2C200","width":350,"height":200,"srcset":"https:\/\/i0.wp.com\/www.grieta.org.mx\/wp-content\/uploads\/2018\/03\/14524434_1106112876131411_958039263622046936_o.jpg?resize=350%2C200 1x, https:\/\/i0.wp.com\/www.grieta.org.mx\/wp-content\/uploads\/2018\/03\/14524434_1106112876131411_958039263622046936_o.jpg?resize=525%2C300 1.5x, https:\/\/i0.wp.com\/www.grieta.org.mx\/wp-content\/uploads\/2018\/03\/14524434_1106112876131411_958039263622046936_o.jpg?resize=700%2C400 2x"},"classes":[]}],"_links":{"self":[{"href":"http:\/\/www.grieta.org.mx\/index.php\/wp-json\/wp\/v2\/posts\/54284","targetHints":{"allow":["GET"]}}],"collection":[{"href":"http:\/\/www.grieta.org.mx\/index.php\/wp-json\/wp\/v2\/posts"}],"about":[{"href":"http:\/\/www.grieta.org.mx\/index.php\/wp-json\/wp\/v2\/types\/post"}],"author":[{"embeddable":true,"href":"http:\/\/www.grieta.org.mx\/index.php\/wp-json\/wp\/v2\/users\/2"}],"replies":[{"embeddable":true,"href":"http:\/\/www.grieta.org.mx\/index.php\/wp-json\/wp\/v2\/comments?post=54284"}],"version-history":[{"count":1,"href":"http:\/\/www.grieta.org.mx\/index.php\/wp-json\/wp\/v2\/posts\/54284\/revisions"}],"predecessor-version":[{"id":54303,"href":"http:\/\/www.grieta.org.mx\/index.php\/wp-json\/wp\/v2\/posts\/54284\/revisions\/54303"}],"wp:featuredmedia":[{"embeddable":true,"href":"http:\/\/www.grieta.org.mx\/index.php\/wp-json\/wp\/v2\/media\/54285"}],"wp:attachment":[{"href":"http:\/\/www.grieta.org.mx\/index.php\/wp-json\/wp\/v2\/media?parent=54284"}],"wp:term":[{"taxonomy":"category","embeddable":true,"href":"http:\/\/www.grieta.org.mx\/index.php\/wp-json\/wp\/v2\/categories?post=54284"},{"taxonomy":"post_tag","embeddable":true,"href":"http:\/\/www.grieta.org.mx\/index.php\/wp-json\/wp\/v2\/tags?post=54284"}],"curies":[{"name":"wp","href":"https:\/\/api.w.org\/{rel}","templated":true}]}}