{"id":5427,"date":"2016-02-20T03:01:54","date_gmt":"2016-02-20T03:01:54","guid":{"rendered":"http:\/\/50.22.11.12\/~grietaor\/?p=5427"},"modified":"2016-04-25T00:41:18","modified_gmt":"2016-04-25T00:41:18","slug":"trabajadores-de-cruz-roja-guadalajara-exigen-prestaciones-medicas","status":"publish","type":"post","link":"http:\/\/www.grieta.org.mx\/index.php\/2016\/02\/20\/trabajadores-de-cruz-roja-guadalajara-exigen-prestaciones-medicas\/","title":{"rendered":"Trabajadores de Cruz Roja Guadalajara exigen prestaciones m\u00e9dicas"},"content":{"rendered":"<p>Por Elizabeth R\u00edos Chavarr\u00eda<\/p>\n<p>Laboran bajo protesta<\/p>\n<p>En protesta permanente, pero trabajando, se encuentra personal administrativo, de enfermer\u00eda e intendencia, por no recibir las prestaciones marcadas por la ley<\/p>\n<p>Trabajadores de la Cruz Roja de Guadalajara laboran bajo protesta, al exigir mejores condiciones de trabajo, seguro m\u00e9dico y un mejor, y digno, trato por parte de autoridades administrativas.<\/p>\n<p>Personal de enfermer\u00eda, intendencia y administrativo, est\u00e1n trabajando bajo protesta en las instalaciones de la Cruz Roja delegaci\u00f3n Guadalajara \u2013a un costado del Parque Morelos-, por las nefastas situaciones laborales en las que los tienen trabajando, todo bajo la direcci\u00f3n de Eduardo D\u00edaz, quien est\u00e1 a cargo del \u00e1rea administrativa del lugar.<\/p>\n<p>\u201cNos manifestamos y trabajamos bajo protesta, porque exigimos a las autoridades seguro y queremos un trato digno por parte de la administraci\u00f3n, nos hemos tratado de acercar pero no nos dejan, nos ponen muchos obst\u00e1culos y al final nadie nos escucha ni nos ayuda\u201d.<\/p>\n<p>En entrevista, varios de los manifestantes entre los que se encontr\u00f3 Adriana Uribe, enfermera del lugar, explic\u00f3 en entrevista para P\u00e1gina 24, c\u00f3mo a ra\u00edz del desd\u00e9n, poco cuidado y malos tratos por parte de sus autoridades, ellos como trabajadores tienen que soportar las proezas de laborar en un ambiente hostil, sin tener la certeza de atenci\u00f3n de salud propia, que es uno de los principales aspectos que piden.<\/p>\n<p>\u201cComo consecuencia de no contar con esa seguridad, tenemos tres personas, compa\u00f1eros, que necesitan una cirug\u00eda a la voz de ya y no hay dinero para operarlos. Pedimos seguro y ni eso no nos quieren dar nada, tenemos prestaciones a medias\u201d.<\/p>\n<p>Bajo el pretexto, por parte de las autoridades administrativos, sobre c\u00f3mo el hospital no cuenta con los recursos, a\u00fan cuando el personal cuenta con la base, las prestaciones que se les proporcionan son a medias. Y, ante la negativa de querer proporcionarles facilidades que por ley les corresponden, el desamparo es total hacia este personal sometido por a\u00f1os en esta situaci\u00f3n.<\/p>\n<p>Este olvido repercute en su d\u00eda a d\u00eda, pues cuando alguno de ellos necesita de alguna consulta, medicamento o intervenci\u00f3n quir\u00fargica, los gastos deben ser solventados por sus bolsillos, sin la posibilidad de alguna ayuda por parte de la misma Cruz Roja, quien les cobra sus servicios.<\/p>\n<p>Por ello, sin garant\u00edas ni el trato digno que ellos esperar\u00edan de autoridades administrativas, quienes deber\u00edan ver por su bienestar, personal de este hospital quedar\u00e1 a la espera de una mejora, y cumplimiento de exigencias, bajo una l\u00ednea de protesta permanente.<\/p>\n<p><a href=\"http:\/\/pagina24jalisco.com.mx\/local\/2016\/02\/20\/trabajadores-de-cruz-roja-guadalajara-exigen-prestaciones-medicas\/\" target=\"_blank\">http:\/\/pagina24jalisco.com.mx\/local\/2016\/02\/20\/trabajadores-de-cruz-roja-guadalajara-exigen-prestaciones-medicas\/<\/a><\/p>\n","protected":false},"excerpt":{"rendered":"<p>Por Elizabeth R\u00edos Chavarr\u00eda Laboran bajo protesta En protesta permanente, pero trabajando, se encuentra personal administrativo, de enfermer\u00eda e intendencia, por no recibir las prestaciones marcadas por la ley Trabajadores &hellip; <a href=\"http:\/\/www.grieta.org.mx\/index.php\/2016\/02\/20\/trabajadores-de-cruz-roja-guadalajara-exigen-prestaciones-medicas\/\" class=\"more-link\">Leer m\u00e1s<\/a><\/p>\n","protected":false},"author":2,"featured_media":21928,"comment_status":"closed","ping_status":"open","sticky":false,"template":"","format":"standard","meta":{"ngg_post_thumbnail":0,"_jetpack_newsletter_access":"","_jetpack_dont_email_post_to_subs":false,"_jetpack_newsletter_tier_id":0,"_jetpack_memberships_contains_paywalled_content":false,"_jetpack_memberships_contains_paid_content":false,"footnotes":""},"categories":[80,230],"tags":[105,147],"class_list":["post-5427","post","type-post","status-publish","format-standard","has-post-thumbnail","hentry","category-cintillo","category-jalisco","tag-derechos-laborales","tag-trabajo","entry"],"jetpack_featured_media_url":"http:\/\/www.grieta.org.mx\/wp-content\/uploads\/2018\/03\/14524434_1106112876131411_958039263622046936_o.jpg","jetpack_sharing_enabled":true,"jetpack_shortlink":"https:\/\/wp.me\/p7ZJR4-1px","jetpack_likes_enabled":false,"jetpack-related-posts":[{"id":40962,"url":"http:\/\/www.grieta.org.mx\/index.php\/2019\/11\/01\/elementos-de-proteccion-civil-del-estado-trabajan-bajo-protesta-porque-solo-les-llego-la-mitad-del-alza-salarial-jalisco\/","url_meta":{"origin":5427,"position":0},"title":"Elementos de Protecci\u00f3n Civil del Estado trabajan \u201cbajo protesta\u201d porque solo les lleg\u00f3 la mitad del alza salarial (Jalisco)","author":"grieta","date":"1 noviembre, 2019","format":false,"excerpt":"Foto: Ignacio P\u00e9rez Vega Los 350 elementos de la Unidad Estatal de Protecci\u00f3n Civil y Bomberos trabajan bajo protesta a partir de este viernes, para exigir que se les pague completo Ignacio P\u00e9rez Vega \/ UDGTV Guadalajara, Jalisco. Los 350 elementos de la Unidad Estatal de Protecci\u00f3n Civil y Bomberos\u2026","rel":"","context":"En &quot;CINTILLO&quot;","block_context":{"text":"CINTILLO","link":"http:\/\/www.grieta.org.mx\/index.php\/category\/cintillo\/"},"img":{"alt_text":"","src":"https:\/\/i0.wp.com\/www.grieta.org.mx\/wp-content\/uploads\/2019\/11\/Protesta-Protecci%C3%B3n-Civil-Ignacio-P%C3%A9rez-Vega.jpg?resize=350%2C200","width":350,"height":200,"srcset":"https:\/\/i0.wp.com\/www.grieta.org.mx\/wp-content\/uploads\/2019\/11\/Protesta-Protecci%C3%B3n-Civil-Ignacio-P%C3%A9rez-Vega.jpg?resize=350%2C200 1x, https:\/\/i0.wp.com\/www.grieta.org.mx\/wp-content\/uploads\/2019\/11\/Protesta-Protecci%C3%B3n-Civil-Ignacio-P%C3%A9rez-Vega.jpg?resize=525%2C300 1.5x, https:\/\/i0.wp.com\/www.grieta.org.mx\/wp-content\/uploads\/2019\/11\/Protesta-Protecci%C3%B3n-Civil-Ignacio-P%C3%A9rez-Vega.jpg?resize=700%2C400 2x, https:\/\/i0.wp.com\/www.grieta.org.mx\/wp-content\/uploads\/2019\/11\/Protesta-Protecci%C3%B3n-Civil-Ignacio-P%C3%A9rez-Vega.jpg?resize=1050%2C600 3x"},"classes":[]},{"id":51875,"url":"http:\/\/www.grieta.org.mx\/index.php\/2020\/07\/16\/hincados-y-con-la-mano-empunada-labora-bajo-protesta-el-personal-eventual-de-salud-jalisco\/","url_meta":{"origin":5427,"position":1},"title":"Hincados y con la mano empu\u00f1ada, labora bajo protesta el personal eventual de Salud (Jalisco)","author":"grieta","date":"16 julio, 2020","format":false,"excerpt":"Foto: El Occidental Denuncian que las condiciones de trabajo son desfavorables, adem\u00e1s de la emergencia sanitaria Isaura L\u00f3pez \/ El Occidenta Personal eventual de salud del Hospital General de Occidente (HGO), de la Secretar\u00eda de Salud Jalisco (SSJ) trabaja bajo protesta, denuncian que enfrentan, adem\u00e1s de la emergencia sanitaria por\u2026","rel":"","context":"En &quot;CINTILLO&quot;","block_context":{"text":"CINTILLO","link":"http:\/\/www.grieta.org.mx\/index.php\/category\/cintillo\/"},"img":{"alt_text":"","src":"https:\/\/i0.wp.com\/www.grieta.org.mx\/wp-content\/uploads\/2020\/07\/protesta1.png?resize=350%2C200","width":350,"height":200,"srcset":"https:\/\/i0.wp.com\/www.grieta.org.mx\/wp-content\/uploads\/2020\/07\/protesta1.png?resize=350%2C200 1x, https:\/\/i0.wp.com\/www.grieta.org.mx\/wp-content\/uploads\/2020\/07\/protesta1.png?resize=525%2C300 1.5x"},"classes":[]},{"id":5431,"url":"http:\/\/www.grieta.org.mx\/index.php\/2016\/09\/07\/conflictos-laborales-en-jalisco\/","url_meta":{"origin":5427,"position":2},"title":"Conflictos laborales de trabajadores del estado en Jalisco","author":"grieta","date":"7 septiembre, 2016","format":false,"excerpt":"07\/09\/16. Bur\u00f3cratas se manifiestan; piden restituir dinero a IpejalUni\u00f3n Jalisco 06\/07\/16. Trabajadores exigen aumento de salarioNtr Guadalajara 07\/06\/16. Exigen trabajadores dinero de sus pensionesNtr Guadalajara 24\/05\/16. Jalisco invierte dinero de sus bur\u00f3cratas en desarrollos hotelerosEl Financiero 20\/02\/16. Trabajadores de Cruz Roja Guadalajara exigen prestaciones m\u00e9dicas P\u00e1gina 24 29\/01\/16. Trabajadores del\u2026","rel":"","context":"En &quot;CINTILLO&quot;","block_context":{"text":"CINTILLO","link":"http:\/\/www.grieta.org.mx\/index.php\/category\/cintillo\/"},"img":{"alt_text":"","src":"https:\/\/i0.wp.com\/www.grieta.org.mx\/wp-content\/uploads\/2018\/03\/14524434_1106112876131411_958039263622046936_o.jpg?resize=350%2C200","width":350,"height":200,"srcset":"https:\/\/i0.wp.com\/www.grieta.org.mx\/wp-content\/uploads\/2018\/03\/14524434_1106112876131411_958039263622046936_o.jpg?resize=350%2C200 1x, https:\/\/i0.wp.com\/www.grieta.org.mx\/wp-content\/uploads\/2018\/03\/14524434_1106112876131411_958039263622046936_o.jpg?resize=525%2C300 1.5x, https:\/\/i0.wp.com\/www.grieta.org.mx\/wp-content\/uploads\/2018\/03\/14524434_1106112876131411_958039263622046936_o.jpg?resize=700%2C400 2x"},"classes":[]},{"id":40572,"url":"http:\/\/www.grieta.org.mx\/index.php\/2019\/10\/24\/tambien-en-nuevo-laredo-trabajan-bajo-protesta-en-el-imss\/","url_meta":{"origin":5427,"position":3},"title":"Tambi\u00e9n en Nuevo Laredo trabajan bajo protesta en el IMSS","author":"grieta","date":"24 octubre, 2019","format":false,"excerpt":"Juan Rodr\u00edguez\/Hoy Tamaulipas 26 octubre Nuevo Laredo, Tamaulipas. - Integrantes del Sindicato de Trabajadores del Seguro Social en Nuevo Laredo, pertenecientes a la Secci\u00f3n 10 de Tamaulipas, anunciaron trabajar bajo protesta, al considerar que las condiciones en que laboran no son \u00f3ptimas, a la vez que solicitan la renuncia del\u2026","rel":"","context":"En &quot;CINTILLO&quot;","block_context":{"text":"CINTILLO","link":"http:\/\/www.grieta.org.mx\/index.php\/category\/cintillo\/"},"img":{"alt_text":"","src":"https:\/\/i0.wp.com\/www.grieta.org.mx\/wp-content\/uploads\/2019\/10\/Tambien-en-Nuevo-Laredo-trabajan-bajo-protesta-en-el-IMSS.jpg?resize=350%2C200","width":350,"height":200,"srcset":"https:\/\/i0.wp.com\/www.grieta.org.mx\/wp-content\/uploads\/2019\/10\/Tambien-en-Nuevo-Laredo-trabajan-bajo-protesta-en-el-IMSS.jpg?resize=350%2C200 1x, https:\/\/i0.wp.com\/www.grieta.org.mx\/wp-content\/uploads\/2019\/10\/Tambien-en-Nuevo-Laredo-trabajan-bajo-protesta-en-el-IMSS.jpg?resize=525%2C300 1.5x, https:\/\/i0.wp.com\/www.grieta.org.mx\/wp-content\/uploads\/2019\/10\/Tambien-en-Nuevo-Laredo-trabajan-bajo-protesta-en-el-IMSS.jpg?resize=700%2C400 2x"},"classes":[]},{"id":69507,"url":"http:\/\/www.grieta.org.mx\/index.php\/2024\/08\/26\/inicia-ciclo-escolar-con-protesta-de-trabajadores-de-bachillerato-en-felipe-carrillo-puerto-quintana-roo\/","url_meta":{"origin":5427,"position":4},"title":"Inicia ciclo escolar con protesta de trabajadores de bachillerato en Felipe Carrillo Puerto (Quintana Roo)","author":"grieta","date":"26 agosto, 2024","format":false,"excerpt":"Noticaribe FELIPE CARRILLO PUERTO, MX.- Trabajadores del Centro de Estudios de Bachillerato 5\/10 \u201cProf. Rafael Ram\u00edrez Casta\u00f1eda\u201d, iniciaron el nuevo ciclo escolar colocando diversas lonas afuera del plantel educativo, ubicado sobre la avenida constituyentes con 91 de la Emiliano Zapata II, donde denunciaron abuso de poder y hostigamiento laboral por\u2026","rel":"","context":"En &quot;CINTILLO&quot;","block_context":{"text":"CINTILLO","link":"http:\/\/www.grieta.org.mx\/index.php\/category\/cintillo\/"},"img":{"alt_text":"","src":"https:\/\/i0.wp.com\/www.grieta.org.mx\/wp-content\/uploads\/2024\/08\/Protesta-e1724949321283.jpg?resize=350%2C200","width":350,"height":200,"srcset":"https:\/\/i0.wp.com\/www.grieta.org.mx\/wp-content\/uploads\/2024\/08\/Protesta-e1724949321283.jpg?resize=350%2C200 1x, https:\/\/i0.wp.com\/www.grieta.org.mx\/wp-content\/uploads\/2024\/08\/Protesta-e1724949321283.jpg?resize=525%2C300 1.5x, https:\/\/i0.wp.com\/www.grieta.org.mx\/wp-content\/uploads\/2024\/08\/Protesta-e1724949321283.jpg?resize=700%2C400 2x"},"classes":[]},{"id":48661,"url":"http:\/\/www.grieta.org.mx\/index.php\/2020\/04\/27\/personal-suplente-del-hospital-general-de-jerez-exige-retabulacion\/","url_meta":{"origin":5427,"position":5},"title":"Personal suplente del Hospital General de Jerez exige retabulaci\u00f3n","author":"grieta","date":"27 abril, 2020","format":false,"excerpt":"Denuncian que les pagan 180 pesos diarios Ruth Soriano ? El Sol de Zacatecas, 27 de abril de 2020 La ma\u00f1ana de este lunes trabajadores y trabajadoras suplentes de enfermer\u00eda del Hospital General Jerez (HGJ) se manifestaron frente al nosocomio con varias cartulinas con leyendas tales como: \u201cEnfermer\u00eda merece respeto\u201d,\u2026","rel":"","context":"En &quot;CINTILLO&quot;","block_context":{"text":"CINTILLO","link":"http:\/\/www.grieta.org.mx\/index.php\/category\/cintillo\/"},"img":{"alt_text":"","src":"https:\/\/i0.wp.com\/www.grieta.org.mx\/wp-content\/uploads\/2020\/05\/2020042721.jpg?resize=350%2C200","width":350,"height":200,"srcset":"https:\/\/i0.wp.com\/www.grieta.org.mx\/wp-content\/uploads\/2020\/05\/2020042721.jpg?resize=350%2C200 1x, https:\/\/i0.wp.com\/www.grieta.org.mx\/wp-content\/uploads\/2020\/05\/2020042721.jpg?resize=525%2C300 1.5x, https:\/\/i0.wp.com\/www.grieta.org.mx\/wp-content\/uploads\/2020\/05\/2020042721.jpg?resize=700%2C400 2x"},"classes":[]}],"_links":{"self":[{"href":"http:\/\/www.grieta.org.mx\/index.php\/wp-json\/wp\/v2\/posts\/5427","targetHints":{"allow":["GET"]}}],"collection":[{"href":"http:\/\/www.grieta.org.mx\/index.php\/wp-json\/wp\/v2\/posts"}],"about":[{"href":"http:\/\/www.grieta.org.mx\/index.php\/wp-json\/wp\/v2\/types\/post"}],"author":[{"embeddable":true,"href":"http:\/\/www.grieta.org.mx\/index.php\/wp-json\/wp\/v2\/users\/2"}],"replies":[{"embeddable":true,"href":"http:\/\/www.grieta.org.mx\/index.php\/wp-json\/wp\/v2\/comments?post=5427"}],"version-history":[{"count":1,"href":"http:\/\/www.grieta.org.mx\/index.php\/wp-json\/wp\/v2\/posts\/5427\/revisions"}],"predecessor-version":[{"id":10859,"href":"http:\/\/www.grieta.org.mx\/index.php\/wp-json\/wp\/v2\/posts\/5427\/revisions\/10859"}],"wp:featuredmedia":[{"embeddable":true,"href":"http:\/\/www.grieta.org.mx\/index.php\/wp-json\/wp\/v2\/media\/21928"}],"wp:attachment":[{"href":"http:\/\/www.grieta.org.mx\/index.php\/wp-json\/wp\/v2\/media?parent=5427"}],"wp:term":[{"taxonomy":"category","embeddable":true,"href":"http:\/\/www.grieta.org.mx\/index.php\/wp-json\/wp\/v2\/categories?post=5427"},{"taxonomy":"post_tag","embeddable":true,"href":"http:\/\/www.grieta.org.mx\/index.php\/wp-json\/wp\/v2\/tags?post=5427"}],"curies":[{"name":"wp","href":"https:\/\/api.w.org\/{rel}","templated":true}]}}