{"id":54219,"date":"2020-10-14T20:18:39","date_gmt":"2020-10-15T01:18:39","guid":{"rendered":"http:\/\/www.grieta.org.mx\/?p=54219"},"modified":"2020-10-15T23:25:01","modified_gmt":"2020-10-16T04:25:01","slug":"el-gobierno-federal-debe-pedir-perdon","status":"publish","type":"post","link":"http:\/\/www.grieta.org.mx\/index.php\/2020\/10\/14\/el-gobierno-federal-debe-pedir-perdon\/","title":{"rendered":"El gobierno federal debe pedir perd\u00f3n"},"content":{"rendered":"<p>Proceso \/ Mauro Gonzalez-Luna.<\/p>\n<p><img loading=\"lazy\" decoding=\"async\" data-attachment-id=\"54220\" data-permalink=\"http:\/\/www.grieta.org.mx\/index.php\/2020\/10\/14\/el-gobierno-federal-debe-pedir-perdon\/jornaleros-gobierno-federal-perdon-870x522\/\" data-orig-file=\"http:\/\/www.grieta.org.mx\/wp-content\/uploads\/2020\/10\/jornaleros-gobierno-federal-perdon-870x522-1.jpg\" data-orig-size=\"870,522\" data-comments-opened=\"0\" data-image-meta=\"{&quot;aperture&quot;:&quot;0&quot;,&quot;credit&quot;:&quot;&quot;,&quot;camera&quot;:&quot;&quot;,&quot;caption&quot;:&quot;&quot;,&quot;created_timestamp&quot;:&quot;0&quot;,&quot;copyright&quot;:&quot;&quot;,&quot;focal_length&quot;:&quot;0&quot;,&quot;iso&quot;:&quot;0&quot;,&quot;shutter_speed&quot;:&quot;0&quot;,&quot;title&quot;:&quot;&quot;,&quot;orientation&quot;:&quot;0&quot;}\" data-image-title=\"jornaleros-gobierno-federal-perdon-870&amp;#215;522\" data-image-description=\"\" data-image-caption=\"\" data-medium-file=\"http:\/\/www.grieta.org.mx\/wp-content\/uploads\/2020\/10\/jornaleros-gobierno-federal-perdon-870x522-1-300x180.jpg\" data-large-file=\"http:\/\/www.grieta.org.mx\/wp-content\/uploads\/2020\/10\/jornaleros-gobierno-federal-perdon-870x522-1.jpg\" class=\"alignnone wp-image-54220\" src=\"http:\/\/www.grieta.org.mx\/wp-content\/uploads\/2020\/10\/jornaleros-gobierno-federal-perdon-870x522-1.jpg\" alt=\"\" width=\"800\" height=\"480\" srcset=\"http:\/\/www.grieta.org.mx\/wp-content\/uploads\/2020\/10\/jornaleros-gobierno-federal-perdon-870x522-1.jpg 870w, http:\/\/www.grieta.org.mx\/wp-content\/uploads\/2020\/10\/jornaleros-gobierno-federal-perdon-870x522-1-300x180.jpg 300w, http:\/\/www.grieta.org.mx\/wp-content\/uploads\/2020\/10\/jornaleros-gobierno-federal-perdon-870x522-1-768x461.jpg 768w, http:\/\/www.grieta.org.mx\/wp-content\/uploads\/2020\/10\/jornaleros-gobierno-federal-perdon-870x522-1-833x500.jpg 833w\" sizes=\"auto, (max-width: 800px) 100vw, 800px\" \/><br \/>\nMiles de jornaleros trabajan en la pizca de la fresa en los ranchos del Valle de San Quintin. Foto: Antonio Nava.<\/p>\n<p>CIUDAD DE M\u00c9XICOhttps:\/\/www.proceso.com.mx\/653035\/el-gobierno-federal-debe-pedir-perdon-jornaleros.- En M\u00e9xico hay esclavos. Aunque se aboli\u00f3 la esclavitud en M\u00e9xico hace mucho, y la Constituci\u00f3n -letra muerta, por cierto- la proh\u00edbe, ella existe en pleno siglo XXI. La viven, entre otros, los jornaleros y jornaleras agr\u00edcolas de nuestro atribulado pa\u00eds. Son campesinos, millones, en pobreza extrema la mayor\u00eda, muchos de ellos sin parcela de subsistencia que cultivar para mal comer. Son ind\u00edgenas y mestizos, hombres, mujeres, embarazadas, ni\u00f1os, ni\u00f1as. Una ominosa trata de personas esa, la sufrida por ellos.<\/p>\n<p>Sus derechos y dignidad, como hojas secas y ca\u00eddas de oto\u00f1o, son pisoteados a taconazos por explotadores. Se les estigmatiza y condena como si fuera ese su destino natural, fatal. Y no lo es, nunca lo es.<\/p>\n<p>Motivaron este art\u00edculo: un oportuno y serio reportaje de Gloria Leticia D\u00edaz, en Proceso, sobre la invisibilidad de los jornaleros para el gobierno, y otros textos desgarradores sobre el tema, a ra\u00edz de la pandemia y del olvido.<\/p>\n<p>Migran de los Estados pobres del sur de la Rep\u00fablica al centro y norte del pa\u00eds, o al extranjero. Chiapas, Oaxaca, Guerrero\u2026, exportadores netos de esclavos, parias, seres humanos desechables, sombras que viajan en camiones de segunda durante d\u00edas para llegar, extenuados, a los campos de agricultura intensiva de inhumanos, crueles patrones y capataces. Huyen desesperados de la miseria, el hambre, la falta de oportunidades, de apoyos reales. Su lema: migrar o morir. Migrar o morir, lema tr\u00e1gico. inconcebible en tiempos supuestamente civilizados.<\/p>\n<p>Muchos emigran acompa\u00f1ados de su familia; muchas mujeres son madres solteras que trabajan, dejando a su beb\u00e9 de meses en los surcos, bajo el sol candente, expuesto el inocente a innumerables riesgos para su salud e integridad. Pero no hay de otra ni para \u00e9l ni para la joven madre, encorvada en la pizca de jitomate.<\/p>\n<p>Son millones los jornaleros agr\u00edcolas mexicanos. Se habla de 8 o 9 millones, incluyendo sus familias. Con frecuencia trabajan tambi\u00e9n los menores; \u00e9stos, si no trabajan, se quedan en sus pocilgas para cuidar a los m\u00e1s peque\u00f1os, sin escuela, sin porvenir, con un poco de frijoles en su vientre si acaso. De ellos y ellas depende la exportaci\u00f3n masiva de frutas y verduras para goce de extranjeros.<\/p>\n<p>Los que se alimentan de tales productos de la tierra, deber\u00edan saber que ello es gracias al trabajo forzado de esclavos mexicanos, muchos de ellos ni\u00f1os y ni\u00f1as. Una infamia, de la cual son responsables las empresas explotadoras y sus enganchadores y capataces, el gobierno y la sociedad, indiferentes a dicha tragedia. Una irresponsabilidad, una inconsciencia de dimensiones dantescas. Una afrenta a la civilizaci\u00f3n y al decoro nacional. Racismo puro contra ind\u00edgenas y mestizos, hermanos nuestros.<\/p>\n<p>Carecen de derechos pues se les dice c\u00ednicamente que no son sujetos de los mismos, seg\u00fan declaraciones de una jornalera, madre soltera entrevistada recientemente; en su inmensa mayor\u00eda no tienen acceso a seguridad social. Carecen de contratos escritos, salarios decorosos, condiciones saludables en los cuartos donde vegetan por desgracia, de agua suficiente para beber y asearse, de servicios m\u00ednimos de salud.<\/p>\n<p>Viven hacinadas hasta 4 personas en cuartuchos de 15 metros cuadrados, algunos con techumbres de pl\u00e1stico, sin puertas, cuya renta tienen que pagar; o en galerones insalubres con un ba\u00f1o en precarias condiciones para un sinn\u00famero de jornaleros y familias. Galerones, especie neoliberal impune de campos de concentraci\u00f3n -tolerados por las autoridades municipales, estatales y federales.<\/p>\n<p>El r\u00e9gimen federal morenista cancel\u00f3 de tajo el Programa de Atenci\u00f3n a Jornaleros Agr\u00edcolas (PAJA), alegando malos manejos. Esa eliminaci\u00f3n signific\u00f3 una burda vulneraci\u00f3n de derechos humanos de millones de personas en desgracia, seg\u00fan se\u00f1alamiento de la Red Nacional de Jornaleros y Jornaleras Agr\u00edcolas, el a\u00f1o pasado. En lugar de corregir sus graves fallas y luego fortalecerlo, lo borr\u00f3 del mapa insensiblemente, para desconsuelo de los jornaleros, y sin sustituirlo con apoyos reales, suficientes, institucionales, para estos millones de seres humanos en extrema vulnerabilidad.<\/p>\n<p>Las becas no son suficientes, las promesas y verborrea cotidianas, tampoco; Sembrando Vida se queda cort\u00edsimo, pues muchos de ellos no tienen tierras. Est\u00e1n abandonados a su propia suerte, son parias, extranjeros humillados en su patria misma, explotados, invisibilizados.<\/p>\n<p>Y con la pandemia mort\u00edfera, todo se agrav\u00f3 para los jornaleros. Obligados a dejar sus pueblos, tienen que trabajar en lugares lejanos, sin poder cumplir con las recomendaciones sanitarias m\u00e1s b\u00e1sicas, sin acceso a la salud p\u00fablica, sin apoyo de sus patrones e intermediarios, explotadores profesionales.<\/p>\n<p>Ante este panorama desolador, el gobierno federal -tan afecto a exigir perdones, para distraer, de terceros por hechos sucedidos hace siglos- y la sociedad misma, debieran para empezar, pedir hoy perd\u00f3n de rodillas a los jornaleros y a sus familias; y despu\u00e9s apoyarlos, ampararlos de verdad con protecci\u00f3n legal id\u00f3nea y real, con un programa espec\u00edfico y suficiente para ellos y ellas, con un presupuesto de cientos de millones de pesos para elevarlos del polvo.<\/p>\n<p>Y simult\u00e1neamente, recordar agradecidos, la labor insigne de los misioneros cat\u00f3licos del Siglo XVI que vinieron de Espa\u00f1a, de Gante, para amparar a los ind\u00edgenas: Motolin\u00eda, Tata Vasco, Pedro de Gante y tantos otros varones justos y sabios que sirvieron generosamente al ind\u00edgena. Recordar las venerables y protectoras Leyes de Indias que otorgaron en teor\u00eda y pr\u00e1ctica, privilegios y derechos a los diferentes pueblos originarios, muchos de ellos sometidos en su momento, a la esclavitud y sangrientas, b\u00e1rbaras Guerras Floridas por parte del imperio azteca.<\/p>\n<p>Por ello, es necesario, inteligente, \u00e9tico, meditar muy bien a qui\u00e9n exigir perdones. Somos como naci\u00f3n, fruto del encuentro entre ind\u00edgenas y espa\u00f1oles; desconocerlo ha sido y es suicida porque nos debilita y sujeta al verdadero adversario, el anglo saj\u00f3n, feliz con la falta de conciencia cultural e hist\u00f3rica de tantos mexicanos; aceptarlo como hecho incontrovertible, con sus luces y sombras, es lo sensato, lo leal a lo que somos, lo que asegura nuestra identidad, recobra nuestra propia personalidad, hecha de dos estirpes altivas donde nunca medraron los bueyes como dec\u00eda un poeta, y garantiza un porvenir venturoso para el pueblo.<\/p>\n<p>Habr\u00e1 que exigirlos -los perdones- al gobierno de Estados Unidos por enjaular ni\u00f1os migrantes pobres en el Siglo XXI; por el muro ignominioso e insultos a los mexicanos de parte del siniestro, vulgar e ignorante trumpismo; por habernos arrebatado medio territorio, la mitad del inmenso y rico que nos dej\u00f3 Espa\u00f1a al independizarnos, con sus ciudades fundadas por misioneros cat\u00f3licos como Jun\u00edpero Serra, espa\u00f1ol, en la Alta California.<br \/>\nTe puede interesar: Poes\u00eda vs. pol\u00edtica<\/p>\n<p>Pero, al contrario, el r\u00e9gimen actual como los anteriores en mayor\u00eda, como el juarista del XIX con su oprobioso Tratado McLane-Ocampo y antidemocr\u00e1tica larga estancia en el poder, est\u00e1 ligado por inter\u00e9s faccioso al linaje yanki, protestantoide, de fuerte tufo mas\u00f3nico desde la Independencia, depredador, racista, hoy ultra neoliberal, ajeno a las profundas tradiciones del M\u00e9xico mestizo y Guadalupano. Una cosa es la buena, respetuosa vecindad y otra, la sumisi\u00f3n.<\/p>\n<p>En suma, la situaci\u00f3n amarga, tr\u00e1gica de los millones de jornaleros, exige una soluci\u00f3n inmediata, de fondo, por parte del r\u00e9gimen, y una toma de conciencia de parte de la ciudadan\u00eda toda. La hora que vive el pa\u00eds, es apremiante, no para frivolidades, ocurrencias, divisiones, enconos, cuando ni\u00f1os y ni\u00f1as con c\u00e1ncer carecen de medicamentos en hospitales p\u00fablicos, cuando millones de mexicanos y mexicanas sufren de esclavitud, de la trata de trabajadores agr\u00edcolas, de otras tratas abominables, y de miserias de m\u00e1s de la mitad de la poblaci\u00f3n. Y M\u00e9xico hablando de rifas, penachos, encuestas, consultas, estatuas retiradas, pleitos de vecindad en Morena, liberales y conservadores.<\/p>\n<p>Es tiempo de que todos asuman sus responsabilidades frente a la historia, sobre todo el gobierno federal y sus afines \u00e9lites econ\u00f3micas neoliberales, una de las cuales, por cierto, mezquina y esclavista, propuso que el ahorro para las pensiones deber\u00eda recaer exclusivamente en \u00a1los trabajadores!, seg\u00fan informaci\u00f3n de Proceso del d\u00eda 13 de octubre. De no asumirlas, su alegada transformaci\u00f3n es solamente una burda caricatura que, en su momento, borrar\u00e1 el viento sin piedad.<\/p>\n<p>Dedico este texto con admiraci\u00f3n inmensa a la memoria de los misioneros que envi\u00f3 Espa\u00f1a en el Siglo XVI para proteger a los ind\u00edgenas, y de las Leyes de Indias. Y con respeto y afecto a los jornaleros y jornaleras agr\u00edcolas de temple heroico, deseando de coraz\u00f3n que pronto sus derechos humanos sean respetados por todos.<\/p>\n<p><a href=\"https:\/\/www.proceso.com.mx\/653035\/el-gobierno-federal-debe-pedir-perdon-jornaleros\" target=\"_blank\" rel=\"noopener noreferrer\">https:\/\/www.proceso.com.mx\/653035\/el-gobierno-federal-debe-pedir-perdon-jornaleros<\/a><\/p>\n","protected":false},"excerpt":{"rendered":"<p>Proceso \/ Mauro Gonzalez-Luna. Miles de jornaleros trabajan en la pizca de la fresa en los ranchos del Valle de San Quintin. Foto: Antonio Nava. CIUDAD DE M\u00c9XICOhttps:\/\/www.proceso.com.mx\/653035\/el-gobierno-federal-debe-pedir-perdon-jornaleros.- En M\u00e9xico &hellip; <a href=\"http:\/\/www.grieta.org.mx\/index.php\/2020\/10\/14\/el-gobierno-federal-debe-pedir-perdon\/\" class=\"more-link\">Leer m\u00e1s<\/a><\/p>\n","protected":false},"author":2,"featured_media":54220,"comment_status":"closed","ping_status":"closed","sticky":false,"template":"","format":"standard","meta":{"ngg_post_thumbnail":0,"_jetpack_newsletter_access":"","_jetpack_dont_email_post_to_subs":false,"_jetpack_newsletter_tier_id":0,"_jetpack_memberships_contains_paywalled_content":false,"_jetpack_memberships_contains_paid_content":false,"footnotes":""},"categories":[80,85,369,2955,2,25],"tags":[],"class_list":["post-54219","post","type-post","status-publish","format-standard","has-post-thumbnail","hentry","category-cintillo","category-jornaleros","category-jornaleros-analisis","category-jornaleros-en-oaxaca","category-noticias-nacionales","category-oaxaca","entry"],"jetpack_featured_media_url":"http:\/\/www.grieta.org.mx\/wp-content\/uploads\/2020\/10\/jornaleros-gobierno-federal-perdon-870x522-1.jpg","jetpack_sharing_enabled":true,"jetpack_shortlink":"https:\/\/wp.me\/p7ZJR4-e6v","jetpack_likes_enabled":false,"jetpack-related-posts":[{"id":35274,"url":"http:\/\/www.grieta.org.mx\/index.php\/2019\/06\/21\/alertan-por-fraude-a-jornaleros-mixtecos-oaxaca-y-baja-california\/","url_meta":{"origin":54219,"position":0},"title":"Alertan por fraude a jornaleros mixtecos (Oaxaca y Baja California)","author":"grieta","date":"21 junio, 2019","format":false,"excerpt":"Noticias. Lesli Aguilar Fueron expuestas situaciones de hacinamiento y m\u00ednimos servicios en los que habitaban jornaleros agr\u00edcolas en el rancho Constituci\u00f3n, en Baja California. HUAJUAPAN DE LE\u00d3N, Oaxaca.- La directora del Instituto Oaxaque\u00f1o de Atenci\u00f3n al Migrante (IOAM), A\u00edda Ruiz Garc\u00eda, alert\u00f3 a los jornaleros agr\u00edcolas de la regi\u00f3n Mixteca\u2026","rel":"","context":"En &quot;Baja California&quot;","block_context":{"text":"Baja California","link":"http:\/\/www.grieta.org.mx\/index.php\/category\/noticias-nacionales\/baja-california\/"},"img":{"alt_text":"","src":"https:\/\/i0.wp.com\/www.grieta.org.mx\/wp-content\/uploads\/2019\/06\/image_24_396.jpg?resize=350%2C200","width":350,"height":200,"srcset":"https:\/\/i0.wp.com\/www.grieta.org.mx\/wp-content\/uploads\/2019\/06\/image_24_396.jpg?resize=350%2C200 1x, https:\/\/i0.wp.com\/www.grieta.org.mx\/wp-content\/uploads\/2019\/06\/image_24_396.jpg?resize=525%2C300 1.5x, https:\/\/i0.wp.com\/www.grieta.org.mx\/wp-content\/uploads\/2019\/06\/image_24_396.jpg?resize=700%2C400 2x, https:\/\/i0.wp.com\/www.grieta.org.mx\/wp-content\/uploads\/2019\/06\/image_24_396.jpg?resize=1050%2C600 3x"},"classes":[]},{"id":1679,"url":"http:\/\/www.grieta.org.mx\/index.php\/2016\/02\/16\/jornaleros-zapotecas-denuncian-que-continuan-sin-recibir-apoyo-de-gobierno-de-oaxaca\/","url_meta":{"origin":54219,"position":1},"title":"Jornaleros zapotecas denuncian que contin\u00faan sin recibir \u201capoyo\u201d de gobierno de Oaxaca","author":"grieta","date":"16 febrero, 2016","format":false,"excerpt":"P\u00e1gina 3. Diana Manzo, Juchit\u00e1n, Oaxaca.- Jornaleros zapotecas de la localidad de Santa Mar\u00eda Xadani en el Istmo de Tehuantepec denunciaron que han pasado tres meses (14 de Noviembre del 2015) de promesas por parte del Daniel Ju\u00e1rez L\u00f3pez, titular de la Secretaria del Trabajo a nivel Oaxaca, quien ofreci\u00f3\u2026","rel":"","context":"En &quot;CINTILLO&quot;","block_context":{"text":"CINTILLO","link":"http:\/\/www.grieta.org.mx\/index.php\/category\/cintillo\/"},"img":{"alt_text":"","src":"https:\/\/i0.wp.com\/www.grieta.org.mx\/wp-content\/uploads\/2018\/03\/14524434_1106112876131411_958039263622046936_o.jpg?resize=350%2C200","width":350,"height":200,"srcset":"https:\/\/i0.wp.com\/www.grieta.org.mx\/wp-content\/uploads\/2018\/03\/14524434_1106112876131411_958039263622046936_o.jpg?resize=350%2C200 1x, https:\/\/i0.wp.com\/www.grieta.org.mx\/wp-content\/uploads\/2018\/03\/14524434_1106112876131411_958039263622046936_o.jpg?resize=525%2C300 1.5x, https:\/\/i0.wp.com\/www.grieta.org.mx\/wp-content\/uploads\/2018\/03\/14524434_1106112876131411_958039263622046936_o.jpg?resize=700%2C400 2x"},"classes":[]},{"id":16410,"url":"http:\/\/www.grieta.org.mx\/index.php\/2016\/07\/10\/jornaleros-zapotecas-denuncian-maltrato-y-discriminacion-en-cortes-de-cana-en-nayarit\/","url_meta":{"origin":54219,"position":2},"title":"Jornaleros zapotecas denuncian maltrato y discriminaci\u00f3n en cortes de ca\u00f1a en Nayarit","author":"grieta","date":"10 julio, 2016","format":false,"excerpt":"P\u00e1gina 3. Diana Manzo, Santa Mar\u00eda Xadani, Oaxaca.- Jornaleros zapotecas que en noviembre del 2015 fueron contratados por el corte de ca\u00f1a en Tepic, Nayarit, denunciaron maltrato y discriminaci\u00f3n en la zafra por parte de los due\u00f1os, ante ello decidieron regresar a su localidad de Santa Mar\u00eda Xadani en el\u2026","rel":"","context":"En &quot;CINTILLO&quot;","block_context":{"text":"CINTILLO","link":"http:\/\/www.grieta.org.mx\/index.php\/category\/cintillo\/"},"img":{"alt_text":"","src":"https:\/\/i0.wp.com\/www.grieta.org.mx\/wp-content\/uploads\/2018\/03\/14524434_1106112876131411_958039263622046936_o.jpg?resize=350%2C200","width":350,"height":200,"srcset":"https:\/\/i0.wp.com\/www.grieta.org.mx\/wp-content\/uploads\/2018\/03\/14524434_1106112876131411_958039263622046936_o.jpg?resize=350%2C200 1x, https:\/\/i0.wp.com\/www.grieta.org.mx\/wp-content\/uploads\/2018\/03\/14524434_1106112876131411_958039263622046936_o.jpg?resize=525%2C300 1.5x, https:\/\/i0.wp.com\/www.grieta.org.mx\/wp-content\/uploads\/2018\/03\/14524434_1106112876131411_958039263622046936_o.jpg?resize=700%2C400 2x"},"classes":[]},{"id":35471,"url":"http:\/\/www.grieta.org.mx\/index.php\/2019\/06\/27\/jornaleros-agricolas-de-oaxaca-fueron-esclavizados-en-rancho-constitucion-baja-california\/","url_meta":{"origin":54219,"position":3},"title":"Jornaleros agr\u00edcolas de Oaxaca fueron esclavizados en Rancho Constituci\u00f3n, Baja California","author":"grieta","date":"27 junio, 2019","format":false,"excerpt":"Jaime Guerrero \/ P\u00e1gina 3. Oaxaca.- Cerca de 45 jornaleros migrantes de Oaxaca viv\u00edan en condiciones de esclavizaci\u00f3n en Rancho Constituci\u00f3n, ubicado en Baja California. Las personas se encontraban hacinadas en insalubres cuartos de l\u00e1mina, con una paga m\u00ednima de 4 pesos por bote y sin seguridad social. Por las\u2026","rel":"","context":"En &quot;Baja California&quot;","block_context":{"text":"Baja California","link":"http:\/\/www.grieta.org.mx\/index.php\/category\/noticias-nacionales\/baja-california\/"},"img":{"alt_text":"","src":"https:\/\/i0.wp.com\/www.grieta.org.mx\/wp-content\/uploads\/2019\/06\/ninosjornaleros.jpg?resize=350%2C200","width":350,"height":200,"srcset":"https:\/\/i0.wp.com\/www.grieta.org.mx\/wp-content\/uploads\/2019\/06\/ninosjornaleros.jpg?resize=350%2C200 1x, https:\/\/i0.wp.com\/www.grieta.org.mx\/wp-content\/uploads\/2019\/06\/ninosjornaleros.jpg?resize=525%2C300 1.5x"},"classes":[]},{"id":47969,"url":"http:\/\/www.grieta.org.mx\/index.php\/2020\/04\/08\/coronavirus-denuncian-riesgo-de-jornaleros-agricolas-a-covid-19\/","url_meta":{"origin":54219,"position":4},"title":"Coronavirus: Denuncian riesgo de jornaleros agr\u00edcolas a COVID-19","author":"grieta","date":"8 abril, 2020","format":false,"excerpt":"En M\u00e9xico, al menos 2 millones de personas migran de su lugar de origen a los campos agr\u00edcolas para emplearse como jornaleras agr\u00edcolas Alina Escobedo, Plumas at\u00f3micas \/8 de abril de 2020 En M\u00e9xico, al menos 2 millones de personas migran de su lugar de origen a los campos agr\u00edcolas\u2026","rel":"","context":"En &quot;Baja California&quot;","block_context":{"text":"Baja California","link":"http:\/\/www.grieta.org.mx\/index.php\/category\/noticias-nacionales\/baja-california\/"},"img":{"alt_text":"","src":"https:\/\/i0.wp.com\/www.grieta.org.mx\/wp-content\/uploads\/2020\/04\/JornalerosCOVID.jpg?resize=350%2C200","width":350,"height":200,"srcset":"https:\/\/i0.wp.com\/www.grieta.org.mx\/wp-content\/uploads\/2020\/04\/JornalerosCOVID.jpg?resize=350%2C200 1x, https:\/\/i0.wp.com\/www.grieta.org.mx\/wp-content\/uploads\/2020\/04\/JornalerosCOVID.jpg?resize=525%2C300 1.5x, https:\/\/i0.wp.com\/www.grieta.org.mx\/wp-content\/uploads\/2020\/04\/JornalerosCOVID.jpg?resize=700%2C400 2x, https:\/\/i0.wp.com\/www.grieta.org.mx\/wp-content\/uploads\/2020\/04\/JornalerosCOVID.jpg?resize=1050%2C600 3x"},"classes":[]},{"id":11219,"url":"http:\/\/www.grieta.org.mx\/index.php\/2016\/04\/20\/son-17000-jornaleros-los-que-trabajan-en-los-campos-agricolas-de-bcs-gobierno-estatal\/","url_meta":{"origin":54219,"position":5},"title":"Son 17,000 jornaleros los que trabajan en los campos agr\u00edcolas de BCS","author":"grieta","date":"20 abril, 2016","format":false,"excerpt":"Redacci\u00f3n BCS Noticias La Paz, Baja California Sur (BCS). El \u00faltimo padr\u00f3n realizado por la Secretar\u00eda de Desarrollo Social en Baja California Sur indica que hay un total de 17,000 jornaleros \u2014la mayor\u00eda de Oaxaca, Guerrero, Sinaloa y Chihuahua\u2014 los que trabajan actualmente en 84 campos agr\u00edcolas de la media\u2026","rel":"","context":"En &quot;CINTILLO&quot;","block_context":{"text":"CINTILLO","link":"http:\/\/www.grieta.org.mx\/index.php\/category\/cintillo\/"},"img":{"alt_text":"","src":"https:\/\/i0.wp.com\/www.grieta.org.mx\/wp-content\/uploads\/2018\/03\/14524434_1106112876131411_958039263622046936_o.jpg?resize=350%2C200","width":350,"height":200,"srcset":"https:\/\/i0.wp.com\/www.grieta.org.mx\/wp-content\/uploads\/2018\/03\/14524434_1106112876131411_958039263622046936_o.jpg?resize=350%2C200 1x, https:\/\/i0.wp.com\/www.grieta.org.mx\/wp-content\/uploads\/2018\/03\/14524434_1106112876131411_958039263622046936_o.jpg?resize=525%2C300 1.5x, https:\/\/i0.wp.com\/www.grieta.org.mx\/wp-content\/uploads\/2018\/03\/14524434_1106112876131411_958039263622046936_o.jpg?resize=700%2C400 2x"},"classes":[]}],"_links":{"self":[{"href":"http:\/\/www.grieta.org.mx\/index.php\/wp-json\/wp\/v2\/posts\/54219","targetHints":{"allow":["GET"]}}],"collection":[{"href":"http:\/\/www.grieta.org.mx\/index.php\/wp-json\/wp\/v2\/posts"}],"about":[{"href":"http:\/\/www.grieta.org.mx\/index.php\/wp-json\/wp\/v2\/types\/post"}],"author":[{"embeddable":true,"href":"http:\/\/www.grieta.org.mx\/index.php\/wp-json\/wp\/v2\/users\/2"}],"replies":[{"embeddable":true,"href":"http:\/\/www.grieta.org.mx\/index.php\/wp-json\/wp\/v2\/comments?post=54219"}],"version-history":[{"count":1,"href":"http:\/\/www.grieta.org.mx\/index.php\/wp-json\/wp\/v2\/posts\/54219\/revisions"}],"predecessor-version":[{"id":54221,"href":"http:\/\/www.grieta.org.mx\/index.php\/wp-json\/wp\/v2\/posts\/54219\/revisions\/54221"}],"wp:featuredmedia":[{"embeddable":true,"href":"http:\/\/www.grieta.org.mx\/index.php\/wp-json\/wp\/v2\/media\/54220"}],"wp:attachment":[{"href":"http:\/\/www.grieta.org.mx\/index.php\/wp-json\/wp\/v2\/media?parent=54219"}],"wp:term":[{"taxonomy":"category","embeddable":true,"href":"http:\/\/www.grieta.org.mx\/index.php\/wp-json\/wp\/v2\/categories?post=54219"},{"taxonomy":"post_tag","embeddable":true,"href":"http:\/\/www.grieta.org.mx\/index.php\/wp-json\/wp\/v2\/tags?post=54219"}],"curies":[{"name":"wp","href":"https:\/\/api.w.org\/{rel}","templated":true}]}}