{"id":54161,"date":"2020-10-07T08:35:13","date_gmt":"2020-10-07T13:35:13","guid":{"rendered":"http:\/\/www.grieta.org.mx\/?p=54161"},"modified":"2020-10-13T08:39:29","modified_gmt":"2020-10-13T13:39:29","slug":"medios-de-comunicacion-de-sinaloa-que-sufrieron-ataques-ciberneticos-presentan-denuncia","status":"publish","type":"post","link":"http:\/\/www.grieta.org.mx\/index.php\/2020\/10\/07\/medios-de-comunicacion-de-sinaloa-que-sufrieron-ataques-ciberneticos-presentan-denuncia\/","title":{"rendered":"Medios de comunicaci\u00f3n de Sinaloa que sufrieron ataques cibern\u00e9ticos presentan denuncia"},"content":{"rendered":"<p>Am\u00e9rica Armenta\/Noroeste<\/p>\n<div class=\"container pt-4\">\n<div class=\"row justify-content-center\">\n<div class=\"col-md-10 col-12 p-0\">\n<figure class=\"figure d-block mt-3\"><img loading=\"lazy\" decoding=\"async\" class=\"card-img-top d-block full wp-post-image\" src=\"https:\/\/piedepagina.mx\/wp-content\/uploads\/2020\/10\/noroeste.jpg\" sizes=\"auto, (max-width: 1200px) 100vw, 1200px\" srcset=\"https:\/\/piedepagina.mx\/wp-content\/uploads\/2020\/10\/noroeste.jpg 1200w, https:\/\/piedepagina.mx\/wp-content\/uploads\/2020\/10\/noroeste-450x300.jpg 450w, https:\/\/piedepagina.mx\/wp-content\/uploads\/2020\/10\/noroeste-768x512.jpg 768w\" alt=\"\" width=\"789\" height=\"527\" \/><\/figure>\n<\/div>\n<\/div>\n<\/div>\n<div class=\"container\">\n<div class=\"row justify-content-center\">\n<div class=\"col-lg-8 col-md-10 col-12 px-4 post\">\n<p><strong>Los representantes Noroeste, Revista Espejo y L\u00ednea Directa se presentaron ante la delegaci\u00f3n de la Fiscal\u00eda General de la Rep\u00fablica para dejar un precedente jur\u00eddico y que la FEADLE atraiga el caso<\/strong><\/p>\n<p>Foto: Noroeste<\/p>\n<p>CULIAC\u00c1N, SINALOA.- Luego de ser v\u00edctimas de agresiones a los sitios web, los medios de comunicaci\u00f3n sinaloenses Noroeste, Revista Espejo y L\u00ednea Directa, acudieron a denunciar los hechos ante la delegaci\u00f3n de la Fiscal\u00eda General de la Rep\u00fablica y pidieron que la Fiscal\u00eda Especializada de Atenci\u00f3n a Delitos cometidos contra la Libertad de Expresi\u00f3n, atraiga el caso y realice una investigaci\u00f3n que sancione a responsables y garantice que no se repita la agresi\u00f3n.<\/p>\n<p>El delegado V\u00edctor Manuel Mart\u00ednez Mendoza, se reuni\u00f3 con Alejandro Sicairos Rivas, Luis Alberto D\u00edaz y Adri\u00e1n L\u00f3pez Ortiz, de Revista Espejo, L\u00ednea Directa y Peri\u00f3dico Noroeste, respectivamente, para escuchar sobre las agresiones a los medios.<\/p>\n<p>Desde el pasado 20 de septiembre, portales de internet de cinco medios de comunicaci\u00f3n fueron atacados de manera cibern\u00e9tica, lo que podr\u00eda ser lo m\u00e1s inusual que ha ocurrido, seg\u00fan Art\u00edculo 19.<\/p>\n<p><em>Noroeste<\/em>, revista\u00a0<em>Espejo<\/em>\u00a0y\u00a0<em>L\u00ednea Directa<\/em>\u00a0son los medios de comunicaci\u00f3n que han denunciado desde ese domingo haber sido v\u00edctimas de ataques cibern\u00e9ticos, bajo un modelo en el que los hackers hacen que miles de computadores o dispositivos m\u00f3viles entren a las p\u00e1ginas al mismo tiempo hasta saturar los servidores y hacer colapsar las p\u00e1ginas.<\/p>\n<p>El\u00a0semanario\u00a0<em>Riodoce<\/em>\u00a0public\u00f3 tambi\u00e9n el martes que su portal tambi\u00e9n fue objeto de un ataque cibern\u00e9tico.<\/p>\n<p>\u201c\u2026 Los ataques digitales son ataques que han estado incrementado tanto el a\u00f1o pasado como este a\u00f1o; lo que estamos viendo es que en ataques digitales a la prensa s\u00ed han aumentado, no obstante, hay diferentes tipos de ataques, no necesariamente son iguales, pero este a\u00f1o, al menos, es la primera vez que se reportan ataques de este tipo al mismo tiempo a varios medios\u201d, se\u00f1al\u00f3 Art\u00edculo 19 en esa ocasi\u00f3n.<\/p>\n<p>La organizaci\u00f3n dijo que durante el primer semestre de 2020, reportaron siete ataques a portales, y en caso de que estos se puedan comprobar, ser\u00eda muy inusual porque todos tendr\u00e1n sede en Sinaloa.<\/p>\n<p>\u201cS\u00ed est\u00e1 para alertar la situaci\u00f3n y te puedo decir que este primer semestre de 2020 se registraron siete ataques de este tipo, de enero a junio, y emitimos un comunicado hace poco con un resumen de los hechos\u201d, dijo.<\/p>\n<p>\u201cPero llama mucho la atenci\u00f3n y s\u00ed es importante, a nuestra opini\u00f3n, se debe alertar a las autoridades de esta situaci\u00f3n por lo inusual del ataque y las preocupaciones que vengan, potencialmente en un tema electoral, si este podr\u00eda ser el enfoque que tampoco estamos seguros\u201d.<\/p>\n<\/div>\n<\/div>\n<\/div>\n","protected":false},"excerpt":{"rendered":"<p>Am\u00e9rica Armenta\/Noroeste Los representantes Noroeste, Revista Espejo y L\u00ednea Directa se presentaron ante la delegaci\u00f3n de la Fiscal\u00eda General de la Rep\u00fablica para dejar un precedente jur\u00eddico y que la &hellip; <a href=\"http:\/\/www.grieta.org.mx\/index.php\/2020\/10\/07\/medios-de-comunicacion-de-sinaloa-que-sufrieron-ataques-ciberneticos-presentan-denuncia\/\" class=\"more-link\">Leer m\u00e1s<\/a><\/p>\n","protected":false},"author":2,"featured_media":54162,"comment_status":"closed","ping_status":"closed","sticky":false,"template":"","format":"standard","meta":{"ngg_post_thumbnail":0,"_jetpack_newsletter_access":"","_jetpack_dont_email_post_to_subs":false,"_jetpack_newsletter_tier_id":0,"_jetpack_memberships_contains_paywalled_content":false,"_jetpack_memberships_contains_paid_content":false,"footnotes":""},"categories":[80,2326,30],"tags":[2736],"class_list":["post-54161","post","type-post","status-publish","format-standard","has-post-thumbnail","hentry","category-cintillo","category-protestas-de-periodistas-en-sinaloa","category-sinaloa","tag-abusos-contra-periodistas","entry"],"jetpack_featured_media_url":"http:\/\/www.grieta.org.mx\/wp-content\/uploads\/2020\/10\/noroeste.jpg","jetpack_sharing_enabled":true,"jetpack_shortlink":"https:\/\/wp.me\/p7ZJR4-e5z","jetpack_likes_enabled":false,"jetpack-related-posts":[{"id":15270,"url":"http:\/\/www.grieta.org.mx\/index.php\/2016\/08\/30\/afectaciones-por-proyectos-mineros-en-sinaloa\/","url_meta":{"origin":54161,"position":0},"title":"Afectaciones por proyectos mineros en Sinaloa","author":"grieta","date":"30 agosto, 2016","format":false,"excerpt":"30\/08\/16. Confirman Semarnat y Profepa operaci\u00f3n irregular de mina (Sinaloa) Noroeste 28\/08\/16. Temen contaminaci\u00f3n minera de la Picachos (Sinaloa) Noroeste 14\/08\/16. En manos de mineras al menos el 19% del territorio estatal (Sinaloa) El Debate 26\/06\/16. Clausuran la mina de oro m\u00e1s importante en Sinaloa Noroeste 01\/01\/16. Juez federal absuelve\u2026","rel":"","context":"En &quot;Miner\u00eda&quot;","block_context":{"text":"Miner\u00eda","link":"http:\/\/www.grieta.org.mx\/index.php\/category\/megaproyectos\/mineria\/"},"img":{"alt_text":"","src":"https:\/\/i0.wp.com\/www.grieta.org.mx\/wp-content\/uploads\/2018\/03\/14524434_1106112876131411_958039263622046936_o.jpg?resize=350%2C200","width":350,"height":200,"srcset":"https:\/\/i0.wp.com\/www.grieta.org.mx\/wp-content\/uploads\/2018\/03\/14524434_1106112876131411_958039263622046936_o.jpg?resize=350%2C200 1x, https:\/\/i0.wp.com\/www.grieta.org.mx\/wp-content\/uploads\/2018\/03\/14524434_1106112876131411_958039263622046936_o.jpg?resize=525%2C300 1.5x, https:\/\/i0.wp.com\/www.grieta.org.mx\/wp-content\/uploads\/2018\/03\/14524434_1106112876131411_958039263622046936_o.jpg?resize=700%2C400 2x"},"classes":[]},{"id":16400,"url":"http:\/\/www.grieta.org.mx\/index.php\/2016\/07\/09\/militarizacion-en-sinaloa\/","url_meta":{"origin":54161,"position":1},"title":"Militarizaci\u00f3n en Sinaloa","author":"grieta","date":"9 julio, 2016","format":false,"excerpt":"09\/07\/16. Blinda Sinaloa fronteras con Nayarit Noroeste 07\/07\/16. Elementos de \u00e9lite del Ej\u00e9rcito, Marina y PF refuerzan seguridad en sierra de Badiraguato Noroeste","rel":"","context":"En &quot;NOTICIAS NACIONALES&quot;","block_context":{"text":"NOTICIAS NACIONALES","link":"http:\/\/www.grieta.org.mx\/index.php\/category\/noticias-nacionales\/"},"img":{"alt_text":"","src":"https:\/\/i0.wp.com\/www.grieta.org.mx\/wp-content\/uploads\/2018\/03\/14524434_1106112876131411_958039263622046936_o.jpg?resize=350%2C200","width":350,"height":200,"srcset":"https:\/\/i0.wp.com\/www.grieta.org.mx\/wp-content\/uploads\/2018\/03\/14524434_1106112876131411_958039263622046936_o.jpg?resize=350%2C200 1x, https:\/\/i0.wp.com\/www.grieta.org.mx\/wp-content\/uploads\/2018\/03\/14524434_1106112876131411_958039263622046936_o.jpg?resize=525%2C300 1.5x, https:\/\/i0.wp.com\/www.grieta.org.mx\/wp-content\/uploads\/2018\/03\/14524434_1106112876131411_958039263622046936_o.jpg?resize=700%2C400 2x"},"classes":[]},{"id":974,"url":"http:\/\/www.grieta.org.mx\/index.php\/2016\/08\/28\/974\/","url_meta":{"origin":54161,"position":2},"title":"Feminicidios en Sinaloa","author":"grieta","date":"28 agosto, 2016","format":false,"excerpt":"28\/08\/16. Registra Sinaloa alta \u2018violencia feminicida\u2019 Noroeste 18\/08\/16. \u201cEl feminicidio va ligado a la desaparici\u00f3n\u201d El Debate 10\/08\/16. Aumentan feminicidios y violencia intrafamiliar (Sinaloa) Noroeste 25\/07\/16. Triple invisibilidad de mujeres en Sinaloa La Jornada 11\/07\/16. Impune, 70% de asesinatos de mujeres Noroeste 10\/07\/16. \"Golpea\" a mujeres la cultura machista Noroeste\u2026","rel":"","context":"En &quot;Feminicidios&quot;","block_context":{"text":"Feminicidios","link":"http:\/\/www.grieta.org.mx\/index.php\/category\/temas-nacionales\/feminicidios\/"},"img":{"alt_text":"","src":"https:\/\/i0.wp.com\/www.grieta.org.mx\/wp-content\/uploads\/2018\/03\/14524434_1106112876131411_958039263622046936_o.jpg?resize=350%2C200","width":350,"height":200,"srcset":"https:\/\/i0.wp.com\/www.grieta.org.mx\/wp-content\/uploads\/2018\/03\/14524434_1106112876131411_958039263622046936_o.jpg?resize=350%2C200 1x, https:\/\/i0.wp.com\/www.grieta.org.mx\/wp-content\/uploads\/2018\/03\/14524434_1106112876131411_958039263622046936_o.jpg?resize=525%2C300 1.5x, https:\/\/i0.wp.com\/www.grieta.org.mx\/wp-content\/uploads\/2018\/03\/14524434_1106112876131411_958039263622046936_o.jpg?resize=700%2C400 2x"},"classes":[]},{"id":6886,"url":"http:\/\/www.grieta.org.mx\/index.php\/2016\/09\/14\/desaparecidos-en-sinaloa\/","url_meta":{"origin":54161,"position":3},"title":"Desaparecidos en Sinaloa","author":"grieta","date":"14 septiembre, 2016","format":false,"excerpt":"14\/09\/16. Encuentran Las Rastreadoras seis cuerpos en el norte de Sinaloa Noroeste 01\/09\/16. \u201cRastreadoras\u201d encuentran cuatro cuerpos m\u00e1s; llegan a 62. (Sinaloa) Rio Doce 30\/08\/16. Familiares exigen a Malova resultados en casos de desaparecidos en Sinaloa Proceso 03\/08\/16. \u00bfFue desaparecido en Sinaloa y sospechas en d\u00f3nde est\u00e1? Pide un permiso\u2026","rel":"","context":"En &quot;Desaparecidos&quot;","block_context":{"text":"Desaparecidos","link":"http:\/\/www.grieta.org.mx\/index.php\/category\/temas-nacionales\/desaparecidos\/"},"img":{"alt_text":"","src":"https:\/\/i0.wp.com\/www.grieta.org.mx\/wp-content\/uploads\/2018\/03\/14524434_1106112876131411_958039263622046936_o.jpg?resize=350%2C200","width":350,"height":200,"srcset":"https:\/\/i0.wp.com\/www.grieta.org.mx\/wp-content\/uploads\/2018\/03\/14524434_1106112876131411_958039263622046936_o.jpg?resize=350%2C200 1x, https:\/\/i0.wp.com\/www.grieta.org.mx\/wp-content\/uploads\/2018\/03\/14524434_1106112876131411_958039263622046936_o.jpg?resize=525%2C300 1.5x, https:\/\/i0.wp.com\/www.grieta.org.mx\/wp-content\/uploads\/2018\/03\/14524434_1106112876131411_958039263622046936_o.jpg?resize=700%2C400 2x"},"classes":[]},{"id":6726,"url":"http:\/\/www.grieta.org.mx\/index.php\/2016\/06\/27\/movilizaciones-por-ayotzinapa-en-sinaloa\/","url_meta":{"origin":54161,"position":4},"title":"Movilizaciones por Ayotzinapa en Sinaloa","author":"grieta","date":"27 junio, 2016","format":false,"excerpt":"27\/06\/16. Inconformes piden justicia por abusos El Debate 26\/06\/16. Muestran inconformidad en plazuela de Culiac\u00e1n El Debate 26\/01\/16. Protestan activistas en PGR por desaparecidos Noroeste 26\/09\/15. Marchan en Culiac\u00e1n por los 43 de Ayotzinapa y los mil 583 de Sinaloa Noroeste 26\/09\/15. Mazatl\u00e1n se une a protestas, a un a\u00f1o\u2026","rel":"","context":"En &quot;CINTILLO&quot;","block_context":{"text":"CINTILLO","link":"http:\/\/www.grieta.org.mx\/index.php\/category\/cintillo\/"},"img":{"alt_text":"","src":"https:\/\/i0.wp.com\/www.grieta.org.mx\/wp-content\/uploads\/2018\/03\/14524434_1106112876131411_958039263622046936_o.jpg?resize=350%2C200","width":350,"height":200,"srcset":"https:\/\/i0.wp.com\/www.grieta.org.mx\/wp-content\/uploads\/2018\/03\/14524434_1106112876131411_958039263622046936_o.jpg?resize=350%2C200 1x, https:\/\/i0.wp.com\/www.grieta.org.mx\/wp-content\/uploads\/2018\/03\/14524434_1106112876131411_958039263622046936_o.jpg?resize=525%2C300 1.5x, https:\/\/i0.wp.com\/www.grieta.org.mx\/wp-content\/uploads\/2018\/03\/14524434_1106112876131411_958039263622046936_o.jpg?resize=700%2C400 2x"},"classes":[]},{"id":9401,"url":"http:\/\/www.grieta.org.mx\/index.php\/2016\/03\/06\/senala-cidh-a-sinaloa-por-derechos-humanos\/","url_meta":{"origin":54161,"position":5},"title":"Se\u00f1ala CIDH a Sinaloa por derechos humanos","author":"grieta","date":"6 marzo, 2016","format":false,"excerpt":"Marcos Vizcarra, Sinaloa. La Comisi\u00f3n Interamericana de Derechos Humanos record\u00f3 al Gobierno de Sinaloa la serie de pendientes que tienen por violaciones graves a derechos humanos: asesinatos e impunidad, feminicidios, desapariciones forzadas, desplazamiento forzado y ataques a periodistas. En el Informe \u201cSituaci\u00f3n de derechos humanos en M\u00e9xico\u201d, entregado la semana\u2026","rel":"","context":"En &quot;Desaparecidos an\u00e1lisis&quot;","block_context":{"text":"Desaparecidos an\u00e1lisis","link":"http:\/\/www.grieta.org.mx\/index.php\/category\/temas-nacionales\/desaparecidos-analisis\/"},"img":{"alt_text":"","src":"https:\/\/i0.wp.com\/www.grieta.org.mx\/wp-content\/uploads\/2018\/03\/14524434_1106112876131411_958039263622046936_o.jpg?resize=350%2C200","width":350,"height":200,"srcset":"https:\/\/i0.wp.com\/www.grieta.org.mx\/wp-content\/uploads\/2018\/03\/14524434_1106112876131411_958039263622046936_o.jpg?resize=350%2C200 1x, https:\/\/i0.wp.com\/www.grieta.org.mx\/wp-content\/uploads\/2018\/03\/14524434_1106112876131411_958039263622046936_o.jpg?resize=525%2C300 1.5x, https:\/\/i0.wp.com\/www.grieta.org.mx\/wp-content\/uploads\/2018\/03\/14524434_1106112876131411_958039263622046936_o.jpg?resize=700%2C400 2x"},"classes":[]}],"_links":{"self":[{"href":"http:\/\/www.grieta.org.mx\/index.php\/wp-json\/wp\/v2\/posts\/54161","targetHints":{"allow":["GET"]}}],"collection":[{"href":"http:\/\/www.grieta.org.mx\/index.php\/wp-json\/wp\/v2\/posts"}],"about":[{"href":"http:\/\/www.grieta.org.mx\/index.php\/wp-json\/wp\/v2\/types\/post"}],"author":[{"embeddable":true,"href":"http:\/\/www.grieta.org.mx\/index.php\/wp-json\/wp\/v2\/users\/2"}],"replies":[{"embeddable":true,"href":"http:\/\/www.grieta.org.mx\/index.php\/wp-json\/wp\/v2\/comments?post=54161"}],"version-history":[{"count":1,"href":"http:\/\/www.grieta.org.mx\/index.php\/wp-json\/wp\/v2\/posts\/54161\/revisions"}],"predecessor-version":[{"id":54163,"href":"http:\/\/www.grieta.org.mx\/index.php\/wp-json\/wp\/v2\/posts\/54161\/revisions\/54163"}],"wp:featuredmedia":[{"embeddable":true,"href":"http:\/\/www.grieta.org.mx\/index.php\/wp-json\/wp\/v2\/media\/54162"}],"wp:attachment":[{"href":"http:\/\/www.grieta.org.mx\/index.php\/wp-json\/wp\/v2\/media?parent=54161"}],"wp:term":[{"taxonomy":"category","embeddable":true,"href":"http:\/\/www.grieta.org.mx\/index.php\/wp-json\/wp\/v2\/categories?post=54161"},{"taxonomy":"post_tag","embeddable":true,"href":"http:\/\/www.grieta.org.mx\/index.php\/wp-json\/wp\/v2\/tags?post=54161"}],"curies":[{"name":"wp","href":"https:\/\/api.w.org\/{rel}","templated":true}]}}