{"id":5411,"date":"2015-02-13T02:44:05","date_gmt":"2015-02-13T02:44:05","guid":{"rendered":"http:\/\/50.22.11.12\/~grietaor\/?p=5411"},"modified":"2016-03-27T02:46:30","modified_gmt":"2016-03-27T02:46:30","slug":"rechazan-en-jalisco-nueva-ley-de-aguas","status":"publish","type":"post","link":"http:\/\/www.grieta.org.mx\/index.php\/2015\/02\/13\/rechazan-en-jalisco-nueva-ley-de-aguas\/","title":{"rendered":"Rechazan en Jalisco nueva Ley de Aguas"},"content":{"rendered":"<p>Juan Carlos G. Partida<br \/>\nCorresponsal<br \/>\nPeri\u00f3dico La Jornada<br \/>\nViernes 13 de febrero de 2015, p. 34<br \/>\nGuadalajara, Jal.<br \/>\nProductores y representantes sociales de varias regiones del pa\u00eds se organizaron para rechazar la propuesta de Ley de Aguas Nacionales presentada por el titular de la Comisi\u00f3n Nacional del Agua (Conagua), David Korenfeld, la cual derivar\u00e1 en \u201cla privatizaci\u00f3n del servicio y en esclavitud\u201d, y advirtieron que \u201cest\u00e1 en juego la producci\u00f3n de alimentos\u201d.<\/p>\n<p>En el foro Sin Agua no hay Alimentos, realizado ayer en Lagos de Moreno, Jalisco, se anunci\u00f3 una contrapropuesta a la ley Korenfeld. Acudieron representantes de la tribu yaqui que se oponen al acueducto Independencia, en el sur de Sonora, y el activista Juan Carlos Flores, quien permaneci\u00f3 casi un a\u00f1o preso en Puebla por oponerse a la obra que atraviesa Morelos y Tlaxcala.<\/p>\n<p>Elena Burns, de la asociaci\u00f3n Agua para Todos, afirm\u00f3 que la propuesta alterna fue elaborada por especialistas y da prioridad a los derechos humanos, la defensa de la tierra, los pueblos originarios y el medio ambiente.<\/p>\n<p>Advirti\u00f3 que la propuesta de la Conagua prev\u00e9 el uso de la fuerza contra quienes se opongan a los trasvases.<br \/>\nAlberto Vizcarra, del Movimiento Ciudadano por la Defensa del Agua en Sonora, dijo que la regi\u00f3n de los Altos de Jalisco est\u00e1 amenazada por el trasvase de la presa El Zapotillo a Le\u00f3n, Guanajuato, y record\u00f3 que los yaquis ya son perseguidos.<\/p>\n<p><a href=\"http:\/\/www.jornada.unam.mx\/2015\/02\/13\/estados\/034n4est\" target=\"_blank\">http:\/\/www.jornada.unam.mx\/2015\/02\/13\/estados\/034n4est<\/a><\/p>\n","protected":false},"excerpt":{"rendered":"<p>Juan Carlos G. Partida Corresponsal Peri\u00f3dico La Jornada Viernes 13 de febrero de 2015, p. 34 Guadalajara, Jal. Productores y representantes sociales de varias regiones del pa\u00eds se organizaron para &hellip; <a href=\"http:\/\/www.grieta.org.mx\/index.php\/2015\/02\/13\/rechazan-en-jalisco-nueva-ley-de-aguas\/\" class=\"more-link\">Leer m\u00e1s<\/a><\/p>\n","protected":false},"author":2,"featured_media":21928,"comment_status":"closed","ping_status":"open","sticky":false,"template":"","format":"standard","meta":{"ngg_post_thumbnail":0,"_jetpack_newsletter_access":"","_jetpack_dont_email_post_to_subs":false,"_jetpack_newsletter_tier_id":0,"_jetpack_memberships_contains_paywalled_content":false,"_jetpack_memberships_contains_paid_content":false,"footnotes":""},"categories":[80,230],"tags":[313],"class_list":["post-5411","post","type-post","status-publish","format-standard","has-post-thumbnail","hentry","category-cintillo","category-jalisco","tag-presa-y-acueducto-del-zapotillo","entry"],"jetpack_featured_media_url":"http:\/\/www.grieta.org.mx\/wp-content\/uploads\/2018\/03\/14524434_1106112876131411_958039263622046936_o.jpg","jetpack_sharing_enabled":true,"jetpack_shortlink":"https:\/\/wp.me\/p7ZJR4-1ph","jetpack_likes_enabled":false,"jetpack-related-posts":[{"id":7593,"url":"http:\/\/www.grieta.org.mx\/index.php\/2015\/03\/25\/ley-korenfeld-barbarie-neoliberal-y-un-problema-de-todas-y-todos\/","url_meta":{"origin":5411,"position":0},"title":"Ley Korenfeld: barbarie neoliberal y un problema de todas y todos","author":"grieta","date":"25 marzo, 2015","format":false,"excerpt":"Germain P\u00e9rez G\u00f3mez\/La Jornada El domingo pasado se celebr\u00f3 el D\u00eda Mundial del Agua en todo el mundo, este hecho no debe suponer que la situaci\u00f3n nacional y mundial de este l\u00edquido vital es reconfortante, sino por lo contrario, la coyuntura por la que atraviesa M\u00e9xico al respecto es demasiado\u2026","rel":"","context":"En &quot;CINTILLO&quot;","block_context":{"text":"CINTILLO","link":"http:\/\/www.grieta.org.mx\/index.php\/category\/cintillo\/"},"img":{"alt_text":"","src":"https:\/\/i0.wp.com\/www.grieta.org.mx\/wp-content\/uploads\/2018\/03\/14524434_1106112876131411_958039263622046936_o.jpg?resize=350%2C200","width":350,"height":200,"srcset":"https:\/\/i0.wp.com\/www.grieta.org.mx\/wp-content\/uploads\/2018\/03\/14524434_1106112876131411_958039263622046936_o.jpg?resize=350%2C200 1x, https:\/\/i0.wp.com\/www.grieta.org.mx\/wp-content\/uploads\/2018\/03\/14524434_1106112876131411_958039263622046936_o.jpg?resize=525%2C300 1.5x, https:\/\/i0.wp.com\/www.grieta.org.mx\/wp-content\/uploads\/2018\/03\/14524434_1106112876131411_958039263622046936_o.jpg?resize=700%2C400 2x"},"classes":[]},{"id":4743,"url":"http:\/\/www.grieta.org.mx\/index.php\/2016\/03\/06\/lo-que-busca-la-ley-de-aguas-de-korenfeld-en-10-puntos\/","url_meta":{"origin":5411,"position":1},"title":"Lo que busca la Ley de Aguas de Korenfeld en 10 puntos","author":"grieta","date":"6 marzo, 2016","format":false,"excerpt":"No a Monterrey VI 1. Poder tomar decisiones a espaldas de la ciudadan\u00eda, y ejecutarlas con la fuerza p\u00fablica. Solo los concesionarios tendr\u00edan voz y voto en los Consejos de Cuenca (Art. 55-57). Los presidentes municipales, el Jefe de Gobierno y las corporaciones extranjeras seguir\u00edan controlando los sistemas de agua\u2026","rel":"","context":"En &quot;CINTILLO&quot;","block_context":{"text":"CINTILLO","link":"http:\/\/www.grieta.org.mx\/index.php\/category\/cintillo\/"},"img":{"alt_text":"","src":"https:\/\/i0.wp.com\/www.grieta.org.mx\/wp-content\/uploads\/2018\/03\/14524434_1106112876131411_958039263622046936_o.jpg?resize=350%2C200","width":350,"height":200,"srcset":"https:\/\/i0.wp.com\/www.grieta.org.mx\/wp-content\/uploads\/2018\/03\/14524434_1106112876131411_958039263622046936_o.jpg?resize=350%2C200 1x, https:\/\/i0.wp.com\/www.grieta.org.mx\/wp-content\/uploads\/2018\/03\/14524434_1106112876131411_958039263622046936_o.jpg?resize=525%2C300 1.5x, https:\/\/i0.wp.com\/www.grieta.org.mx\/wp-content\/uploads\/2018\/03\/14524434_1106112876131411_958039263622046936_o.jpg?resize=700%2C400 2x"},"classes":[]},{"id":4530,"url":"http:\/\/www.grieta.org.mx\/index.php\/2016\/09\/14\/proyecto-hidraulico-monterrey-vi\/","url_meta":{"origin":5411,"position":2},"title":"Proyecto Hidr\u00e1ulico Monterrey VI","author":"grieta","date":"14 septiembre, 2016","format":false,"excerpt":"13\/09\/16. Admite gobernador acuerdo con EPN sobre Monterrey VI'Milenio Monterrey 14\/08\/16. Proyecto de acueducto en Monterrey 'sigue vivo'El Economista 07\/07\/16. Exigen revisar alternativas a proyecto Monterrey VI Milenio Monterrey 18\/06\/16. Monterrey VI da\u00f1ar\u00eda a sectores productivos Milenio Tamaulipas 21\/05\/16. Planta gobernador a inconformes con Monterrey VI Milenio Monterrey 16\/05\/16. En\u2026","rel":"","context":"En &quot;NOTICIAS NACIONALES&quot;","block_context":{"text":"NOTICIAS NACIONALES","link":"http:\/\/www.grieta.org.mx\/index.php\/category\/noticias-nacionales\/"},"img":{"alt_text":"","src":"https:\/\/i0.wp.com\/www.grieta.org.mx\/wp-content\/uploads\/2018\/03\/14524434_1106112876131411_958039263622046936_o.jpg?resize=350%2C200","width":350,"height":200,"srcset":"https:\/\/i0.wp.com\/www.grieta.org.mx\/wp-content\/uploads\/2018\/03\/14524434_1106112876131411_958039263622046936_o.jpg?resize=350%2C200 1x, https:\/\/i0.wp.com\/www.grieta.org.mx\/wp-content\/uploads\/2018\/03\/14524434_1106112876131411_958039263622046936_o.jpg?resize=525%2C300 1.5x, https:\/\/i0.wp.com\/www.grieta.org.mx\/wp-content\/uploads\/2018\/03\/14524434_1106112876131411_958039263622046936_o.jpg?resize=700%2C400 2x"},"classes":[]},{"id":3573,"url":"http:\/\/www.grieta.org.mx\/index.php\/2016\/09\/12\/presa-y-acueducto-el-zapotillo\/","url_meta":{"origin":5411,"position":3},"title":"Resistencia contra la presa y el acueducto El Zapotillo","author":"grieta","date":"12 septiembre, 2016","format":false,"excerpt":"12\/09\/16. Dan facilidades financieras a AbengoaNtr Guadalajara 22\/08\/16. \u201cJam\u00e1s nos iremos de\u00a0Temacapul\u00edn\u201dP\u00e1gina 24 13\/08\/16. Unops \u201cchantajea\u201d a los habitantes de Los\u00a0Altos Sitio Agustin del Castillo 12\/08\/16. Detienen proyecto del Zapotillo am Le\u00f3n 27\/07\/16. Piden que Comisi\u00f3n sobre Presa Zapotillo sea abierta Canal 44 02\/05\/16. Jalisco, el desag\u00fce de El Zapotillo\u2026","rel":"","context":"En &quot;Jalisco&quot;","block_context":{"text":"Jalisco","link":"http:\/\/www.grieta.org.mx\/index.php\/category\/noticias-nacionales\/jalisco\/"},"img":{"alt_text":"","src":"https:\/\/i0.wp.com\/www.grieta.org.mx\/wp-content\/uploads\/2018\/03\/14524434_1106112876131411_958039263622046936_o.jpg?resize=350%2C200","width":350,"height":200,"srcset":"https:\/\/i0.wp.com\/www.grieta.org.mx\/wp-content\/uploads\/2018\/03\/14524434_1106112876131411_958039263622046936_o.jpg?resize=350%2C200 1x, https:\/\/i0.wp.com\/www.grieta.org.mx\/wp-content\/uploads\/2018\/03\/14524434_1106112876131411_958039263622046936_o.jpg?resize=525%2C300 1.5x, https:\/\/i0.wp.com\/www.grieta.org.mx\/wp-content\/uploads\/2018\/03\/14524434_1106112876131411_958039263622046936_o.jpg?resize=700%2C400 2x"},"classes":[]},{"id":11702,"url":"http:\/\/www.grieta.org.mx\/index.php\/2016\/05\/02\/jalisco-el-desague-de-el-zapotillo\/","url_meta":{"origin":5411,"position":4},"title":"Jalisco, el desag\u00fce de El Zapotillo","author":"grieta","date":"2 mayo, 2016","format":false,"excerpt":"Sonia Serrano \u00cd\u00f1iguez El trasvase que se planea hacer para llevar agua de la presa El Zapotillo a Le\u00f3n implicar\u00e1 el env\u00edo de agua limpia a esa ciudad de Guanajuato y el regreso de aguas residuales a Jalisco, seg\u00fan el dise\u00f1o del proyecto. Esto, adem\u00e1s que las obras tienen casi\u2026","rel":"","context":"En &quot;CINTILLO&quot;","block_context":{"text":"CINTILLO","link":"http:\/\/www.grieta.org.mx\/index.php\/category\/cintillo\/"},"img":{"alt_text":"","src":"https:\/\/i0.wp.com\/www.grieta.org.mx\/wp-content\/uploads\/2018\/03\/14524434_1106112876131411_958039263622046936_o.jpg?resize=350%2C200","width":350,"height":200,"srcset":"https:\/\/i0.wp.com\/www.grieta.org.mx\/wp-content\/uploads\/2018\/03\/14524434_1106112876131411_958039263622046936_o.jpg?resize=350%2C200 1x, https:\/\/i0.wp.com\/www.grieta.org.mx\/wp-content\/uploads\/2018\/03\/14524434_1106112876131411_958039263622046936_o.jpg?resize=525%2C300 1.5x, https:\/\/i0.wp.com\/www.grieta.org.mx\/wp-content\/uploads\/2018\/03\/14524434_1106112876131411_958039263622046936_o.jpg?resize=700%2C400 2x"},"classes":[]},{"id":37018,"url":"http:\/\/www.grieta.org.mx\/index.php\/2019\/07\/24\/por-opacidad-y-sigilo-en-la-realizacion-de-obras-hidricas-pueblos-de-jalisco-firman-acuerdo-para-aprovechar-su-agua-jalisco\/","url_meta":{"origin":5411,"position":5},"title":"Por opacidad y sigilo en la realizaci\u00f3n de obras h\u00eddricas, pueblos de Jalisco firman acuerdo para aprovechar su agua (Jalisco)","author":"grieta","date":"24 julio, 2019","format":false,"excerpt":"El pasado domingo 21 de julio, el pueblo de Temacapul\u00edn recibi\u00f3 a representantes de distintos pueblos de Jalisco, quienes hablaron y acordaron estrategias para luchar contra las malas pol\u00edticas p\u00fablicas federales y estatales en cuanto al manejo y preservaci\u00f3n del agua. Como respuesta a la reciente negociaci\u00f3n que celebraron los\u2026","rel":"","context":"En &quot;CINTILLO&quot;","block_context":{"text":"CINTILLO","link":"http:\/\/www.grieta.org.mx\/index.php\/category\/cintillo\/"},"img":{"alt_text":"","src":"https:\/\/i0.wp.com\/www.grieta.org.mx\/wp-content\/uploads\/2019\/07\/Temaca-44-1200x640.jpg?resize=350%2C200","width":350,"height":200,"srcset":"https:\/\/i0.wp.com\/www.grieta.org.mx\/wp-content\/uploads\/2019\/07\/Temaca-44-1200x640.jpg?resize=350%2C200 1x, https:\/\/i0.wp.com\/www.grieta.org.mx\/wp-content\/uploads\/2019\/07\/Temaca-44-1200x640.jpg?resize=525%2C300 1.5x, https:\/\/i0.wp.com\/www.grieta.org.mx\/wp-content\/uploads\/2019\/07\/Temaca-44-1200x640.jpg?resize=700%2C400 2x, https:\/\/i0.wp.com\/www.grieta.org.mx\/wp-content\/uploads\/2019\/07\/Temaca-44-1200x640.jpg?resize=1050%2C600 3x"},"classes":[]}],"_links":{"self":[{"href":"http:\/\/www.grieta.org.mx\/index.php\/wp-json\/wp\/v2\/posts\/5411","targetHints":{"allow":["GET"]}}],"collection":[{"href":"http:\/\/www.grieta.org.mx\/index.php\/wp-json\/wp\/v2\/posts"}],"about":[{"href":"http:\/\/www.grieta.org.mx\/index.php\/wp-json\/wp\/v2\/types\/post"}],"author":[{"embeddable":true,"href":"http:\/\/www.grieta.org.mx\/index.php\/wp-json\/wp\/v2\/users\/2"}],"replies":[{"embeddable":true,"href":"http:\/\/www.grieta.org.mx\/index.php\/wp-json\/wp\/v2\/comments?post=5411"}],"version-history":[{"count":1,"href":"http:\/\/www.grieta.org.mx\/index.php\/wp-json\/wp\/v2\/posts\/5411\/revisions"}],"predecessor-version":[{"id":5413,"href":"http:\/\/www.grieta.org.mx\/index.php\/wp-json\/wp\/v2\/posts\/5411\/revisions\/5413"}],"wp:featuredmedia":[{"embeddable":true,"href":"http:\/\/www.grieta.org.mx\/index.php\/wp-json\/wp\/v2\/media\/21928"}],"wp:attachment":[{"href":"http:\/\/www.grieta.org.mx\/index.php\/wp-json\/wp\/v2\/media?parent=5411"}],"wp:term":[{"taxonomy":"category","embeddable":true,"href":"http:\/\/www.grieta.org.mx\/index.php\/wp-json\/wp\/v2\/categories?post=5411"},{"taxonomy":"post_tag","embeddable":true,"href":"http:\/\/www.grieta.org.mx\/index.php\/wp-json\/wp\/v2\/tags?post=5411"}],"curies":[{"name":"wp","href":"https:\/\/api.w.org\/{rel}","templated":true}]}}