{"id":54080,"date":"2020-09-29T12:12:10","date_gmt":"2020-09-29T17:12:10","guid":{"rendered":"http:\/\/www.grieta.org.mx\/?p=54080"},"modified":"2020-10-12T12:22:55","modified_gmt":"2020-10-12T17:22:55","slug":"ni-muertas-ni-presas-nos-queremos-libres-y-sin-miedo-demandas-del-28s-en-guadalajara-jalisco","status":"publish","type":"post","link":"http:\/\/www.grieta.org.mx\/index.php\/2020\/09\/29\/ni-muertas-ni-presas-nos-queremos-libres-y-sin-miedo-demandas-del-28s-en-guadalajara-jalisco\/","title":{"rendered":"\u201cNi muertas, ni presas, nos queremos libres y sin miedo\u201d: Demandas del #28S en Guadalajara (Jalisco)"},"content":{"rendered":"<p><img loading=\"lazy\" decoding=\"async\" data-attachment-id=\"54081\" data-permalink=\"http:\/\/www.grieta.org.mx\/index.php\/2020\/09\/29\/ni-muertas-ni-presas-nos-queremos-libres-y-sin-miedo-demandas-del-28s-en-guadalajara-jalisco\/unknown-22\/\" data-orig-file=\"http:\/\/www.grieta.org.mx\/wp-content\/uploads\/2020\/10\/Unknown-22.jpeg\" data-orig-size=\"1280,853\" data-comments-opened=\"0\" data-image-meta=\"{&quot;aperture&quot;:&quot;0&quot;,&quot;credit&quot;:&quot;&quot;,&quot;camera&quot;:&quot;&quot;,&quot;caption&quot;:&quot;&quot;,&quot;created_timestamp&quot;:&quot;0&quot;,&quot;copyright&quot;:&quot;&quot;,&quot;focal_length&quot;:&quot;0&quot;,&quot;iso&quot;:&quot;0&quot;,&quot;shutter_speed&quot;:&quot;0&quot;,&quot;title&quot;:&quot;&quot;,&quot;orientation&quot;:&quot;0&quot;}\" data-image-title=\"Unknown-22\" data-image-description=\"\" data-image-caption=\"\" data-medium-file=\"http:\/\/www.grieta.org.mx\/wp-content\/uploads\/2020\/10\/Unknown-22-300x200.jpeg\" data-large-file=\"http:\/\/www.grieta.org.mx\/wp-content\/uploads\/2020\/10\/Unknown-22-1024x682.jpeg\" class=\"wp-image-54081 aligncenter\" src=\"http:\/\/www.grieta.org.mx\/wp-content\/uploads\/2020\/10\/Unknown-22.jpeg\" alt=\"\" width=\"799\" height=\"532\" srcset=\"http:\/\/www.grieta.org.mx\/wp-content\/uploads\/2020\/10\/Unknown-22.jpeg 1280w, http:\/\/www.grieta.org.mx\/wp-content\/uploads\/2020\/10\/Unknown-22-300x200.jpeg 300w, http:\/\/www.grieta.org.mx\/wp-content\/uploads\/2020\/10\/Unknown-22-1024x682.jpeg 1024w, http:\/\/www.grieta.org.mx\/wp-content\/uploads\/2020\/10\/Unknown-22-768x512.jpeg 768w, http:\/\/www.grieta.org.mx\/wp-content\/uploads\/2020\/10\/Unknown-22-750x500.jpeg 750w\" sizes=\"auto, (max-width: 799px) 100vw, 799px\" \/><\/p>\n<p>Foto: Mariana Parra<\/p>\n<p><em><strong>El acto fue convocado por diversas colectivas feministas en el estado, entre ellas el\u00a0Aquelarre Radical GDL,\u00a0Mis Amigas Me Cuidan\u00a0y\u00a0Mis Amigas Me Acompa\u00f1an; con un pliego petitorio que ser\u00e1 entregado a las y los diputados del Congreso del Estado de Jalisco, exigieron la despenalizaci\u00f3n del aborto hasta las 12 semanas para garantizar el acceso a la interrupci\u00f3n voluntaria del embarazo; la modificaci\u00f3n de los art\u00edculos 227, 228 y 229 del C\u00f3digo Penal del Estado que criminalizan y sancionan a las mujeres que deciden abortar; la adici\u00f3n de la excluyente de responsabilidad \u201cpor causas econ\u00f3micas\u201d; y la expedici\u00f3n de una Ley de Amnist\u00eda para las mujeres que han sido sentenciadas y criminalizadas por ejercer su derecho al aborto.<\/strong><\/em><\/p>\n<p><em><strong>Adem\u00e1s, seg\u00fan se\u00f1alaron desde este 28 de septiembre de 2020, la antes conocida \u201cPlaza Liberaci\u00f3n\u201d, ser\u00e1 conocida como \u201cPlaza Liberaci\u00f3n de las Mujeres\u201d.<\/strong><\/em><\/p>\n<p><em><strong>Sin embargo, pese a que las mujeres y colectivas en Jalisco han repetido una y otra vez en consignas que \u201cla Polic\u00eda no les cuida, les cuidan sus amigas\u201d, manifest\u00e1ndose as\u00ed en contra de la presencia de elementos de seguridad dentro de sus movilizaciones y contingentes, una vez m\u00e1s y frente a la oleada nacional de represi\u00f3n policial a la protesta feminista, m\u00e1s de 300 agentes de seguridad municipal, del estado, de la Divisi\u00f3n Especializada en la Atenci\u00f3n a la Violencia Contra las Mujeres en Raz\u00f3n de G\u00e9nero (DEAVIM) y antimotines, cercaron y flanquearon el paso de la marea verde en las calles de Guadalajara, Jalisco, este 28 de septiembre.<\/strong><\/em><\/p>\n<p>Dalia Souza \/ Zona Docs<\/p>\n<p>La movilizaci\u00f3n por el\u00a0<strong><em>D\u00eda de Acci\u00f3n Global por un Aborto Legal y Seguro<\/em>\u00a0<\/strong>en la capital del estado estaba programa para arrancar en punto de las 5:00 p.m. del Monumento a La Madre rumbo al Congreso del Estado de Jalisco en el centro hist\u00f3rico, sin embargo,\u00a0<strong>desde antes de las 4:00 p.m. los edificios del Poder Legislativo y Palacio de Gobierno ya se encontraban resguardados por polic\u00edas estatales y vallas met\u00e1licas.<\/strong><\/p>\n<p>Sin que esto les detuviera, a lo largo de su recorrido,\u00a0<strong>m\u00e1s de 700 mujeres j\u00f3venes, ni\u00f1as y madres, visibilizaron aquello que el Gobierno de Jalisco ha pretendido negarles<\/strong>: el derecho a la\u00a0<strong>libre determinaci\u00f3n sobre sus cuerpos<\/strong>\u00a0y a\u00a0<strong>abortar de manera legal y segura<\/strong>, sin temor a morir en el intento o a ser encarceladas; pues como advirtieron,\u00a0<strong>esta decisi\u00f3n es tambi\u00e9n un acto de justicia social para todas.<\/strong><\/p>\n<p>Al grito de\u00a0<strong>\u201cFuimos Todas\u201d<\/strong>\u00a0con calcamon\u00edas, grafitis, pintas, pancartas y carteles llenaron las calles de la zona centro de Guadalajara\u00a0<strong>con mensajes, informaci\u00f3n y v\u00edas de contacto para llevar a cabo abortos seguros, aut\u00f3nomos y desde casa<\/strong>:\u00a0<em>\u201cMisoprostol, cuatro pastillas sublinguales cada 4 horas, repite hasta completar 12 pastillas; aborta segura, inf\u00f3rmate no est\u00e1s sola\u201d<\/em>\u00a0pod\u00eda leerse en las lonas que colocaron en uno de los puentes peatonales frente al popular Mercado San Juan de Dios.<\/p>\n<p>En el centro hist\u00f3rico\u00a0<strong>ya las esperaban tambi\u00e9n los grupos antiderechos<\/strong>, quienes, formando una valla humana<strong>, rodearon la Catedral de Guadalajara con rosarios, sogas y rezos;<\/strong>\u00a0buscaban proteger de los grafitis la estructura de piedra que \u201cresguarda su Dios\u201d, pero que\u00a0<strong>persigue, se\u00f1ala, castiga y criminaliza a las mujeres que han rechazado el dogma del hombre<\/strong>\u00a0y que han decidido sobre la \u201c\u00fanica vida que importa\u201d:\u00a0<strong>la vida de las mujeres<\/strong>, se\u00f1alaron.<\/p>\n<p>Frente a la resistencia de los grupos antiderechos, quienes en m\u00faltiples ocasiones rodearon el edifico emblema del catolicismo en el estado,\u00a0<strong>fue desplegado un grupo de mujeres antimotines que se encargaron de replegar a las manifestantes que se encontraban en las inmediaciones del lugar<\/strong>. Lenchante\u00e9 Corona, nombre Drag que representa la lucha pol\u00edtica de una de las integrantes de la\u00a0<em>Batukada Feminista Guadalajara<\/em>\u00a0se pronunci\u00f3 al respecto asegurando que\u00a0<strong>este acto por dem\u00e1s violent\u00f3 evidenci\u00f3 c\u00f3mo es que el miedo cambi\u00f3 de bando<\/strong>\u00a0y a qui\u00e9nes en realidad est\u00e1 resguardando el Estado:<\/p>\n<p><em>\u201cYa nos ven\u00edan siguiendo, como queriendo reprimir en las pintas, pero ya cuando llegamos a catedral que sab\u00edamos que iban a estar los grupos provida fue muy notorio a quienes estaban defendiendo. Nosotras les dec\u00edamos: t\u00fa est\u00e1s aqu\u00ed para cuidarme, no para cuidar una iglesia, ojal\u00e1 nos cuidaran como cuidan su catedral. Sacar a estar personas antimotines a pesar de que fueran mujeres es un acto super violento, nosotras tratamos de calmarnos, les hicimos frente, cerca, pero con eso nos qued\u00f3 m\u00e1s que claro que con tantas polic\u00edas, tanto antimot\u00ed, defendiendo a 30 personas y una iglesia est\u00e1 clarito que el miedo ya se cambi\u00f3 de bando\u201d<\/em>, expres\u00f3.<\/p>\n<p>Ya frente a las puertas del Congreso del Estado de Jalisco ubicadas sobre la calle Hidalgo a un costado de Plaza Liberaci\u00f3n,\u00a0<strong>pronunciaron algunas plegarias a la Santa Abortera<\/strong>:\u00a0<em>\u201cQue el aborto no sea la hora de nuestra muerte y que voluntario sea el fruto de nuestro vientre\u201d,<\/em>\u00a0repitieron junto al repicar de una campana.<\/p>\n<p>Adem\u00e1s, se\u00f1alando que\u00a0<strong>la legislaci\u00f3n del Estado de Jalisco se encuentra muy distante a los est\u00e1ndares internacionales para la protecci\u00f3n de los derechos humanos de las mujeres<\/strong>\u00a0y, advirtiendo que en el estado se tiene\u00a0<strong>una constituci\u00f3n que no observa, ni establece un ejercicio de proporcionalidad que garantice y respete los mismos<\/strong>, presentaron\u00a0<strong>un pliego petitorio<\/strong>\u00a0que ser\u00e1 entregado a las y los diputados de la LVXII Legislatura, firmado por las colectivas organizadoras del evento y por\u00a0<strong>decenas de mujeres a t\u00edtulo personal.<\/strong><\/p>\n<p>En \u00e9ste exigieron\u00a0<strong>la despenalizaci\u00f3n del aborto hasta las 12 semanas<\/strong>\u00a0para garantizar el acceso a la interrupci\u00f3n voluntaria del embarazo;\u00a0<strong>la modificaci\u00f3n de los art\u00edculos 227, 228 y 229 del C\u00f3digo Penal del Estado<\/strong>\u00a0que criminalizan y sancionan a las mujeres que deciden abortar;\u00a0<strong>la adici\u00f3n de la excluyente de responsabilidad \u201cpor causas econ\u00f3micas\u201d<\/strong>; y la expedici\u00f3n de\u00a0<strong>una Ley de Amnist\u00eda para las mujeres que han sido sentenciadas y criminalizadas\u00a0<\/strong>por ejercer su derecho al aborto.<\/p>\n<p>Para finalizar, las colectivas presentes decidieron que, desde este 28 de septiembre,\u00a0<strong>la conocida Plaza Liberaci\u00f3n frente al Teatro Degollado en el centro hist\u00f3rico de Guadalajara, ser\u00e1 nombrada \u201cPlaza Liberaci\u00f3n de las Mujeres\u201d.<\/strong><\/p>\n<p>Finalmente, se denunci\u00f3 que durante el evento\u00a0<strong>una de las integrantes de la colectiva feminista\u00a0<em>Me Cuidan Mis Amigas\u00a0<\/em>fue agredida por un fot\u00f3grafo<\/strong>, quien\u00a0<strong>con el lente de su c\u00e1mara golpe\u00f3 la cara de la joven,<\/strong>\u00a0luego de que \u00e9sta le se\u00f1alara que no pod\u00eda grabar y fotografiar a las mujeres que se manifestaban frente a los grupos antiderechos. Habr\u00e1 que se\u00f1alar que, el llamado de las organizaciones de mujeres fue a realizar\u00a0<strong>una movilizaci\u00f3n separatista<\/strong>, donde se solicit\u00f3 a los diversos medios de comunicaci\u00f3n que\u00a0<strong>enviaran reporteras y fot\u00f3grafas a realizar la cobertura del acto.<\/strong><\/p>\n<p><a href=\"https:\/\/www.zonadocs.mx\/2020\/09\/29\/ni-muertas-ni-presas-nos-queremos-libres-y-sin-miedo-demandas-del-28s-en-guadalajara\/\">https:\/\/www.zonadocs.mx\/2020\/09\/29\/ni-muertas-ni-presas-nos-queremos-libres-y-sin-miedo-demandas-del-28s-en-guadalajara\/<\/a><\/p>\n","protected":false},"excerpt":{"rendered":"<p>Foto: Mariana Parra El acto fue convocado por diversas colectivas feministas en el estado, entre ellas el\u00a0Aquelarre Radical GDL,\u00a0Mis Amigas Me Cuidan\u00a0y\u00a0Mis Amigas Me Acompa\u00f1an; con un pliego petitorio que &hellip; <a href=\"http:\/\/www.grieta.org.mx\/index.php\/2020\/09\/29\/ni-muertas-ni-presas-nos-queremos-libres-y-sin-miedo-demandas-del-28s-en-guadalajara-jalisco\/\" class=\"more-link\">Leer m\u00e1s<\/a><\/p>\n","protected":false},"author":2,"featured_media":54081,"comment_status":"closed","ping_status":"closed","sticky":false,"template":"","format":"standard","meta":{"ngg_post_thumbnail":0,"_jetpack_newsletter_access":"","_jetpack_dont_email_post_to_subs":false,"_jetpack_newsletter_tier_id":0,"_jetpack_memberships_contains_paywalled_content":false,"_jetpack_memberships_contains_paid_content":false,"footnotes":""},"categories":[80,20,2,2504],"tags":[3042,3148,1630],"class_list":["post-54080","post","type-post","status-publish","format-standard","has-post-thumbnail","hentry","category-cintillo","category-jalisco","category-noticias-nacionales","category-violencia-contra-las-mujeres-en-jalisco","tag-colectivos-feministas","tag-lucha-feminista","tag-violencia-contra-las-mujeres","entry"],"jetpack_featured_media_url":"http:\/\/www.grieta.org.mx\/wp-content\/uploads\/2020\/10\/Unknown-22.jpeg","jetpack_sharing_enabled":true,"jetpack_shortlink":"https:\/\/wp.me\/p7ZJR4-e4g","jetpack_likes_enabled":false,"jetpack-related-posts":[{"id":62100,"url":"http:\/\/www.grieta.org.mx\/index.php\/2021\/09\/27\/ahora-es-cuando-marchan-por-la-despenalizacion-del-aborto-en-jalisco\/","url_meta":{"origin":54080,"position":0},"title":"\u00a1Ahora es cuando! Marchan por la despenalizaci\u00f3n del aborto en Jalisco","author":"grieta","date":"27 septiembre, 2021","format":false,"excerpt":"Foto: Dalia Souza - Ximena Torres En medio de una fuerte tormenta, la marea verde en Guadalajara march\u00f3 este domingo 26 de septiembre recorriendo las calles del centro de la capital de Jalisco para decirle a las y los legisladores que el momento de despenalizar el aborto en el estado\u2026","rel":"","context":"En &quot;CINTILLO&quot;","block_context":{"text":"CINTILLO","link":"http:\/\/www.grieta.org.mx\/index.php\/category\/cintillo\/"},"img":{"alt_text":"","src":"https:\/\/i0.wp.com\/www.grieta.org.mx\/wp-content\/uploads\/2021\/10\/photo5082717964159003119-1068x801-1.jpg?resize=350%2C200","width":350,"height":200,"srcset":"https:\/\/i0.wp.com\/www.grieta.org.mx\/wp-content\/uploads\/2021\/10\/photo5082717964159003119-1068x801-1.jpg?resize=350%2C200 1x, https:\/\/i0.wp.com\/www.grieta.org.mx\/wp-content\/uploads\/2021\/10\/photo5082717964159003119-1068x801-1.jpg?resize=525%2C300 1.5x, https:\/\/i0.wp.com\/www.grieta.org.mx\/wp-content\/uploads\/2021\/10\/photo5082717964159003119-1068x801-1.jpg?resize=700%2C400 2x, https:\/\/i0.wp.com\/www.grieta.org.mx\/wp-content\/uploads\/2021\/10\/photo5082717964159003119-1068x801-1.jpg?resize=1050%2C600 3x"},"classes":[]},{"id":46170,"url":"http:\/\/www.grieta.org.mx\/index.php\/2020\/03\/07\/el-iteso-no-me-cuida-me-cuidan-mis-amigas-cantan-manifestantes-de-la-institucion-jalisco\/","url_meta":{"origin":54080,"position":1},"title":"El ITESO no me cuida, me cuidan mis amigas: cantan manifestantes de la instituci\u00f3n (Jalisco)","author":"grieta","date":"7 marzo, 2020","format":false,"excerpt":"Foto: Cortes\u00eda estudiantes \"Son los maestros, coordinadores, los compa\u00f1eros y rector\u00eda. El estado opresor es un macho violador (...) El machismo y el acoso ya no se encubren en el ITESO\" entonaron las manifestantes Gladiola Madera \/ UDGTV Guadalajara, Jalisco. Con la finalidad de\u00a0denunciar la violencia machista y el acoso\u2026","rel":"","context":"En &quot;CINTILLO&quot;","block_context":{"text":"CINTILLO","link":"http:\/\/www.grieta.org.mx\/index.php\/category\/cintillo\/"},"img":{"alt_text":"","src":"https:\/\/i0.wp.com\/www.grieta.org.mx\/wp-content\/uploads\/2020\/03\/WhatsApp-Image-2020-03-06-at-8.35.10-PM-630x420.jpeg?resize=350%2C200","width":350,"height":200,"srcset":"https:\/\/i0.wp.com\/www.grieta.org.mx\/wp-content\/uploads\/2020\/03\/WhatsApp-Image-2020-03-06-at-8.35.10-PM-630x420.jpeg?resize=350%2C200 1x, https:\/\/i0.wp.com\/www.grieta.org.mx\/wp-content\/uploads\/2020\/03\/WhatsApp-Image-2020-03-06-at-8.35.10-PM-630x420.jpeg?resize=525%2C300 1.5x"},"classes":[]},{"id":65804,"url":"http:\/\/www.grieta.org.mx\/index.php\/2022\/11\/26\/estado-feminicida-denuncian-colectivos-feministas-vallarta-entre-los-municipios-con-mas-feminicidios-del-pais-jalisco\/","url_meta":{"origin":54080,"position":2},"title":"\u201cEstado feminicida\u201d denuncian colectivos feministas, Vallarta entre los municipios con mas feminicidios del pa\u00eds (Jalisco)","author":"grieta","date":"26 noviembre, 2022","format":false,"excerpt":"Imagen: Tribuna de la Bah\u00eda Carolina G\u00f3mez Agui\u00f1aga \/ Tribuna de la Bah\u00eda Como \u201cEstado feminicida\u201d calificaron los colectivos feministas de Puerto Vallarta a Jalisco durante la marcha que realizaron del Parque de las Mujeres a Los Arcos del Malec\u00f3n en el D\u00eda Internacional de la Eliminaci\u00f3n de la Violencia\u2026","rel":"","context":"En &quot;CINTILLO&quot;","block_context":{"text":"CINTILLO","link":"http:\/\/www.grieta.org.mx\/index.php\/category\/cintillo\/"},"img":{"alt_text":"","src":"https:\/\/i0.wp.com\/www.grieta.org.mx\/wp-content\/uploads\/2022\/11\/marcha-feminista-25-noviembre-2-cover.jpg?resize=350%2C200","width":350,"height":200,"srcset":"https:\/\/i0.wp.com\/www.grieta.org.mx\/wp-content\/uploads\/2022\/11\/marcha-feminista-25-noviembre-2-cover.jpg?resize=350%2C200 1x, https:\/\/i0.wp.com\/www.grieta.org.mx\/wp-content\/uploads\/2022\/11\/marcha-feminista-25-noviembre-2-cover.jpg?resize=525%2C300 1.5x, https:\/\/i0.wp.com\/www.grieta.org.mx\/wp-content\/uploads\/2022\/11\/marcha-feminista-25-noviembre-2-cover.jpg?resize=700%2C400 2x"},"classes":[]},{"id":44922,"url":"http:\/\/www.grieta.org.mx\/index.php\/2020\/02\/16\/el-estado-no-me-cuida-me-cuidan-mis-amigas-mujeres-y-ninas-se-pronuncian-en-jalisco-en-contra-de-la-violencia-feminicida\/","url_meta":{"origin":54080,"position":3},"title":"\u00a1El Estado no me cuida, me cuidan mis amigas!: mujeres y ni\u00f1as se pronuncian en Jalisco en contra de la violencia feminicida","author":"grieta","date":"16 febrero, 2020","format":false,"excerpt":"Foto: Dalia Souza En el marco de las acciones de protesta para exigir justicia por el feminicidio de la joven Ingrid Escamilla, as\u00ed como de todas aquellas mujeres y ni\u00f1as que han sido asesinadas en M\u00e9xico, m\u00e1s de 500 j\u00f3venes convocadas por la colectiva \u201cMe Cuidan Mis Amigas GDL\u201d se\u2026","rel":"","context":"En &quot;CINTILLO&quot;","block_context":{"text":"CINTILLO","link":"http:\/\/www.grieta.org.mx\/index.php\/category\/cintillo\/"},"img":{"alt_text":"","src":"https:\/\/i0.wp.com\/www.grieta.org.mx\/wp-content\/uploads\/2020\/02\/DALI-7.jpg?resize=350%2C200","width":350,"height":200,"srcset":"https:\/\/i0.wp.com\/www.grieta.org.mx\/wp-content\/uploads\/2020\/02\/DALI-7.jpg?resize=350%2C200 1x, https:\/\/i0.wp.com\/www.grieta.org.mx\/wp-content\/uploads\/2020\/02\/DALI-7.jpg?resize=525%2C300 1.5x, https:\/\/i0.wp.com\/www.grieta.org.mx\/wp-content\/uploads\/2020\/02\/DALI-7.jpg?resize=700%2C400 2x, https:\/\/i0.wp.com\/www.grieta.org.mx\/wp-content\/uploads\/2020\/02\/DALI-7.jpg?resize=1050%2C600 3x"},"classes":[]},{"id":45335,"url":"http:\/\/www.grieta.org.mx\/index.php\/2020\/02\/27\/colectivas-piden-acciones-para-erradicar-la-violencia-contra-las-mujeres-jalisco\/","url_meta":{"origin":54080,"position":4},"title":"Colectivas piden acciones para erradicar la violencia contra las mujeres (Jalisco)","author":"grieta","date":"27 febrero, 2020","format":false,"excerpt":"Foto: Ilustrativa La vocera de la colectiva feminista \"Mis Amigas Me Cuidan Gdl\", expres\u00f3 que ser\u00eda mejor que empresas, universidades privadas y p\u00fablicas, as\u00ed como el Gobierno del Estado y los municipios de la ZMG, no comuniquen posturas sino acciones Siboney Flores \/ El Informador Empresas, universidades privadas y p\u00fablicas,\u2026","rel":"","context":"En &quot;CINTILLO&quot;","block_context":{"text":"CINTILLO","link":"http:\/\/www.grieta.org.mx\/index.php\/category\/cintillo\/"},"img":{"alt_text":"","src":"https:\/\/i0.wp.com\/www.grieta.org.mx\/wp-content\/uploads\/2020\/02\/result-15-1280x640.jpg?resize=350%2C200","width":350,"height":200,"srcset":"https:\/\/i0.wp.com\/www.grieta.org.mx\/wp-content\/uploads\/2020\/02\/result-15-1280x640.jpg?resize=350%2C200 1x, https:\/\/i0.wp.com\/www.grieta.org.mx\/wp-content\/uploads\/2020\/02\/result-15-1280x640.jpg?resize=525%2C300 1.5x, https:\/\/i0.wp.com\/www.grieta.org.mx\/wp-content\/uploads\/2020\/02\/result-15-1280x640.jpg?resize=700%2C400 2x, https:\/\/i0.wp.com\/www.grieta.org.mx\/wp-content\/uploads\/2020\/02\/result-15-1280x640.jpg?resize=1050%2C600 3x"},"classes":[]},{"id":55507,"url":"http:\/\/www.grieta.org.mx\/index.php\/2020\/11\/25\/feministas-instalan-anti-monumenta-no-mas-feminicidios-frente-a-palacio-de-gobierno-en-jalisco\/","url_meta":{"origin":54080,"position":5},"title":"Feministas instalan Anti-Monumenta \u201cNo m\u00e1s feminicidios\u201d frente a Palacio de Gobierno en Jalisco","author":"grieta","date":"25 noviembre, 2020","format":false,"excerpt":"Foto: Mario Marlo Colectivas feministas y mujeres organizadas a trav\u00e9s de la red\u00a0YoVoy8deMarzo\u00a0en Jalisco, junto con familiares y sobrevivientes de la violencia feminicida en el estado, instalaron una antimonumenta con la leyenda \u201cNi perd\u00f3n ni olvido, memoria, verdad y justicia. No m\u00e1s feminicidios\u201d. En el andador Alcalde frente a Palacio\u2026","rel":"","context":"En &quot;CINTILLO&quot;","block_context":{"text":"CINTILLO","link":"http:\/\/www.grieta.org.mx\/index.php\/category\/cintillo\/"},"img":{"alt_text":"","src":"https:\/\/i0.wp.com\/www.grieta.org.mx\/wp-content\/uploads\/2020\/11\/M6.jpeg?resize=350%2C200","width":350,"height":200,"srcset":"https:\/\/i0.wp.com\/www.grieta.org.mx\/wp-content\/uploads\/2020\/11\/M6.jpeg?resize=350%2C200 1x, https:\/\/i0.wp.com\/www.grieta.org.mx\/wp-content\/uploads\/2020\/11\/M6.jpeg?resize=525%2C300 1.5x, https:\/\/i0.wp.com\/www.grieta.org.mx\/wp-content\/uploads\/2020\/11\/M6.jpeg?resize=700%2C400 2x, https:\/\/i0.wp.com\/www.grieta.org.mx\/wp-content\/uploads\/2020\/11\/M6.jpeg?resize=1050%2C600 3x"},"classes":[]}],"_links":{"self":[{"href":"http:\/\/www.grieta.org.mx\/index.php\/wp-json\/wp\/v2\/posts\/54080","targetHints":{"allow":["GET"]}}],"collection":[{"href":"http:\/\/www.grieta.org.mx\/index.php\/wp-json\/wp\/v2\/posts"}],"about":[{"href":"http:\/\/www.grieta.org.mx\/index.php\/wp-json\/wp\/v2\/types\/post"}],"author":[{"embeddable":true,"href":"http:\/\/www.grieta.org.mx\/index.php\/wp-json\/wp\/v2\/users\/2"}],"replies":[{"embeddable":true,"href":"http:\/\/www.grieta.org.mx\/index.php\/wp-json\/wp\/v2\/comments?post=54080"}],"version-history":[{"count":1,"href":"http:\/\/www.grieta.org.mx\/index.php\/wp-json\/wp\/v2\/posts\/54080\/revisions"}],"predecessor-version":[{"id":54082,"href":"http:\/\/www.grieta.org.mx\/index.php\/wp-json\/wp\/v2\/posts\/54080\/revisions\/54082"}],"wp:featuredmedia":[{"embeddable":true,"href":"http:\/\/www.grieta.org.mx\/index.php\/wp-json\/wp\/v2\/media\/54081"}],"wp:attachment":[{"href":"http:\/\/www.grieta.org.mx\/index.php\/wp-json\/wp\/v2\/media?parent=54080"}],"wp:term":[{"taxonomy":"category","embeddable":true,"href":"http:\/\/www.grieta.org.mx\/index.php\/wp-json\/wp\/v2\/categories?post=54080"},{"taxonomy":"post_tag","embeddable":true,"href":"http:\/\/www.grieta.org.mx\/index.php\/wp-json\/wp\/v2\/tags?post=54080"}],"curies":[{"name":"wp","href":"https:\/\/api.w.org\/{rel}","templated":true}]}}