{"id":5408,"date":"2015-02-17T02:41:05","date_gmt":"2015-02-17T02:41:05","guid":{"rendered":"http:\/\/50.22.11.12\/~grietaor\/?p=5408"},"modified":"2016-03-27T02:42:55","modified_gmt":"2016-03-27T02:42:55","slug":"denuncian-presiones-para-vender-sus-tierras","status":"publish","type":"post","link":"http:\/\/www.grieta.org.mx\/index.php\/2015\/02\/17\/denuncian-presiones-para-vender-sus-tierras\/","title":{"rendered":"Denuncian presiones para vender sus tierras"},"content":{"rendered":"<p>Productores de San Juan de Los Lagos aseguran que est\u00e1n bajo amenaza por el trazo del acueducto a Le\u00f3n<\/p>\n<p>Alejandra Guill\u00e9n\/masGDL<br \/>\nCr\u00f3nica de Sociales<\/p>\n<p>Los peque\u00f1os propietarios y ejidos que se ver\u00edan afectados por la construcci\u00f3n del acueducto que ir\u00eda de El Zapotillo a Le\u00f3n denuncian que la Comisi\u00f3n Nacional del Agua ha comenzado a amedrentarlos para que vendan sus tierras, que de todos modos las conseguir\u00e1n, por la buena o por la mala.<\/p>\n<p>Los productores de San Juan de los Lagos aseguran que el conflicto se est\u00e1 poniendo \u201ccolor de hormiga\u201d y que las personas est\u00e1n buscando todas las v\u00edas para defender sus propiedades.<\/p>\n<p>El caso que m\u00e1s recuerdan es el de un se\u00f1or que no quiere vender su rancho. Un d\u00eda llegaron trabajadores de la dependencia federal y no les permiti\u00f3 entrar. Los funcionarios lo amenazaron y el agricultor le llam\u00f3 a otros vecinos; unos 30 llegaron al lugar, le echaron gasolina al veh\u00edculo de la Conagua y les advirtieron que ten\u00edan que irse o le prend\u00edan fuego al carro.<\/p>\n<p>\u201cPara que vea que la gente no se va a dejar tan f\u00e1cil. Y pues si uno no manda en su casa, \u00bfentonces d\u00f3nde? \u00bfPor qu\u00e9 el gobierno va a venir a mandarnos? Vamos a ver hasta d\u00f3nde llegamos. Si no queremos, no entran. Nosotros hemos ido a Conagua a que nos den informaci\u00f3n y ah\u00ed nos dejan en la calle. Ahora que vienen con nosotros a presionarnos, tampoco los vamos a recibir\u201d, explica Artelio Gallardo.<\/p>\n<p>Incluso hay gente que les ha advertido a los de la Conagua, \u201csi se meten, salen con las patas por delante\u201d.<\/p>\n<p>Otro agricultor que ser\u00eda afectado por el acueducto dice que en un principio le prometieron un \u201cgran beneficio\u201d y luego supo que no podr\u00eda tener acceso al agua, \u201cque si los ayuntamientos hac\u00edan derivaciones, les vender\u00edan a precio que a\u00fan no hab\u00edan fijado; qued\u00f3 claro que no hab\u00eda esperanza para respaldar la agricultura\u201d.<\/p>\n<p>Por su terreno quieren darle \u201cmigajas\u201d, le partir\u00edan el predio en dos y para poder cruzar a ver sus animalitos tendr\u00eda que construir una especie de puente que pase por encima del acueducto, asegura. \u201cEllos hasta han tenido el descaro de burlarse dici\u00e9ndome \u2018usted ten\u00eda un rancho y ahora va a tener dos\u2019\u201d.<\/p>\n<p>Aproximadamente unos 300 peque\u00f1os propietarios y ejidos ser\u00edan afectados por el acueducto. Actualmente hay una suspensi\u00f3n de plano (amparo 1309\/2014) contra el proyecto otorgada por el juzgado s\u00e9ptimo de distrito en materia administrativa al ejido de Agua de Obispo.<\/p>\n<p>En San Juan de los Lagos se realiz\u00f3 incluso una marcha la primera semana de febrero contra la Presa El Zapotillo, lo cual es poco usual en la regi\u00f3n. Adem\u00e1s, la di\u00f3cesis de San Juan de los Lagos envi\u00f3 una carta al gobernador Arist\u00f3teles Sandoval manifestando su preocupaci\u00f3n por los efectos que tendr\u00eda para la regi\u00f3n el trasvase de agua a la ciudad de Le\u00f3n.<\/p>\n<p>Los que han salido a defender el agua de la regi\u00f3n han sido acusados de \u201ccomunistas\u201d y de \u201copositores al desarrollo\u201d, pero ellos insisten en que esta defensa es por la vida de las comunidades.<\/p>\n<p>La regi\u00f3n de los Altos, en alta vulnerabilidad a la sequ\u00eda<\/p>\n<p>En Jalisco, el mayor porcentaje del territorio (67%) se encuentra en zonas propensas a la sequ\u00eda en mayor o menor grado, pues se trata de regiones semi\u00e1ridas y subh\u00famedas secas, de acuerdo con el An\u00e1lisis de riesgo a la sequ\u00eda en Jalisco que realiz\u00f3 en 2013 el Instituto de Informaci\u00f3n Territorial (iTERRITORIAL).<\/p>\n<p>Asimismo, 26% se encuentra en un nivel m\u00e1s alto de vulnerabilidad (semi\u00e1rido), siendo las regiones m\u00e1s afectadas por la sequ\u00eda las de los Altos y la Norte.<\/p>\n<p>La metodolog\u00eda que utiliz\u00f3 la dependencia est\u00e1 basada en la establecida por el Programa de las Naciones Unidas para el Medio Ambiente para la obtenci\u00f3n de zonas \u00e1ridas y semi\u00e1ridas, y consiste en el uso de un sistema de informaci\u00f3n geogr\u00e1fica para calcular la relaci\u00f3n de precipitaci\u00f3n\/evapotranspiraci\u00f3n, a partir de la cual se clasificaron cuatro tipos de climas en la entidad: h\u00eddricas, h\u00fameda, semi\u00e1rida, subh\u00fameda h\u00fameda y subh\u00fameda seca.<\/p>\n<p>Las sequ\u00edas son un fen\u00f3meno atmosf\u00e9rico en el cual la precipitaci\u00f3n disminuye severamente por debajo de su valor medio hist\u00f3rico, tradicionalmente la intensidad de la sequ\u00eda se asocia con su duraci\u00f3n.<\/p>\n<p>Las caracter\u00edsticas que hacen a un territorio m\u00e1s susceptible de ser afectado por la sequ\u00eda son los procesos de erosi\u00f3n y desertificaci\u00f3n que inciden en una baja retenci\u00f3n de humedad de agua en los suelos; y baja disponibilidad de agua, tanto superficial como subterr\u00e1nea.<\/p>\n<p>De acuerdo con el mapa de iTERRITORIAL, la zona h\u00fameda se encuentra \u00fanicamente en la costa norte de Jalisco, que representa apenas 4% del territorio. La subh\u00fameda h\u00fameda abarca casi toda la franja de la costa Sur y Norte, y el resto es subh\u00famedo seco y semi\u00e1rido.<\/p>\n<p>Porcentaje de humedad<\/p>\n<p>Ambiente                                    Hect\u00e1reas                         Porcentaje del territorio<\/p>\n<p>Semi\u00e1rido                            2 millones 119 mil 419                          26%<\/p>\n<p>Subh\u00famedo seco                 3 millones 303 mil 932                          41%<\/p>\n<p>Subh\u00famedo h\u00famedo            2 millones 261 mil 50                           28%<\/p>\n<p>H\u00famedo                               317 mil                                                 4%<\/p>\n<p><a href=\"http:\/\/cronicadesociales.org\/2015\/02\/17\/denuncian-presiones-para-vender-sus-tierras\/\" target=\"_blank\">http:\/\/cronicadesociales.org\/2015\/02\/17\/denuncian-presiones-para-vender-sus-tierras\/<\/a><\/p>\n","protected":false},"excerpt":{"rendered":"<p>Productores de San Juan de Los Lagos aseguran que est\u00e1n bajo amenaza por el trazo del acueducto a Le\u00f3n Alejandra Guill\u00e9n\/masGDL Cr\u00f3nica de Sociales Los peque\u00f1os propietarios y ejidos que &hellip; <a href=\"http:\/\/www.grieta.org.mx\/index.php\/2015\/02\/17\/denuncian-presiones-para-vender-sus-tierras\/\" class=\"more-link\">Leer m\u00e1s<\/a><\/p>\n","protected":false},"author":2,"featured_media":21928,"comment_status":"closed","ping_status":"open","sticky":false,"template":"","format":"standard","meta":{"ngg_post_thumbnail":0,"_jetpack_newsletter_access":"","_jetpack_dont_email_post_to_subs":false,"_jetpack_newsletter_tier_id":0,"_jetpack_memberships_contains_paywalled_content":false,"_jetpack_memberships_contains_paid_content":false,"footnotes":""},"categories":[80,230],"tags":[313],"class_list":["post-5408","post","type-post","status-publish","format-standard","has-post-thumbnail","hentry","category-cintillo","category-jalisco","tag-presa-y-acueducto-del-zapotillo","entry"],"jetpack_featured_media_url":"http:\/\/www.grieta.org.mx\/wp-content\/uploads\/2018\/03\/14524434_1106112876131411_958039263622046936_o.jpg","jetpack_sharing_enabled":true,"jetpack_shortlink":"https:\/\/wp.me\/p7ZJR4-1pe","jetpack_likes_enabled":false,"jetpack-related-posts":[{"id":3573,"url":"http:\/\/www.grieta.org.mx\/index.php\/2016\/09\/12\/presa-y-acueducto-el-zapotillo\/","url_meta":{"origin":5408,"position":0},"title":"Resistencia contra la presa y el acueducto El Zapotillo","author":"grieta","date":"12 septiembre, 2016","format":false,"excerpt":"12\/09\/16. Dan facilidades financieras a AbengoaNtr Guadalajara 22\/08\/16. \u201cJam\u00e1s nos iremos de\u00a0Temacapul\u00edn\u201dP\u00e1gina 24 13\/08\/16. Unops \u201cchantajea\u201d a los habitantes de Los\u00a0Altos Sitio Agustin del Castillo 12\/08\/16. Detienen proyecto del Zapotillo am Le\u00f3n 27\/07\/16. Piden que Comisi\u00f3n sobre Presa Zapotillo sea abierta Canal 44 02\/05\/16. Jalisco, el desag\u00fce de El Zapotillo\u2026","rel":"","context":"En &quot;Jalisco&quot;","block_context":{"text":"Jalisco","link":"http:\/\/www.grieta.org.mx\/index.php\/category\/noticias-nacionales\/jalisco\/"},"img":{"alt_text":"","src":"https:\/\/i0.wp.com\/www.grieta.org.mx\/wp-content\/uploads\/2018\/03\/14524434_1106112876131411_958039263622046936_o.jpg?resize=350%2C200","width":350,"height":200,"srcset":"https:\/\/i0.wp.com\/www.grieta.org.mx\/wp-content\/uploads\/2018\/03\/14524434_1106112876131411_958039263622046936_o.jpg?resize=350%2C200 1x, https:\/\/i0.wp.com\/www.grieta.org.mx\/wp-content\/uploads\/2018\/03\/14524434_1106112876131411_958039263622046936_o.jpg?resize=525%2C300 1.5x, https:\/\/i0.wp.com\/www.grieta.org.mx\/wp-content\/uploads\/2018\/03\/14524434_1106112876131411_958039263622046936_o.jpg?resize=700%2C400 2x"},"classes":[]},{"id":11702,"url":"http:\/\/www.grieta.org.mx\/index.php\/2016\/05\/02\/jalisco-el-desague-de-el-zapotillo\/","url_meta":{"origin":5408,"position":1},"title":"Jalisco, el desag\u00fce de El Zapotillo","author":"grieta","date":"2 mayo, 2016","format":false,"excerpt":"Sonia Serrano \u00cd\u00f1iguez El trasvase que se planea hacer para llevar agua de la presa El Zapotillo a Le\u00f3n implicar\u00e1 el env\u00edo de agua limpia a esa ciudad de Guanajuato y el regreso de aguas residuales a Jalisco, seg\u00fan el dise\u00f1o del proyecto. Esto, adem\u00e1s que las obras tienen casi\u2026","rel":"","context":"En &quot;CINTILLO&quot;","block_context":{"text":"CINTILLO","link":"http:\/\/www.grieta.org.mx\/index.php\/category\/cintillo\/"},"img":{"alt_text":"","src":"https:\/\/i0.wp.com\/www.grieta.org.mx\/wp-content\/uploads\/2018\/03\/14524434_1106112876131411_958039263622046936_o.jpg?resize=350%2C200","width":350,"height":200,"srcset":"https:\/\/i0.wp.com\/www.grieta.org.mx\/wp-content\/uploads\/2018\/03\/14524434_1106112876131411_958039263622046936_o.jpg?resize=350%2C200 1x, https:\/\/i0.wp.com\/www.grieta.org.mx\/wp-content\/uploads\/2018\/03\/14524434_1106112876131411_958039263622046936_o.jpg?resize=525%2C300 1.5x, https:\/\/i0.wp.com\/www.grieta.org.mx\/wp-content\/uploads\/2018\/03\/14524434_1106112876131411_958039263622046936_o.jpg?resize=700%2C400 2x"},"classes":[]},{"id":35937,"url":"http:\/\/www.grieta.org.mx\/index.php\/2019\/06\/29\/un-buen-gobernante-no-le-da-la-espalda-al-pueblo-no-incumple-sus-compromisos-temacapulin-jalisco\/","url_meta":{"origin":5408,"position":2},"title":"Un buen gobernante no le da la espalda al pueblo, no incumple sus compromisos: Temacapul\u00edn (Jalisco)","author":"grieta","date":"29 junio, 2019","format":false,"excerpt":"Redacci\u00f3n \/ Somos el Medio A trav\u00e9s de una carta dirigida a Enrique Alfaro Ram\u00edrez, a su Gabinete de Gobierno y a los diputados(as) del Congreso del Estado de Jalisco, el Comit\u00e9 Salvemos Temacapul\u00edn Acasico y Palmarejo, el Colectivo de Abogadxs, el Movimiento Mexicano de Afectados por las Presas y\u2026","rel":"","context":"En &quot;CINTILLO&quot;","block_context":{"text":"CINTILLO","link":"http:\/\/www.grieta.org.mx\/index.php\/category\/cintillo\/"},"img":{"alt_text":"","src":"https:\/\/i0.wp.com\/www.grieta.org.mx\/wp-content\/uploads\/2019\/07\/D-MawzfUYAA3J_I.jpg?resize=350%2C200","width":350,"height":200,"srcset":"https:\/\/i0.wp.com\/www.grieta.org.mx\/wp-content\/uploads\/2019\/07\/D-MawzfUYAA3J_I.jpg?resize=350%2C200 1x, https:\/\/i0.wp.com\/www.grieta.org.mx\/wp-content\/uploads\/2019\/07\/D-MawzfUYAA3J_I.jpg?resize=525%2C300 1.5x"},"classes":[]},{"id":19482,"url":"http:\/\/www.grieta.org.mx\/index.php\/2016\/08\/12\/detienen-proyecto-del-zapotillo\/","url_meta":{"origin":5408,"position":3},"title":"Detienen proyecto del Zapotillo","author":"grieta","date":"12 agosto, 2016","format":false,"excerpt":"JOS\u00c9 TRINIDAD M\u00c9NDEZ Por no contar con los permisos correspondientes de cambio de uso de suelo, la Secretar\u00eda de Medio Ambiente y Recursos Naturales (Semarnat) suspendi\u00f3 los trabajos de construcci\u00f3n del acueducto El Zapotillo. El proyecto ahora costar\u00e1 ocho mil millones de pesos, un 100% m\u00e1s de lo presupuestado inicialmente.\u2026","rel":"","context":"En &quot;CINTILLO&quot;","block_context":{"text":"CINTILLO","link":"http:\/\/www.grieta.org.mx\/index.php\/category\/cintillo\/"},"img":{"alt_text":"","src":"https:\/\/i0.wp.com\/www.grieta.org.mx\/wp-content\/uploads\/2018\/03\/14524434_1106112876131411_958039263622046936_o.jpg?resize=350%2C200","width":350,"height":200,"srcset":"https:\/\/i0.wp.com\/www.grieta.org.mx\/wp-content\/uploads\/2018\/03\/14524434_1106112876131411_958039263622046936_o.jpg?resize=350%2C200 1x, https:\/\/i0.wp.com\/www.grieta.org.mx\/wp-content\/uploads\/2018\/03\/14524434_1106112876131411_958039263622046936_o.jpg?resize=525%2C300 1.5x, https:\/\/i0.wp.com\/www.grieta.org.mx\/wp-content\/uploads\/2018\/03\/14524434_1106112876131411_958039263622046936_o.jpg?resize=700%2C400 2x"},"classes":[]},{"id":21423,"url":"http:\/\/www.grieta.org.mx\/index.php\/2016\/09\/12\/dan-facilidades-financieras-a-abengoa\/","url_meta":{"origin":5408,"position":4},"title":"Dan facilidades financieras a Abengoa (Jalisco)","author":"grieta","date":"12 septiembre, 2016","format":false,"excerpt":"Sonia Serrano \u00cd\u00f1iguez Adem\u00e1s de las facilidades para conservar el contrato para la construcci\u00f3n de acueducto que ir\u00e1 de la presa El Zapotillo a la ciudad de Le\u00f3n, Guanajuato, la empresa espa\u00f1ola Abengoa ha recibido el respaldo financiero para disponer de recursos para la ejecuci\u00f3n de la obra. Esto, porque\u2026","rel":"","context":"En &quot;CINTILLO&quot;","block_context":{"text":"CINTILLO","link":"http:\/\/www.grieta.org.mx\/index.php\/category\/cintillo\/"},"img":{"alt_text":"","src":"https:\/\/i0.wp.com\/www.grieta.org.mx\/wp-content\/uploads\/2018\/03\/14524434_1106112876131411_958039263622046936_o.jpg?resize=350%2C200","width":350,"height":200,"srcset":"https:\/\/i0.wp.com\/www.grieta.org.mx\/wp-content\/uploads\/2018\/03\/14524434_1106112876131411_958039263622046936_o.jpg?resize=350%2C200 1x, https:\/\/i0.wp.com\/www.grieta.org.mx\/wp-content\/uploads\/2018\/03\/14524434_1106112876131411_958039263622046936_o.jpg?resize=525%2C300 1.5x, https:\/\/i0.wp.com\/www.grieta.org.mx\/wp-content\/uploads\/2018\/03\/14524434_1106112876131411_958039263622046936_o.jpg?resize=700%2C400 2x"},"classes":[]},{"id":10684,"url":"http:\/\/www.grieta.org.mx\/index.php\/2016\/04\/17\/la-suprema-corte-aplaza-la-decision-sobre-el-complicado-caso-de-el-zapotillo\/","url_meta":{"origin":5408,"position":5},"title":"La Suprema Corte aplaza la decisi\u00f3n sobre el complicado caso de El Zapotillo","author":"grieta","date":"17 abril, 2016","format":false,"excerpt":"Tom Buckley, managing editor de El Daily Post contribuy\u00f3 a este reporte. Agricultores y ganaderos desesperados por detener la construcci\u00f3n de un acueducto que atravesar\u00e1 sus tierras en Jalisco, deber\u00e1n esperar para conocer la resoluci\u00f3n despu\u00e9s de que la Corte elimin\u00f3 el caso de su agenda. La Suprema Corte de\u2026","rel":"","context":"En &quot;CINTILLO&quot;","block_context":{"text":"CINTILLO","link":"http:\/\/www.grieta.org.mx\/index.php\/category\/cintillo\/"},"img":{"alt_text":"","src":"https:\/\/i0.wp.com\/www.grieta.org.mx\/wp-content\/uploads\/2018\/03\/14524434_1106112876131411_958039263622046936_o.jpg?resize=350%2C200","width":350,"height":200,"srcset":"https:\/\/i0.wp.com\/www.grieta.org.mx\/wp-content\/uploads\/2018\/03\/14524434_1106112876131411_958039263622046936_o.jpg?resize=350%2C200 1x, https:\/\/i0.wp.com\/www.grieta.org.mx\/wp-content\/uploads\/2018\/03\/14524434_1106112876131411_958039263622046936_o.jpg?resize=525%2C300 1.5x, https:\/\/i0.wp.com\/www.grieta.org.mx\/wp-content\/uploads\/2018\/03\/14524434_1106112876131411_958039263622046936_o.jpg?resize=700%2C400 2x"},"classes":[]}],"_links":{"self":[{"href":"http:\/\/www.grieta.org.mx\/index.php\/wp-json\/wp\/v2\/posts\/5408","targetHints":{"allow":["GET"]}}],"collection":[{"href":"http:\/\/www.grieta.org.mx\/index.php\/wp-json\/wp\/v2\/posts"}],"about":[{"href":"http:\/\/www.grieta.org.mx\/index.php\/wp-json\/wp\/v2\/types\/post"}],"author":[{"embeddable":true,"href":"http:\/\/www.grieta.org.mx\/index.php\/wp-json\/wp\/v2\/users\/2"}],"replies":[{"embeddable":true,"href":"http:\/\/www.grieta.org.mx\/index.php\/wp-json\/wp\/v2\/comments?post=5408"}],"version-history":[{"count":1,"href":"http:\/\/www.grieta.org.mx\/index.php\/wp-json\/wp\/v2\/posts\/5408\/revisions"}],"predecessor-version":[{"id":5409,"href":"http:\/\/www.grieta.org.mx\/index.php\/wp-json\/wp\/v2\/posts\/5408\/revisions\/5409"}],"wp:featuredmedia":[{"embeddable":true,"href":"http:\/\/www.grieta.org.mx\/index.php\/wp-json\/wp\/v2\/media\/21928"}],"wp:attachment":[{"href":"http:\/\/www.grieta.org.mx\/index.php\/wp-json\/wp\/v2\/media?parent=5408"}],"wp:term":[{"taxonomy":"category","embeddable":true,"href":"http:\/\/www.grieta.org.mx\/index.php\/wp-json\/wp\/v2\/categories?post=5408"},{"taxonomy":"post_tag","embeddable":true,"href":"http:\/\/www.grieta.org.mx\/index.php\/wp-json\/wp\/v2\/tags?post=5408"}],"curies":[{"name":"wp","href":"https:\/\/api.w.org\/{rel}","templated":true}]}}