{"id":5402,"date":"2015-03-03T02:34:52","date_gmt":"2015-03-03T02:34:52","guid":{"rendered":"http:\/\/50.22.11.12\/~grietaor\/?p=5402"},"modified":"2016-04-24T23:58:37","modified_gmt":"2016-04-24T23:58:37","slug":"oficializa-conagua-entrega-de-agua-de-el-zapotillo-a-leon","status":"publish","type":"post","link":"http:\/\/www.grieta.org.mx\/index.php\/2015\/03\/03\/oficializa-conagua-entrega-de-agua-de-el-zapotillo-a-leon\/","title":{"rendered":"Oficializa Conagua entrega de agua de El Zapotillo a Le\u00f3n \u2013"},"content":{"rendered":"<p>Alejandra Guill\u00e9n<\/p>\n<p>El t\u00edtulo de asignaci\u00f3n le permitir\u00e1 llevarse casi 120 millones de metros c\u00fabicos al a\u00f1o; Los Altos de Jalisco ser\u00e1 la zona m\u00e1s perjudicada, seg\u00fan abogado<\/p>\n<p>3 de Marzo 2015<\/p>\n<p>La Comisi\u00f3n Nacional del Agua (Conagua) otorg\u00f3 a Le\u00f3n un t\u00edtulo de asignaci\u00f3n para usar un volumen total de 119 millones 837 mil metros c\u00fabicos anuales del R\u00edo Verde, con lo cual se garantiza que el agua de la Presa El Zapotillo sea para Guanajuato.<\/p>\n<p>Si se toma en cuenta que el convenio de distribuci\u00f3n de agua vigente es el que firmaron en 2005 los gobiernos de Jalisco y Guanajuato para trasvasar agua del r\u00edo Verde a Le\u00f3n, \u201centonces no se est\u00e1 contemplando nada para Guadalajara ni para los Altos de Jalisco. Lo que se est\u00e1 asegurando es que el recurso sea para Le\u00f3n\u201d, asegura Guadalupe Espinoza, abogado del Comit\u00e9 Salvemos Temacapul\u00edn, Acasico y Palmarejo.<\/p>\n<p>Y es que en agosto de 2013, la Suprema Corte de Justicia de la Naci\u00f3n (SCJN) anul\u00f3 el convenio que se firm\u00f3 en 2007 entre Jalisco y Guanajuato que implicaba subir la cortina de la presa El Zapotillo de 80 a 105 metros, con la finalidad de que se contemplara agua para Guadalajara y Los Altos de Jalisco. Por esta raz\u00f3n, el convenio vigente es el de 2005.<\/p>\n<p>\u201cEste t\u00edtulo de asignaci\u00f3n que es como una concesi\u00f3n de agua, es una afectaci\u00f3n de derechos principalmente a la gente de  Los Altos, porque el agua ya la est\u00e1n entregando a Le\u00f3n. Los productores de Los Altos pueden promover recursos de amparo porque est\u00e1n en inter\u00e9s leg\u00edtimo de no permitir que se entregue el agua de la regi\u00f3n. Es un golpe principalmente a Los Altos de Jalisco\u201d, agrega Guadalupe Espinoza.<\/p>\n<p>El t\u00edtulo de asignaci\u00f3n lo otorga el director del Organismo de Cuenca Lerma Santiago Pac\u00edfico de la Conagua, Jos\u00e9 El\u00edas Chedid Abraham. La solicitud la realiz\u00f3 el Sistema de Agua Potable y Alcantarillado de Le\u00f3n el 23 de mayo de 2013, para obtener la asignaci\u00f3n de aprovechamiento de aguas superficiales de la fuente de abastecimiento denominado presa El Zapotillo, por un volumen de 119 millones 837 mil  metros c\u00fabicos anuales para uso p\u00fablico urbano.<\/p>\n<p>La Conagua cita en el documento que el 7 de abril de 1995 se public\u00f3 en el Diario Oficial de la Federaci\u00f3n el Decreto por el que se declar\u00f3 la reserva de las aguas superficiales de la cuenca del R\u00edo Verde, para usos dom\u00e9stico y p\u00fablico urbano, mismo que fue reformado el 17 de noviembre de 1997, para lo cual se reserv\u00f3 un volumen de 119 millones 837 mil  metros c\u00fabicos anuales para Guanajuato, \u00fanica y exclusivamente paara uso p\u00fablico, urbano o dom\u00e9stico.<br \/>\nEsta cantidad de agua es exactamente la que la Conagua ha anunciado que se destinar\u00e1 de la presa El Zapotillo a la ciudad de Le\u00f3n. El t\u00edtulo de asignaci\u00f3n es el  08JAL155604\/12HBOC15.<\/p>\n<p><a href=\"http:\/\/cronicadesociales.org\/2015\/03\/03\/oficializa-conagua-entrega-de-agua-de-el-zapotillo-a-leon\/\" target=\"_blank\">http:\/\/cronicadesociales.org\/2015\/03\/03\/oficializa-conagua-entrega-de-agua-de-el-zapotillo-a-leon\/<\/a><\/p>\n","protected":false},"excerpt":{"rendered":"<p>Alejandra Guill\u00e9n El t\u00edtulo de asignaci\u00f3n le permitir\u00e1 llevarse casi 120 millones de metros c\u00fabicos al a\u00f1o; Los Altos de Jalisco ser\u00e1 la zona m\u00e1s perjudicada, seg\u00fan abogado 3 de &hellip; <a href=\"http:\/\/www.grieta.org.mx\/index.php\/2015\/03\/03\/oficializa-conagua-entrega-de-agua-de-el-zapotillo-a-leon\/\" class=\"more-link\">Leer m\u00e1s<\/a><\/p>\n","protected":false},"author":2,"featured_media":21928,"comment_status":"closed","ping_status":"open","sticky":false,"template":"","format":"standard","meta":{"ngg_post_thumbnail":0,"_jetpack_newsletter_access":"","_jetpack_dont_email_post_to_subs":false,"_jetpack_newsletter_tier_id":0,"_jetpack_memberships_contains_paywalled_content":false,"_jetpack_memberships_contains_paid_content":false,"footnotes":""},"categories":[80,230],"tags":[313],"class_list":["post-5402","post","type-post","status-publish","format-standard","has-post-thumbnail","hentry","category-cintillo","category-jalisco","tag-presa-y-acueducto-del-zapotillo","entry"],"jetpack_featured_media_url":"http:\/\/www.grieta.org.mx\/wp-content\/uploads\/2018\/03\/14524434_1106112876131411_958039263622046936_o.jpg","jetpack_sharing_enabled":true,"jetpack_shortlink":"https:\/\/wp.me\/p7ZJR4-1p8","jetpack_likes_enabled":false,"jetpack-related-posts":[{"id":3569,"url":"http:\/\/www.grieta.org.mx\/index.php\/2016\/03\/07\/la-codicia-por-el-rio-verde\/","url_meta":{"origin":5402,"position":0},"title":"La codicia por el R\u00edo Verde","author":"grieta","date":"7 marzo, 2016","format":false,"excerpt":"Redacci\u00f3n M\u00e1s por m\u00e1s Gdl.- La discusi\u00f3n por la altura de la presa El Zapotillo casi siempre desv\u00eda la atenci\u00f3n de lo que se disputa en el R\u00edo Verde: una batalla por el agua entre empresarios y autoridades de Le\u00f3n con gobernantes de la Zona Metropolitana de Guadalajara as\u00ed como\u2026","rel":"","context":"En &quot;CINTILLO&quot;","block_context":{"text":"CINTILLO","link":"http:\/\/www.grieta.org.mx\/index.php\/category\/cintillo\/"},"img":{"alt_text":"","src":"https:\/\/i0.wp.com\/www.grieta.org.mx\/wp-content\/uploads\/2018\/03\/14524434_1106112876131411_958039263622046936_o.jpg?resize=350%2C200","width":350,"height":200,"srcset":"https:\/\/i0.wp.com\/www.grieta.org.mx\/wp-content\/uploads\/2018\/03\/14524434_1106112876131411_958039263622046936_o.jpg?resize=350%2C200 1x, https:\/\/i0.wp.com\/www.grieta.org.mx\/wp-content\/uploads\/2018\/03\/14524434_1106112876131411_958039263622046936_o.jpg?resize=525%2C300 1.5x, https:\/\/i0.wp.com\/www.grieta.org.mx\/wp-content\/uploads\/2018\/03\/14524434_1106112876131411_958039263622046936_o.jpg?resize=700%2C400 2x"},"classes":[]},{"id":5398,"url":"http:\/\/www.grieta.org.mx\/index.php\/2015\/05\/26\/jalisco-se-seca-advierten-9-organizaciones-que-piden-frenar-trasvase-a-leon\/","url_meta":{"origin":5402,"position":1},"title":"Jalisco se seca, advierten 9 organizaciones que piden frenar trasvase a Le\u00f3n","author":"grieta","date":"26 mayo, 2015","format":false,"excerpt":"Por: Sergio Hern\u00e1ndez M\u00e1rquez Opositores a la presa El Zapotillo y el trasvase a Le\u00f3n presentan la campa\u00f1a \u201cJalisco se seca\u201d. 26 de mayo de 2015.- Este martes un grupo de 9 organizaciones dio a conocer la campa\u00f1a #JaliscoSeSeca en la que pretenden incentivar la toma de conciencia ciudadana de\u2026","rel":"","context":"En &quot;CINTILLO&quot;","block_context":{"text":"CINTILLO","link":"http:\/\/www.grieta.org.mx\/index.php\/category\/cintillo\/"},"img":{"alt_text":"","src":"https:\/\/i0.wp.com\/www.grieta.org.mx\/wp-content\/uploads\/2018\/03\/14524434_1106112876131411_958039263622046936_o.jpg?resize=350%2C200","width":350,"height":200,"srcset":"https:\/\/i0.wp.com\/www.grieta.org.mx\/wp-content\/uploads\/2018\/03\/14524434_1106112876131411_958039263622046936_o.jpg?resize=350%2C200 1x, https:\/\/i0.wp.com\/www.grieta.org.mx\/wp-content\/uploads\/2018\/03\/14524434_1106112876131411_958039263622046936_o.jpg?resize=525%2C300 1.5x, https:\/\/i0.wp.com\/www.grieta.org.mx\/wp-content\/uploads\/2018\/03\/14524434_1106112876131411_958039263622046936_o.jpg?resize=700%2C400 2x"},"classes":[]},{"id":35937,"url":"http:\/\/www.grieta.org.mx\/index.php\/2019\/06\/29\/un-buen-gobernante-no-le-da-la-espalda-al-pueblo-no-incumple-sus-compromisos-temacapulin-jalisco\/","url_meta":{"origin":5402,"position":2},"title":"Un buen gobernante no le da la espalda al pueblo, no incumple sus compromisos: Temacapul\u00edn (Jalisco)","author":"grieta","date":"29 junio, 2019","format":false,"excerpt":"Redacci\u00f3n \/ Somos el Medio A trav\u00e9s de una carta dirigida a Enrique Alfaro Ram\u00edrez, a su Gabinete de Gobierno y a los diputados(as) del Congreso del Estado de Jalisco, el Comit\u00e9 Salvemos Temacapul\u00edn Acasico y Palmarejo, el Colectivo de Abogadxs, el Movimiento Mexicano de Afectados por las Presas y\u2026","rel":"","context":"En &quot;CINTILLO&quot;","block_context":{"text":"CINTILLO","link":"http:\/\/www.grieta.org.mx\/index.php\/category\/cintillo\/"},"img":{"alt_text":"","src":"https:\/\/i0.wp.com\/www.grieta.org.mx\/wp-content\/uploads\/2019\/07\/D-MawzfUYAA3J_I.jpg?resize=350%2C200","width":350,"height":200,"srcset":"https:\/\/i0.wp.com\/www.grieta.org.mx\/wp-content\/uploads\/2019\/07\/D-MawzfUYAA3J_I.jpg?resize=350%2C200 1x, https:\/\/i0.wp.com\/www.grieta.org.mx\/wp-content\/uploads\/2019\/07\/D-MawzfUYAA3J_I.jpg?resize=525%2C300 1.5x"},"classes":[]},{"id":3573,"url":"http:\/\/www.grieta.org.mx\/index.php\/2016\/09\/12\/presa-y-acueducto-el-zapotillo\/","url_meta":{"origin":5402,"position":3},"title":"Resistencia contra la presa y el acueducto El Zapotillo","author":"grieta","date":"12 septiembre, 2016","format":false,"excerpt":"12\/09\/16. Dan facilidades financieras a AbengoaNtr Guadalajara 22\/08\/16. \u201cJam\u00e1s nos iremos de\u00a0Temacapul\u00edn\u201dP\u00e1gina 24 13\/08\/16. Unops \u201cchantajea\u201d a los habitantes de Los\u00a0Altos Sitio Agustin del Castillo 12\/08\/16. Detienen proyecto del Zapotillo am Le\u00f3n 27\/07\/16. Piden que Comisi\u00f3n sobre Presa Zapotillo sea abierta Canal 44 02\/05\/16. Jalisco, el desag\u00fce de El Zapotillo\u2026","rel":"","context":"En &quot;Jalisco&quot;","block_context":{"text":"Jalisco","link":"http:\/\/www.grieta.org.mx\/index.php\/category\/noticias-nacionales\/jalisco\/"},"img":{"alt_text":"","src":"https:\/\/i0.wp.com\/www.grieta.org.mx\/wp-content\/uploads\/2018\/03\/14524434_1106112876131411_958039263622046936_o.jpg?resize=350%2C200","width":350,"height":200,"srcset":"https:\/\/i0.wp.com\/www.grieta.org.mx\/wp-content\/uploads\/2018\/03\/14524434_1106112876131411_958039263622046936_o.jpg?resize=350%2C200 1x, https:\/\/i0.wp.com\/www.grieta.org.mx\/wp-content\/uploads\/2018\/03\/14524434_1106112876131411_958039263622046936_o.jpg?resize=525%2C300 1.5x, https:\/\/i0.wp.com\/www.grieta.org.mx\/wp-content\/uploads\/2018\/03\/14524434_1106112876131411_958039263622046936_o.jpg?resize=700%2C400 2x"},"classes":[]},{"id":10684,"url":"http:\/\/www.grieta.org.mx\/index.php\/2016\/04\/17\/la-suprema-corte-aplaza-la-decision-sobre-el-complicado-caso-de-el-zapotillo\/","url_meta":{"origin":5402,"position":4},"title":"La Suprema Corte aplaza la decisi\u00f3n sobre el complicado caso de El Zapotillo","author":"grieta","date":"17 abril, 2016","format":false,"excerpt":"Tom Buckley, managing editor de El Daily Post contribuy\u00f3 a este reporte. Agricultores y ganaderos desesperados por detener la construcci\u00f3n de un acueducto que atravesar\u00e1 sus tierras en Jalisco, deber\u00e1n esperar para conocer la resoluci\u00f3n despu\u00e9s de que la Corte elimin\u00f3 el caso de su agenda. La Suprema Corte de\u2026","rel":"","context":"En &quot;CINTILLO&quot;","block_context":{"text":"CINTILLO","link":"http:\/\/www.grieta.org.mx\/index.php\/category\/cintillo\/"},"img":{"alt_text":"","src":"https:\/\/i0.wp.com\/www.grieta.org.mx\/wp-content\/uploads\/2018\/03\/14524434_1106112876131411_958039263622046936_o.jpg?resize=350%2C200","width":350,"height":200,"srcset":"https:\/\/i0.wp.com\/www.grieta.org.mx\/wp-content\/uploads\/2018\/03\/14524434_1106112876131411_958039263622046936_o.jpg?resize=350%2C200 1x, https:\/\/i0.wp.com\/www.grieta.org.mx\/wp-content\/uploads\/2018\/03\/14524434_1106112876131411_958039263622046936_o.jpg?resize=525%2C300 1.5x, https:\/\/i0.wp.com\/www.grieta.org.mx\/wp-content\/uploads\/2018\/03\/14524434_1106112876131411_958039263622046936_o.jpg?resize=700%2C400 2x"},"classes":[]},{"id":37018,"url":"http:\/\/www.grieta.org.mx\/index.php\/2019\/07\/24\/por-opacidad-y-sigilo-en-la-realizacion-de-obras-hidricas-pueblos-de-jalisco-firman-acuerdo-para-aprovechar-su-agua-jalisco\/","url_meta":{"origin":5402,"position":5},"title":"Por opacidad y sigilo en la realizaci\u00f3n de obras h\u00eddricas, pueblos de Jalisco firman acuerdo para aprovechar su agua (Jalisco)","author":"grieta","date":"24 julio, 2019","format":false,"excerpt":"El pasado domingo 21 de julio, el pueblo de Temacapul\u00edn recibi\u00f3 a representantes de distintos pueblos de Jalisco, quienes hablaron y acordaron estrategias para luchar contra las malas pol\u00edticas p\u00fablicas federales y estatales en cuanto al manejo y preservaci\u00f3n del agua. Como respuesta a la reciente negociaci\u00f3n que celebraron los\u2026","rel":"","context":"En &quot;CINTILLO&quot;","block_context":{"text":"CINTILLO","link":"http:\/\/www.grieta.org.mx\/index.php\/category\/cintillo\/"},"img":{"alt_text":"","src":"https:\/\/i0.wp.com\/www.grieta.org.mx\/wp-content\/uploads\/2019\/07\/Temaca-44-1200x640.jpg?resize=350%2C200","width":350,"height":200,"srcset":"https:\/\/i0.wp.com\/www.grieta.org.mx\/wp-content\/uploads\/2019\/07\/Temaca-44-1200x640.jpg?resize=350%2C200 1x, https:\/\/i0.wp.com\/www.grieta.org.mx\/wp-content\/uploads\/2019\/07\/Temaca-44-1200x640.jpg?resize=525%2C300 1.5x, https:\/\/i0.wp.com\/www.grieta.org.mx\/wp-content\/uploads\/2019\/07\/Temaca-44-1200x640.jpg?resize=700%2C400 2x, https:\/\/i0.wp.com\/www.grieta.org.mx\/wp-content\/uploads\/2019\/07\/Temaca-44-1200x640.jpg?resize=1050%2C600 3x"},"classes":[]}],"_links":{"self":[{"href":"http:\/\/www.grieta.org.mx\/index.php\/wp-json\/wp\/v2\/posts\/5402","targetHints":{"allow":["GET"]}}],"collection":[{"href":"http:\/\/www.grieta.org.mx\/index.php\/wp-json\/wp\/v2\/posts"}],"about":[{"href":"http:\/\/www.grieta.org.mx\/index.php\/wp-json\/wp\/v2\/types\/post"}],"author":[{"embeddable":true,"href":"http:\/\/www.grieta.org.mx\/index.php\/wp-json\/wp\/v2\/users\/2"}],"replies":[{"embeddable":true,"href":"http:\/\/www.grieta.org.mx\/index.php\/wp-json\/wp\/v2\/comments?post=5402"}],"version-history":[{"count":1,"href":"http:\/\/www.grieta.org.mx\/index.php\/wp-json\/wp\/v2\/posts\/5402\/revisions"}],"predecessor-version":[{"id":10781,"href":"http:\/\/www.grieta.org.mx\/index.php\/wp-json\/wp\/v2\/posts\/5402\/revisions\/10781"}],"wp:featuredmedia":[{"embeddable":true,"href":"http:\/\/www.grieta.org.mx\/index.php\/wp-json\/wp\/v2\/media\/21928"}],"wp:attachment":[{"href":"http:\/\/www.grieta.org.mx\/index.php\/wp-json\/wp\/v2\/media?parent=5402"}],"wp:term":[{"taxonomy":"category","embeddable":true,"href":"http:\/\/www.grieta.org.mx\/index.php\/wp-json\/wp\/v2\/categories?post=5402"},{"taxonomy":"post_tag","embeddable":true,"href":"http:\/\/www.grieta.org.mx\/index.php\/wp-json\/wp\/v2\/tags?post=5402"}],"curies":[{"name":"wp","href":"https:\/\/api.w.org\/{rel}","templated":true}]}}