{"id":53972,"date":"2020-08-12T15:15:37","date_gmt":"2020-08-12T20:15:37","guid":{"rendered":"http:\/\/www.grieta.org.mx\/?p=53972"},"modified":"2020-10-04T15:21:39","modified_gmt":"2020-10-04T20:21:39","slug":"suman-31-mil-empleos-perdidos-en-tamaulipas-a-raiz-del-covid-19","status":"publish","type":"post","link":"http:\/\/www.grieta.org.mx\/index.php\/2020\/08\/12\/suman-31-mil-empleos-perdidos-en-tamaulipas-a-raiz-del-covid-19\/","title":{"rendered":"Suman 31 mil empleos perdidos en Tamaulipas a ra\u00edz del Covid-19"},"content":{"rendered":"<p>Armando Castillo\/HoyTam<br \/>\n12 agosto 2020<\/p>\n<p><img loading=\"lazy\" decoding=\"async\" data-attachment-id=\"53973\" data-permalink=\"http:\/\/www.grieta.org.mx\/index.php\/2020\/08\/12\/suman-31-mil-empleos-perdidos-en-tamaulipas-a-raiz-del-covid-19\/suman-31-mil-empleos-perdidos-en-tamaulipas-a-raiz-del-covid-19\/\" data-orig-file=\"http:\/\/www.grieta.org.mx\/wp-content\/uploads\/2020\/10\/Suman-31-mil-empleos-perdidos-en-Tamaulipas-a-raiz-del-Covid-19.jpg\" data-orig-size=\"960,502\" data-comments-opened=\"0\" data-image-meta=\"{&quot;aperture&quot;:&quot;0&quot;,&quot;credit&quot;:&quot;&quot;,&quot;camera&quot;:&quot;&quot;,&quot;caption&quot;:&quot;&quot;,&quot;created_timestamp&quot;:&quot;0&quot;,&quot;copyright&quot;:&quot;&quot;,&quot;focal_length&quot;:&quot;0&quot;,&quot;iso&quot;:&quot;0&quot;,&quot;shutter_speed&quot;:&quot;0&quot;,&quot;title&quot;:&quot;&quot;,&quot;orientation&quot;:&quot;0&quot;}\" data-image-title=\"Suman-31-mil-empleos-perdidos-en-Tamaulipas-a-raiz-del-Covid-19\" data-image-description=\"\" data-image-caption=\"\" data-medium-file=\"http:\/\/www.grieta.org.mx\/wp-content\/uploads\/2020\/10\/Suman-31-mil-empleos-perdidos-en-Tamaulipas-a-raiz-del-Covid-19-300x157.jpg\" data-large-file=\"http:\/\/www.grieta.org.mx\/wp-content\/uploads\/2020\/10\/Suman-31-mil-empleos-perdidos-en-Tamaulipas-a-raiz-del-Covid-19.jpg\" class=\"alignnone wp-image-53973\" src=\"http:\/\/www.grieta.org.mx\/wp-content\/uploads\/2020\/10\/Suman-31-mil-empleos-perdidos-en-Tamaulipas-a-raiz-del-Covid-19.jpg\" alt=\"\" width=\"900\" height=\"471\" srcset=\"http:\/\/www.grieta.org.mx\/wp-content\/uploads\/2020\/10\/Suman-31-mil-empleos-perdidos-en-Tamaulipas-a-raiz-del-Covid-19.jpg 960w, http:\/\/www.grieta.org.mx\/wp-content\/uploads\/2020\/10\/Suman-31-mil-empleos-perdidos-en-Tamaulipas-a-raiz-del-Covid-19-300x157.jpg 300w, http:\/\/www.grieta.org.mx\/wp-content\/uploads\/2020\/10\/Suman-31-mil-empleos-perdidos-en-Tamaulipas-a-raiz-del-Covid-19-768x402.jpg 768w, http:\/\/www.grieta.org.mx\/wp-content\/uploads\/2020\/10\/Suman-31-mil-empleos-perdidos-en-Tamaulipas-a-raiz-del-Covid-19-956x500.jpg 956w\" sizes=\"auto, (max-width: 900px) 100vw, 900px\" \/><\/p>\n<p>Ciudad Victoria, Tamaulipas. &#8211; La cifra de empleos perdidos en lo que va del a\u00f1o es de alrededor de 31 mil, la mayor parte dentro de la industria maquiladora y en lo que resta del a\u00f1o dif\u00edcilmente se habr\u00e1n de recuperar, estableci\u00f3 el secretario del Trabajo en Tamaulipas, Miguel Villarreal Ongay.<\/p>\n<p>\u201cEstamos haciendo lo posible para ver cu\u00e1ntos podemos recuperar de aqu\u00ed a diciembre, pero se ve un poco complicado, lo que se ha perdido en todo un a\u00f1o recuperarlo en dos meses, pero bueno se le habr\u00e1 de hacer la lucha\u201d, manifest\u00f3.<\/p>\n<p>Coment\u00f3 que la crisis sanitaria generada por la pandemia del COVID-19 es la causa directa de que se hayan perdido estos empleos en este a\u00f1o en el Estado.<\/p>\n<p>\u201cEspero que ya no, lo que estamos notando que la gente est\u00e1 siendo m\u00e1s responsable, en algunas partes est\u00e1 bajando el contagio, ya no est\u00e1 como ven\u00eda, eso puede ayudar muchos a que ya no siga el desempleo y a la reactivaci\u00f3n econ\u00f3mica\u201d, expuso.<\/p>\n<p>El funcionario estatal se\u00f1al\u00f3 que al haber un mejor control y contar con la colaboraci\u00f3n de la gente, se espera que no baje m\u00e1s el \u00edndice de empleos \u201cy que se controle m\u00e1s, que la gente use el cubrebocas para poder salir, pues dif\u00edcilmente\u201d.<\/p>\n<p>Acept\u00f3 que aunque hay datos de desempleo de diferentes sectores la mayor parte de los reportes corresponden al sector manufacturero, \u201cen Victoria por ejemplo tenemos informaci\u00f3n del despido de algunos de los trabajadores, pero ello se debe a un ajuste en la l\u00ednea de producci\u00f3n de esa planta\u201d.<\/p>\n<p>\u201cAqu\u00ed tambi\u00e9n tenemos el dato de la probable contrataci\u00f3n de un gran n\u00famero de trabajos en la maquiladora KEMET, esperamos que con ello se reactive la contrataci\u00f3n en la capital del Estado\u201d, agreg\u00f3.<\/p>\n<p>Villarreal Ongay destac\u00f3 que aunque es dif\u00edcil recuperar todos los empleos perdidos, se est\u00e1 trabajando con la Secretar\u00eda de Desarrollo Econ\u00f3mico para ver algunos proyectos que podr\u00edan servir para avanzar en ese sentido.<\/p>\n<p>oal<\/p>\n<p><a href=\"https:\/\/www.hoytamaulipas.net\/notas\/427819\/Suman-31-mil-empleos-perdidos-en-Tamaulipas-a-raiz-del-Covid-19.html\" rel=\"noopener noreferrer\" target=\"_blank\">https:\/\/www.hoytamaulipas.net\/notas\/427819\/Suman-31-mil-empleos-perdidos-en-Tamaulipas-a-raiz-del-Covid-19.html<\/a><\/p>\n","protected":false},"excerpt":{"rendered":"<p>Armando Castillo\/HoyTam 12 agosto 2020 Ciudad Victoria, Tamaulipas. &#8211; La cifra de empleos perdidos en lo que va del a\u00f1o es de alrededor de 31 mil, la mayor parte dentro &hellip; <a href=\"http:\/\/www.grieta.org.mx\/index.php\/2020\/08\/12\/suman-31-mil-empleos-perdidos-en-tamaulipas-a-raiz-del-covid-19\/\" class=\"more-link\">Leer m\u00e1s<\/a><\/p>\n","protected":false},"author":2,"featured_media":53973,"comment_status":"closed","ping_status":"closed","sticky":false,"template":"","format":"standard","meta":{"ngg_post_thumbnail":0,"_jetpack_newsletter_access":"","_jetpack_dont_email_post_to_subs":false,"_jetpack_newsletter_tier_id":0,"_jetpack_memberships_contains_paywalled_content":false,"_jetpack_memberships_contains_paid_content":false,"footnotes":""},"categories":[80,3269,910,1137,2,33,83],"tags":[3241,2841,2003,3365],"class_list":["post-53972","post","type-post","status-publish","format-standard","has-post-thumbnail","hentry","category-cintillo","category-covid-19-en-tamaulipas","category-explotacion-y-precariedad-laboral","category-explotacion-y-precariedad-laboral-en-tamaulipas","category-noticias-nacionales","category-tamaulipas","category-temas-nacionales","tag-covid-19","tag-explotacion-y-precariedad-laboral","tag-maquiladoras","tag-perdida-de-empleo","entry"],"jetpack_featured_media_url":"http:\/\/www.grieta.org.mx\/wp-content\/uploads\/2020\/10\/Suman-31-mil-empleos-perdidos-en-Tamaulipas-a-raiz-del-Covid-19.jpg","jetpack_sharing_enabled":true,"jetpack_shortlink":"https:\/\/wp.me\/p7ZJR4-e2w","jetpack_likes_enabled":false,"jetpack-related-posts":[{"id":51169,"url":"http:\/\/www.grieta.org.mx\/index.php\/2020\/06\/14\/son-27-mil-957-empleos-perdidos-en-tres-meses-por-covid-19-en-tamaulipas\/","url_meta":{"origin":53972,"position":0},"title":"Son 27 mil 957 empleos perdidos en tres meses por covid-19 en Tamaulipas","author":"grieta","date":"14 junio, 2020","format":false,"excerpt":"V\u00edctor Hugo Dur\u00e1n\/Milenio 14 junio 2020 Tendencia a la baja en asegurados ante el IMSS se mantuvo en mayo; el 70% pertenecen a puestos permanentes. Desempleo\/Archivo Desde marzo y hasta mayo de este a\u00f1o, se han perdido 27 mil 957 empleos en Tamaulipas, de los cuales el 70 por ciento\u2026","rel":"","context":"En &quot;CINTILLO&quot;","block_context":{"text":"CINTILLO","link":"http:\/\/www.grieta.org.mx\/index.php\/category\/cintillo\/"},"img":{"alt_text":"","src":"https:\/\/i0.wp.com\/www.grieta.org.mx\/wp-content\/uploads\/2020\/06\/estima-canacintra-perdida-de-hasta.jpg?resize=350%2C200","width":350,"height":200,"srcset":"https:\/\/i0.wp.com\/www.grieta.org.mx\/wp-content\/uploads\/2020\/06\/estima-canacintra-perdida-de-hasta.jpg?resize=350%2C200 1x, https:\/\/i0.wp.com\/www.grieta.org.mx\/wp-content\/uploads\/2020\/06\/estima-canacintra-perdida-de-hasta.jpg?resize=525%2C300 1.5x, https:\/\/i0.wp.com\/www.grieta.org.mx\/wp-content\/uploads\/2020\/06\/estima-canacintra-perdida-de-hasta.jpg?resize=700%2C400 2x"},"classes":[]},{"id":64901,"url":"http:\/\/www.grieta.org.mx\/index.php\/2022\/08\/16\/maquilas-de-tamaulipas-han-despedido-a-casi-cinco-mil-trabajadores\/","url_meta":{"origin":53972,"position":1},"title":"Maquilas de Tamaulipas han despedido a casi cinco mil trabajadores","author":"grieta","date":"16 agosto, 2022","format":false,"excerpt":"Paola Mel\u00e9ndez\/Hoy Tamaulipas 16 agosto 2022 Seg\u00fan el IMSS, en el Estado se ha presentado una baja de cuatro mil 673 obreros entre marzo y julio del 2022. Ciudad Victoria, Tamaulipas.- La industria maquiladora en Tamaulipas ha recortado casi cinco mil empleos en cuatro meses, seg\u00fan el Instituto Mexicano del\u2026","rel":"","context":"En &quot;CINTILLO&quot;","block_context":{"text":"CINTILLO","link":"http:\/\/www.grieta.org.mx\/index.php\/category\/cintillo\/"},"img":{"alt_text":"","src":"https:\/\/i0.wp.com\/www.grieta.org.mx\/wp-content\/uploads\/2022\/08\/Maquilas-de-Tamaulipas-han-despedido-a-casi-cinco-mil-trabajadores-en-cuatro-meses.jpg?resize=350%2C200","width":350,"height":200,"srcset":"https:\/\/i0.wp.com\/www.grieta.org.mx\/wp-content\/uploads\/2022\/08\/Maquilas-de-Tamaulipas-han-despedido-a-casi-cinco-mil-trabajadores-en-cuatro-meses.jpg?resize=350%2C200 1x, https:\/\/i0.wp.com\/www.grieta.org.mx\/wp-content\/uploads\/2022\/08\/Maquilas-de-Tamaulipas-han-despedido-a-casi-cinco-mil-trabajadores-en-cuatro-meses.jpg?resize=525%2C300 1.5x, https:\/\/i0.wp.com\/www.grieta.org.mx\/wp-content\/uploads\/2022\/08\/Maquilas-de-Tamaulipas-han-despedido-a-casi-cinco-mil-trabajadores-en-cuatro-meses.jpg?resize=700%2C400 2x"},"classes":[]},{"id":50101,"url":"http:\/\/www.grieta.org.mx\/index.php\/2020\/05\/31\/se-pierden-por-pandemia-22-mil-empleos-en-tamaulipas\/","url_meta":{"origin":53972,"position":2},"title":"Se pierden por pandemia 22 mil empleos en Tamaulipas","author":"grieta","date":"31 mayo, 2020","format":false,"excerpt":"Armando Castillo \/Hoy T.am 31 mayo 2020 Carlos Garc\u00eda Gonz\u00e1lez, secretario de Desarrollo Econ\u00f3mico en Tamaulipas, asegur\u00f3 que durante abril y mayo, existe una p\u00e9rdida de unos 22 mil empleos, producto de la situaci\u00f3n de emergencia sanitaria. Ciudad Victoria, Tamaulipas. - Carlos Garc\u00eda Gonz\u00e1lez, secretario de Desarrollo Econ\u00f3mico en Tamaulipas,\u2026","rel":"","context":"En &quot;CINTILLO&quot;","block_context":{"text":"CINTILLO","link":"http:\/\/www.grieta.org.mx\/index.php\/category\/cintillo\/"},"img":{"alt_text":"","src":"https:\/\/i0.wp.com\/www.grieta.org.mx\/wp-content\/uploads\/2020\/06\/Se-pierden-por-pandemia-22-mil-empleos-en-Tamaulipas.jpg?resize=350%2C200","width":350,"height":200,"srcset":"https:\/\/i0.wp.com\/www.grieta.org.mx\/wp-content\/uploads\/2020\/06\/Se-pierden-por-pandemia-22-mil-empleos-en-Tamaulipas.jpg?resize=350%2C200 1x, https:\/\/i0.wp.com\/www.grieta.org.mx\/wp-content\/uploads\/2020\/06\/Se-pierden-por-pandemia-22-mil-empleos-en-Tamaulipas.jpg?resize=525%2C300 1.5x, https:\/\/i0.wp.com\/www.grieta.org.mx\/wp-content\/uploads\/2020\/06\/Se-pierden-por-pandemia-22-mil-empleos-en-Tamaulipas.jpg?resize=700%2C400 2x"},"classes":[]},{"id":34040,"url":"http:\/\/www.grieta.org.mx\/index.php\/2019\/05\/29\/pierde-matamoros-otros-1815-empleos-tamaulipas\/","url_meta":{"origin":53972,"position":3},"title":"Pierde Matamoros otros 1,815 empleos (Tamaulipas)","author":"grieta","date":"29 mayo, 2019","format":false,"excerpt":"Miguel Jim\u00e9nez \/ El Ma\u00f1ana Matamoros, Tam.- De acuerdo a estad\u00edsticas del Instituto Mexicano del Seguro Social se registra que al cierre de abril se han perdido mil 815 empleos formales en Matamoros, de los cuales mil 561 pertenec\u00edan a la industria maquiladora. Al concluir diciembre del a\u00f1o pasado se\u2026","rel":"","context":"En &quot;CINTILLO&quot;","block_context":{"text":"CINTILLO","link":"http:\/\/www.grieta.org.mx\/index.php\/category\/cintillo\/"},"img":{"alt_text":"","src":"https:\/\/i0.wp.com\/www.grieta.org.mx\/wp-content\/uploads\/2019\/06\/Pierde-Matamoros-otros-1815-empleos-tama-jun.jpg?resize=350%2C200","width":350,"height":200,"srcset":"https:\/\/i0.wp.com\/www.grieta.org.mx\/wp-content\/uploads\/2019\/06\/Pierde-Matamoros-otros-1815-empleos-tama-jun.jpg?resize=350%2C200 1x, https:\/\/i0.wp.com\/www.grieta.org.mx\/wp-content\/uploads\/2019\/06\/Pierde-Matamoros-otros-1815-empleos-tama-jun.jpg?resize=525%2C300 1.5x"},"classes":[]},{"id":28973,"url":"http:\/\/www.grieta.org.mx\/index.php\/2019\/02\/14\/en-paro-ilegal-25-empresas-de-matamoros-tamaulipas\/","url_meta":{"origin":53972,"position":4},"title":"En paro \u201cilegal\u201d 25 empresas de Matamoros (Tamaulipas)","author":"grieta","date":"14 febrero, 2019","format":false,"excerpt":"Patricia Azuara \/ CNT Cd. Victoria Tam.-En Matamoros, 25 empresas mantienen un paro \u201cilegal\u201d; los trabajadores est\u00e1n actuando sin apegado a las normas para obtener un aumento salarial. El subsecretario del Trabajo, Enrique F. Salinas Garza, acot\u00f3 que los conflictos laborales que se viven en esa zona froteriza dejaron hasta\u2026","rel":"","context":"En &quot;CINTILLO&quot;","block_context":{"text":"CINTILLO","link":"http:\/\/www.grieta.org.mx\/index.php\/category\/cintillo\/"},"img":{"alt_text":"","src":"https:\/\/i0.wp.com\/www.grieta.org.mx\/wp-content\/uploads\/2019\/02\/En-paro-%E2%80%9Cilegal%E2%80%9D-25-empresas-de-matamoros-tama-feb.jpg?resize=350%2C200","width":350,"height":200,"srcset":"https:\/\/i0.wp.com\/www.grieta.org.mx\/wp-content\/uploads\/2019\/02\/En-paro-%E2%80%9Cilegal%E2%80%9D-25-empresas-de-matamoros-tama-feb.jpg?resize=350%2C200 1x, https:\/\/i0.wp.com\/www.grieta.org.mx\/wp-content\/uploads\/2019\/02\/En-paro-%E2%80%9Cilegal%E2%80%9D-25-empresas-de-matamoros-tama-feb.jpg?resize=525%2C300 1.5x"},"classes":[]},{"id":52279,"url":"http:\/\/www.grieta.org.mx\/index.php\/2020\/07\/22\/denuncian-a-maquiladoras-por-incumplir-medidas-sanitarias\/","url_meta":{"origin":53972,"position":5},"title":"Denuncian a maquiladoras por incumplir medidas sanitarias (Tamaulipas)","author":"grieta","date":"22 julio, 2020","format":false,"excerpt":"Carolina Garza\/Milenio 22 julio 2020 En Reynosa m\u00e1s de 400 empresas enfrentan procesos legales. Maquiladoras de Reynosa en tiempos de covid-19 | Cortes\u00eda Los despachos jur\u00eddicos de Reynosa se saturan de demandas por trabajadores del sector industrial en donde se\u00f1alan, incumplen con las medidas de sanidad. El abogado Javier Gerardo\u2026","rel":"","context":"En &quot;CINTILLO&quot;","block_context":{"text":"CINTILLO","link":"http:\/\/www.grieta.org.mx\/index.php\/category\/cintillo\/"},"img":{"alt_text":"","src":"https:\/\/i0.wp.com\/www.grieta.org.mx\/wp-content\/uploads\/2020\/08\/maquiladoras-de-reynosa-en-tiempos.jpg?resize=350%2C200","width":350,"height":200,"srcset":"https:\/\/i0.wp.com\/www.grieta.org.mx\/wp-content\/uploads\/2020\/08\/maquiladoras-de-reynosa-en-tiempos.jpg?resize=350%2C200 1x, https:\/\/i0.wp.com\/www.grieta.org.mx\/wp-content\/uploads\/2020\/08\/maquiladoras-de-reynosa-en-tiempos.jpg?resize=525%2C300 1.5x, https:\/\/i0.wp.com\/www.grieta.org.mx\/wp-content\/uploads\/2020\/08\/maquiladoras-de-reynosa-en-tiempos.jpg?resize=700%2C400 2x"},"classes":[]}],"_links":{"self":[{"href":"http:\/\/www.grieta.org.mx\/index.php\/wp-json\/wp\/v2\/posts\/53972","targetHints":{"allow":["GET"]}}],"collection":[{"href":"http:\/\/www.grieta.org.mx\/index.php\/wp-json\/wp\/v2\/posts"}],"about":[{"href":"http:\/\/www.grieta.org.mx\/index.php\/wp-json\/wp\/v2\/types\/post"}],"author":[{"embeddable":true,"href":"http:\/\/www.grieta.org.mx\/index.php\/wp-json\/wp\/v2\/users\/2"}],"replies":[{"embeddable":true,"href":"http:\/\/www.grieta.org.mx\/index.php\/wp-json\/wp\/v2\/comments?post=53972"}],"version-history":[{"count":1,"href":"http:\/\/www.grieta.org.mx\/index.php\/wp-json\/wp\/v2\/posts\/53972\/revisions"}],"predecessor-version":[{"id":53974,"href":"http:\/\/www.grieta.org.mx\/index.php\/wp-json\/wp\/v2\/posts\/53972\/revisions\/53974"}],"wp:featuredmedia":[{"embeddable":true,"href":"http:\/\/www.grieta.org.mx\/index.php\/wp-json\/wp\/v2\/media\/53973"}],"wp:attachment":[{"href":"http:\/\/www.grieta.org.mx\/index.php\/wp-json\/wp\/v2\/media?parent=53972"}],"wp:term":[{"taxonomy":"category","embeddable":true,"href":"http:\/\/www.grieta.org.mx\/index.php\/wp-json\/wp\/v2\/categories?post=53972"},{"taxonomy":"post_tag","embeddable":true,"href":"http:\/\/www.grieta.org.mx\/index.php\/wp-json\/wp\/v2\/tags?post=53972"}],"curies":[{"name":"wp","href":"https:\/\/api.w.org\/{rel}","templated":true}]}}