{"id":53958,"date":"2020-08-02T14:12:36","date_gmt":"2020-08-02T19:12:36","guid":{"rendered":"http:\/\/www.grieta.org.mx\/?p=53958"},"modified":"2020-10-04T14:19:31","modified_gmt":"2020-10-04T19:19:31","slug":"investigan-a-bomberos-de-reynosa-por-violar-a-una-menor","status":"publish","type":"post","link":"http:\/\/www.grieta.org.mx\/index.php\/2020\/08\/02\/investigan-a-bomberos-de-reynosa-por-violar-a-una-menor\/","title":{"rendered":"Investigan a Bomberos de Reynosa por violar a una menor"},"content":{"rendered":"<p>Jes\u00fas Hern\u00e1ndez\/Centro Noticias Tamaulipas<br \/>\n2 agosto 2020<\/p>\n<p><img loading=\"lazy\" decoding=\"async\" data-attachment-id=\"53959\" data-permalink=\"http:\/\/www.grieta.org.mx\/index.php\/2020\/08\/02\/investigan-a-bomberos-de-reynosa-por-violar-a-una-menor\/bomberos\/\" data-orig-file=\"http:\/\/www.grieta.org.mx\/wp-content\/uploads\/2020\/10\/bomberos.png\" data-orig-size=\"747,540\" data-comments-opened=\"0\" data-image-meta=\"{&quot;aperture&quot;:&quot;0&quot;,&quot;credit&quot;:&quot;&quot;,&quot;camera&quot;:&quot;&quot;,&quot;caption&quot;:&quot;&quot;,&quot;created_timestamp&quot;:&quot;0&quot;,&quot;copyright&quot;:&quot;&quot;,&quot;focal_length&quot;:&quot;0&quot;,&quot;iso&quot;:&quot;0&quot;,&quot;shutter_speed&quot;:&quot;0&quot;,&quot;title&quot;:&quot;&quot;,&quot;orientation&quot;:&quot;0&quot;}\" data-image-title=\"bomberos\" data-image-description=\"\" data-image-caption=\"\" data-medium-file=\"http:\/\/www.grieta.org.mx\/wp-content\/uploads\/2020\/10\/bomberos-300x217.png\" data-large-file=\"http:\/\/www.grieta.org.mx\/wp-content\/uploads\/2020\/10\/bomberos.png\" src=\"http:\/\/www.grieta.org.mx\/wp-content\/uploads\/2020\/10\/bomberos.png\" alt=\"\" width=\"747\" height=\"540\" class=\"alignnone size-full wp-image-53959\" srcset=\"http:\/\/www.grieta.org.mx\/wp-content\/uploads\/2020\/10\/bomberos.png 747w, http:\/\/www.grieta.org.mx\/wp-content\/uploads\/2020\/10\/bomberos-300x217.png 300w, http:\/\/www.grieta.org.mx\/wp-content\/uploads\/2020\/10\/bomberos-692x500.png 692w\" sizes=\"auto, (max-width: 747px) 100vw, 747px\" \/><\/p>\n<p>Ciudad Victoria.-La Fiscal\u00eda General de Justicia de Tamaulipas investiga a elementos de Protecci\u00f3n Civil y Bomberos en Reynosa,  acusados de haber cometido la violaci\u00f3n de una menor de edad dentro de sus instalaciones oficiales.<\/p>\n<p>Trascendi\u00f3 que por ese motivo se abri\u00f3 la carpeta 774\/2020, por el presunto abuso sexual de una menor de edad que viaj\u00f3 con un grupo de rescatistas de la Ciudad de M\u00e9xico, para colaborar en el auxilio para damnificados del hurac\u00e1n Hanna.<\/p>\n<p>El caso se ha ventilado a trav\u00e9s de varias cuentas de periodistas de la ciudad fronteriza de Reynosa, quienes se\u00f1alan de pr\u00e1cticas nocivas que se realizan en la dependencia.<\/p>\n<p>\u201cIntroducen y consumen bebidas alcoh\u00f3licas a la dependencia municipal, el Coordinador de este departamento Federico Kiko P\u00e9rez, debe renunciar o ser separado de su cargo mientras se realiza la investigaci\u00f3n\u201d, dijeron.<\/p>\n<p>Adem\u00e1s pidieron \u201cla Alcaldesa Maki Ortiz no puede ni debe permitir este tipo de conductas en esta corporaci\u00f3n y en ninguna otra\u201d.<\/p>\n<p>Los periodistas relatan el coordinador de Protecci\u00f3n Civil municipal, Federico P\u00e9rez Lozano, hosped\u00f3 en las instalaciones de la dependencia a los rescatistas capitalinos, entre los que estaba la menor de edad.<\/p>\n<p>\u201cEn el transcurso de la noche del viernes, varios integrantes del grupo consumieron bebidas embriagantes y posteriormente, seg\u00fan diversas versiones ocurri\u00f3 el abuso sexual\u201d, citan los periodistas en Facebook.<\/p>\n<p>Sin embargo P\u00e9rez Lozano distribuy\u00f3 un video donde aparece con el responsable del grupo de voluntarios, \u201cComandante de Operaciones Especiales\u201d de la agrupaci\u00f3n a la que pertenecen, quien asegura que el incidente fue un mal entendido.<\/p>\n<p>Incluso firm\u00f3 un documento donde refiere que los voluntarios ingirieron bebidas embriagantes con un elemento de Protecci\u00f3n Civil.<\/p>\n<p>Se\u00f1ala que hubo una queja de \u201cuna compa\u00f1era de nuestra agrupaci\u00f3n \u201d pero que al realizar las investigaciones \u201cresult\u00f3 que no fue as\u00ed \u201d y que se trat\u00f3 de un malentendido. Luego deslinda de cualquier responsabilidad a los elementos de la corporaci\u00f3n municipal.<\/p>\n<p><a href=\"https:\/\/cntamaulipas.mx\/2020\/08\/02\/investigan-a-bomberos-de-reynosa-por-violar-a-una-menor\/\" rel=\"noopener noreferrer\" target=\"_blank\">https:\/\/cntamaulipas.mx\/2020\/08\/02\/investigan-a-bomberos-de-reynosa-por-violar-a-una-menor\/<\/a><\/p>\n","protected":false},"excerpt":{"rendered":"<p>Jes\u00fas Hern\u00e1ndez\/Centro Noticias Tamaulipas 2 agosto 2020 Ciudad Victoria.-La Fiscal\u00eda General de Justicia de Tamaulipas investiga a elementos de Protecci\u00f3n Civil y Bomberos en Reynosa, acusados de haber cometido la &hellip; <a href=\"http:\/\/www.grieta.org.mx\/index.php\/2020\/08\/02\/investigan-a-bomberos-de-reynosa-por-violar-a-una-menor\/\" class=\"more-link\">Leer m\u00e1s<\/a><\/p>\n","protected":false},"author":2,"featured_media":53959,"comment_status":"closed","ping_status":"closed","sticky":false,"template":"","format":"standard","meta":{"ngg_post_thumbnail":0,"_jetpack_newsletter_access":"","_jetpack_dont_email_post_to_subs":false,"_jetpack_newsletter_tier_id":0,"_jetpack_memberships_contains_paywalled_content":false,"_jetpack_memberships_contains_paid_content":false,"footnotes":""},"categories":[80,2,33,1327],"tags":[3225,3001,94],"class_list":["post-53958","post","type-post","status-publish","format-standard","has-post-thumbnail","hentry","category-cintillo","category-noticias-nacionales","category-tamaulipas","category-violencia-contra-mujeres-en-tamaulipas","tag-aumento-de-la-violencia-contra-las-mujeres","tag-violacion","tag-violencia-contra-mujeres","entry"],"jetpack_featured_media_url":"http:\/\/www.grieta.org.mx\/wp-content\/uploads\/2020\/10\/bomberos.png","jetpack_sharing_enabled":true,"jetpack_shortlink":"https:\/\/wp.me\/p7ZJR4-e2i","jetpack_likes_enabled":false,"jetpack-related-posts":[{"id":45451,"url":"http:\/\/www.grieta.org.mx\/index.php\/2020\/02\/17\/ciudad-victoria-con-mas-casos-de-violacion-sexual-por-familiares-tamaulipas\/","url_meta":{"origin":53958,"position":0},"title":"Ciudad Victoria con m\u00e1s casos de violaci\u00f3n sexual por familiares (Tamaulipas)","author":"grieta","date":"17 febrero, 2020","format":false,"excerpt":"Joaqu\u00edn L\u00f3pez y Antonio Hern\u00e1ndez\/Milenio 17 febrero 2020 En los \u00faltimos tres a\u00f1os, es el municipio del estado que ha registrado un promedio de 70 a 100 casos anuales, donde menores desde los 10 a\u00f1os de edad han padecido abuso de parientes. Ciudad Victoria es el municipio de Tamaulipas con\u2026","rel":"","context":"En &quot;CINTILLO&quot;","block_context":{"text":"CINTILLO","link":"http:\/\/www.grieta.org.mx\/index.php\/category\/cintillo\/"},"img":{"alt_text":"","src":"https:\/\/i0.wp.com\/www.grieta.org.mx\/wp-content\/uploads\/2020\/03\/violencia-foto-archivo_0_0_958_596.jpg?resize=350%2C200","width":350,"height":200,"srcset":"https:\/\/i0.wp.com\/www.grieta.org.mx\/wp-content\/uploads\/2020\/03\/violencia-foto-archivo_0_0_958_596.jpg?resize=350%2C200 1x, https:\/\/i0.wp.com\/www.grieta.org.mx\/wp-content\/uploads\/2020\/03\/violencia-foto-archivo_0_0_958_596.jpg?resize=525%2C300 1.5x, https:\/\/i0.wp.com\/www.grieta.org.mx\/wp-content\/uploads\/2020\/03\/violencia-foto-archivo_0_0_958_596.jpg?resize=700%2C400 2x"},"classes":[]},{"id":34058,"url":"http:\/\/www.grieta.org.mx\/index.php\/2019\/05\/29\/rescatan-a-19-migrantes-en-reynosa-tamaulipas\/","url_meta":{"origin":53958,"position":1},"title":"Rescatan a 19 migrantes en Reynosa, Tamaulipas","author":"grieta","date":"29 mayo, 2019","format":false,"excerpt":"Tamaulipas en l\u00ednea Reynosa, Tamaulipas.- La Secretar\u00eda de Seguridad P\u00fablica inform\u00f3 que la tarde de este martes rescat\u00f3 a 19 migrantes, tres de ellos menores de edad y cuatro mujeres, cuya intenci\u00f3n era cruzar hacia Estados Unidos. De acuerdo con reportes policiales, cerca de las 16:55 horas, tiempo local, elementos\u2026","rel":"","context":"En &quot;CINTILLO&quot;","block_context":{"text":"CINTILLO","link":"http:\/\/www.grieta.org.mx\/index.php\/category\/cintillo\/"},"img":{"alt_text":"","src":"https:\/\/i0.wp.com\/www.grieta.org.mx\/wp-content\/uploads\/2019\/06\/Rescatan-a-19-migrantes-en-Reynosa-Tamaulipas-jun.jpg?resize=350%2C200","width":350,"height":200,"srcset":"https:\/\/i0.wp.com\/www.grieta.org.mx\/wp-content\/uploads\/2019\/06\/Rescatan-a-19-migrantes-en-Reynosa-Tamaulipas-jun.jpg?resize=350%2C200 1x, https:\/\/i0.wp.com\/www.grieta.org.mx\/wp-content\/uploads\/2019\/06\/Rescatan-a-19-migrantes-en-Reynosa-Tamaulipas-jun.jpg?resize=525%2C300 1.5x, https:\/\/i0.wp.com\/www.grieta.org.mx\/wp-content\/uploads\/2019\/06\/Rescatan-a-19-migrantes-en-Reynosa-Tamaulipas-jun.jpg?resize=700%2C400 2x"},"classes":[]},{"id":45441,"url":"http:\/\/www.grieta.org.mx\/index.php\/2020\/02\/15\/tamaulipas-dentro-de-los-10-estados-con-mas-mujeres-asesinadas\/","url_meta":{"origin":53958,"position":2},"title":"Tamaulipas dentro de los 10 estados con m\u00e1s mujeres asesinadas","author":"grieta","date":"15 febrero, 2020","format":false,"excerpt":"Rogelio Rodr\u00edguez Mendoza\/El diario de Ciudad Victoria 15 febrero 2020 Cd. Victoria, Tam.- Durante 2019 un total de 94 mujeres fueron asesinadas violentamente en Tamaulipas. As\u00ed lo revela un informe estad\u00edstico del Secretariado Ejecutivo del Sistema Nacional de Seguridad P\u00fablica (Sesnsp) sobre llamadas de emergencia al 911 relacionadas con incidentes\u2026","rel":"","context":"En &quot;CINTILLO&quot;","block_context":{"text":"CINTILLO","link":"http:\/\/www.grieta.org.mx\/index.php\/category\/cintillo\/"},"img":{"alt_text":"","src":"https:\/\/i0.wp.com\/www.grieta.org.mx\/wp-content\/uploads\/2020\/03\/https___eldiariodevictoria.com_wp-content_uploads_2020_02_feminicidio-696x464.jpg?resize=350%2C200","width":350,"height":200,"srcset":"https:\/\/i0.wp.com\/www.grieta.org.mx\/wp-content\/uploads\/2020\/03\/https___eldiariodevictoria.com_wp-content_uploads_2020_02_feminicidio-696x464.jpg?resize=350%2C200 1x, https:\/\/i0.wp.com\/www.grieta.org.mx\/wp-content\/uploads\/2020\/03\/https___eldiariodevictoria.com_wp-content_uploads_2020_02_feminicidio-696x464.jpg?resize=525%2C300 1.5x"},"classes":[]},{"id":14621,"url":"http:\/\/www.grieta.org.mx\/index.php\/2016\/01\/03\/tamaulipas-con-elevado-indice-de-homicidios-y-desapariciones-de-periodistas\/","url_meta":{"origin":53958,"position":3},"title":"Tamaulipas con elevado \u00edndice de homicidios y desapariciones de periodistas","author":"grieta","date":"3 enero, 2016","format":false,"excerpt":"Redacci\u00f3n\/Todo Noticias Desde el a\u00f1o 2000 a 2015 ocurrieron 20 homicidios y desapariciones de periodistas en Tamaulipas. Ciudad Victoria.- Tamaulipas, despu\u00e9s de Veracruz es la entidad con los m\u00e1s altos \u00edndices de homicidios contra periodistas en el pa\u00eds, seg\u00fan el informe de la Comisi\u00f3n Nacional de Derechos Humano dado a\u2026","rel":"","context":"En &quot;CINTILLO&quot;","block_context":{"text":"CINTILLO","link":"http:\/\/www.grieta.org.mx\/index.php\/category\/cintillo\/"},"img":{"alt_text":"","src":"https:\/\/i0.wp.com\/www.grieta.org.mx\/wp-content\/uploads\/2018\/03\/14524434_1106112876131411_958039263622046936_o.jpg?resize=350%2C200","width":350,"height":200,"srcset":"https:\/\/i0.wp.com\/www.grieta.org.mx\/wp-content\/uploads\/2018\/03\/14524434_1106112876131411_958039263622046936_o.jpg?resize=350%2C200 1x, https:\/\/i0.wp.com\/www.grieta.org.mx\/wp-content\/uploads\/2018\/03\/14524434_1106112876131411_958039263622046936_o.jpg?resize=525%2C300 1.5x, https:\/\/i0.wp.com\/www.grieta.org.mx\/wp-content\/uploads\/2018\/03\/14524434_1106112876131411_958039263622046936_o.jpg?resize=700%2C400 2x"},"classes":[]},{"id":35922,"url":"http:\/\/www.grieta.org.mx\/index.php\/2019\/06\/28\/llega-guardia-nacional-a-reynosa-tamaulipas\/","url_meta":{"origin":53958,"position":4},"title":"Llega Guardia Nacional a Reynosa (Tamaulipas)","author":"grieta","date":"28 junio, 2019","format":false,"excerpt":"Fotograf\u00eda: Publimetro Posta No han presentado informaci\u00f3n oficial sobre el n\u00famero de elementos desplegados en la ciudad fronteriza TAMAULIPAS.- Elementos de la Guardia Nacional (GN) realizan ya patrullajes en las inmediaciones del Puente Internacional Reynosa Hidalgo. Con uniforme militar, los elementos portan en su brazo la insignia que los identifica\u2026","rel":"","context":"En &quot;CINTILLO&quot;","block_context":{"text":"CINTILLO","link":"http:\/\/www.grieta.org.mx\/index.php\/category\/cintillo\/"},"img":{"alt_text":"","src":"https:\/\/i0.wp.com\/www.grieta.org.mx\/wp-content\/uploads\/2019\/07\/Llega-Guardia-Nacional-a-Reynosa-tama-jul.jpg?resize=350%2C200","width":350,"height":200,"srcset":"https:\/\/i0.wp.com\/www.grieta.org.mx\/wp-content\/uploads\/2019\/07\/Llega-Guardia-Nacional-a-Reynosa-tama-jul.jpg?resize=350%2C200 1x, https:\/\/i0.wp.com\/www.grieta.org.mx\/wp-content\/uploads\/2019\/07\/Llega-Guardia-Nacional-a-Reynosa-tama-jul.jpg?resize=525%2C300 1.5x"},"classes":[]},{"id":34046,"url":"http:\/\/www.grieta.org.mx\/index.php\/2019\/05\/30\/aseguran-a-85-migrantes-en-tamaulipas\/","url_meta":{"origin":53958,"position":5},"title":"Aseguran a 85 migrantes en Tamaulipas","author":"grieta","date":"30 mayo, 2019","format":false,"excerpt":"Antonio Hern\u00e1ndez \/ Milenio Salieron de Ciudad Valles, San Luis Potos\u00ed en un autob\u00fas for\u00e1neo con destino a Reynosa, frontera de Tamaulipas. Elementos de la Polic\u00eda Federal aseguraron a 85 indocumentados que viajaban en un autob\u00fas que ten\u00eda como destino llegar a Reynosa. Entre los migrantes hay ni\u00f1os de brazos,\u2026","rel":"","context":"En &quot;CINTILLO&quot;","block_context":{"text":"CINTILLO","link":"http:\/\/www.grieta.org.mx\/index.php\/category\/cintillo\/"},"img":{"alt_text":"","src":"https:\/\/i0.wp.com\/www.grieta.org.mx\/wp-content\/uploads\/2019\/06\/Aseguran-a-85-migrantes-en-Tamaulipas-jun.jpg?resize=350%2C200","width":350,"height":200,"srcset":"https:\/\/i0.wp.com\/www.grieta.org.mx\/wp-content\/uploads\/2019\/06\/Aseguran-a-85-migrantes-en-Tamaulipas-jun.jpg?resize=350%2C200 1x, https:\/\/i0.wp.com\/www.grieta.org.mx\/wp-content\/uploads\/2019\/06\/Aseguran-a-85-migrantes-en-Tamaulipas-jun.jpg?resize=525%2C300 1.5x, https:\/\/i0.wp.com\/www.grieta.org.mx\/wp-content\/uploads\/2019\/06\/Aseguran-a-85-migrantes-en-Tamaulipas-jun.jpg?resize=700%2C400 2x"},"classes":[]}],"_links":{"self":[{"href":"http:\/\/www.grieta.org.mx\/index.php\/wp-json\/wp\/v2\/posts\/53958","targetHints":{"allow":["GET"]}}],"collection":[{"href":"http:\/\/www.grieta.org.mx\/index.php\/wp-json\/wp\/v2\/posts"}],"about":[{"href":"http:\/\/www.grieta.org.mx\/index.php\/wp-json\/wp\/v2\/types\/post"}],"author":[{"embeddable":true,"href":"http:\/\/www.grieta.org.mx\/index.php\/wp-json\/wp\/v2\/users\/2"}],"replies":[{"embeddable":true,"href":"http:\/\/www.grieta.org.mx\/index.php\/wp-json\/wp\/v2\/comments?post=53958"}],"version-history":[{"count":1,"href":"http:\/\/www.grieta.org.mx\/index.php\/wp-json\/wp\/v2\/posts\/53958\/revisions"}],"predecessor-version":[{"id":53960,"href":"http:\/\/www.grieta.org.mx\/index.php\/wp-json\/wp\/v2\/posts\/53958\/revisions\/53960"}],"wp:featuredmedia":[{"embeddable":true,"href":"http:\/\/www.grieta.org.mx\/index.php\/wp-json\/wp\/v2\/media\/53959"}],"wp:attachment":[{"href":"http:\/\/www.grieta.org.mx\/index.php\/wp-json\/wp\/v2\/media?parent=53958"}],"wp:term":[{"taxonomy":"category","embeddable":true,"href":"http:\/\/www.grieta.org.mx\/index.php\/wp-json\/wp\/v2\/categories?post=53958"},{"taxonomy":"post_tag","embeddable":true,"href":"http:\/\/www.grieta.org.mx\/index.php\/wp-json\/wp\/v2\/tags?post=53958"}],"curies":[{"name":"wp","href":"https:\/\/api.w.org\/{rel}","templated":true}]}}