{"id":5394,"date":"2015-08-09T02:22:32","date_gmt":"2015-08-09T02:22:32","guid":{"rendered":"http:\/\/50.22.11.12\/~grietaor\/?p=5394"},"modified":"2016-04-24T23:57:20","modified_gmt":"2016-04-24T23:57:20","slug":"los-hijos-ausentes-presentes-en-temaca","status":"publish","type":"post","link":"http:\/\/www.grieta.org.mx\/index.php\/2015\/08\/09\/los-hijos-ausentes-presentes-en-temaca\/","title":{"rendered":"Los hijos ausentes, presentes en Temaca"},"content":{"rendered":"<p>Por: Alejandra Guill\u00e9n <\/p>\n<p>09 de agosto 2015.- Cuando el pueblo de San Gaspar logr\u00f3 detener la construcci\u00f3n de la presa San Nicol\u00e1s, en 2005, los hijos ausentes tuvieron un papel relevante en la defensa de su terru\u00f1o. Lo mismo ha pasado con los migrantes de Temacapul\u00edn que viven en Guadalajara, California y Monterrey, y con distintos clubes de migrantes que se han organizado para participar en las movilizaciones contra la Presa El Zapotillo.<\/p>\n<p>En el a\u00f1o 2008 se form\u00f3 el Comit\u00e9 Salvemos Temacapul\u00edn, Acasico y Palmarejo y para el a\u00f1o siguiente ya se hab\u00eda formado un comit\u00e9 en Guadalajara que se encargaba de tr\u00e1mites, movilizaciones y todo lo que se requer\u00eda hacer en la ciudad.<\/p>\n<p>Marichuy, una mujer mayor, menudita, pero que no se deja de ning\u00fan funcionario y menos cuando sabe que le quieren dar atole con el dedo, recuerda que a ella la nombraron como presidenta del Comit\u00e9 en Guadalajara, \u201cy a m\u00ed me daba risa, no pensaba que esta cosa iba a agarrar forma. Ten\u00edamos miedo porque pens\u00e1bamos, \u2018nos van a fregar\u2019, pero pues como que s\u00ed tomamos el papel en serio y comenzaron las reuniones constantes. Poco a poco se acrecent\u00f3 lo que ya exist\u00eda y en 2010 creo que tuvimos mayor auge, porque hicimos una primera marcha aqu\u00ed en Guadalajara\u201d.<\/p>\n<p>Ella recuerda que en un principio los diputados ni las volteaban a ver y que Enrique Alfaro, cuando era legislador, fue el primero que los recibi\u00f3. Do\u00f1a Marichuy le dijo que la gente de Temaca no quer\u00eda esas casas \u201cvale madre\u201d a donde la Conagua los quiere desplazar para construir El Zapotillo. \u201c\u00bfCu\u00e1les son esas, se\u00f1ora?\u201d Le pregunt\u00f3 Alfaro. \u201cMire, pues v\u00e1yase a los fraccionamientos como Santa Fe y esas son las casas vale madre: se echa una maroma y cae en casa ajena\u2026 cuando le dije eso no sab\u00eda que luego iba a ser alcalde de Tlajomulco\u201d, cuenta a carcajadas do\u00f1a Marichuy, que as\u00ed como es de alegre y dicharachera es estricta en su posici\u00f3n con respecto a la presa: \u201cYo no voy a vender mi casa, si me sacan es porque me la robaron aquellos: de ah\u00ed yo no me muevo\u201d.<\/p>\n<p>El 2010 fue de muchas movilizaciones y tambi\u00e9n fue el inicio de tejerse con el Club Temaca, del sur de California, que para ese entonces comenzaban a integrarse a la lucha contra la presa El Zapotillo. \u201cLos hijos ausentes de Monterrey, Guadalajara y California nos empezamos a contactar cuando nos dijeron que Temacapul\u00edn iba a ser sede del encuentro mundial del Movimiento Mexicano de Afectados por las Presas y en Defensa de los R\u00edos (MAPDER). Hay que decir que los de California y Monterrey (en su mayor\u00eda tienen negocios de paleter\u00edas) son la parte fuerte en lo econ\u00f3mico y los de Guadalajara somos los que estamos m\u00e1s en todo lo log\u00edstico\u201d, relata la joven Emma Ju\u00e1rez.<\/p>\n<p>De ah\u00ed comenzaron a movilizarse en conjunto y \u201cempezamos a reconocernos los que ten\u00edamos a\u00f1os sin vernos. El encuentro de 2010 le dio la vuelta a la lucha; antes nos sent\u00edamos los \u00fanicos afectados y vimos que era algo que pasaba a nivel mundial\u201d.<br \/>\nCampa\u00f1a, Los ojos del mundo est\u00e1n puestos en Temaca. Foto: Colectivo Ecologista de Jalisco\/Flickr<\/p>\n<p>Marichuy a\u00f1ade que cuando vio a otros pueblos que resist\u00edan, \u201cdije, s\u00ed, s\u00ed podemos, ora s\u00ed estamos unidos y desde donde estamos sabemos que no estamos solos. Siempre haremos algo por lo nuestro\u201d.<\/p>\n<p>Es as\u00ed que se lanz\u00f3 la campa\u00f1a \u201cLos ojos del mundo est\u00e1n puestos en Temaca\u201d y que \u201cdijimos, somos ausentes pero no indiferentes, que a la distancia \u00edbamos a actuar. En Estados Unidos les dec\u00eda que ten\u00edan que alegarle a sus c\u00f3nsules, porque d\u00f3nde queda el programa bienvenido Paisano, si ya no van a tener ombligo a d\u00f3nde llegar\u201d, explica Emma.<\/p>\n<p>Posteriormente, los hijos ausentes de Guadalajara comenzaron a hacer giras informativas en Estados Unidos, con otros federaciones de migrantes jaliscienses que radican en el sur y el norte de California.<\/p>\n<p>Alejandro Gonz\u00e1lez, presidente del club Labor Vieja, cuenta v\u00eda telef\u00f3nica que a partir de esos encuentros, \u201cvimos que ese embalse no le beneficia en nada a Jalisco, como mexicanos no podemos permitir que un una empresa espa\u00f1ola quiera desaparecer a un pueblo y dejar a los Altos y a Guadalajara sin agua\u2026 Ahorita creo que hay m\u00ednimo unos 30 clubes en California que se oponen al proyecto\u201d.<\/p>\n<p>Es as\u00ed que distintos clubes ya han protestado en el Consulado mexicano y en mayor del a\u00f1o pasado, durante una visita del gobernador de Jalisco, Arist\u00f3teles Sandoval.<\/p>\n<p>Marichuy describe que as\u00ed como ella fue perdiendo el miedo, ve que la gente de los Altos de Jalisco, tanto los migrantes como quienes ah\u00ed siguen viviendo, ha ido abriendo los ojos \u201cy se impactan cuando les explican que realmente nos vamos a quedar sin agua, que ya no hay m\u00e1s de donde sacar de los mantos fre\u00e1ticos. A nosotros nos van a sacar, pero a ellos los exterminar\u00edan totalmente\u201d.<\/p>\n<p><a href=\"http:\/\/www.proyectodiez.mx\/los-hijos-ausentes-presentes-en-temaca\/\" target=\"_blank\">http:\/\/www.proyectodiez.mx\/los-hijos-ausentes-presentes-en-temaca\/<\/a><\/p>\n","protected":false},"excerpt":{"rendered":"<p>Por: Alejandra Guill\u00e9n 09 de agosto 2015.- Cuando el pueblo de San Gaspar logr\u00f3 detener la construcci\u00f3n de la presa San Nicol\u00e1s, en 2005, los hijos ausentes tuvieron un papel &hellip; <a href=\"http:\/\/www.grieta.org.mx\/index.php\/2015\/08\/09\/los-hijos-ausentes-presentes-en-temaca\/\" class=\"more-link\">Leer m\u00e1s<\/a><\/p>\n","protected":false},"author":2,"featured_media":21928,"comment_status":"closed","ping_status":"open","sticky":false,"template":"","format":"standard","meta":{"ngg_post_thumbnail":0,"_jetpack_newsletter_access":"","_jetpack_dont_email_post_to_subs":false,"_jetpack_newsletter_tier_id":0,"_jetpack_memberships_contains_paywalled_content":false,"_jetpack_memberships_contains_paid_content":false,"footnotes":""},"categories":[80,230],"tags":[313],"class_list":["post-5394","post","type-post","status-publish","format-standard","has-post-thumbnail","hentry","category-cintillo","category-jalisco","tag-presa-y-acueducto-del-zapotillo","entry"],"jetpack_featured_media_url":"http:\/\/www.grieta.org.mx\/wp-content\/uploads\/2018\/03\/14524434_1106112876131411_958039263622046936_o.jpg","jetpack_sharing_enabled":true,"jetpack_shortlink":"https:\/\/wp.me\/p7ZJR4-1p0","jetpack_likes_enabled":false,"jetpack-related-posts":[{"id":3573,"url":"http:\/\/www.grieta.org.mx\/index.php\/2016\/09\/12\/presa-y-acueducto-el-zapotillo\/","url_meta":{"origin":5394,"position":0},"title":"Resistencia contra la presa y el acueducto El Zapotillo","author":"grieta","date":"12 septiembre, 2016","format":false,"excerpt":"12\/09\/16. Dan facilidades financieras a AbengoaNtr Guadalajara 22\/08\/16. \u201cJam\u00e1s nos iremos de\u00a0Temacapul\u00edn\u201dP\u00e1gina 24 13\/08\/16. Unops \u201cchantajea\u201d a los habitantes de Los\u00a0Altos Sitio Agustin del Castillo 12\/08\/16. Detienen proyecto del Zapotillo am Le\u00f3n 27\/07\/16. Piden que Comisi\u00f3n sobre Presa Zapotillo sea abierta Canal 44 02\/05\/16. Jalisco, el desag\u00fce de El Zapotillo\u2026","rel":"","context":"En &quot;Jalisco&quot;","block_context":{"text":"Jalisco","link":"http:\/\/www.grieta.org.mx\/index.php\/category\/noticias-nacionales\/jalisco\/"},"img":{"alt_text":"","src":"https:\/\/i0.wp.com\/www.grieta.org.mx\/wp-content\/uploads\/2018\/03\/14524434_1106112876131411_958039263622046936_o.jpg?resize=350%2C200","width":350,"height":200,"srcset":"https:\/\/i0.wp.com\/www.grieta.org.mx\/wp-content\/uploads\/2018\/03\/14524434_1106112876131411_958039263622046936_o.jpg?resize=350%2C200 1x, https:\/\/i0.wp.com\/www.grieta.org.mx\/wp-content\/uploads\/2018\/03\/14524434_1106112876131411_958039263622046936_o.jpg?resize=525%2C300 1.5x, https:\/\/i0.wp.com\/www.grieta.org.mx\/wp-content\/uploads\/2018\/03\/14524434_1106112876131411_958039263622046936_o.jpg?resize=700%2C400 2x"},"classes":[]},{"id":9923,"url":"http:\/\/www.grieta.org.mx\/index.php\/2016\/04\/04\/temacapulin-no-se-rinde-en-la-lucha-de-la-presa-el-zapotillo-video\/","url_meta":{"origin":5394,"position":1},"title":"Temacapul\u00edn no se rinde en la lucha de la presa El Zapotillo (video)","author":"grieta","date":"4 abril, 2016","format":false,"excerpt":"Canal 44","rel":"","context":"En &quot;CINTILLO&quot;","block_context":{"text":"CINTILLO","link":"http:\/\/www.grieta.org.mx\/index.php\/category\/cintillo\/"},"img":{"alt_text":"","src":"https:\/\/i0.wp.com\/www.grieta.org.mx\/wp-content\/uploads\/2018\/03\/14524434_1106112876131411_958039263622046936_o.jpg?resize=350%2C200","width":350,"height":200,"srcset":"https:\/\/i0.wp.com\/www.grieta.org.mx\/wp-content\/uploads\/2018\/03\/14524434_1106112876131411_958039263622046936_o.jpg?resize=350%2C200 1x, https:\/\/i0.wp.com\/www.grieta.org.mx\/wp-content\/uploads\/2018\/03\/14524434_1106112876131411_958039263622046936_o.jpg?resize=525%2C300 1.5x, https:\/\/i0.wp.com\/www.grieta.org.mx\/wp-content\/uploads\/2018\/03\/14524434_1106112876131411_958039263622046936_o.jpg?resize=700%2C400 2x"},"classes":[]},{"id":55736,"url":"http:\/\/www.grieta.org.mx\/index.php\/2020\/12\/07\/piden-pobladores-no-ejercer-los-300-mdp-asignados-a-la-presa-el-zapotillo-para-2021\/","url_meta":{"origin":5394,"position":2},"title":"Piden pobladores no ejercer los 300 MDP asignados a la presa El Zapotillo para 2021 (Jalisco)","author":"grieta","date":"7 diciembre, 2020","format":false,"excerpt":"Foto: Ignacio P\u00e9rez Vega Ignacio P\u00e9rez Vega \/ UDGTV Para 2021, el Gobierno federal asign\u00f3\u00a0300 millones de pesos para el proyecto de la presa El Zapotillo\u00a0que busca llevar agua a la ciudad de Le\u00f3n, obra que est\u00e1 detenida desde el a\u00f1o 2014 por diversos juicios de amparo. Por ello, el\u2026","rel":"","context":"En &quot;CINTILLO&quot;","block_context":{"text":"CINTILLO","link":"http:\/\/www.grieta.org.mx\/index.php\/category\/cintillo\/"},"img":{"alt_text":"","src":"https:\/\/i0.wp.com\/www.grieta.org.mx\/wp-content\/uploads\/2020\/12\/WhatsApp-Image-2020-12-06-at-20.10.13-696x383-1.jpeg?resize=350%2C200","width":350,"height":200,"srcset":"https:\/\/i0.wp.com\/www.grieta.org.mx\/wp-content\/uploads\/2020\/12\/WhatsApp-Image-2020-12-06-at-20.10.13-696x383-1.jpeg?resize=350%2C200 1x, https:\/\/i0.wp.com\/www.grieta.org.mx\/wp-content\/uploads\/2020\/12\/WhatsApp-Image-2020-12-06-at-20.10.13-696x383-1.jpeg?resize=525%2C300 1.5x"},"classes":[]},{"id":5383,"url":"http:\/\/www.grieta.org.mx\/index.php\/2015\/11\/09\/temaca-cuestiona-estudio-de-la-onu-sobre-presa-zapotillo-2\/","url_meta":{"origin":5394,"position":3},"title":"Temaca cuestiona estudio de la ONU sobre presa Zapotillo","author":"grieta","date":"9 noviembre, 2015","format":false,"excerpt":"Mario Marlo Gobierno de Jalisco pagar\u00e1 a la ONU 4.6 mdd por estudio de la presa El Zapotillo Guadalajara, Jalisco 9 de noviembre, 2015.- El Comit\u00e9 Salvemos Temacapul\u00edn, Acasico y Palmarejo, el Instituto Mexicano para el Desarrollo Comunitario A.C. (IMDEC) y el Colectivo de Abogados hicieron un llamado al gobernador\u2026","rel":"","context":"En &quot;CINTILLO&quot;","block_context":{"text":"CINTILLO","link":"http:\/\/www.grieta.org.mx\/index.php\/category\/cintillo\/"},"img":{"alt_text":"","src":"https:\/\/i0.wp.com\/www.grieta.org.mx\/wp-content\/uploads\/2018\/03\/14524434_1106112876131411_958039263622046936_o.jpg?resize=350%2C200","width":350,"height":200,"srcset":"https:\/\/i0.wp.com\/www.grieta.org.mx\/wp-content\/uploads\/2018\/03\/14524434_1106112876131411_958039263622046936_o.jpg?resize=350%2C200 1x, https:\/\/i0.wp.com\/www.grieta.org.mx\/wp-content\/uploads\/2018\/03\/14524434_1106112876131411_958039263622046936_o.jpg?resize=525%2C300 1.5x, https:\/\/i0.wp.com\/www.grieta.org.mx\/wp-content\/uploads\/2018\/03\/14524434_1106112876131411_958039263622046936_o.jpg?resize=700%2C400 2x"},"classes":[]},{"id":65738,"url":"http:\/\/www.grieta.org.mx\/index.php\/2022\/11\/10\/los-pueblos-afectados-por-la-presa-el-zapotillo-piden-se-cumpla-lo-pactado-y-reparacion-del-dano-jalisco\/","url_meta":{"origin":5394,"position":4},"title":"Los pueblos afectados por la presa El Zapotillo: piden se cumpla lo pactado y reparaci\u00f3n del da\u00f1o (Jalisco)","author":"grieta","date":"10 noviembre, 2022","format":false,"excerpt":"Imagen: Zona Docs La presa El Zapotillo, es el proyecto h\u00eddrico que dotar\u00e1 de agua a la Zona Metropolitana de Guadalajara y que estuvo suspendido m\u00e1s de 16 a\u00f1os debido a recursos judiciales, ya que la construcci\u00f3n de la presa hubiera provocado\u00a0la inundaci\u00f3n de los tres poblados: Temacapul\u00edn, Acasico y\u2026","rel":"","context":"En &quot;CINTILLO&quot;","block_context":{"text":"CINTILLO","link":"http:\/\/www.grieta.org.mx\/index.php\/category\/cintillo\/"},"img":{"alt_text":"","src":"https:\/\/i0.wp.com\/www.grieta.org.mx\/wp-content\/uploads\/2022\/11\/Captura-de-Pantalla-2022-11-11-a-las-7.37.53-1068x734-1.png?resize=350%2C200","width":350,"height":200,"srcset":"https:\/\/i0.wp.com\/www.grieta.org.mx\/wp-content\/uploads\/2022\/11\/Captura-de-Pantalla-2022-11-11-a-las-7.37.53-1068x734-1.png?resize=350%2C200 1x, https:\/\/i0.wp.com\/www.grieta.org.mx\/wp-content\/uploads\/2022\/11\/Captura-de-Pantalla-2022-11-11-a-las-7.37.53-1068x734-1.png?resize=525%2C300 1.5x, https:\/\/i0.wp.com\/www.grieta.org.mx\/wp-content\/uploads\/2022\/11\/Captura-de-Pantalla-2022-11-11-a-las-7.37.53-1068x734-1.png?resize=700%2C400 2x, https:\/\/i0.wp.com\/www.grieta.org.mx\/wp-content\/uploads\/2022\/11\/Captura-de-Pantalla-2022-11-11-a-las-7.37.53-1068x734-1.png?resize=1050%2C600 3x"},"classes":[]},{"id":35937,"url":"http:\/\/www.grieta.org.mx\/index.php\/2019\/06\/29\/un-buen-gobernante-no-le-da-la-espalda-al-pueblo-no-incumple-sus-compromisos-temacapulin-jalisco\/","url_meta":{"origin":5394,"position":5},"title":"Un buen gobernante no le da la espalda al pueblo, no incumple sus compromisos: Temacapul\u00edn (Jalisco)","author":"grieta","date":"29 junio, 2019","format":false,"excerpt":"Redacci\u00f3n \/ Somos el Medio A trav\u00e9s de una carta dirigida a Enrique Alfaro Ram\u00edrez, a su Gabinete de Gobierno y a los diputados(as) del Congreso del Estado de Jalisco, el Comit\u00e9 Salvemos Temacapul\u00edn Acasico y Palmarejo, el Colectivo de Abogadxs, el Movimiento Mexicano de Afectados por las Presas y\u2026","rel":"","context":"En &quot;CINTILLO&quot;","block_context":{"text":"CINTILLO","link":"http:\/\/www.grieta.org.mx\/index.php\/category\/cintillo\/"},"img":{"alt_text":"","src":"https:\/\/i0.wp.com\/www.grieta.org.mx\/wp-content\/uploads\/2019\/07\/D-MawzfUYAA3J_I.jpg?resize=350%2C200","width":350,"height":200,"srcset":"https:\/\/i0.wp.com\/www.grieta.org.mx\/wp-content\/uploads\/2019\/07\/D-MawzfUYAA3J_I.jpg?resize=350%2C200 1x, https:\/\/i0.wp.com\/www.grieta.org.mx\/wp-content\/uploads\/2019\/07\/D-MawzfUYAA3J_I.jpg?resize=525%2C300 1.5x"},"classes":[]}],"_links":{"self":[{"href":"http:\/\/www.grieta.org.mx\/index.php\/wp-json\/wp\/v2\/posts\/5394","targetHints":{"allow":["GET"]}}],"collection":[{"href":"http:\/\/www.grieta.org.mx\/index.php\/wp-json\/wp\/v2\/posts"}],"about":[{"href":"http:\/\/www.grieta.org.mx\/index.php\/wp-json\/wp\/v2\/types\/post"}],"author":[{"embeddable":true,"href":"http:\/\/www.grieta.org.mx\/index.php\/wp-json\/wp\/v2\/users\/2"}],"replies":[{"embeddable":true,"href":"http:\/\/www.grieta.org.mx\/index.php\/wp-json\/wp\/v2\/comments?post=5394"}],"version-history":[{"count":1,"href":"http:\/\/www.grieta.org.mx\/index.php\/wp-json\/wp\/v2\/posts\/5394\/revisions"}],"predecessor-version":[{"id":10778,"href":"http:\/\/www.grieta.org.mx\/index.php\/wp-json\/wp\/v2\/posts\/5394\/revisions\/10778"}],"wp:featuredmedia":[{"embeddable":true,"href":"http:\/\/www.grieta.org.mx\/index.php\/wp-json\/wp\/v2\/media\/21928"}],"wp:attachment":[{"href":"http:\/\/www.grieta.org.mx\/index.php\/wp-json\/wp\/v2\/media?parent=5394"}],"wp:term":[{"taxonomy":"category","embeddable":true,"href":"http:\/\/www.grieta.org.mx\/index.php\/wp-json\/wp\/v2\/categories?post=5394"},{"taxonomy":"post_tag","embeddable":true,"href":"http:\/\/www.grieta.org.mx\/index.php\/wp-json\/wp\/v2\/tags?post=5394"}],"curies":[{"name":"wp","href":"https:\/\/api.w.org\/{rel}","templated":true}]}}