{"id":5391,"date":"2015-10-12T02:18:50","date_gmt":"2015-10-12T02:18:50","guid":{"rendered":"http:\/\/50.22.11.12\/~grietaor\/?p=5391"},"modified":"2016-04-24T23:56:55","modified_gmt":"2016-04-24T23:56:55","slug":"proyectos-inviables-destruyen-pueblos","status":"publish","type":"post","link":"http:\/\/www.grieta.org.mx\/index.php\/2015\/10\/12\/proyectos-inviables-destruyen-pueblos\/","title":{"rendered":"Proyectos inviables destruyen pueblos"},"content":{"rendered":"<p>Violeta Mel\u00e9ndez<\/p>\n<p>DERROCHE. El gobierno del estado gasta 940 millones de pesos en Arcediano y en El Tempizque, pero las obras no se llevan a cabo. (Foto: Grisel Pajarito)<\/p>\n<p>Gastaron millones en estudios t\u00e9cnicos, presionaron con amenazas a los habitantes para que vendieran sus casas y se fueran, pagaron indemnizaciones risibles, destruyeron los pueblos y, finalmente, los proyectos hidr\u00e1ulicos que buscaban realizar fueron cancelados por inviables.<\/p>\n<p>Eso fue lo que sucedi\u00f3 durante las dos anteriores administraciones estatales:se trata del despojo de pobladores de Arcediano, para la fallida construcci\u00f3n de una presa del mismo nombre, y de la expulsi\u00f3n, tambi\u00e9n forzada, de habitantes de El Tempizque, para una obra complementaria a la planta de tratamiento Agua Prieta, que posteriormente se descart\u00f3.<\/p>\n<p>Ambos casos tambi\u00e9n son ejemplo de impunidad, pues diferentes organismos demostraron violaciones a los derechos humanos de los desplazados e irregularidades en los proyectos que las autoridades estatales en turno planeaban ejecutar, pero en ninguno de los dos hubo repercusiones legales para los responsables.<\/p>\n<p>En el caso de Arcediano, el jurado del Tribunal Permanente de los Pueblos (TPP) emiti\u00f3 un fallo en 2008 en el que indica, con base en testimonios de los afectados, \u201cque las autoridades mexicanas se equivocaron, que destruyeron la comunidad Puente de Arcediano que data de m\u00e1s de 200 a\u00f1os, que la obra no se hizo, que el dinero del erario se derroch\u00f3 y que la reparaci\u00f3n integral de los da\u00f1os contin\u00faa pendiente\u201d.<\/p>\n<p>Tambi\u00e9n el tribunal recomend\u00f3 que se cumpla el derecho de los habitantes a regresar a su poblado, que se les restituya por los da\u00f1os emocionales y psicol\u00f3gicos que sufrieron y que tambi\u00e9n se proceda legalmente contra los responsables, es decir, contra C\u00e9sar Coll Carabias, entonces titular de la Comisi\u00f3n Estatal del Agua (CEA) y principal promotor de la obra fallida.<\/p>\n<p>El dictamen se entreg\u00f3 a la Suprema Corte de Justicia de la Naci\u00f3n (SCJN) el 9 de noviembre de 2012, cuatro a\u00f1os despu\u00e9s del despojo de Guadalupe Lara, el \u00faltimo habitante de Arcediano, pero a la fecha el caso contin\u00faa en el olvido.<\/p>\n<p>Con la misma suerte corrieron los habitantes de El Tempizque, un poblado tambi\u00e9n enclavado en la barranca del r\u00edo Santiago. Ese terreno fue requerido por el mismo Coll Carabias para convertirlo en un monorrelleno, es decir, en un espacio para depositar los lodos que generar\u00eda el tratamiento del agua de la Zona Metropolitana de Guadalajara (ZMG).<\/p>\n<p>Durante la administraci\u00f3n del ex gobernador Emilio Gonz\u00e1lez M\u00e1rquez se concret\u00f3 la expropiaci\u00f3n de las viviendas y se destruy\u00f3 el pueblo, pero no alcanz\u00f3 el tiempo para concretar el proyecto en su gesti\u00f3n. Cuando lleg\u00f3 Arist\u00f3teles Sandoval D\u00edaz se cancel\u00f3 el monorrelleno, pues era inviable hacerlo dentro un \u00c1rea Natural Protegida como lo es la barranca del r\u00edo Santiago.<\/p>\n<p>El saldo de estos dos casos fue la expulsi\u00f3n de 340 personas entre ambos pueblos, la devastaci\u00f3n de dos lugares para vivir, la fragmentaci\u00f3n de familias, da\u00f1os emocionales y patrimoniales que nunca se resarcieron, as\u00ed como un derroche de dinero p\u00fablico que no ser\u00e1 reintegrado.<br \/>\nTempizque, el terreno olvidado<\/p>\n<p>En El Tempizque viv\u00edan 200 personas que, a decir de algunos habitantes, eran parientes entre s\u00ed y viv\u00edan de los cultivos de ma\u00edz que ten\u00eda la mayor\u00eda, r\u00edo abajo. De ser un pueblo tranquilo, de pronto vino la presi\u00f3n por parte de la Comisi\u00f3n Estatal del Agua (CEA) para que vendieran sus propiedades, pues \u00e9sta ten\u00eda el plan de convertir el lugar en un espacio para depositar lodos contaminantes, producto de la limpieza del agua urbana.<\/p>\n<p>Los tr\u00e1mites para hacer este cambio de uso de vocacionamiento en El Tempizque comenzaron en 2006; la otrora Secretar\u00eda de Medio Ambiente para el Desarrollo Sustentable (Semades) se encarg\u00f3 de ellos, y en 2010 hizo lo propio el Ayuntamiento de Zapopan, municipio donde est\u00e1 enclavada la ex localidad.<\/p>\n<p>Los pobladores no quer\u00edan irse, pues era el lugar donde nacieron y donde trabajaban, pero estas instancias los presionaron al punto que cada uno fue aceptando su indemnizaci\u00f3n. En la adquisici\u00f3n de los 82 terrenos el gobierno del estado erog\u00f3 117 millones 210 mil 326 pesos, de acuerdo a documentos en posesi\u00f3n de NTR.<\/p>\n<p>Quienes habitaban ah\u00ed no tuvieron m\u00e1s opci\u00f3n que dedicarse a otra actividad en otro lugar, recibieron indemnizaciones que oscilaron entre 92 mil y hasta un mill\u00f3n de pesos, en el caso de aqu\u00e9llos que ten\u00edan varias propiedades. No obstante, los 300 vieron c\u00f3mo su pueblo se redujo a escombros en cuesti\u00f3n de d\u00edas. A la fecha es un lugar en ruinas.<\/p>\n<p>Con el cambio de administraci\u00f3n, la ahora titular de la Secretar\u00eda de Medio Ambiente y Desarrollo Territorial (Semadet), Magdalena Ruiz Mej\u00eda, en una de sus primeras acciones como funcionaria estatal, dijo que cancelar\u00edan el monorrelleno porque continuar con las obras constitu\u00eda un delito ambiental.<\/p>\n<p>Adem\u00e1s, asever\u00f3 que comenzar\u00edan procesos administrativos contra los ex funcionarios responsables del despojo y del gasto millonario en la obra que no iba a llevarse a cabo. La Contralor\u00eda de la Semadet asegur\u00f3 a este medio que dichas investigaciones no han terminado, por lo que no hay sanciones todav\u00eda.<\/p>\n<p>Por otro lado, Sandoval D\u00edaz asever\u00f3 que el destino de El Tempizque, un lugar en el que ahora s\u00f3lo existe escombro cubierto por vegetaci\u00f3n de la barranca, era convertirse en un parque p\u00fablico. Cuestionado por este medio al respecto, el mandatario reconoci\u00f3 que no hay dinero para ello.<\/p>\n<p>Cuesta Arcediano 800 mdp<\/p>\n<p>Aunque nunca empez\u00f3 la obra civil, la presa de Arcediano implic\u00f3 un gasto al erario de 823 millones de pesos en 157 estudios, tres actualizaciones, pago de indemnizaciones y reubicaci\u00f3n del puente de Arcediano, entre otros conceptos que devinieron en la exterminaci\u00f3n de un pueblo con 200 a\u00f1os de antig\u00fcedad.<\/p>\n<p>Todos estos gastos y medidas recayeron en los sexenios de los panistas Francisco Ram\u00edrez Acu\u00f1a y Emilio Gonz\u00e1lez M\u00e1rquez, quienes se encargaron de darle seguimiento al proyecto desde inicios de 2000, con pr\u00e1cticas que inclu\u00edan amenazas a los pobladores: de no abandonar el lugar, dinamitar\u00edan sus viviendas.<\/p>\n<p>Entre estas medidas hostiles hacia los 140 habitantes de Arcediano, Guadalupe Lara fue la ac\u00e9rrima detractora de la presa, porque se negaba a que le fueran violados sus derechos humanos, pues ella deseaba seguir viviendo en el pueblo en el que creci\u00f3 y en donde se dedicaba a su tienda de abarrotes.<\/p>\n<p>Su lucha ayud\u00f3 a visibilizar el sentir de quienes estaban siendo obligados a salir de sus casas, pues acudi\u00f3 ante el TPP y a sendas reuniones de trabajo con diferentes organismos durante las cuales exigi\u00f3 la cancelaci\u00f3n del proyecto hidr\u00e1ulico, que a principios de 2000 se perfilaba como la obra que resolver\u00eda el abasto de agua de largo plazo para la zona metropolitana.<\/p>\n<p>La presi\u00f3n de la CEA hacia los pobladores de Arcediano inici\u00f3 en 2003 y, de acuerdo a lo declarado por la se\u00f1ora Lara en distintos momentos, a partir de ah\u00ed \u201cse acab\u00f3 la paz y la armon\u00eda, las familias se desunieron y hasta enfermaron\u201d.<\/p>\n<p>Desde entonces y hasta 2007 las autoridades lograron su cometido: que casi la totalidad de los habitantes claudicara y vendiera sus propiedades. Entre ellos, uno de los hermanos de Guadalupe Lara, a quien le pagaron 100 mil pesos por cada uno de sus siete predios.<\/p>\n<p>Esta mujer fue la \u00faltima persona en dejar el poblado, en 2008, cuando \u00e9ste ya estaba siendo derrumbado por el gobierno estatal; hab\u00eda personas, record\u00f3, atestiguando los derrumbes con l\u00e1grimas y coraje, mientras \u201clos perritos buscaban a sus amos y se echaban cerca de las casas demolidas\u201d.<\/p>\n<p>Para entonces, ya se hab\u00eda generado un gasto millonario en estudios de viabilidad e indemnizaciones, a pesar de que acad\u00e9micos y especialistas hac\u00edan hincapi\u00e9 en que esa zona no era factible para una presa, pues hay una falla geol\u00f3gica en la barranca que afectar\u00eda, adem\u00e1s, el r\u00edo Santiago, que ya estaba gravemente contaminado.<\/p>\n<p>Al poco tiempo, el entonces gobernador Emilio Gonz\u00e1lez anunci\u00f3 que el proyecto se cancelaba. A pesar de la petici\u00f3n del TPP hacia el gobierno de Jalisco de cumplir con una serie de atenciones hacia los afectados e, incluso, una disculpa p\u00fablica, nada de eso ha sucedido.<\/p>\n<p><a href=\"http:\/\/www.ntrguadalajara.com\/post.php?id_nota=18123\" target=\"_blank\">http:\/\/www.ntrguadalajara.com\/post.php?id_nota=18123<\/a><\/p>\n","protected":false},"excerpt":{"rendered":"<p>Violeta Mel\u00e9ndez DERROCHE. El gobierno del estado gasta 940 millones de pesos en Arcediano y en El Tempizque, pero las obras no se llevan a cabo. (Foto: Grisel Pajarito) Gastaron &hellip; <a href=\"http:\/\/www.grieta.org.mx\/index.php\/2015\/10\/12\/proyectos-inviables-destruyen-pueblos\/\" class=\"more-link\">Leer m\u00e1s<\/a><\/p>\n","protected":false},"author":2,"featured_media":21928,"comment_status":"closed","ping_status":"open","sticky":false,"template":"","format":"standard","meta":{"ngg_post_thumbnail":0,"_jetpack_newsletter_access":"","_jetpack_dont_email_post_to_subs":false,"_jetpack_newsletter_tier_id":0,"_jetpack_memberships_contains_paywalled_content":false,"_jetpack_memberships_contains_paid_content":false,"footnotes":""},"categories":[80,230],"tags":[313],"class_list":["post-5391","post","type-post","status-publish","format-standard","has-post-thumbnail","hentry","category-cintillo","category-jalisco","tag-presa-y-acueducto-del-zapotillo","entry"],"jetpack_featured_media_url":"http:\/\/www.grieta.org.mx\/wp-content\/uploads\/2018\/03\/14524434_1106112876131411_958039263622046936_o.jpg","jetpack_sharing_enabled":true,"jetpack_shortlink":"https:\/\/wp.me\/p7ZJR4-1oX","jetpack_likes_enabled":false,"jetpack-related-posts":[{"id":3573,"url":"http:\/\/www.grieta.org.mx\/index.php\/2016\/09\/12\/presa-y-acueducto-el-zapotillo\/","url_meta":{"origin":5391,"position":0},"title":"Resistencia contra la presa y el acueducto El Zapotillo","author":"grieta","date":"12 septiembre, 2016","format":false,"excerpt":"12\/09\/16. Dan facilidades financieras a AbengoaNtr Guadalajara 22\/08\/16. \u201cJam\u00e1s nos iremos de\u00a0Temacapul\u00edn\u201dP\u00e1gina 24 13\/08\/16. Unops \u201cchantajea\u201d a los habitantes de Los\u00a0Altos Sitio Agustin del Castillo 12\/08\/16. Detienen proyecto del Zapotillo am Le\u00f3n 27\/07\/16. Piden que Comisi\u00f3n sobre Presa Zapotillo sea abierta Canal 44 02\/05\/16. Jalisco, el desag\u00fce de El Zapotillo\u2026","rel":"","context":"En &quot;Jalisco&quot;","block_context":{"text":"Jalisco","link":"http:\/\/www.grieta.org.mx\/index.php\/category\/noticias-nacionales\/jalisco\/"},"img":{"alt_text":"","src":"https:\/\/i0.wp.com\/www.grieta.org.mx\/wp-content\/uploads\/2018\/03\/14524434_1106112876131411_958039263622046936_o.jpg?resize=350%2C200","width":350,"height":200,"srcset":"https:\/\/i0.wp.com\/www.grieta.org.mx\/wp-content\/uploads\/2018\/03\/14524434_1106112876131411_958039263622046936_o.jpg?resize=350%2C200 1x, https:\/\/i0.wp.com\/www.grieta.org.mx\/wp-content\/uploads\/2018\/03\/14524434_1106112876131411_958039263622046936_o.jpg?resize=525%2C300 1.5x, https:\/\/i0.wp.com\/www.grieta.org.mx\/wp-content\/uploads\/2018\/03\/14524434_1106112876131411_958039263622046936_o.jpg?resize=700%2C400 2x"},"classes":[]},{"id":30302,"url":"http:\/\/www.grieta.org.mx\/index.php\/2019\/03\/05\/avanza-dialogo-por-cancelacion-de-presa-el-zapotillo-jalisco\/","url_meta":{"origin":5391,"position":1},"title":"Avanza di\u00e1logo por cancelaci\u00f3n de presa El Zapotillo (Jalisco)","author":"grieta","date":"5 marzo, 2019","format":false,"excerpt":"NANCY G\u00d3MEZ\u00a0\/ SDPNOTICIAS.COM Autoridades federales y pobladores afectados por la construcci\u00f3n de la presa, se reunieron para definir el destino del proyecto que lleva 5 a\u00f1os detenido. \u00a0 M\u00e9xico.- Habitante de los pueblos de\u00a0Temacapul\u00edn, Acasico y Palmarejo,\u00a0Jalisco, se reunieron con el asesor de Presidencia,\u00a0L\u00e1zaro C\u00e1rdenas Batel, y Javier Guerrero,de la\u2026","rel":"","context":"En &quot;CINTILLO&quot;","block_context":{"text":"CINTILLO","link":"http:\/\/www.grieta.org.mx\/index.php\/category\/cintillo\/"},"img":{"alt_text":"","src":"https:\/\/i0.wp.com\/www.grieta.org.mx\/wp-content\/uploads\/2019\/03\/zapotillo.jpeg?resize=350%2C200","width":350,"height":200,"srcset":"https:\/\/i0.wp.com\/www.grieta.org.mx\/wp-content\/uploads\/2019\/03\/zapotillo.jpeg?resize=350%2C200 1x, https:\/\/i0.wp.com\/www.grieta.org.mx\/wp-content\/uploads\/2019\/03\/zapotillo.jpeg?resize=525%2C300 1.5x"},"classes":[]},{"id":5398,"url":"http:\/\/www.grieta.org.mx\/index.php\/2015\/05\/26\/jalisco-se-seca-advierten-9-organizaciones-que-piden-frenar-trasvase-a-leon\/","url_meta":{"origin":5391,"position":2},"title":"Jalisco se seca, advierten 9 organizaciones que piden frenar trasvase a Le\u00f3n","author":"grieta","date":"26 mayo, 2015","format":false,"excerpt":"Por: Sergio Hern\u00e1ndez M\u00e1rquez Opositores a la presa El Zapotillo y el trasvase a Le\u00f3n presentan la campa\u00f1a \u201cJalisco se seca\u201d. 26 de mayo de 2015.- Este martes un grupo de 9 organizaciones dio a conocer la campa\u00f1a #JaliscoSeSeca en la que pretenden incentivar la toma de conciencia ciudadana de\u2026","rel":"","context":"En &quot;CINTILLO&quot;","block_context":{"text":"CINTILLO","link":"http:\/\/www.grieta.org.mx\/index.php\/category\/cintillo\/"},"img":{"alt_text":"","src":"https:\/\/i0.wp.com\/www.grieta.org.mx\/wp-content\/uploads\/2018\/03\/14524434_1106112876131411_958039263622046936_o.jpg?resize=350%2C200","width":350,"height":200,"srcset":"https:\/\/i0.wp.com\/www.grieta.org.mx\/wp-content\/uploads\/2018\/03\/14524434_1106112876131411_958039263622046936_o.jpg?resize=350%2C200 1x, https:\/\/i0.wp.com\/www.grieta.org.mx\/wp-content\/uploads\/2018\/03\/14524434_1106112876131411_958039263622046936_o.jpg?resize=525%2C300 1.5x, https:\/\/i0.wp.com\/www.grieta.org.mx\/wp-content\/uploads\/2018\/03\/14524434_1106112876131411_958039263622046936_o.jpg?resize=700%2C400 2x"},"classes":[]},{"id":852,"url":"http:\/\/www.grieta.org.mx\/index.php\/2016\/02\/29\/oposicion-a-la-presa-las-cruces-en-nayarit\/","url_meta":{"origin":5391,"position":3},"title":"Oposici\u00f3n a la presa Las Cruces en Nayarit","author":"grieta","date":"29 febrero, 2016","format":false,"excerpt":"29\/02\/16. Se frena construcci\u00f3n de Presa \"Las Cruces\" 02\/02\/16. Proyecto hidroel\u00e9ctrico Las Cruces amenaza al humedal m\u00e1s importante del Pac\u00edfico mexicano AIDA 01\/12\/15. Comunidades de Acaponeta se resisten a la expropiaci\u00f3n de sus tierras Nayarit en l\u00ednea 20\/11\/15. Sedatu expropiar\u00e1 tierras para construir presa en Nayarit Sin Embargo 26\/10\/15. \u201cNos\u2026","rel":"","context":"En &quot;22. N\u00e1yeris&quot;","block_context":{"text":"22. N\u00e1yeris","link":"http:\/\/www.grieta.org.mx\/index.php\/category\/espejos-de-la-resistencia\/22-nayeris\/"},"img":{"alt_text":"","src":"https:\/\/i0.wp.com\/www.grieta.org.mx\/wp-content\/uploads\/2018\/03\/14524434_1106112876131411_958039263622046936_o.jpg?resize=350%2C200","width":350,"height":200,"srcset":"https:\/\/i0.wp.com\/www.grieta.org.mx\/wp-content\/uploads\/2018\/03\/14524434_1106112876131411_958039263622046936_o.jpg?resize=350%2C200 1x, https:\/\/i0.wp.com\/www.grieta.org.mx\/wp-content\/uploads\/2018\/03\/14524434_1106112876131411_958039263622046936_o.jpg?resize=525%2C300 1.5x, https:\/\/i0.wp.com\/www.grieta.org.mx\/wp-content\/uploads\/2018\/03\/14524434_1106112876131411_958039263622046936_o.jpg?resize=700%2C400 2x"},"classes":[]},{"id":69216,"url":"http:\/\/www.grieta.org.mx\/index.php\/2024\/06\/15\/indigenas-se-oponen-al-proyecto-del-gasoducto-puerta-al-sureste-en-veracruz\/","url_meta":{"origin":5391,"position":4},"title":"Ind\u00edgenas se oponen al proyecto del gasoducto Puerta al Sureste en Veracruz","author":"grieta","date":"15 junio, 2024","format":false,"excerpt":"Juan David Castilla \/ Hora Cero Pobladores ind\u00edgenas denunciaron que no fueron consultados para el proyecto del gasoducto Puerta al Sureste, que pretende llevar gas, extra\u00eddo con la t\u00e9cnica altamente contaminante conocida como fracking, desde Tuxpan hasta Coatzacoalcos y a la refiner\u00eda Dos Bocas. Las organizaciones ambientalistas Conexiones Clim\u00e1ticas, Centro\u2026","rel":"","context":"En &quot;CINTILLO&quot;","block_context":{"text":"CINTILLO","link":"http:\/\/www.grieta.org.mx\/index.php\/category\/cintillo\/"},"img":{"alt_text":"","src":"https:\/\/i0.wp.com\/www.grieta.org.mx\/wp-content\/uploads\/2024\/06\/IMG-20240615-WA0014.jpg?resize=350%2C200","width":350,"height":200,"srcset":"https:\/\/i0.wp.com\/www.grieta.org.mx\/wp-content\/uploads\/2024\/06\/IMG-20240615-WA0014.jpg?resize=350%2C200 1x, https:\/\/i0.wp.com\/www.grieta.org.mx\/wp-content\/uploads\/2024\/06\/IMG-20240615-WA0014.jpg?resize=525%2C300 1.5x, https:\/\/i0.wp.com\/www.grieta.org.mx\/wp-content\/uploads\/2024\/06\/IMG-20240615-WA0014.jpg?resize=700%2C400 2x"},"classes":[]},{"id":72297,"url":"http:\/\/www.grieta.org.mx\/index.php\/2025\/09\/01\/festival-por-el-lago-de-chapala-reunio-a-pueblos-riberenos-en-defensa-del-lago-mas-grande-de-mexico-jalisco\/","url_meta":{"origin":5391,"position":5},"title":"Festival por el Lago de Chapala reuni\u00f3 a pueblos ribere\u00f1os en defensa del lago m\u00e1s grande de M\u00e9xico (Jalisco)","author":"grieta","date":"1 septiembre, 2025","format":false,"excerpt":"Imagen: Maro Marlo Durante m\u00e1s de once horas, habitantes de la ribera, activistas, artistas y comunidades extranjeras en Ajijic participaron en el Festival por el Lago de Chapala, un encuentro cultural y de protesta pac\u00edfica que visibiliz\u00f3 los riesgos de los proyectos de nuevos acueductos y exigi\u00f3 la restauraci\u00f3n integral\u2026","rel":"","context":"En &quot;CINTILLO&quot;","block_context":{"text":"CINTILLO","link":"http:\/\/www.grieta.org.mx\/index.php\/category\/cintillo\/"},"img":{"alt_text":"","src":"https:\/\/i0.wp.com\/www.grieta.org.mx\/wp-content\/uploads\/2025\/09\/IMG_2416.jpeg?resize=350%2C200","width":350,"height":200,"srcset":"https:\/\/i0.wp.com\/www.grieta.org.mx\/wp-content\/uploads\/2025\/09\/IMG_2416.jpeg?resize=350%2C200 1x, https:\/\/i0.wp.com\/www.grieta.org.mx\/wp-content\/uploads\/2025\/09\/IMG_2416.jpeg?resize=525%2C300 1.5x, https:\/\/i0.wp.com\/www.grieta.org.mx\/wp-content\/uploads\/2025\/09\/IMG_2416.jpeg?resize=700%2C400 2x, https:\/\/i0.wp.com\/www.grieta.org.mx\/wp-content\/uploads\/2025\/09\/IMG_2416.jpeg?resize=1050%2C600 3x"},"classes":[]}],"_links":{"self":[{"href":"http:\/\/www.grieta.org.mx\/index.php\/wp-json\/wp\/v2\/posts\/5391","targetHints":{"allow":["GET"]}}],"collection":[{"href":"http:\/\/www.grieta.org.mx\/index.php\/wp-json\/wp\/v2\/posts"}],"about":[{"href":"http:\/\/www.grieta.org.mx\/index.php\/wp-json\/wp\/v2\/types\/post"}],"author":[{"embeddable":true,"href":"http:\/\/www.grieta.org.mx\/index.php\/wp-json\/wp\/v2\/users\/2"}],"replies":[{"embeddable":true,"href":"http:\/\/www.grieta.org.mx\/index.php\/wp-json\/wp\/v2\/comments?post=5391"}],"version-history":[{"count":1,"href":"http:\/\/www.grieta.org.mx\/index.php\/wp-json\/wp\/v2\/posts\/5391\/revisions"}],"predecessor-version":[{"id":10777,"href":"http:\/\/www.grieta.org.mx\/index.php\/wp-json\/wp\/v2\/posts\/5391\/revisions\/10777"}],"wp:featuredmedia":[{"embeddable":true,"href":"http:\/\/www.grieta.org.mx\/index.php\/wp-json\/wp\/v2\/media\/21928"}],"wp:attachment":[{"href":"http:\/\/www.grieta.org.mx\/index.php\/wp-json\/wp\/v2\/media?parent=5391"}],"wp:term":[{"taxonomy":"category","embeddable":true,"href":"http:\/\/www.grieta.org.mx\/index.php\/wp-json\/wp\/v2\/categories?post=5391"},{"taxonomy":"post_tag","embeddable":true,"href":"http:\/\/www.grieta.org.mx\/index.php\/wp-json\/wp\/v2\/tags?post=5391"}],"curies":[{"name":"wp","href":"https:\/\/api.w.org\/{rel}","templated":true}]}}