{"id":53902,"date":"2020-09-28T11:32:32","date_gmt":"2020-09-28T16:32:32","guid":{"rendered":"http:\/\/www.grieta.org.mx\/?p=53902"},"modified":"2020-10-01T11:39:06","modified_gmt":"2020-10-01T16:39:06","slug":"leslie-y-jenny-desaparecieron-al-subir-a-un-taxi-en-colima","status":"publish","type":"post","link":"http:\/\/www.grieta.org.mx\/index.php\/2020\/09\/28\/leslie-y-jenny-desaparecieron-al-subir-a-un-taxi-en-colima\/","title":{"rendered":"Leslie y Jenny desaparecieron al subir a un taxi en Colima"},"content":{"rendered":"<p><img loading=\"lazy\" decoding=\"async\" data-attachment-id=\"53903\" data-permalink=\"http:\/\/www.grieta.org.mx\/index.php\/2020\/09\/28\/leslie-y-jenny-desaparecieron-al-subir-a-un-taxi-en-colima\/image-244\/\" data-orig-file=\"http:\/\/www.grieta.org.mx\/wp-content\/uploads\/2020\/10\/image-244.png\" data-orig-size=\"585,310\" data-comments-opened=\"0\" data-image-meta=\"{&quot;aperture&quot;:&quot;0&quot;,&quot;credit&quot;:&quot;&quot;,&quot;camera&quot;:&quot;&quot;,&quot;caption&quot;:&quot;&quot;,&quot;created_timestamp&quot;:&quot;0&quot;,&quot;copyright&quot;:&quot;&quot;,&quot;focal_length&quot;:&quot;0&quot;,&quot;iso&quot;:&quot;0&quot;,&quot;shutter_speed&quot;:&quot;0&quot;,&quot;title&quot;:&quot;&quot;,&quot;orientation&quot;:&quot;0&quot;}\" data-image-title=\"image-244\" data-image-description=\"\" data-image-caption=\"\" data-medium-file=\"http:\/\/www.grieta.org.mx\/wp-content\/uploads\/2020\/10\/image-244-300x159.png\" data-large-file=\"http:\/\/www.grieta.org.mx\/wp-content\/uploads\/2020\/10\/image-244.png\" class=\" wp-image-53903 aligncenter\" src=\"http:\/\/www.grieta.org.mx\/wp-content\/uploads\/2020\/10\/image-244.png\" alt=\"\" width=\"800\" height=\"424\" srcset=\"http:\/\/www.grieta.org.mx\/wp-content\/uploads\/2020\/10\/image-244.png 585w, http:\/\/www.grieta.org.mx\/wp-content\/uploads\/2020\/10\/image-244-300x159.png 300w\" sizes=\"auto, (max-width: 800px) 100vw, 800px\" \/><\/p>\n<p>Imagenes: Diario Avanzada<\/p>\n<p>&nbsp;<\/p>\n<p>Heidi de Le\u00f3n Guti\u00e9rrez \/ Diario Avanzada<\/p>\n<p>Colima, M\u00e9xico, Avanzada (28\/09\/2020).- Jennifer y Leslie no se conocieron, pero las dos desaparecieron en el municipio de Colima despu\u00e9s de abordar un taxi. Hasta la fecha, sus familiares las siguen buscando, mientras que los avances en la Fiscal\u00eda del Estado son pr\u00e1cticamente nulos.<\/p>\n<p>La primera desapareci\u00f3 en 2020 y la segunda en 2017. Las dos son mujeres j\u00f3venes, delgadas, con cabello negro y largo.<\/p>\n<p>La mam\u00e1 de Jennifer, Gabriela Far\u00edas declar\u00f3 que en Colima habr\u00eda redes de trata de personas, sin embargo, la autoridad no ha reconocido la situaci\u00f3n a pesar de la constante desaparici\u00f3n de mujeres.<\/p>\n<p>El 18 de abril de este a\u00f1o, Jennifer de 20 a\u00f1os de edad, 1.65 metros de estatura y complexi\u00f3n delgada, fue a la casa de una amiga en la colonia Bosques del Sur en la capital del estado, donde abord\u00f3 un taxi y hasta la fecha se desconoce su paradero.<\/p>\n<p>Por su parte, Leslie de 24 a\u00f1os de edad desapareci\u00f3 en Colima el primero de marzo de 2017 y a tres a\u00f1os\u00a0de ese suceso, las noticias que se tienen para localizarlas son pr\u00e1cticamente nulas.<\/p>\n<p>La joven estudiaba Derecho en una Universidad Privada y el primero de marzo de 2017 ir\u00eda con unas amigas a realizar una tarea; pidi\u00f3 un taxi, lleg\u00f3 por ella, lo abord\u00f3 y jam\u00e1s han vuelto a saber sobre ella.<\/p>\n<p>En informaci\u00f3n que se difundi\u00f3 en el 2017 en medios de comunicaci\u00f3n, se inform\u00f3 que un joven llam\u00f3 al padre de Leslie para decirle que la ten\u00edan en un rancho, pero despu\u00e9s se la llevar\u00edan a otro lugar.<\/p>\n<p>Hasta el 31 de diciembre de 2019 exist\u00edan 364 mujeres desaparecidas, la mayor\u00eda menores de 30 a\u00f1os de edad. A nivel nacional, en ese mismo periodo exist\u00edan 15 mil 835 mujeres desaparecidas, seg\u00fan el Informe sobre fosas clandestinas y registro nacional de personas desaparecidas o no localizadas que present\u00f3 la Secretar\u00eda de Gobernaci\u00f3n en el 2019.<\/p>\n<p><a href=\"https:\/\/www.diarioavanzada.com.mx\/?p=15801\">https:\/\/www.diarioavanzada.com.mx\/?p=15801<\/a><\/p>\n","protected":false},"excerpt":{"rendered":"<p>Imagenes: Diario Avanzada &nbsp; Heidi de Le\u00f3n Guti\u00e9rrez \/ Diario Avanzada Colima, M\u00e9xico, Avanzada (28\/09\/2020).- Jennifer y Leslie no se conocieron, pero las dos desaparecieron en el municipio de Colima &hellip; <a href=\"http:\/\/www.grieta.org.mx\/index.php\/2020\/09\/28\/leslie-y-jenny-desaparecieron-al-subir-a-un-taxi-en-colima\/\" class=\"more-link\">Leer m\u00e1s<\/a><\/p>\n","protected":false},"author":2,"featured_media":53903,"comment_status":"closed","ping_status":"closed","sticky":false,"template":"","format":"standard","meta":{"ngg_post_thumbnail":0,"_jetpack_newsletter_access":"","_jetpack_dont_email_post_to_subs":false,"_jetpack_newsletter_tier_id":0,"_jetpack_memberships_contains_paywalled_content":false,"_jetpack_memberships_contains_paid_content":false,"footnotes":""},"categories":[80,13,87,1829,2,83],"tags":[1828,631,799,1668,2270,417],"class_list":["post-53902","post","type-post","status-publish","format-standard","has-post-thumbnail","hentry","category-cintillo","category-colima","category-desaparecidos","category-desaparecidos-en-colima","category-noticias-nacionales","category-temas-nacionales","tag-busqueda-de-desaparecidos","tag-desaparecidas","tag-explotacion-sexual","tag-familiares-de-desaparecidos","tag-mujeres-desaparecidas","tag-trata-de-personas","entry"],"jetpack_featured_media_url":"http:\/\/www.grieta.org.mx\/wp-content\/uploads\/2020\/10\/image-244.png","jetpack_sharing_enabled":true,"jetpack_shortlink":"https:\/\/wp.me\/p7ZJR4-e1o","jetpack_likes_enabled":false,"jetpack-related-posts":[{"id":57840,"url":"http:\/\/www.grieta.org.mx\/index.php\/2021\/03\/16\/hay-399-mujeres-desaparecidas-en-colima-segun-el-fiscal-ninguna-es-por-trata\/","url_meta":{"origin":53902,"position":0},"title":"Hay 399 mujeres desaparecidas en Colima, seg\u00fan el Fiscal ninguna es por trata","author":"grieta","date":"16 marzo, 2021","format":false,"excerpt":"Imagen: Diario Avanzada Heidi de Le\u00f3n Guti\u00e9rrez \/ Diario Avanzada Colima, M\u00e9xico, Avanzada (16\/03\/2021).- En el estado de Colima existen 399 mujeres desaparecidas, de las cuales 105 son adolescentes o menores de edad, seg\u00fan los datos m\u00e1s actualizados con los que cuenta la secretar\u00eda de Gobernaci\u00f3n. La cifra anterior se\u2026","rel":"","context":"En &quot;CINTILLO&quot;","block_context":{"text":"CINTILLO","link":"http:\/\/www.grieta.org.mx\/index.php\/category\/cintillo\/"},"img":{"alt_text":"","src":"https:\/\/i0.wp.com\/www.grieta.org.mx\/wp-content\/uploads\/2021\/03\/159821306_436976120888799_9136011263406433812_n.jpg?resize=350%2C200","width":350,"height":200,"srcset":"https:\/\/i0.wp.com\/www.grieta.org.mx\/wp-content\/uploads\/2021\/03\/159821306_436976120888799_9136011263406433812_n.jpg?resize=350%2C200 1x, https:\/\/i0.wp.com\/www.grieta.org.mx\/wp-content\/uploads\/2021\/03\/159821306_436976120888799_9136011263406433812_n.jpg?resize=525%2C300 1.5x, https:\/\/i0.wp.com\/www.grieta.org.mx\/wp-content\/uploads\/2021\/03\/159821306_436976120888799_9136011263406433812_n.jpg?resize=700%2C400 2x, https:\/\/i0.wp.com\/www.grieta.org.mx\/wp-content\/uploads\/2021\/03\/159821306_436976120888799_9136011263406433812_n.jpg?resize=1050%2C600 3x"},"classes":[]},{"id":53898,"url":"http:\/\/www.grieta.org.mx\/index.php\/2020\/09\/28\/a-las-mujeres-se-las-llevan-para-trata-a-los-hombres-no-sabemos-colima\/","url_meta":{"origin":53902,"position":1},"title":"\u201cA las mujeres se las llevan para trata, a los hombres, no sabemos\u201d (Colima)","author":"grieta","date":"28 septiembre, 2020","format":false,"excerpt":"Imagen: Diario Avanzada Heidi de Le\u00f3n Guti\u00e9rrez \/ Diario Avanzada Colima, M\u00e9xico, Avanzada (28\/09\/2020).- En Colima, las autoridades sostienen que no hay redes de trata de personas para explotaci\u00f3n sexual, sin embargo, los familiares de los desaparecidos difieren de la versi\u00f3n oficial. El pasado 23 de septiembre en Guadalajara, familiares\u2026","rel":"","context":"En &quot;CINTILLO&quot;","block_context":{"text":"CINTILLO","link":"http:\/\/www.grieta.org.mx\/index.php\/category\/cintillo\/"},"img":{"alt_text":"","src":"https:\/\/i0.wp.com\/www.grieta.org.mx\/wp-content\/uploads\/2018\/03\/14524434_1106112876131411_958039263622046936_o.jpg?resize=350%2C200","width":350,"height":200,"srcset":"https:\/\/i0.wp.com\/www.grieta.org.mx\/wp-content\/uploads\/2018\/03\/14524434_1106112876131411_958039263622046936_o.jpg?resize=350%2C200 1x, https:\/\/i0.wp.com\/www.grieta.org.mx\/wp-content\/uploads\/2018\/03\/14524434_1106112876131411_958039263622046936_o.jpg?resize=525%2C300 1.5x, https:\/\/i0.wp.com\/www.grieta.org.mx\/wp-content\/uploads\/2018\/03\/14524434_1106112876131411_958039263622046936_o.jpg?resize=700%2C400 2x"},"classes":[]},{"id":55612,"url":"http:\/\/www.grieta.org.mx\/index.php\/2020\/11\/28\/desaparicion-de-mujeres-es-por-trata-de-personas-en-colima-gobierno-se-niega-a-reconocerlo\/","url_meta":{"origin":53902,"position":2},"title":"Desaparici\u00f3n de mujeres es por trata de personas, en Colima gobierno se niega a reconocerlo","author":"grieta","date":"28 noviembre, 2020","format":false,"excerpt":"Foto: Diario Avanzada Heidi de Le\u00f3n Guti\u00e9rrez \/ Diario Avanzada Colima, M\u00e9xico, Avanzada (28\/11\/2020).- La comisionada nacional de b\u00fasqueda de personas, Karla Quintana Osuna se\u00f1al\u00f3 que la hip\u00f3tesis que tienen es que las desapariciones de mujeres est\u00e1n relacionadas con la trata de personas. Indic\u00f3 que esa hip\u00f3tesis tiene que ser\u2026","rel":"","context":"En &quot;CINTILLO&quot;","block_context":{"text":"CINTILLO","link":"http:\/\/www.grieta.org.mx\/index.php\/category\/cintillo\/"},"img":{"alt_text":"","src":"https:\/\/i0.wp.com\/www.grieta.org.mx\/wp-content\/uploads\/2020\/12\/Desaparecidos-1-1.jpg?resize=350%2C200","width":350,"height":200,"srcset":"https:\/\/i0.wp.com\/www.grieta.org.mx\/wp-content\/uploads\/2020\/12\/Desaparecidos-1-1.jpg?resize=350%2C200 1x, https:\/\/i0.wp.com\/www.grieta.org.mx\/wp-content\/uploads\/2020\/12\/Desaparecidos-1-1.jpg?resize=525%2C300 1.5x, https:\/\/i0.wp.com\/www.grieta.org.mx\/wp-content\/uploads\/2020\/12\/Desaparecidos-1-1.jpg?resize=700%2C400 2x"},"classes":[]},{"id":59300,"url":"http:\/\/www.grieta.org.mx\/index.php\/2021\/05\/02\/desaparecieron-21-personas-en-abril-en-colima-el-fiscal-hace-mutis\/","url_meta":{"origin":53902,"position":3},"title":"Desaparecieron 21 personas en abril en Colima, el Fiscal hace mutis","author":"grieta","date":"2 mayo, 2021","format":false,"excerpt":"Imagen: Diario Avanzada Redacci\u00f3n \/ Diario Avanzada Colima, M\u00e9xico, Avanzada (03\/05\/2021).- Las personas contin\u00faan desapareciendo en Colima, durante el mes de abril la Fiscal\u00eda General del Estado de Colima emiti\u00f3 7 Alertas Alba, 1 Alerta Amber y en el apartado de personas desaparecidas en su portal en internet reporta a\u2026","rel":"","context":"En &quot;CINTILLO&quot;","block_context":{"text":"CINTILLO","link":"http:\/\/www.grieta.org.mx\/index.php\/category\/cintillo\/"},"img":{"alt_text":"","src":"https:\/\/i0.wp.com\/www.grieta.org.mx\/wp-content\/uploads\/2021\/05\/179125959_3897268617058637_5812118331838803255_n.jpg?resize=350%2C200","width":350,"height":200,"srcset":"https:\/\/i0.wp.com\/www.grieta.org.mx\/wp-content\/uploads\/2021\/05\/179125959_3897268617058637_5812118331838803255_n.jpg?resize=350%2C200 1x, https:\/\/i0.wp.com\/www.grieta.org.mx\/wp-content\/uploads\/2021\/05\/179125959_3897268617058637_5812118331838803255_n.jpg?resize=525%2C300 1.5x"},"classes":[]},{"id":60241,"url":"http:\/\/www.grieta.org.mx\/index.php\/2021\/07\/01\/en-jalisco-dicen-que-el-caso-es-de-colima-y-aqui-dicen-que-desaparecieron-alla-llevan-2-meses-desaparecidas\/","url_meta":{"origin":53902,"position":4},"title":"En Jalisco dicen que el caso es de Colima y aqu\u00ed dicen que desaparecieron all\u00e1; llevan 2 meses desaparecidas","author":"grieta","date":"1 julio, 2021","format":false,"excerpt":"Foto: Diario Avanzada Heidi de Le\u00f3n Guti\u00e9rrez \/ Diario Avanzada Colima, M\u00e9xico, Avanzada (01\/07\/2021).- La desaparici\u00f3n de un ser querido condena a la familia a un sufrimiento permanente, a una tristeza que no desaparece aunque sucedan cosas buenas y por lo menos en Colima, tambi\u00e9n implica librar una batalla para\u2026","rel":"","context":"En &quot;CINTILLO&quot;","block_context":{"text":"CINTILLO","link":"http:\/\/www.grieta.org.mx\/index.php\/category\/cintillo\/"},"img":{"alt_text":"","src":"https:\/\/i0.wp.com\/www.grieta.org.mx\/wp-content\/uploads\/2021\/07\/image-71.png?resize=350%2C200","width":350,"height":200,"srcset":"https:\/\/i0.wp.com\/www.grieta.org.mx\/wp-content\/uploads\/2021\/07\/image-71.png?resize=350%2C200 1x, https:\/\/i0.wp.com\/www.grieta.org.mx\/wp-content\/uploads\/2021\/07\/image-71.png?resize=525%2C300 1.5x"},"classes":[]},{"id":64055,"url":"http:\/\/www.grieta.org.mx\/index.php\/2022\/04\/24\/en-colima-hay-mas-de-1700-personas-desaparecidas-y-la-fiscalia-vincula-a-proceso-solo-a-dos-personas-en-dos-meses\/","url_meta":{"origin":53902,"position":5},"title":"En Colima hay m\u00e1s de 1700 personas desaparecidas y la Fiscal\u00eda vincula a proceso s\u00f3lo a dos personas en dos meses","author":"grieta","date":"24 abril, 2022","format":false,"excerpt":"Imagen: Diario Avanzada Heidi de Le\u00f3n\u00a0 de Le\u00f3n Guti\u00e9rrez \/ Diario Avanzada Colima, M\u00e9xico, Avanzada (21\/04\/2022).- En los dos \u00faltimos meses, s\u00f3lo dos personas han sido vinculadas a proceso por su probable responsabilidad en el delito de desaparici\u00f3n de personas, lo que equivaldr\u00eda a una persona por mes. Lo anterior\u2026","rel":"","context":"En &quot;CINTILLO&quot;","block_context":{"text":"CINTILLO","link":"http:\/\/www.grieta.org.mx\/index.php\/category\/cintillo\/"},"img":{"alt_text":"","src":"https:\/\/i0.wp.com\/www.grieta.org.mx\/wp-content\/uploads\/2022\/04\/image-151.png?resize=350%2C200","width":350,"height":200,"srcset":"https:\/\/i0.wp.com\/www.grieta.org.mx\/wp-content\/uploads\/2022\/04\/image-151.png?resize=350%2C200 1x, https:\/\/i0.wp.com\/www.grieta.org.mx\/wp-content\/uploads\/2022\/04\/image-151.png?resize=525%2C300 1.5x"},"classes":[]}],"_links":{"self":[{"href":"http:\/\/www.grieta.org.mx\/index.php\/wp-json\/wp\/v2\/posts\/53902","targetHints":{"allow":["GET"]}}],"collection":[{"href":"http:\/\/www.grieta.org.mx\/index.php\/wp-json\/wp\/v2\/posts"}],"about":[{"href":"http:\/\/www.grieta.org.mx\/index.php\/wp-json\/wp\/v2\/types\/post"}],"author":[{"embeddable":true,"href":"http:\/\/www.grieta.org.mx\/index.php\/wp-json\/wp\/v2\/users\/2"}],"replies":[{"embeddable":true,"href":"http:\/\/www.grieta.org.mx\/index.php\/wp-json\/wp\/v2\/comments?post=53902"}],"version-history":[{"count":1,"href":"http:\/\/www.grieta.org.mx\/index.php\/wp-json\/wp\/v2\/posts\/53902\/revisions"}],"predecessor-version":[{"id":53904,"href":"http:\/\/www.grieta.org.mx\/index.php\/wp-json\/wp\/v2\/posts\/53902\/revisions\/53904"}],"wp:featuredmedia":[{"embeddable":true,"href":"http:\/\/www.grieta.org.mx\/index.php\/wp-json\/wp\/v2\/media\/53903"}],"wp:attachment":[{"href":"http:\/\/www.grieta.org.mx\/index.php\/wp-json\/wp\/v2\/media?parent=53902"}],"wp:term":[{"taxonomy":"category","embeddable":true,"href":"http:\/\/www.grieta.org.mx\/index.php\/wp-json\/wp\/v2\/categories?post=53902"},{"taxonomy":"post_tag","embeddable":true,"href":"http:\/\/www.grieta.org.mx\/index.php\/wp-json\/wp\/v2\/tags?post=53902"}],"curies":[{"name":"wp","href":"https:\/\/api.w.org\/{rel}","templated":true}]}}