{"id":53878,"date":"2020-09-29T18:17:28","date_gmt":"2020-09-29T23:17:28","guid":{"rendered":"http:\/\/www.grieta.org.mx\/?p=53878"},"modified":"2020-09-29T22:25:52","modified_gmt":"2020-09-30T03:25:52","slug":"demandan-justicia-para-joselyn-y-castigo-a-feminicidas-oaxaca","status":"publish","type":"post","link":"http:\/\/www.grieta.org.mx\/index.php\/2020\/09\/29\/demandan-justicia-para-joselyn-y-castigo-a-feminicidas-oaxaca\/","title":{"rendered":"Demandan justicia para Joselyn, y castigo a feminicidas (Oaxaca)"},"content":{"rendered":"<p>P\u00e1gina 3 \/ Nathalie G\u00f3mez.<\/p>\n<p><img loading=\"lazy\" decoding=\"async\" data-attachment-id=\"53879\" data-permalink=\"http:\/\/www.grieta.org.mx\/index.php\/2020\/09\/29\/demandan-justicia-para-joselyn-y-castigo-a-feminicidas-oaxaca\/joselyn2-2\/\" data-orig-file=\"http:\/\/www.grieta.org.mx\/wp-content\/uploads\/2020\/09\/Joselyn2-1.jpg\" data-orig-size=\"769,480\" data-comments-opened=\"0\" data-image-meta=\"{&quot;aperture&quot;:&quot;0&quot;,&quot;credit&quot;:&quot;&quot;,&quot;camera&quot;:&quot;&quot;,&quot;caption&quot;:&quot;&quot;,&quot;created_timestamp&quot;:&quot;0&quot;,&quot;copyright&quot;:&quot;&quot;,&quot;focal_length&quot;:&quot;0&quot;,&quot;iso&quot;:&quot;0&quot;,&quot;shutter_speed&quot;:&quot;0&quot;,&quot;title&quot;:&quot;&quot;,&quot;orientation&quot;:&quot;0&quot;}\" data-image-title=\"Joselyn2\" data-image-description=\"\" data-image-caption=\"\" data-medium-file=\"http:\/\/www.grieta.org.mx\/wp-content\/uploads\/2020\/09\/Joselyn2-1-300x187.jpg\" data-large-file=\"http:\/\/www.grieta.org.mx\/wp-content\/uploads\/2020\/09\/Joselyn2-1.jpg\" class=\"alignnone wp-image-53879\" src=\"http:\/\/www.grieta.org.mx\/wp-content\/uploads\/2020\/09\/Joselyn2-1.jpg\" alt=\"\" width=\"800\" height=\"499\" srcset=\"http:\/\/www.grieta.org.mx\/wp-content\/uploads\/2020\/09\/Joselyn2-1.jpg 769w, http:\/\/www.grieta.org.mx\/wp-content\/uploads\/2020\/09\/Joselyn2-1-300x187.jpg 300w\" sizes=\"auto, (max-width: 800px) 100vw, 800px\" \/><\/p>\n<p>Huajuapan de Le\u00f3n, Oax.- Con pancartas, cajas simulando ata\u00fades y vestidas de negro, integrantes de Marea Verde Mixteca se manifestaron en la Vicefiscal\u00eda Regional para demandar justicia para Joselyn Alejandra Vargas Ortiz, quien desapareciera el 28 de agosto de 2018.<\/p>\n<p>En un manifiesto, recordaron que Joselyn era estudiante de Psicolog\u00eda, y desapareci\u00f3 en la colonia Tepeyac de esta ciudad, entre las 21:00 y las 21:30 horas.<\/p>\n<p>Tras dos a\u00f1os, V\u00edctor Daniel T. S., fue aprehendido por personal de la Vicefiscal\u00eda, por su presunta responsabilidad en la desaparici\u00f3n, quedando en prisi\u00f3n preventiva oficiosa, por lo que, a trav\u00e9s de su abogado, solicit\u00f3 una ampliaci\u00f3n de t\u00e9rmino constitucional que se program\u00f3 para ayer.<\/p>\n<p>\u201cHasta ahora se desconoce si dicha audiencia se va a llevar a cabo, hay que recordar la poca eficacia de las autoridades ante el caso, ya que el 27 de noviembre de 2019 se inform\u00f3 que, en la zona conocida como Las Campanas, se hall\u00f3 ropa que presuntamente era de la joven, pero nunca se esclareci\u00f3 si era o no de Joselyn, d\u00e1ndole falsas esperanzas a la familia y jugando con el dolor de ellos\u201d, externaron.<\/p>\n<p>Debido a la desactivaci\u00f3n de b\u00fasqueda de Joselyn, que se hizo p\u00fablica por parte de la Fiscal\u00eda del Estado de Puebla, se puede deducir que hay avances, sin embargo, no se sabe m\u00e1s.<\/p>\n<p>\u201cLo que s\u00ed es claro, es que el caso de Joselyn estuvo plagado de lentitud, ya que despu\u00e9s de dos a\u00f1os, de presiones y un largo proceso legal, se ha detenido al presunto culpable\u201d, continuaron.<\/p>\n<p>Aclararon que la detenci\u00f3n de la persona no garantiza que haya justicia para Joselyn, ni el esclarecimiento de lo ocurrido, \u201cpero deja en evidencia la falta de importancia y la insensibilidad de las autoridades frente a este y muchos otros casos de feminicidios en el estado\u201d.<\/p>\n<p>La Fiscal\u00eda General del Estado de Oaxaca (FGEO), inform\u00f3 la aprehensi\u00f3n de un masculino se\u00f1alado como probable responsable del delito de desaparici\u00f3n por particulares en agravio de la joven universitaria Joselyn Alejandra V. O., cometido en agosto de 2018.<\/p>\n<p>\u201cEl probable responsable identificado como V\u00edctor Daniel T. S., fue aprehendido por Agentes Estatales de Investigaci\u00f3n en el estado de Puebla el pasado 23 de septiembre y presentado de forma inmediata ante la autoridad judicial que lo requiri\u00f3, en cumplimiento a la orden de aprehensi\u00f3n correspondiente\u201d, inform\u00f3 la instancia.<\/p>\n<p>Ayer, luego de que se llevara a cabo la audiencia inicial, el juzgado determinar\u00eda si vincula o no a proceso a V\u00edctor Daniel T. S., dependiendo de los elementos de prueba que presente la Fiscal\u00eda.<\/p>\n<p>Pie de foto: Joselyn: Protestaron en la Vicefiscal\u00eda Regional de Justicia en la Mixteca.<\/p>\n<p><a href=\"https:\/\/pagina3.mx\/2020\/09\/demandan-justicia-para-joselyn-y-castigo-a-feminicidas\/\" target=\"_blank\" rel=\"noopener noreferrer\">https:\/\/pagina3.mx\/2020\/09\/demandan-justicia-para-joselyn-y-castigo-a-feminicidas\/<\/a><\/p>\n","protected":false},"excerpt":{"rendered":"<p>P\u00e1gina 3 \/ Nathalie G\u00f3mez. Huajuapan de Le\u00f3n, Oax.- Con pancartas, cajas simulando ata\u00fades y vestidas de negro, integrantes de Marea Verde Mixteca se manifestaron en la Vicefiscal\u00eda Regional para &hellip; <a href=\"http:\/\/www.grieta.org.mx\/index.php\/2020\/09\/29\/demandan-justicia-para-joselyn-y-castigo-a-feminicidas-oaxaca\/\" class=\"more-link\">Leer m\u00e1s<\/a><\/p>\n","protected":false},"author":2,"featured_media":53879,"comment_status":"closed","ping_status":"closed","sticky":false,"template":"","format":"standard","meta":{"ngg_post_thumbnail":0,"_jetpack_newsletter_access":"","_jetpack_dont_email_post_to_subs":false,"_jetpack_newsletter_tier_id":0,"_jetpack_memberships_contains_paywalled_content":false,"_jetpack_memberships_contains_paid_content":false,"footnotes":""},"categories":[80,1325,3163,2,25,1665],"tags":[],"class_list":["post-53878","post","type-post","status-publish","format-standard","has-post-thumbnail","hentry","category-cintillo","category-feminicidios-en-oaxaca-oaxaca","category-la-lucha-de-las-mujeres-en-oaxaca","category-noticias-nacionales","category-oaxaca","category-violencia-contra-las-mujeres-en-oaxaca","entry"],"jetpack_featured_media_url":"http:\/\/www.grieta.org.mx\/wp-content\/uploads\/2020\/09\/Joselyn2-1.jpg","jetpack_sharing_enabled":true,"jetpack_shortlink":"https:\/\/wp.me\/p7ZJR4-e10","jetpack_likes_enabled":false,"jetpack-related-posts":[{"id":66408,"url":"http:\/\/www.grieta.org.mx\/index.php\/2023\/03\/01\/mujeres-en-la-mixteca-exigen-justicia-por-la-muerte-de-jenni-flor-oaxaca\/","url_meta":{"origin":53878,"position":0},"title":"Mujeres en la Mixteca exigen justicia por la muerte de Jenni Flor (Oaxaca)","author":"grieta","date":"1 marzo, 2023","format":false,"excerpt":"Imagen: Cortes\u00eda Leslie Aguilar \/\u00a0 NVI Noticias HUAJUAPAN DE LE\u00d3N, Oaxaca.- La colectiva feminista Marea Verde Mixteca pidi\u00f3 justicia por el feminismo de Jenni Flor, de 25 a\u00f1os de edad, quien fue asesinada la tarde del 27 de febrero en la comunidad de Santa Cruz Tacache de Mina por su\u2026","rel":"","context":"En &quot;CINTILLO&quot;","block_context":{"text":"CINTILLO","link":"http:\/\/www.grieta.org.mx\/index.php\/category\/cintillo\/"},"img":{"alt_text":"","src":"https:\/\/i0.wp.com\/www.grieta.org.mx\/wp-content\/uploads\/2023\/03\/protesta_por_jenni.webp?resize=350%2C200","width":350,"height":200,"srcset":"https:\/\/i0.wp.com\/www.grieta.org.mx\/wp-content\/uploads\/2023\/03\/protesta_por_jenni.webp?resize=350%2C200 1x, https:\/\/i0.wp.com\/www.grieta.org.mx\/wp-content\/uploads\/2023\/03\/protesta_por_jenni.webp?resize=525%2C300 1.5x, https:\/\/i0.wp.com\/www.grieta.org.mx\/wp-content\/uploads\/2023\/03\/protesta_por_jenni.webp?resize=700%2C400 2x"},"classes":[]},{"id":66578,"url":"http:\/\/www.grieta.org.mx\/index.php\/2023\/03\/14\/madre-de-victima-de-feminicida-de-oaxaca-acusa-de-corrupcion-a-juzgado-cinco-anos-sin-justicia\/","url_meta":{"origin":53878,"position":1},"title":"Madre de v\u00edctima de feminicida de Oaxaca acusa de corrupci\u00f3n a juzgado, cinco a\u00f1os sin justicia","author":"grieta","date":"14 marzo, 2023","format":false,"excerpt":"Imagen: Cortes\u00eda Leslie Aguilar \/ NVI Noticias HUAJUAPAN DE LE\u00d3N, Oaxaca.- La madre de la joven estudiante Joselyn Alejandra Vargas Ortiz, Susana Ortiz \u00c1ngeles, refiri\u00f3 que el caso que se lleva ante el Juzgado de Garant\u00edas ha estado plagado de corrupci\u00f3n, y temen que el presunto feminicida pueda salir en\u2026","rel":"","context":"En &quot;CINTILLO&quot;","block_context":{"text":"CINTILLO","link":"http:\/\/www.grieta.org.mx\/index.php\/category\/cintillo\/"},"img":{"alt_text":"","src":"https:\/\/i0.wp.com\/www.grieta.org.mx\/wp-content\/uploads\/2023\/03\/feminicidio-mixteca.webp?resize=350%2C200","width":350,"height":200,"srcset":"https:\/\/i0.wp.com\/www.grieta.org.mx\/wp-content\/uploads\/2023\/03\/feminicidio-mixteca.webp?resize=350%2C200 1x, https:\/\/i0.wp.com\/www.grieta.org.mx\/wp-content\/uploads\/2023\/03\/feminicidio-mixteca.webp?resize=525%2C300 1.5x, https:\/\/i0.wp.com\/www.grieta.org.mx\/wp-content\/uploads\/2023\/03\/feminicidio-mixteca.webp?resize=700%2C400 2x"},"classes":[]},{"id":54652,"url":"http:\/\/www.grieta.org.mx\/index.php\/2020\/11\/01\/marchan-por-mujeres-de-la-mixteca-oaxaca\/","url_meta":{"origin":53878,"position":2},"title":"Marchan por mujeres de la Mixteca (Oaxaca)","author":"grieta","date":"1 noviembre, 2020","format":false,"excerpt":"P\u00e1gina 3 \/ Nathalie G\u00f3mez. Huajuapan de Le\u00f3n, Oax.- \u201cEn medio de la crisis sanitaria, con miedo, con rabia, con dolor e impotencia, nos vemos en la necesidad de salir a la calle para alzar la voz por todas las mujeres desaparecidas y asesinadas\u201d. As\u00ed lo expresaron integrantes de los\u2026","rel":"","context":"En &quot;CINTILLO&quot;","block_context":{"text":"CINTILLO","link":"http:\/\/www.grieta.org.mx\/index.php\/category\/cintillo\/"},"img":{"alt_text":"","src":"https:\/\/i0.wp.com\/www.grieta.org.mx\/wp-content\/uploads\/2020\/11\/1.jpg?resize=350%2C200","width":350,"height":200,"srcset":"https:\/\/i0.wp.com\/www.grieta.org.mx\/wp-content\/uploads\/2020\/11\/1.jpg?resize=350%2C200 1x, https:\/\/i0.wp.com\/www.grieta.org.mx\/wp-content\/uploads\/2020\/11\/1.jpg?resize=525%2C300 1.5x, https:\/\/i0.wp.com\/www.grieta.org.mx\/wp-content\/uploads\/2020\/11\/1.jpg?resize=700%2C400 2x"},"classes":[]},{"id":38048,"url":"http:\/\/www.grieta.org.mx\/index.php\/2019\/08\/19\/protestan-en-puerto-escondido-por-muerte-de-maria-eugenia-vicefiscalia-minimiza-su-caso-oaxaca\/","url_meta":{"origin":53878,"position":3},"title":"Protestan en Puerto Escondido por muerte de Mar\u00eda Eugenia: Vicefiscal\u00eda minimiza su caso (Oaxaca)","author":"grieta","date":"19 agosto, 2019","format":false,"excerpt":"Pedro Mat\u00edas \/ P\u00e1gina 3. *Encierran al vicefiscal Alejandro Pe\u00f1a por ineptitud. OAXACA, Oax. (pagina3.mx).- Pese a que la Fiscal\u00eda General de Oaxaca minimiz\u00f3 el caso de la joven Mar\u00eda Eugenia Guzm\u00e1n, de 19 a\u00f1os de edad, quien apareci\u00f3 muerta y desnuda en un camino de terracer\u00eda, al sostener que\u2026","rel":"","context":"En &quot;CINTILLO&quot;","block_context":{"text":"CINTILLO","link":"http:\/\/www.grieta.org.mx\/index.php\/category\/cintillo\/"},"img":{"alt_text":"","src":"https:\/\/i0.wp.com\/www.grieta.org.mx\/wp-content\/uploads\/2018\/03\/14524434_1106112876131411_958039263622046936_o.jpg?resize=350%2C200","width":350,"height":200,"srcset":"https:\/\/i0.wp.com\/www.grieta.org.mx\/wp-content\/uploads\/2018\/03\/14524434_1106112876131411_958039263622046936_o.jpg?resize=350%2C200 1x, https:\/\/i0.wp.com\/www.grieta.org.mx\/wp-content\/uploads\/2018\/03\/14524434_1106112876131411_958039263622046936_o.jpg?resize=525%2C300 1.5x, https:\/\/i0.wp.com\/www.grieta.org.mx\/wp-content\/uploads\/2018\/03\/14524434_1106112876131411_958039263622046936_o.jpg?resize=700%2C400 2x"},"classes":[]},{"id":65823,"url":"http:\/\/www.grieta.org.mx\/index.php\/2022\/11\/26\/piden-justicia-por-cuatro-feminicidios-y-tres-desapariciones-en-oaxaca\/","url_meta":{"origin":53878,"position":4},"title":"Piden justicia por cuatro feminicidios y tres desapariciones en Oaxaca","author":"grieta","date":"26 noviembre, 2022","format":false,"excerpt":"Imagen: NVI Noticas Lesle Aguilar \/NVI Noticias HUAJUAPAN DE LE\u00d3N, Oaxaca. - Colectivos feministas pidieron a la Fiscal\u00eda de Oaxaca que se aclaren cuatro casos de feminicidios y tres desapariciones ocurridas en la Mixteca. La colectiva feminista Marea Verde Mixteca dio a conocer en el marco del D\u00eda Internacional para\u2026","rel":"","context":"En &quot;CINTILLO&quot;","block_context":{"text":"CINTILLO","link":"http:\/\/www.grieta.org.mx\/index.php\/category\/cintillo\/"},"img":{"alt_text":"","src":"https:\/\/i0.wp.com\/www.grieta.org.mx\/wp-content\/uploads\/2022\/11\/protesta-dia-naranja.webp?resize=350%2C200","width":350,"height":200,"srcset":"https:\/\/i0.wp.com\/www.grieta.org.mx\/wp-content\/uploads\/2022\/11\/protesta-dia-naranja.webp?resize=350%2C200 1x, https:\/\/i0.wp.com\/www.grieta.org.mx\/wp-content\/uploads\/2022\/11\/protesta-dia-naranja.webp?resize=525%2C300 1.5x, https:\/\/i0.wp.com\/www.grieta.org.mx\/wp-content\/uploads\/2022\/11\/protesta-dia-naranja.webp?resize=700%2C400 2x"},"classes":[]},{"id":30110,"url":"http:\/\/www.grieta.org.mx\/index.php\/2019\/02\/26\/marchan-para-exigir-alto-a-la-violencia-en-huajuapan-oaxaca\/","url_meta":{"origin":53878,"position":5},"title":"Marchan para exigir alto a la violencia en Huajuapan, Oaxaca","author":"grieta","date":"26 febrero, 2019","format":false,"excerpt":"Noticias. Lesli Aguilar, Muchas mujeres marcharon para exigir seguridad en Huajuapan. Huajuapan de Le\u00f3n, Oaxaca.- En el marco del D\u00eda Naranja, trabajadoras del ayuntamiento de Huajuapan marcharon para exigir alto a la violencia contra las mujeres y ni\u00f1as en esta regi\u00f3n Mixteca y que las autoridades reaccionen ante este tipo\u2026","rel":"","context":"En &quot;CINTILLO&quot;","block_context":{"text":"CINTILLO","link":"http:\/\/www.grieta.org.mx\/index.php\/category\/cintillo\/"},"img":{"alt_text":"","src":"https:\/\/i0.wp.com\/www.grieta.org.mx\/wp-content\/uploads\/2019\/03\/image_34_296.jpg?resize=350%2C200","width":350,"height":200,"srcset":"https:\/\/i0.wp.com\/www.grieta.org.mx\/wp-content\/uploads\/2019\/03\/image_34_296.jpg?resize=350%2C200 1x, https:\/\/i0.wp.com\/www.grieta.org.mx\/wp-content\/uploads\/2019\/03\/image_34_296.jpg?resize=525%2C300 1.5x, https:\/\/i0.wp.com\/www.grieta.org.mx\/wp-content\/uploads\/2019\/03\/image_34_296.jpg?resize=700%2C400 2x, https:\/\/i0.wp.com\/www.grieta.org.mx\/wp-content\/uploads\/2019\/03\/image_34_296.jpg?resize=1050%2C600 3x"},"classes":[]}],"_links":{"self":[{"href":"http:\/\/www.grieta.org.mx\/index.php\/wp-json\/wp\/v2\/posts\/53878","targetHints":{"allow":["GET"]}}],"collection":[{"href":"http:\/\/www.grieta.org.mx\/index.php\/wp-json\/wp\/v2\/posts"}],"about":[{"href":"http:\/\/www.grieta.org.mx\/index.php\/wp-json\/wp\/v2\/types\/post"}],"author":[{"embeddable":true,"href":"http:\/\/www.grieta.org.mx\/index.php\/wp-json\/wp\/v2\/users\/2"}],"replies":[{"embeddable":true,"href":"http:\/\/www.grieta.org.mx\/index.php\/wp-json\/wp\/v2\/comments?post=53878"}],"version-history":[{"count":1,"href":"http:\/\/www.grieta.org.mx\/index.php\/wp-json\/wp\/v2\/posts\/53878\/revisions"}],"predecessor-version":[{"id":53880,"href":"http:\/\/www.grieta.org.mx\/index.php\/wp-json\/wp\/v2\/posts\/53878\/revisions\/53880"}],"wp:featuredmedia":[{"embeddable":true,"href":"http:\/\/www.grieta.org.mx\/index.php\/wp-json\/wp\/v2\/media\/53879"}],"wp:attachment":[{"href":"http:\/\/www.grieta.org.mx\/index.php\/wp-json\/wp\/v2\/media?parent=53878"}],"wp:term":[{"taxonomy":"category","embeddable":true,"href":"http:\/\/www.grieta.org.mx\/index.php\/wp-json\/wp\/v2\/categories?post=53878"},{"taxonomy":"post_tag","embeddable":true,"href":"http:\/\/www.grieta.org.mx\/index.php\/wp-json\/wp\/v2\/tags?post=53878"}],"curies":[{"name":"wp","href":"https:\/\/api.w.org\/{rel}","templated":true}]}}