{"id":5383,"date":"2015-11-09T02:10:27","date_gmt":"2015-11-09T02:10:27","guid":{"rendered":"http:\/\/50.22.11.12\/~grietaor\/?p=5383"},"modified":"2016-04-24T23:56:01","modified_gmt":"2016-04-24T23:56:01","slug":"temaca-cuestiona-estudio-de-la-onu-sobre-presa-zapotillo-2","status":"publish","type":"post","link":"http:\/\/www.grieta.org.mx\/index.php\/2015\/11\/09\/temaca-cuestiona-estudio-de-la-onu-sobre-presa-zapotillo-2\/","title":{"rendered":"Temaca cuestiona estudio de la ONU sobre presa Zapotillo"},"content":{"rendered":"<p>Mario Marlo<br \/>\nGobierno de Jalisco pagar\u00e1 a la ONU 4.6 mdd por estudio de la presa El Zapotillo<\/p>\n<p>Guadalajara, Jalisco 9 de noviembre, 2015.- El Comit\u00e9 Salvemos Temacapul\u00edn, Acasico y Palmarejo, el Instituto Mexicano para el Desarrollo Comunitario A.C. (IMDEC) y el Colectivo de Abogados hicieron un llamado al gobernador de Jalisco, Arist\u00f3teles Sandoval para que  realice el replantamiento del estudio t\u00e9cnico sobre la cuenca del R\u00edo Verde a cargo de la oficina de las Naciones Unidas de Servicios para Proyectos (UNOPS) y al Programa de las Naciones Unidas para el Medio Ambiente (PNUMA).<\/p>\n<p>El pasado 10 de septiembre el gobierno de Jalisco firm\u00f3 un adendum con la UNOPS, para realizar un \u00e1nalisis h\u00eddrico con apoyo del PNUMA.  El estudio que costar\u00e1 4.6 millones de d\u00f3lares y durar\u00e1 18 meses, tiene como objetivo, seg\u00fan el gobierno de Jalisco: &#8220;Sumar nuevas herramientas para la toma de decisiones desde una perspectiva neutral y humanitaria&#8221;.<\/p>\n<p>Sin embargo, el Comit\u00e9 Salvemos Temacapul\u00edn, Acasico y Palmarejo denunci\u00f3 que la intervenci\u00f3n de las Naciones Unidas llega a destiempo, en un conflicto socio ambiental generado por la construcci\u00f3n de la presa El Zapotillo que ha ocasionado falta de credibilidad a las instituciones del Estado y una serie de violaciones a los derechos humanos ocasionadas por el proyecto.<\/p>\n<p>Desde hace diez a\u00f1os los pobladores de la comunidad de Temacapul\u00edn ubicada en los altos de Jalisco, emprendieron una lucha contra la construcci\u00f3n de la presa El Zapotillo. A pesar de existir un amparo por la Suprema Corte de Justicia de la Naci\u00f3n (SCJN), para detener la construcci\u00f3n de la presa que medir\u00e1 105 metros de altura, los tres niveles de gobierno (estatal, municipal y federal) no lo han respetando y los avances de la obra contin\u00faan. Son 45 mil habitantes los afectados, de los cuales 1,000 directamente.<\/p>\n<p>En conferencia de prensa, el Comit\u00e9 explic\u00f3 que el citado estudio aun no comienza y ya presenta graves vacios y omisiones. Una de ellas es el hecho de que las comunidades afectadas no fueron consultadas y a las organizaciones que les asesoran para la elaboraci\u00f3n del estudio y sus T\u00e9rminos de Referencia y que a pesar de haber solicitado los T\u00e9rminos de Referencia del estudio desde diciembre de 2014 estos no nos fueron proporcionados v\u00eda solicitud de informaci\u00f3n. <\/p>\n<p>Finalmente, los representates del comit\u00e9 Salvemos Temaca exigieron que el proyecto de la presa El Zapotillo y el trasvace del Acueducto Zapotillo-Le\u00f3n, se suspenda completamente mientras se realice el estudio. Que en coordinaci\u00f3n con las comunidades afectadas y sus asesores se modifiquen y aclaren las dudas planteadas a los t\u00e9rminos de referencia del estudio (adendum). Que se retire de forma absoluta del estudio la posibilidad de que se ejecute como \u201cproducto temprano\u201d un estudio que viabilice el aprovechamiento de la pr\u00f3xima estaci\u00f3n lluviosa para el llenado parcial de la presa. Que a lo largo de todo el desarrollo del estudio y durante las reuniones, talleres y encuentros que se lleven a cabo, las oficinas, instituciones y equipos participantes en el estudio privilegien la participaci\u00f3n de la sociedad civil y la academia, as\u00ed como el respeto a los pueblos y comunidades afectadas y a sus derechos humanos. Que se conforme un Comit\u00e9 \u00c9tico de Garantes de la Sociedad Civil que vigile el respeto de los derechos de los pueblos, el desarrollo del estudio y su transparencia. Que les sea permitido a las comunidades afectadas por la presa El Zapotillo y por el Acueducto El Zapotillo-Le\u00f3n, visitar las obras de la presa y conocer su estado actual, ya que este derecho se les ha negado por m\u00e1s de 10 a\u00f1os. <\/p>\n<p><a href=\"http:\/\/www.somoselmedio.org\/article\/temaca-cuestiona-estudio-de-la-onu-sobr%C3%A9-presa-zapotillo\" target=\"_blank\">http:\/\/www.somoselmedio.org\/article\/temaca-cuestiona-estudio-de-la-onu-sobr%C3%A9-presa-zapotillo<\/a><\/p>\n","protected":false},"excerpt":{"rendered":"<p>Mario Marlo Gobierno de Jalisco pagar\u00e1 a la ONU 4.6 mdd por estudio de la presa El Zapotillo Guadalajara, Jalisco 9 de noviembre, 2015.- El Comit\u00e9 Salvemos Temacapul\u00edn, Acasico y &hellip; <a href=\"http:\/\/www.grieta.org.mx\/index.php\/2015\/11\/09\/temaca-cuestiona-estudio-de-la-onu-sobre-presa-zapotillo-2\/\" class=\"more-link\">Leer m\u00e1s<\/a><\/p>\n","protected":false},"author":2,"featured_media":21928,"comment_status":"closed","ping_status":"open","sticky":false,"template":"","format":"standard","meta":{"ngg_post_thumbnail":0,"_jetpack_newsletter_access":"","_jetpack_dont_email_post_to_subs":false,"_jetpack_newsletter_tier_id":0,"_jetpack_memberships_contains_paywalled_content":false,"_jetpack_memberships_contains_paid_content":false,"footnotes":""},"categories":[80,230],"tags":[313],"class_list":["post-5383","post","type-post","status-publish","format-standard","has-post-thumbnail","hentry","category-cintillo","category-jalisco","tag-presa-y-acueducto-del-zapotillo","entry"],"jetpack_featured_media_url":"http:\/\/www.grieta.org.mx\/wp-content\/uploads\/2018\/03\/14524434_1106112876131411_958039263622046936_o.jpg","jetpack_sharing_enabled":true,"jetpack_shortlink":"https:\/\/wp.me\/p7ZJR4-1oP","jetpack_likes_enabled":false,"jetpack-related-posts":[{"id":3580,"url":"http:\/\/www.grieta.org.mx\/index.php\/2016\/02\/09\/ven-riesgosa-contratacion-para-analizar-la-presa-el-zapotillo\/","url_meta":{"origin":5383,"position":0},"title":"Ven \u2018riesgosa\u2019 contrataci\u00f3n para analizar la presa El Zapotillo","author":"grieta","date":"9 febrero, 2016","format":false,"excerpt":"Redacci\u00f3n El Informador El proceso costar\u00eda al gobierno de Jalisco 4.6 MDD \u201dEs limitada, confusa y riesgosa\u201d, acusan Organizaciones ven in\u00fatil el gasto de fondos p\u00fablicos en un estudio cuyos resultados no se sabe c\u00f3mo se utilizar\u00e1n. Dicen que el estudio carece de instancias reales y no aportar\u00eda ning\u00fan beneficio\u2026","rel":"","context":"En &quot;CINTILLO&quot;","block_context":{"text":"CINTILLO","link":"http:\/\/www.grieta.org.mx\/index.php\/category\/cintillo\/"},"img":{"alt_text":"","src":"https:\/\/i0.wp.com\/www.grieta.org.mx\/wp-content\/uploads\/2018\/03\/14524434_1106112876131411_958039263622046936_o.jpg?resize=350%2C200","width":350,"height":200,"srcset":"https:\/\/i0.wp.com\/www.grieta.org.mx\/wp-content\/uploads\/2018\/03\/14524434_1106112876131411_958039263622046936_o.jpg?resize=350%2C200 1x, https:\/\/i0.wp.com\/www.grieta.org.mx\/wp-content\/uploads\/2018\/03\/14524434_1106112876131411_958039263622046936_o.jpg?resize=525%2C300 1.5x, https:\/\/i0.wp.com\/www.grieta.org.mx\/wp-content\/uploads\/2018\/03\/14524434_1106112876131411_958039263622046936_o.jpg?resize=700%2C400 2x"},"classes":[]},{"id":9972,"url":"http:\/\/www.grieta.org.mx\/index.php\/2016\/04\/08\/denuncian-nueva-estrategia-de-hostigamiento-en-temacapulin-jalisco\/","url_meta":{"origin":5383,"position":1},"title":"Denuncian nueva estrategia de hostigamiento en Temacapul\u00edn, Jalisco","author":"grieta","date":"8 abril, 2016","format":false,"excerpt":"Exigen respeto a las resoluciones judiciales y necesidad de consulta Sara Gonz\u00e1lez Somos el Medio El Comit\u00e9 Salvemos Temacapul\u00edn, Acasico y Palmarejo, en conjunto con el Instituto Mexicano para el Desarrollo Comunitario A.C y el Colectivo de abogad@s denunciaron en marzo del 2016 una nueva estrategia de hostigamiento y violaci\u00f3n\u2026","rel":"","context":"En &quot;CINTILLO&quot;","block_context":{"text":"CINTILLO","link":"http:\/\/www.grieta.org.mx\/index.php\/category\/cintillo\/"},"img":{"alt_text":"","src":"https:\/\/i0.wp.com\/www.grieta.org.mx\/wp-content\/uploads\/2018\/03\/14524434_1106112876131411_958039263622046936_o.jpg?resize=350%2C200","width":350,"height":200,"srcset":"https:\/\/i0.wp.com\/www.grieta.org.mx\/wp-content\/uploads\/2018\/03\/14524434_1106112876131411_958039263622046936_o.jpg?resize=350%2C200 1x, https:\/\/i0.wp.com\/www.grieta.org.mx\/wp-content\/uploads\/2018\/03\/14524434_1106112876131411_958039263622046936_o.jpg?resize=525%2C300 1.5x, https:\/\/i0.wp.com\/www.grieta.org.mx\/wp-content\/uploads\/2018\/03\/14524434_1106112876131411_958039263622046936_o.jpg?resize=700%2C400 2x"},"classes":[]},{"id":9520,"url":"http:\/\/www.grieta.org.mx\/index.php\/2016\/03\/30\/la-onu-quiere-llenar-el-zapotillo\/","url_meta":{"origin":5383,"position":2},"title":"La ONU quiere llenar el Zapotillo","author":"grieta","date":"30 marzo, 2016","format":false,"excerpt":"Alejandra Guill\u00e9n.- Entre los objetivos que tiene la agencia de las Naciones Unidas para Proyectos y Servicios (UNOPS, por sus siglas en ingl\u00e9s) en el trabajo que desarrolla en el R\u00edo Verde est\u00e1 que la presa El Zapotillo se llene durante el temporal de lluvias y se eche a andar\u2026","rel":"","context":"En &quot;CINTILLO&quot;","block_context":{"text":"CINTILLO","link":"http:\/\/www.grieta.org.mx\/index.php\/category\/cintillo\/"},"img":{"alt_text":"","src":"https:\/\/i0.wp.com\/www.grieta.org.mx\/wp-content\/uploads\/2018\/03\/14524434_1106112876131411_958039263622046936_o.jpg?resize=350%2C200","width":350,"height":200,"srcset":"https:\/\/i0.wp.com\/www.grieta.org.mx\/wp-content\/uploads\/2018\/03\/14524434_1106112876131411_958039263622046936_o.jpg?resize=350%2C200 1x, https:\/\/i0.wp.com\/www.grieta.org.mx\/wp-content\/uploads\/2018\/03\/14524434_1106112876131411_958039263622046936_o.jpg?resize=525%2C300 1.5x, https:\/\/i0.wp.com\/www.grieta.org.mx\/wp-content\/uploads\/2018\/03\/14524434_1106112876131411_958039263622046936_o.jpg?resize=700%2C400 2x"},"classes":[]},{"id":5359,"url":"http:\/\/www.grieta.org.mx\/index.php\/2016\/02\/07\/exigen-certeza-sobre-los-acuerdos-de-el-zapotillo\/","url_meta":{"origin":5383,"position":3},"title":"Exigen certeza sobre los acuerdos de El Zapotillo","author":"grieta","date":"7 febrero, 2016","format":false,"excerpt":"Juana Mar\u00eda Ram\u00edrez El Comit\u00e9 Salvemos Temacapul\u00edn, Acasico y Palmarejo, exige a las autoridades del Estado se respete la suspensi\u00f3n de la Suprema Corte de Justicia de la Naci\u00f3n, para apegarse al proyecto original de la presa el Zaptillo y se les garantice el respeto a los derechos de las\u2026","rel":"","context":"En &quot;CINTILLO&quot;","block_context":{"text":"CINTILLO","link":"http:\/\/www.grieta.org.mx\/index.php\/category\/cintillo\/"},"img":{"alt_text":"","src":"https:\/\/i0.wp.com\/www.grieta.org.mx\/wp-content\/uploads\/2018\/03\/14524434_1106112876131411_958039263622046936_o.jpg?resize=350%2C200","width":350,"height":200,"srcset":"https:\/\/i0.wp.com\/www.grieta.org.mx\/wp-content\/uploads\/2018\/03\/14524434_1106112876131411_958039263622046936_o.jpg?resize=350%2C200 1x, https:\/\/i0.wp.com\/www.grieta.org.mx\/wp-content\/uploads\/2018\/03\/14524434_1106112876131411_958039263622046936_o.jpg?resize=525%2C300 1.5x, https:\/\/i0.wp.com\/www.grieta.org.mx\/wp-content\/uploads\/2018\/03\/14524434_1106112876131411_958039263622046936_o.jpg?resize=700%2C400 2x"},"classes":[]},{"id":19832,"url":"http:\/\/www.grieta.org.mx\/index.php\/2016\/08\/13\/unops-chantajea-a-los-habitantes-de-los-altos-jalisco\/","url_meta":{"origin":5383,"position":4},"title":"Unops \u201cchantajea\u201d a los habitantes de Los Altos (Jalisco)","author":"grieta","date":"13 agosto, 2016","format":false,"excerpt":"Conredes y Colectivo de Abogados cuestionan el trabajo de la agencia de ONU, por costoso y sospechoso de servir a los intereses del proyecto de extracci\u00f3n de agua del r\u00edo Verde. Agust\u00edn del Castillo El \"producto temprano\" de la Unops (Oficina de Naciones Unidas de Servicios para Proyectos) que recomienda\u2026","rel":"","context":"En &quot;CINTILLO&quot;","block_context":{"text":"CINTILLO","link":"http:\/\/www.grieta.org.mx\/index.php\/category\/cintillo\/"},"img":{"alt_text":"","src":"https:\/\/i0.wp.com\/www.grieta.org.mx\/wp-content\/uploads\/2018\/03\/14524434_1106112876131411_958039263622046936_o.jpg?resize=350%2C200","width":350,"height":200,"srcset":"https:\/\/i0.wp.com\/www.grieta.org.mx\/wp-content\/uploads\/2018\/03\/14524434_1106112876131411_958039263622046936_o.jpg?resize=350%2C200 1x, https:\/\/i0.wp.com\/www.grieta.org.mx\/wp-content\/uploads\/2018\/03\/14524434_1106112876131411_958039263622046936_o.jpg?resize=525%2C300 1.5x, https:\/\/i0.wp.com\/www.grieta.org.mx\/wp-content\/uploads\/2018\/03\/14524434_1106112876131411_958039263622046936_o.jpg?resize=700%2C400 2x"},"classes":[]},{"id":3573,"url":"http:\/\/www.grieta.org.mx\/index.php\/2016\/09\/12\/presa-y-acueducto-el-zapotillo\/","url_meta":{"origin":5383,"position":5},"title":"Resistencia contra la presa y el acueducto El Zapotillo","author":"grieta","date":"12 septiembre, 2016","format":false,"excerpt":"12\/09\/16. Dan facilidades financieras a AbengoaNtr Guadalajara 22\/08\/16. \u201cJam\u00e1s nos iremos de\u00a0Temacapul\u00edn\u201dP\u00e1gina 24 13\/08\/16. Unops \u201cchantajea\u201d a los habitantes de Los\u00a0Altos Sitio Agustin del Castillo 12\/08\/16. Detienen proyecto del Zapotillo am Le\u00f3n 27\/07\/16. Piden que Comisi\u00f3n sobre Presa Zapotillo sea abierta Canal 44 02\/05\/16. Jalisco, el desag\u00fce de El Zapotillo\u2026","rel":"","context":"En &quot;Jalisco&quot;","block_context":{"text":"Jalisco","link":"http:\/\/www.grieta.org.mx\/index.php\/category\/noticias-nacionales\/jalisco\/"},"img":{"alt_text":"","src":"https:\/\/i0.wp.com\/www.grieta.org.mx\/wp-content\/uploads\/2018\/03\/14524434_1106112876131411_958039263622046936_o.jpg?resize=350%2C200","width":350,"height":200,"srcset":"https:\/\/i0.wp.com\/www.grieta.org.mx\/wp-content\/uploads\/2018\/03\/14524434_1106112876131411_958039263622046936_o.jpg?resize=350%2C200 1x, https:\/\/i0.wp.com\/www.grieta.org.mx\/wp-content\/uploads\/2018\/03\/14524434_1106112876131411_958039263622046936_o.jpg?resize=525%2C300 1.5x, https:\/\/i0.wp.com\/www.grieta.org.mx\/wp-content\/uploads\/2018\/03\/14524434_1106112876131411_958039263622046936_o.jpg?resize=700%2C400 2x"},"classes":[]}],"_links":{"self":[{"href":"http:\/\/www.grieta.org.mx\/index.php\/wp-json\/wp\/v2\/posts\/5383","targetHints":{"allow":["GET"]}}],"collection":[{"href":"http:\/\/www.grieta.org.mx\/index.php\/wp-json\/wp\/v2\/posts"}],"about":[{"href":"http:\/\/www.grieta.org.mx\/index.php\/wp-json\/wp\/v2\/types\/post"}],"author":[{"embeddable":true,"href":"http:\/\/www.grieta.org.mx\/index.php\/wp-json\/wp\/v2\/users\/2"}],"replies":[{"embeddable":true,"href":"http:\/\/www.grieta.org.mx\/index.php\/wp-json\/wp\/v2\/comments?post=5383"}],"version-history":[{"count":1,"href":"http:\/\/www.grieta.org.mx\/index.php\/wp-json\/wp\/v2\/posts\/5383\/revisions"}],"predecessor-version":[{"id":10776,"href":"http:\/\/www.grieta.org.mx\/index.php\/wp-json\/wp\/v2\/posts\/5383\/revisions\/10776"}],"wp:featuredmedia":[{"embeddable":true,"href":"http:\/\/www.grieta.org.mx\/index.php\/wp-json\/wp\/v2\/media\/21928"}],"wp:attachment":[{"href":"http:\/\/www.grieta.org.mx\/index.php\/wp-json\/wp\/v2\/media?parent=5383"}],"wp:term":[{"taxonomy":"category","embeddable":true,"href":"http:\/\/www.grieta.org.mx\/index.php\/wp-json\/wp\/v2\/categories?post=5383"},{"taxonomy":"post_tag","embeddable":true,"href":"http:\/\/www.grieta.org.mx\/index.php\/wp-json\/wp\/v2\/tags?post=5383"}],"curies":[{"name":"wp","href":"https:\/\/api.w.org\/{rel}","templated":true}]}}