{"id":53715,"date":"2020-09-11T21:10:27","date_gmt":"2020-09-12T02:10:27","guid":{"rendered":"http:\/\/www.grieta.org.mx\/?p=53715"},"modified":"2020-09-22T21:19:38","modified_gmt":"2020-09-23T02:19:38","slug":"hay-mujeres-brutalmente-golpeadas-en-ecatepec-se-interpondra-queja-internacional-dicen-activistas-estado-de-mexico","status":"publish","type":"post","link":"http:\/\/www.grieta.org.mx\/index.php\/2020\/09\/11\/hay-mujeres-brutalmente-golpeadas-en-ecatepec-se-interpondra-queja-internacional-dicen-activistas-estado-de-mexico\/","title":{"rendered":"Hay mujeres brutalmente golpeadas en Ecatepec, se interpondr\u00e1 queja internacional, dicen activistas (Estado de M\u00e9xico)"},"content":{"rendered":"<p><img loading=\"lazy\" decoding=\"async\" data-attachment-id=\"53716\" data-permalink=\"http:\/\/www.grieta.org.mx\/index.php\/2020\/09\/11\/hay-mujeres-brutalmente-golpeadas-en-ecatepec-se-interpondra-queja-internacional-dicen-activistas-estado-de-mexico\/hay-mujeres-brutalmente-golpeadas-en-ecatepec-se-interpondra-queja-internacional-dicen-activistas-edomex-sept\/\" data-orig-file=\"http:\/\/www.grieta.org.mx\/wp-content\/uploads\/2020\/09\/Hay-mujeres-brutalmente-golpeadas-en-Ecatepec-se-interpondra-queja-internacional-dicen-activistas-edomex-sept.jpeg\" data-orig-size=\"1273,665\" data-comments-opened=\"0\" data-image-meta=\"{&quot;aperture&quot;:&quot;0&quot;,&quot;credit&quot;:&quot;&quot;,&quot;camera&quot;:&quot;&quot;,&quot;caption&quot;:&quot;&quot;,&quot;created_timestamp&quot;:&quot;0&quot;,&quot;copyright&quot;:&quot;&quot;,&quot;focal_length&quot;:&quot;0&quot;,&quot;iso&quot;:&quot;0&quot;,&quot;shutter_speed&quot;:&quot;0&quot;,&quot;title&quot;:&quot;&quot;,&quot;orientation&quot;:&quot;0&quot;}\" data-image-title=\"Hay mujeres brutalmente golpeadas en Ecatepec, se interpondr\u00e1 queja internacional, dicen activistas edomex sept\" data-image-description=\"\" data-image-caption=\"\" data-medium-file=\"http:\/\/www.grieta.org.mx\/wp-content\/uploads\/2020\/09\/Hay-mujeres-brutalmente-golpeadas-en-Ecatepec-se-interpondra-queja-internacional-dicen-activistas-edomex-sept-300x157.jpeg\" data-large-file=\"http:\/\/www.grieta.org.mx\/wp-content\/uploads\/2020\/09\/Hay-mujeres-brutalmente-golpeadas-en-Ecatepec-se-interpondra-queja-internacional-dicen-activistas-edomex-sept-1024x535.jpeg\" class=\"alignnone  wp-image-53716\" src=\"http:\/\/www.grieta.org.mx\/wp-content\/uploads\/2020\/09\/Hay-mujeres-brutalmente-golpeadas-en-Ecatepec-se-interpondra-queja-internacional-dicen-activistas-edomex-sept.jpeg\" alt=\"\" width=\"653\" height=\"341\" srcset=\"http:\/\/www.grieta.org.mx\/wp-content\/uploads\/2020\/09\/Hay-mujeres-brutalmente-golpeadas-en-Ecatepec-se-interpondra-queja-internacional-dicen-activistas-edomex-sept.jpeg 1273w, http:\/\/www.grieta.org.mx\/wp-content\/uploads\/2020\/09\/Hay-mujeres-brutalmente-golpeadas-en-Ecatepec-se-interpondra-queja-internacional-dicen-activistas-edomex-sept-300x157.jpeg 300w, http:\/\/www.grieta.org.mx\/wp-content\/uploads\/2020\/09\/Hay-mujeres-brutalmente-golpeadas-en-Ecatepec-se-interpondra-queja-internacional-dicen-activistas-edomex-sept-1024x535.jpeg 1024w, http:\/\/www.grieta.org.mx\/wp-content\/uploads\/2020\/09\/Hay-mujeres-brutalmente-golpeadas-en-Ecatepec-se-interpondra-queja-internacional-dicen-activistas-edomex-sept-768x401.jpeg 768w, http:\/\/www.grieta.org.mx\/wp-content\/uploads\/2020\/09\/Hay-mujeres-brutalmente-golpeadas-en-Ecatepec-se-interpondra-queja-internacional-dicen-activistas-edomex-sept-957x500.jpeg 957w\" sizes=\"auto, (max-width: 653px) 100vw, 653px\" \/><\/p>\n<h6>Foto: Carlo Echegoyen<\/h6>\n<p>Itxaro Arteta \/ Animal Pol\u00edtico<\/p>\n<blockquote><p>Activistas ven un patr\u00f3n de agresiones sistem\u00e1ticas de las polic\u00edas de todo el pa\u00eds, sin importar de qu\u00e9 nivel de gobierno, contra las mujeres.<\/p><\/blockquote>\n<p>Mujeres que fueron desalojadas durante la madrugada de la Comisi\u00f3n de Derechos Humanos del Estado de M\u00e9xico (CODHEM) en Ecatepec denunciaron que algunas fueron brutalmente golpeadas y est\u00e1n heridas, sin que ninguna autoridad del Estado se haga responsable, por lo que han empezado a presentar quejas ante otras instancias y acudir\u00e1n a la Comisi\u00f3n Interamericana de Derechos Humanos (CIDH).<\/p>\n<p>Erika \u201cKika\u201d Flores, madre de una mujer asesinada y que tiene un albergue para ni\u00f1as y ni\u00f1os v\u00edctimas de violencia sexual, detall\u00f3 que ya est\u00e1n en contacto con personas de la CIDH y de la organizaci\u00f3n Amnist\u00eda Internacional, este s\u00e1bado a las 11 tienen cita para presentar denuncias ante la Comisi\u00f3n Ejecutiva de Atenci\u00f3n a V\u00edctimas del Estado de M\u00e9xico (CEAVEM) y recurrir al Mecanismo de protecci\u00f3n a defensores de derechos humanos, adem\u00e1s de que van a interponer un amparo por las acusaciones contra ellas de la Fiscal\u00eda del Estado de M\u00e9xico.<\/p>\n<p>Se\u00f1al\u00f3 que este viernes est\u00e1 en operaci\u00f3n un hombre que fue golpeado despu\u00e9s de acudir al Centro de Justicia de Atizap\u00e1n a preguntar por una de sus familiares, que hab\u00eda sido llevada ah\u00ed tras el desalojo de la CODHEM, y que hay otras dos chicas muy heridas. El resto, tras ser liberadas por la ma\u00f1ana, regresaron a las instalaciones de Ecatepec acompa\u00f1adas por un visitador de Derechos Humanos para recuperar sus pertenencias confiscadas.<\/p>\n<p>Denunci\u00f3 que los destrozos en la oficina de derechos humanos no los hicieron las activistas, sino los propios polic\u00edas que fueron a sacarlas, rompieron mobiliario, les quitaron sus identificaciones y objetos de valor. Los agresores no iban identificados, advirti\u00f3, sino vestidos de negro, y las subieron a camionetas que tampoco ten\u00edan insignias, no les dec\u00edan a d\u00f3nde las estaban trasladando ni por qu\u00e9 delito ni qui\u00e9n las acusaba. Solo en alg\u00fan momento alguien le dijo que la orden de sacarlas por la fuerza hab\u00eda sido del alcalde de Ecatepec, Fernando Vilchis, al que responsabiliz\u00f3 de la agresi\u00f3n.<\/p>\n<p>Luc\u00eda Garc\u00eda, que no pertenece a ninguna colectiva, relat\u00f3 en entrevista que ya acudi\u00f3 a denunciar a las autoridades locales ante la Comisi\u00f3n Nacional de Derechos Humanos (CNDH), de la que est\u00e1n tomadas las instalaciones del Centro Hist\u00f3rico de la Ciudad de M\u00e9xico justo en protesta por la falta de justicia para las v\u00edctimas. Ella estaba en esa sede cuando se enteraron del desalojo en Ecatepec, as\u00ed que ofreci\u00f3 su coche para ir a donde estaban las detenidas, en el Centro de Justicia de Atizap\u00e1n.<\/p>\n<p>Llegaron hasta 100 personas, cont\u00f3, pero la polic\u00eda ni siquiera daba informaci\u00f3n ni la lista de detenidas, y de pronto empezaron las agresiones con golpes, insultos y hasta palos, as\u00ed que salieron huyendo.<\/p>\n<p>Pasado el mediod\u00eda, en la CNDH, convertida en refugio para v\u00edctimas, la activista y madre de una chica asesinada hace cinco a\u00f1os, Yesenia Zamudio, dijo que tras lo ocurrido en la madrugada, van a tomar edificios de comisiones de Derechos Humanos en todo el pa\u00eds.<\/p>\n<p><img loading=\"lazy\" decoding=\"async\" data-attachment-id=\"53717\" data-permalink=\"http:\/\/www.grieta.org.mx\/index.php\/2020\/09\/11\/hay-mujeres-brutalmente-golpeadas-en-ecatepec-se-interpondra-queja-internacional-dicen-activistas-estado-de-mexico\/whatsapp-image-2020-09-11-at-3-17-05-pm\/\" data-orig-file=\"http:\/\/www.grieta.org.mx\/wp-content\/uploads\/2020\/09\/WhatsApp-Image-2020-09-11-at-3.17.05-PM.jpeg\" data-orig-size=\"1280,853\" data-comments-opened=\"0\" data-image-meta=\"{&quot;aperture&quot;:&quot;0&quot;,&quot;credit&quot;:&quot;&quot;,&quot;camera&quot;:&quot;&quot;,&quot;caption&quot;:&quot;&quot;,&quot;created_timestamp&quot;:&quot;0&quot;,&quot;copyright&quot;:&quot;&quot;,&quot;focal_length&quot;:&quot;0&quot;,&quot;iso&quot;:&quot;0&quot;,&quot;shutter_speed&quot;:&quot;0&quot;,&quot;title&quot;:&quot;&quot;,&quot;orientation&quot;:&quot;0&quot;}\" data-image-title=\"WhatsApp-Image-2020-09-11-at-3.17.05-PM\" data-image-description=\"\" data-image-caption=\"\" data-medium-file=\"http:\/\/www.grieta.org.mx\/wp-content\/uploads\/2020\/09\/WhatsApp-Image-2020-09-11-at-3.17.05-PM-300x200.jpeg\" data-large-file=\"http:\/\/www.grieta.org.mx\/wp-content\/uploads\/2020\/09\/WhatsApp-Image-2020-09-11-at-3.17.05-PM-1024x682.jpeg\" class=\"alignnone  wp-image-53717\" src=\"http:\/\/www.grieta.org.mx\/wp-content\/uploads\/2020\/09\/WhatsApp-Image-2020-09-11-at-3.17.05-PM.jpeg\" alt=\"\" width=\"646\" height=\"430\" srcset=\"http:\/\/www.grieta.org.mx\/wp-content\/uploads\/2020\/09\/WhatsApp-Image-2020-09-11-at-3.17.05-PM.jpeg 1280w, http:\/\/www.grieta.org.mx\/wp-content\/uploads\/2020\/09\/WhatsApp-Image-2020-09-11-at-3.17.05-PM-300x200.jpeg 300w, http:\/\/www.grieta.org.mx\/wp-content\/uploads\/2020\/09\/WhatsApp-Image-2020-09-11-at-3.17.05-PM-1024x682.jpeg 1024w, http:\/\/www.grieta.org.mx\/wp-content\/uploads\/2020\/09\/WhatsApp-Image-2020-09-11-at-3.17.05-PM-768x512.jpeg 768w, http:\/\/www.grieta.org.mx\/wp-content\/uploads\/2020\/09\/WhatsApp-Image-2020-09-11-at-3.17.05-PM-750x500.jpeg 750w\" sizes=\"auto, (max-width: 646px) 100vw, 646px\" \/><\/p>\n<h6>Foto: Carlo Echegoyen<\/h6>\n<p>Otra representante del Frente Ni Una Menos ley\u00f3 un comunicado con una serie de peticiones del movimiento: exigieron que el gobernador Alfredo del Mazo se pronuncie y garantice atenci\u00f3n m\u00e9dica inmediata a las mujeres que est\u00e1n heridas, adem\u00e1s de una disculpa p\u00fablica a las mujeres que fueron llamadas v\u00e1ndalas, amenazadas con ser desaparecidas o asesinadas, y que quienes participaron en esos actos sean retirados de sus cargos y se les finquen responsabilidades por no seguir ning\u00fan protocolo.<\/p>\n<p>Pidieron mesas de di\u00e1logo en las que no haya una escucha inerte, sino que se traduzcan en acciones, y que haya minutas que se entreguen a las participantes; revisi\u00f3n caso por caso de las v\u00edctimas que no han tenido justicia en a\u00f1os.<\/p>\n<p>\u201cCon estas tomas que hemos hecho simb\u00f3licas o f\u00edsicas de los espacios de derechos humanos lo que queremos evidenciar es que el Estado de Derecho en M\u00e9xico no existe para las mujeres, que las comisiones de Derechos Humanos son un aparato que no est\u00e1 cumpliendo con su funci\u00f3n, que se han dedicado a enmascarar y a secundar los actos de violencia institucional a los que nos vemos expuestas todos los d\u00edas\u201d, agreg\u00f3, en referencia a acciones que ya se han realizado en Morelia, Puebla, Veracruz y Aguascalientes.<\/p>\n<h2><strong>Amnist\u00eda Internacional denuncia ocultamiento de responsables<\/strong><\/h2>\n<p>A la sede de la CNDH en la Ciudad de M\u00e9xico acudieron directamente la directora local de la organizaci\u00f3n Amnist\u00eda Internacional, Tania Reneaum, y la Jefa de su Unidad de Derechos Humanos, Edith Olivares, para recabar testimonios de mujeres ah\u00ed refugiadas despu\u00e9s de lo ocurrido en la madrugada en el Estado de M\u00e9xico.<\/p>\n<p>Reneaum denunci\u00f3 que esto se suma a otros actos de represi\u00f3n de movimientos feministas en Culiac\u00e1n esta semana y en Ciudad Ju\u00e1rez el fin de semana pasado, por lo que se ve un patr\u00f3n de agresiones sistem\u00e1ticas de las polic\u00edas de todo el pa\u00eds, sin importar de qu\u00e9 nivel de gobierno, contra las mujeres.<\/p>\n<p><img loading=\"lazy\" decoding=\"async\" data-attachment-id=\"53718\" data-permalink=\"http:\/\/www.grieta.org.mx\/index.php\/2020\/09\/11\/hay-mujeres-brutalmente-golpeadas-en-ecatepec-se-interpondra-queja-internacional-dicen-activistas-estado-de-mexico\/cuartoscuro_776242_digital-e1599855394287\/\" data-orig-file=\"http:\/\/www.grieta.org.mx\/wp-content\/uploads\/2020\/09\/cuartoscuro_776242_digital-e1599855394287.jpeg\" data-orig-size=\"1280,668\" data-comments-opened=\"0\" data-image-meta=\"{&quot;aperture&quot;:&quot;0&quot;,&quot;credit&quot;:&quot;&quot;,&quot;camera&quot;:&quot;&quot;,&quot;caption&quot;:&quot;&quot;,&quot;created_timestamp&quot;:&quot;0&quot;,&quot;copyright&quot;:&quot;&quot;,&quot;focal_length&quot;:&quot;0&quot;,&quot;iso&quot;:&quot;0&quot;,&quot;shutter_speed&quot;:&quot;0&quot;,&quot;title&quot;:&quot;&quot;,&quot;orientation&quot;:&quot;0&quot;}\" data-image-title=\"cuartoscuro_776242_digital-e1599855394287\" data-image-description=\"\" data-image-caption=\"\" data-medium-file=\"http:\/\/www.grieta.org.mx\/wp-content\/uploads\/2020\/09\/cuartoscuro_776242_digital-e1599855394287-300x157.jpeg\" data-large-file=\"http:\/\/www.grieta.org.mx\/wp-content\/uploads\/2020\/09\/cuartoscuro_776242_digital-e1599855394287-1024x534.jpeg\" class=\"alignnone  wp-image-53718\" src=\"http:\/\/www.grieta.org.mx\/wp-content\/uploads\/2020\/09\/cuartoscuro_776242_digital-e1599855394287.jpeg\" alt=\"\" width=\"643\" height=\"336\" srcset=\"http:\/\/www.grieta.org.mx\/wp-content\/uploads\/2020\/09\/cuartoscuro_776242_digital-e1599855394287.jpeg 1280w, http:\/\/www.grieta.org.mx\/wp-content\/uploads\/2020\/09\/cuartoscuro_776242_digital-e1599855394287-300x157.jpeg 300w, http:\/\/www.grieta.org.mx\/wp-content\/uploads\/2020\/09\/cuartoscuro_776242_digital-e1599855394287-1024x534.jpeg 1024w, http:\/\/www.grieta.org.mx\/wp-content\/uploads\/2020\/09\/cuartoscuro_776242_digital-e1599855394287-768x401.jpeg 768w, http:\/\/www.grieta.org.mx\/wp-content\/uploads\/2020\/09\/cuartoscuro_776242_digital-e1599855394287-958x500.jpeg 958w\" sizes=\"auto, (max-width: 643px) 100vw, 643px\" \/><\/p>\n<h6>Foto tomada de: animalpolitico<\/h6>\n<p>Consider\u00f3 grave que en el caso de la toma de la CODHEM no est\u00e1 claro qu\u00e9 cuerpo policiaco hizo el desalojo y posteriores agresiones: se manej\u00f3 que la polic\u00eda de Ecatepec, que fue la Fiscal\u00eda del Estado la que intervino a petici\u00f3n del organismo, que corporaciones de Atizap\u00e1n porque ah\u00ed est\u00e1 el Centro de Justicia al que las llevaron, y hasta que intervino la Guardia Nacional, sin que ninguna autoridad asuma la responsabilidad del operativo. Adem\u00e1s, dijo, en los videos no se logra identificar con claridad insignias de una corporaci\u00f3n, lo cual va contra todo protocolo, las mujeres no saben a quienes denunciar, y se traduce en que no haya claridad de a qui\u00e9n van a investigar y a qui\u00e9n sancionar.<\/p>\n<p>\u201cLo que est\u00e1 pasando es terrible. No solo es un acto de represi\u00f3n, sino que es un acto de represi\u00f3n muy bien armado para no saber exactamente qui\u00e9nes son los responsables\u201d, se\u00f1al\u00f3.<\/p>\n<p>Entre las detenidas estuvo una integrante de Amnist\u00eda, pero no aparec\u00eda en las listas de detenidos, por lo que durante horas no supieron de ella, lo cual tambi\u00e9n viola todos los protocolos de actuaci\u00f3n policial, explic\u00f3.<\/p>\n<p><a href=\"https:\/\/www.animalpolitico.com\/2020\/09\/mujeres-brutalmente-golpeadas-ecatepec-queja-internacional-activistas\/\" target=\"_blank\" rel=\"noopener noreferrer\">https:\/\/www.animalpolitico.com\/2020\/09\/mujeres-brutalmente-golpeadas-ecatepec-queja-internacional-activistas\/<\/a><\/p>\n","protected":false},"excerpt":{"rendered":"<p>Foto: Carlo Echegoyen Itxaro Arteta \/ Animal Pol\u00edtico Activistas ven un patr\u00f3n de agresiones sistem\u00e1ticas de las polic\u00edas de todo el pa\u00eds, sin importar de qu\u00e9 nivel de gobierno, contra &hellip; <a href=\"http:\/\/www.grieta.org.mx\/index.php\/2020\/09\/11\/hay-mujeres-brutalmente-golpeadas-en-ecatepec-se-interpondra-queja-internacional-dicen-activistas-estado-de-mexico\/\" class=\"more-link\">Leer m\u00e1s<\/a><\/p>\n","protected":false},"author":2,"featured_media":53716,"comment_status":"closed","ping_status":"closed","sticky":false,"template":"","format":"standard","meta":{"ngg_post_thumbnail":0,"_jetpack_newsletter_access":"","_jetpack_dont_email_post_to_subs":false,"_jetpack_newsletter_tier_id":0,"_jetpack_memberships_contains_paywalled_content":false,"_jetpack_memberships_contains_paid_content":false,"footnotes":""},"categories":[2798,80,2725,16,1013,1729,3035,2,2720,2398],"tags":[2248,1630,2338,1034],"class_list":["post-53715","post","type-post","status-publish","format-standard","has-post-thumbnail","hentry","category-abuso-policiaco-y-tortura-en-el-estado-de-mexico","category-cintillo","category-desalojo-en-el-estado-de-mexico","category-estado-de-mexico","category-feminicios-en-el-estado-de-mexico","category-lucha-y-resistencia-del-pueblo-en-el-estado-de-mexico","category-movilizaciones-y-protestas-de-habitantes-en-el-estado-de-mexico","category-noticias-nacionales","category-violencia-contra-las-mujeres-en-el-estado-de-mexico","category-violencia-contra-luchadores-sociales-en-el-estado-de-mexico","tag-luchas-de-las-mujeres","tag-violencia-contra-las-mujeres","tag-violencia-de-las-fuerzas-represivas","tag-violencias-de-fuerzas-represivas","entry"],"jetpack_featured_media_url":"http:\/\/www.grieta.org.mx\/wp-content\/uploads\/2020\/09\/Hay-mujeres-brutalmente-golpeadas-en-Ecatepec-se-interpondra-queja-internacional-dicen-activistas-edomex-sept.jpeg","jetpack_sharing_enabled":true,"jetpack_shortlink":"https:\/\/wp.me\/p7ZJR4-dYn","jetpack_likes_enabled":false,"jetpack-related-posts":[{"id":53727,"url":"http:\/\/www.grieta.org.mx\/index.php\/2020\/09\/11\/incendian-sede-de-codhem-en-ecatepec-tras-detencion-de-feministas-estado-de-mexico\/","url_meta":{"origin":53715,"position":0},"title":"Incendian sede de CODHEM en Ecatepec tras detenci\u00f3n de feministas (Estado de M\u00e9xico)","author":"grieta","date":"11 septiembre, 2020","format":false,"excerpt":"Foto: Twiter \/ @Andalalucha Carlos Guevara \/ El Sol de M\u00e9xico Un grupo de aproximadamente 50 mujeres llegaron al recinto ubicado en o en la Avenida Morelos para manifestarse en contra de la violencia policial y feminicidios Mujeres feministas incendiaron este viernes las instalaciones de la visitadur\u00eda general de la\u2026","rel":"","context":"En &quot;Abuso policiaco y tortura en el Estado de M\u00e9xico&quot;","block_context":{"text":"Abuso policiaco y tortura en el Estado de M\u00e9xico","link":"http:\/\/www.grieta.org.mx\/index.php\/category\/noticias-nacionales\/estado-de-mexico\/abuso-policiaco-y-tortura-en-el-estado-de-mexico\/"},"img":{"alt_text":"","src":"https:\/\/i0.wp.com\/www.grieta.org.mx\/wp-content\/uploads\/2020\/09\/Incendian-sede-de-CODHEM-en-Ecatepec-tras-detencion-de-feministas-edomex-sept.jpg?resize=350%2C200","width":350,"height":200,"srcset":"https:\/\/i0.wp.com\/www.grieta.org.mx\/wp-content\/uploads\/2020\/09\/Incendian-sede-de-CODHEM-en-Ecatepec-tras-detencion-de-feministas-edomex-sept.jpg?resize=350%2C200 1x, https:\/\/i0.wp.com\/www.grieta.org.mx\/wp-content\/uploads\/2020\/09\/Incendian-sede-de-CODHEM-en-Ecatepec-tras-detencion-de-feministas-edomex-sept.jpg?resize=525%2C300 1.5x, https:\/\/i0.wp.com\/www.grieta.org.mx\/wp-content\/uploads\/2020\/09\/Incendian-sede-de-CODHEM-en-Ecatepec-tras-detencion-de-feministas-edomex-sept.jpg?resize=700%2C400 2x"},"classes":[]},{"id":53640,"url":"http:\/\/www.grieta.org.mx\/index.php\/2020\/09\/14\/mujeres-de-atenco-presentan-amparo-contra-fiscalia-de-edomex-por-obstaculizar-investigacion\/","url_meta":{"origin":53715,"position":1},"title":"Mujeres de Atenco presentan amparo contra Fiscal\u00eda de Edomex por obstaculizar investigaci\u00f3n","author":"grieta","date":"14 septiembre, 2020","format":false,"excerpt":"Foto: somoselmedio Sididh \/ somoselmedio Ciudad de M\u00e9xico, 14 de septiembre\u00a0de 2020.\u00a0Casi dos a\u00f1os despu\u00e9s de la notificaci\u00f3n de la sentencia de la Corte Interamericana de Derechos Humanos (Corte IDH) en el caso\u00a0Mujeres V\u00edctimas de Tortura Sexual en Atenco, la investigaci\u00f3n penal sigue fragmentada debido a la negativa de la\u2026","rel":"","context":"En &quot;Abuso policiaco y tortura en el Estado de M\u00e9xico&quot;","block_context":{"text":"Abuso policiaco y tortura en el Estado de M\u00e9xico","link":"http:\/\/www.grieta.org.mx\/index.php\/category\/noticias-nacionales\/estado-de-mexico\/abuso-policiaco-y-tortura-en-el-estado-de-mexico\/"},"img":{"alt_text":"","src":"https:\/\/i0.wp.com\/www.grieta.org.mx\/wp-content\/uploads\/2020\/09\/Mujeres-de-Atenco-presentan-amparo-contra-Fiscalia-de-Edomex-por-obstaculizar-investigacion-edmoex-sept.png?resize=350%2C200","width":350,"height":200,"srcset":"https:\/\/i0.wp.com\/www.grieta.org.mx\/wp-content\/uploads\/2020\/09\/Mujeres-de-Atenco-presentan-amparo-contra-Fiscalia-de-Edomex-por-obstaculizar-investigacion-edmoex-sept.png?resize=350%2C200 1x, https:\/\/i0.wp.com\/www.grieta.org.mx\/wp-content\/uploads\/2020\/09\/Mujeres-de-Atenco-presentan-amparo-contra-Fiscalia-de-Edomex-por-obstaculizar-investigacion-edmoex-sept.png?resize=525%2C300 1.5x"},"classes":[]},{"id":11278,"url":"http:\/\/www.grieta.org.mx\/index.php\/2016\/04\/25\/movilizacion-contra-la-violencia-hacia-las-mujeres-en-el-estado-de-mexico\/","url_meta":{"origin":53715,"position":2},"title":"Movilizaci\u00f3n contra la violencia hacia las mujeres en el Estado de M\u00e9xico","author":"grieta","date":"25 abril, 2016","format":false,"excerpt":"25\/04\/16. Con Marcha en Toluca, Exigen Seguridad Para las MujeresEl Valle","rel":"","context":"En &quot;Estado de M\u00e9xico&quot;","block_context":{"text":"Estado de M\u00e9xico","link":"http:\/\/www.grieta.org.mx\/index.php\/category\/noticias-nacionales\/estado-de-mexico\/"},"img":{"alt_text":"","src":"https:\/\/i0.wp.com\/www.grieta.org.mx\/wp-content\/uploads\/2018\/03\/14524434_1106112876131411_958039263622046936_o.jpg?resize=350%2C200","width":350,"height":200,"srcset":"https:\/\/i0.wp.com\/www.grieta.org.mx\/wp-content\/uploads\/2018\/03\/14524434_1106112876131411_958039263622046936_o.jpg?resize=350%2C200 1x, https:\/\/i0.wp.com\/www.grieta.org.mx\/wp-content\/uploads\/2018\/03\/14524434_1106112876131411_958039263622046936_o.jpg?resize=525%2C300 1.5x, https:\/\/i0.wp.com\/www.grieta.org.mx\/wp-content\/uploads\/2018\/03\/14524434_1106112876131411_958039263622046936_o.jpg?resize=700%2C400 2x"},"classes":[]},{"id":55141,"url":"http:\/\/www.grieta.org.mx\/index.php\/2020\/11\/14\/despliegan-fuerte-operativo-ante-marcha-contra-feminicidios-estado-de-mexico\/","url_meta":{"origin":53715,"position":3},"title":"Despliegan fuerte operativo ante marcha contra feminicidios (Estado de M\u00e9xico)","author":"grieta","date":"14 noviembre, 2020","format":false,"excerpt":"Fotos tomadas de: ADNoticias V\u00edctor Castillo \/ ADNoticias La cuarta protesta en lo que va de la semana por los recientes feminicidios registrados en Toluca fue custodiada por decenas de polic\u00edas Al\u00a0menos 100 polic\u00edas estatales custodiaron la Casa de Gobierno del Estado de M\u00e9xico ubicada sobre Paseo Col\u00f3n, con un\u2026","rel":"","context":"En &quot;Abuso policiaco y tortura en el Estado de M\u00e9xico&quot;","block_context":{"text":"Abuso policiaco y tortura en el Estado de M\u00e9xico","link":"http:\/\/www.grieta.org.mx\/index.php\/category\/noticias-nacionales\/estado-de-mexico\/abuso-policiaco-y-tortura-en-el-estado-de-mexico\/"},"img":{"alt_text":"","src":"https:\/\/i0.wp.com\/www.grieta.org.mx\/wp-content\/uploads\/2020\/11\/Despliegan-fuerte-operativo-ante-marcha-contra-feminicidios-edomex-nov.jpeg?resize=350%2C200","width":350,"height":200,"srcset":"https:\/\/i0.wp.com\/www.grieta.org.mx\/wp-content\/uploads\/2020\/11\/Despliegan-fuerte-operativo-ante-marcha-contra-feminicidios-edomex-nov.jpeg?resize=350%2C200 1x, https:\/\/i0.wp.com\/www.grieta.org.mx\/wp-content\/uploads\/2020\/11\/Despliegan-fuerte-operativo-ante-marcha-contra-feminicidios-edomex-nov.jpeg?resize=525%2C300 1.5x, https:\/\/i0.wp.com\/www.grieta.org.mx\/wp-content\/uploads\/2020\/11\/Despliegan-fuerte-operativo-ante-marcha-contra-feminicidios-edomex-nov.jpeg?resize=700%2C400 2x, https:\/\/i0.wp.com\/www.grieta.org.mx\/wp-content\/uploads\/2020\/11\/Despliegan-fuerte-operativo-ante-marcha-contra-feminicidios-edomex-nov.jpeg?resize=1050%2C600 3x"},"classes":[]},{"id":41686,"url":"http:\/\/www.grieta.org.mx\/index.php\/2019\/11\/29\/mujeres-realizan-performance-un-violador-en-tu-camino-en-toluca-estado-de-mexico\/","url_meta":{"origin":53715,"position":4},"title":"Mujeres realizan performance \u201cUn violador en tu camino\u201d en Toluca (Estado de M\u00e9xico)","author":"grieta","date":"29 noviembre, 2019","format":false,"excerpt":"Foto: El Gr\u00e1fico Claudia Gonz\u00e1lez \/ El Universal Con pa\u00f1uelos verdes, las adolescentes se apostaron frente al Palacio de Gobierno del Estado de M\u00e9xico y exigieron a las autoridades atender la violencia de g\u00e9nero Un grupo de mujeres realiz\u00f3 el performance \u201cUn violador en tu camino\u201d en el centro de\u2026","rel":"","context":"En &quot;CINTILLO&quot;","block_context":{"text":"CINTILLO","link":"http:\/\/www.grieta.org.mx\/index.php\/category\/cintillo\/"},"img":{"alt_text":"","src":"https:\/\/i0.wp.com\/www.grieta.org.mx\/wp-content\/uploads\/2019\/11\/Mujeres-realizan-performance-%E2%80%9CUn-violador-en-tu-camino-toluca-edomex-nov.jpg?resize=350%2C200","width":350,"height":200},"classes":[]},{"id":44350,"url":"http:\/\/www.grieta.org.mx\/index.php\/2020\/02\/14\/marchan-para-exigir-fin-a-la-violencia-contra-las-mujeres-estado-de-mexico\/","url_meta":{"origin":53715,"position":5},"title":"Marchan para exigir fin a la violencia contra las mujeres (Estado de M\u00e9xico)","author":"grieta","date":"14 febrero, 2020","format":false,"excerpt":"Aseguraron que las protestas seguir\u00e1n para crear conciencia y terminar la cultura machista que genera violencia. (Archivo) Zuleyma Garc\u00eda \/ Milenio Entre consignas y con pancartas las mujeres caminaron hasta el ayuntamiento donde donde de manera pac\u00edfica pidieron mejores resultados en seguridad. Lejos de festejar el 14 de febrero, este\u2026","rel":"","context":"En &quot;CINTILLO&quot;","block_context":{"text":"CINTILLO","link":"http:\/\/www.grieta.org.mx\/index.php\/category\/cintillo\/"},"img":{"alt_text":"","src":"https:\/\/i0.wp.com\/www.grieta.org.mx\/wp-content\/uploads\/2020\/02\/Marchan-para-exigir-fin-a-la-violencia-contra-las-mujeres-edomex-feb.jpeg?resize=350%2C200","width":350,"height":200,"srcset":"https:\/\/i0.wp.com\/www.grieta.org.mx\/wp-content\/uploads\/2020\/02\/Marchan-para-exigir-fin-a-la-violencia-contra-las-mujeres-edomex-feb.jpeg?resize=350%2C200 1x, https:\/\/i0.wp.com\/www.grieta.org.mx\/wp-content\/uploads\/2020\/02\/Marchan-para-exigir-fin-a-la-violencia-contra-las-mujeres-edomex-feb.jpeg?resize=525%2C300 1.5x, https:\/\/i0.wp.com\/www.grieta.org.mx\/wp-content\/uploads\/2020\/02\/Marchan-para-exigir-fin-a-la-violencia-contra-las-mujeres-edomex-feb.jpeg?resize=700%2C400 2x"},"classes":[]}],"_links":{"self":[{"href":"http:\/\/www.grieta.org.mx\/index.php\/wp-json\/wp\/v2\/posts\/53715","targetHints":{"allow":["GET"]}}],"collection":[{"href":"http:\/\/www.grieta.org.mx\/index.php\/wp-json\/wp\/v2\/posts"}],"about":[{"href":"http:\/\/www.grieta.org.mx\/index.php\/wp-json\/wp\/v2\/types\/post"}],"author":[{"embeddable":true,"href":"http:\/\/www.grieta.org.mx\/index.php\/wp-json\/wp\/v2\/users\/2"}],"replies":[{"embeddable":true,"href":"http:\/\/www.grieta.org.mx\/index.php\/wp-json\/wp\/v2\/comments?post=53715"}],"version-history":[{"count":1,"href":"http:\/\/www.grieta.org.mx\/index.php\/wp-json\/wp\/v2\/posts\/53715\/revisions"}],"predecessor-version":[{"id":53719,"href":"http:\/\/www.grieta.org.mx\/index.php\/wp-json\/wp\/v2\/posts\/53715\/revisions\/53719"}],"wp:featuredmedia":[{"embeddable":true,"href":"http:\/\/www.grieta.org.mx\/index.php\/wp-json\/wp\/v2\/media\/53716"}],"wp:attachment":[{"href":"http:\/\/www.grieta.org.mx\/index.php\/wp-json\/wp\/v2\/media?parent=53715"}],"wp:term":[{"taxonomy":"category","embeddable":true,"href":"http:\/\/www.grieta.org.mx\/index.php\/wp-json\/wp\/v2\/categories?post=53715"},{"taxonomy":"post_tag","embeddable":true,"href":"http:\/\/www.grieta.org.mx\/index.php\/wp-json\/wp\/v2\/tags?post=53715"}],"curies":[{"name":"wp","href":"https:\/\/api.w.org\/{rel}","templated":true}]}}