{"id":5370,"date":"2015-11-26T01:57:42","date_gmt":"2015-11-26T01:57:42","guid":{"rendered":"http:\/\/50.22.11.12\/~grietaor\/?p=5370"},"modified":"2016-04-24T23:55:17","modified_gmt":"2016-04-24T23:55:17","slug":"triunfo-para-temacapulin-corte-confirma-altura-de-80-metros-en-zapotillo","status":"publish","type":"post","link":"http:\/\/www.grieta.org.mx\/index.php\/2015\/11\/26\/triunfo-para-temacapulin-corte-confirma-altura-de-80-metros-en-zapotillo\/","title":{"rendered":"Triunfo para Temacapul\u00edn; Corte confirma altura de 80 metros en Zapotillo"},"content":{"rendered":"<p>Por: C\u00e9sar Octavio Huerta <\/p>\n<p>26 de noviembre 2015.- La Suprema Corte de Justicia de la Naci\u00f3n (SCJN) confirm\u00f3 ayer la suspensi\u00f3n otorgada por un juzgado federal, para que la construcci\u00f3n de la cortina de la presa El Zapotillo no rebase el l\u00edmite de los 80 metros de altura.<\/p>\n<p>Por segunda ocasi\u00f3n, el m\u00e1ximo tribunal del pa\u00eds le dio la raz\u00f3n a los habitantes de Temacapul\u00edn, impidiendo que las autoridades locales y federales construyan la cortina de El Zapotillo a una altura de 105 metros, lo que terminar\u00eda inundando al poblado de los Altos de Jalisco.<\/p>\n<p>En agosto de 2013, la SCJN anul\u00f3 un convenio firmado por el ex gobernador Emilio Gonz\u00e1lez con el ex gobernador de Guanajuato, la Conagua y Semarnat, con la intenci\u00f3n de aumentar la capacidad de almacenamiento de agua de la presa El Zapotillo, despu\u00e9s de una controversia constitucional promovida por el Congreso de Jalisco.<\/p>\n<p>En su resoluci\u00f3n, los ministros de la Corte se\u00f1alaron que deb\u00eda respetarse el convenio firmado en 2005 que contemplara que la cortina de El Zapotillo se quedara a 80 metros de altura.<\/p>\n<p>La decisi\u00f3n de la Corte obliga a la Conagua, el Gobierno de Jalisco y a los constructores de la obra, a no rebasar los 80 metros de altura de la cortina del embalse, mientras se resuelven los juicios de amparo pendientes que fueron promovidos por una decena de habitantes de Temacapul\u00edn.<\/p>\n<p><a href=\"http:\/\/www.proyectodiez.mx\/triunfo-para-temacapulin-corte-confirma-altura-de-80-metros-en-zapotillo\/\" target=\"_blank\">http:\/\/www.proyectodiez.mx\/triunfo-para-temacapulin-corte-confirma-altura-de-80-metros-en-zapotillo\/<\/a><\/p>\n","protected":false},"excerpt":{"rendered":"<p>Por: C\u00e9sar Octavio Huerta 26 de noviembre 2015.- La Suprema Corte de Justicia de la Naci\u00f3n (SCJN) confirm\u00f3 ayer la suspensi\u00f3n otorgada por un juzgado federal, para que la construcci\u00f3n &hellip; <a href=\"http:\/\/www.grieta.org.mx\/index.php\/2015\/11\/26\/triunfo-para-temacapulin-corte-confirma-altura-de-80-metros-en-zapotillo\/\" class=\"more-link\">Leer m\u00e1s<\/a><\/p>\n","protected":false},"author":2,"featured_media":21928,"comment_status":"closed","ping_status":"open","sticky":false,"template":"","format":"standard","meta":{"ngg_post_thumbnail":0,"_jetpack_newsletter_access":"","_jetpack_dont_email_post_to_subs":false,"_jetpack_newsletter_tier_id":0,"_jetpack_memberships_contains_paywalled_content":false,"_jetpack_memberships_contains_paid_content":false,"footnotes":""},"categories":[80,230],"tags":[313],"class_list":["post-5370","post","type-post","status-publish","format-standard","has-post-thumbnail","hentry","category-cintillo","category-jalisco","tag-presa-y-acueducto-del-zapotillo","entry"],"jetpack_featured_media_url":"http:\/\/www.grieta.org.mx\/wp-content\/uploads\/2018\/03\/14524434_1106112876131411_958039263622046936_o.jpg","jetpack_sharing_enabled":true,"jetpack_shortlink":"https:\/\/wp.me\/p7ZJR4-1oC","jetpack_likes_enabled":false,"jetpack-related-posts":[{"id":35937,"url":"http:\/\/www.grieta.org.mx\/index.php\/2019\/06\/29\/un-buen-gobernante-no-le-da-la-espalda-al-pueblo-no-incumple-sus-compromisos-temacapulin-jalisco\/","url_meta":{"origin":5370,"position":0},"title":"Un buen gobernante no le da la espalda al pueblo, no incumple sus compromisos: Temacapul\u00edn (Jalisco)","author":"grieta","date":"29 junio, 2019","format":false,"excerpt":"Redacci\u00f3n \/ Somos el Medio A trav\u00e9s de una carta dirigida a Enrique Alfaro Ram\u00edrez, a su Gabinete de Gobierno y a los diputados(as) del Congreso del Estado de Jalisco, el Comit\u00e9 Salvemos Temacapul\u00edn Acasico y Palmarejo, el Colectivo de Abogadxs, el Movimiento Mexicano de Afectados por las Presas y\u2026","rel":"","context":"En &quot;CINTILLO&quot;","block_context":{"text":"CINTILLO","link":"http:\/\/www.grieta.org.mx\/index.php\/category\/cintillo\/"},"img":{"alt_text":"","src":"https:\/\/i0.wp.com\/www.grieta.org.mx\/wp-content\/uploads\/2019\/07\/D-MawzfUYAA3J_I.jpg?resize=350%2C200","width":350,"height":200,"srcset":"https:\/\/i0.wp.com\/www.grieta.org.mx\/wp-content\/uploads\/2019\/07\/D-MawzfUYAA3J_I.jpg?resize=350%2C200 1x, https:\/\/i0.wp.com\/www.grieta.org.mx\/wp-content\/uploads\/2019\/07\/D-MawzfUYAA3J_I.jpg?resize=525%2C300 1.5x"},"classes":[]},{"id":3573,"url":"http:\/\/www.grieta.org.mx\/index.php\/2016\/09\/12\/presa-y-acueducto-el-zapotillo\/","url_meta":{"origin":5370,"position":1},"title":"Resistencia contra la presa y el acueducto El Zapotillo","author":"grieta","date":"12 septiembre, 2016","format":false,"excerpt":"12\/09\/16. Dan facilidades financieras a AbengoaNtr Guadalajara 22\/08\/16. \u201cJam\u00e1s nos iremos de\u00a0Temacapul\u00edn\u201dP\u00e1gina 24 13\/08\/16. Unops \u201cchantajea\u201d a los habitantes de Los\u00a0Altos Sitio Agustin del Castillo 12\/08\/16. Detienen proyecto del Zapotillo am Le\u00f3n 27\/07\/16. Piden que Comisi\u00f3n sobre Presa Zapotillo sea abierta Canal 44 02\/05\/16. Jalisco, el desag\u00fce de El Zapotillo\u2026","rel":"","context":"En &quot;Jalisco&quot;","block_context":{"text":"Jalisco","link":"http:\/\/www.grieta.org.mx\/index.php\/category\/noticias-nacionales\/jalisco\/"},"img":{"alt_text":"","src":"https:\/\/i0.wp.com\/www.grieta.org.mx\/wp-content\/uploads\/2018\/03\/14524434_1106112876131411_958039263622046936_o.jpg?resize=350%2C200","width":350,"height":200,"srcset":"https:\/\/i0.wp.com\/www.grieta.org.mx\/wp-content\/uploads\/2018\/03\/14524434_1106112876131411_958039263622046936_o.jpg?resize=350%2C200 1x, https:\/\/i0.wp.com\/www.grieta.org.mx\/wp-content\/uploads\/2018\/03\/14524434_1106112876131411_958039263622046936_o.jpg?resize=525%2C300 1.5x, https:\/\/i0.wp.com\/www.grieta.org.mx\/wp-content\/uploads\/2018\/03\/14524434_1106112876131411_958039263622046936_o.jpg?resize=700%2C400 2x"},"classes":[]},{"id":5376,"url":"http:\/\/www.grieta.org.mx\/index.php\/2015\/11\/22\/el-pueblo-contra-la-presa-diez-anos-de-lucha-en-temacapulin-jalisco\/","url_meta":{"origin":5370,"position":2},"title":"El pueblo contra la presa: Diez a\u00f1os de lucha en Temacapulin, Jalisco","author":"grieta","date":"22 noviembre, 2015","format":false,"excerpt":"Somos el Medio Entre 40 y 80 millones de personas han sido desplazadas en todo el mundo por la construcci\u00f3n de represas. Por: Juan Yves Palomar Se cumplen diez a\u00f1os desde que se anunci\u00f3 el proyecto de construcci\u00f3n de la presa El Zapotillo y con ello, de afectar la vida\u2026","rel":"","context":"En &quot;CINTILLO&quot;","block_context":{"text":"CINTILLO","link":"http:\/\/www.grieta.org.mx\/index.php\/category\/cintillo\/"},"img":{"alt_text":"","src":"https:\/\/i0.wp.com\/www.grieta.org.mx\/wp-content\/uploads\/2018\/03\/14524434_1106112876131411_958039263622046936_o.jpg?resize=350%2C200","width":350,"height":200,"srcset":"https:\/\/i0.wp.com\/www.grieta.org.mx\/wp-content\/uploads\/2018\/03\/14524434_1106112876131411_958039263622046936_o.jpg?resize=350%2C200 1x, https:\/\/i0.wp.com\/www.grieta.org.mx\/wp-content\/uploads\/2018\/03\/14524434_1106112876131411_958039263622046936_o.jpg?resize=525%2C300 1.5x, https:\/\/i0.wp.com\/www.grieta.org.mx\/wp-content\/uploads\/2018\/03\/14524434_1106112876131411_958039263622046936_o.jpg?resize=700%2C400 2x"},"classes":[]},{"id":9919,"url":"http:\/\/www.grieta.org.mx\/index.php\/2016\/04\/01\/negros-nubarrones-anuncian-la-muerte-de-temacapulin\/","url_meta":{"origin":5370,"position":3},"title":"Negros nubarrones anuncian la \u201cmuerte\u201d de Temacapul\u00edn","author":"grieta","date":"1 abril, 2016","format":false,"excerpt":"El gobernador Arist\u00f3teles nos traicion\u00f3, no cumpli\u00f3 su palabra: Habitantes Sin especificar si la presa de El Zapotillo est\u00e1 lista para operar a 80 o 105 metros, el secretario de Gobierno de Jalisco sentenci\u00f3 que por su seguridad los habitantes de los poblados afectados deben abandonar sus casas, ante la\u2026","rel":"","context":"En &quot;CINTILLO&quot;","block_context":{"text":"CINTILLO","link":"http:\/\/www.grieta.org.mx\/index.php\/category\/cintillo\/"},"img":{"alt_text":"","src":"https:\/\/i0.wp.com\/www.grieta.org.mx\/wp-content\/uploads\/2018\/03\/14524434_1106112876131411_958039263622046936_o.jpg?resize=350%2C200","width":350,"height":200,"srcset":"https:\/\/i0.wp.com\/www.grieta.org.mx\/wp-content\/uploads\/2018\/03\/14524434_1106112876131411_958039263622046936_o.jpg?resize=350%2C200 1x, https:\/\/i0.wp.com\/www.grieta.org.mx\/wp-content\/uploads\/2018\/03\/14524434_1106112876131411_958039263622046936_o.jpg?resize=525%2C300 1.5x, https:\/\/i0.wp.com\/www.grieta.org.mx\/wp-content\/uploads\/2018\/03\/14524434_1106112876131411_958039263622046936_o.jpg?resize=700%2C400 2x"},"classes":[]},{"id":3569,"url":"http:\/\/www.grieta.org.mx\/index.php\/2016\/03\/07\/la-codicia-por-el-rio-verde\/","url_meta":{"origin":5370,"position":4},"title":"La codicia por el R\u00edo Verde","author":"grieta","date":"7 marzo, 2016","format":false,"excerpt":"Redacci\u00f3n M\u00e1s por m\u00e1s Gdl.- La discusi\u00f3n por la altura de la presa El Zapotillo casi siempre desv\u00eda la atenci\u00f3n de lo que se disputa en el R\u00edo Verde: una batalla por el agua entre empresarios y autoridades de Le\u00f3n con gobernantes de la Zona Metropolitana de Guadalajara as\u00ed como\u2026","rel":"","context":"En &quot;CINTILLO&quot;","block_context":{"text":"CINTILLO","link":"http:\/\/www.grieta.org.mx\/index.php\/category\/cintillo\/"},"img":{"alt_text":"","src":"https:\/\/i0.wp.com\/www.grieta.org.mx\/wp-content\/uploads\/2018\/03\/14524434_1106112876131411_958039263622046936_o.jpg?resize=350%2C200","width":350,"height":200,"srcset":"https:\/\/i0.wp.com\/www.grieta.org.mx\/wp-content\/uploads\/2018\/03\/14524434_1106112876131411_958039263622046936_o.jpg?resize=350%2C200 1x, https:\/\/i0.wp.com\/www.grieta.org.mx\/wp-content\/uploads\/2018\/03\/14524434_1106112876131411_958039263622046936_o.jpg?resize=525%2C300 1.5x, https:\/\/i0.wp.com\/www.grieta.org.mx\/wp-content\/uploads\/2018\/03\/14524434_1106112876131411_958039263622046936_o.jpg?resize=700%2C400 2x"},"classes":[]},{"id":9972,"url":"http:\/\/www.grieta.org.mx\/index.php\/2016\/04\/08\/denuncian-nueva-estrategia-de-hostigamiento-en-temacapulin-jalisco\/","url_meta":{"origin":5370,"position":5},"title":"Denuncian nueva estrategia de hostigamiento en Temacapul\u00edn, Jalisco","author":"grieta","date":"8 abril, 2016","format":false,"excerpt":"Exigen respeto a las resoluciones judiciales y necesidad de consulta Sara Gonz\u00e1lez Somos el Medio El Comit\u00e9 Salvemos Temacapul\u00edn, Acasico y Palmarejo, en conjunto con el Instituto Mexicano para el Desarrollo Comunitario A.C y el Colectivo de abogad@s denunciaron en marzo del 2016 una nueva estrategia de hostigamiento y violaci\u00f3n\u2026","rel":"","context":"En &quot;CINTILLO&quot;","block_context":{"text":"CINTILLO","link":"http:\/\/www.grieta.org.mx\/index.php\/category\/cintillo\/"},"img":{"alt_text":"","src":"https:\/\/i0.wp.com\/www.grieta.org.mx\/wp-content\/uploads\/2018\/03\/14524434_1106112876131411_958039263622046936_o.jpg?resize=350%2C200","width":350,"height":200,"srcset":"https:\/\/i0.wp.com\/www.grieta.org.mx\/wp-content\/uploads\/2018\/03\/14524434_1106112876131411_958039263622046936_o.jpg?resize=350%2C200 1x, https:\/\/i0.wp.com\/www.grieta.org.mx\/wp-content\/uploads\/2018\/03\/14524434_1106112876131411_958039263622046936_o.jpg?resize=525%2C300 1.5x, https:\/\/i0.wp.com\/www.grieta.org.mx\/wp-content\/uploads\/2018\/03\/14524434_1106112876131411_958039263622046936_o.jpg?resize=700%2C400 2x"},"classes":[]}],"_links":{"self":[{"href":"http:\/\/www.grieta.org.mx\/index.php\/wp-json\/wp\/v2\/posts\/5370","targetHints":{"allow":["GET"]}}],"collection":[{"href":"http:\/\/www.grieta.org.mx\/index.php\/wp-json\/wp\/v2\/posts"}],"about":[{"href":"http:\/\/www.grieta.org.mx\/index.php\/wp-json\/wp\/v2\/types\/post"}],"author":[{"embeddable":true,"href":"http:\/\/www.grieta.org.mx\/index.php\/wp-json\/wp\/v2\/users\/2"}],"replies":[{"embeddable":true,"href":"http:\/\/www.grieta.org.mx\/index.php\/wp-json\/wp\/v2\/comments?post=5370"}],"version-history":[{"count":1,"href":"http:\/\/www.grieta.org.mx\/index.php\/wp-json\/wp\/v2\/posts\/5370\/revisions"}],"predecessor-version":[{"id":10775,"href":"http:\/\/www.grieta.org.mx\/index.php\/wp-json\/wp\/v2\/posts\/5370\/revisions\/10775"}],"wp:featuredmedia":[{"embeddable":true,"href":"http:\/\/www.grieta.org.mx\/index.php\/wp-json\/wp\/v2\/media\/21928"}],"wp:attachment":[{"href":"http:\/\/www.grieta.org.mx\/index.php\/wp-json\/wp\/v2\/media?parent=5370"}],"wp:term":[{"taxonomy":"category","embeddable":true,"href":"http:\/\/www.grieta.org.mx\/index.php\/wp-json\/wp\/v2\/categories?post=5370"},{"taxonomy":"post_tag","embeddable":true,"href":"http:\/\/www.grieta.org.mx\/index.php\/wp-json\/wp\/v2\/tags?post=5370"}],"curies":[{"name":"wp","href":"https:\/\/api.w.org\/{rel}","templated":true}]}}