{"id":53688,"date":"2020-09-14T11:36:28","date_gmt":"2020-09-14T16:36:28","guid":{"rendered":"http:\/\/www.grieta.org.mx\/?p=53688"},"modified":"2020-09-22T11:46:02","modified_gmt":"2020-09-22T16:46:02","slug":"agresiones-contra-la-prensa-se-disparan-45-mas-durante-2020","status":"publish","type":"post","link":"http:\/\/www.grieta.org.mx\/index.php\/2020\/09\/14\/agresiones-contra-la-prensa-se-disparan-45-mas-durante-2020\/","title":{"rendered":"Agresiones contra la prensa se disparan: 45% m\u00e1s durante 2020"},"content":{"rendered":"<figure id=\"attachment_53689\" aria-describedby=\"caption-attachment-53689\" style=\"width: 800px\" class=\"wp-caption aligncenter\"><a href=\"http:\/\/www.grieta.org.mx\/wp-content\/uploads\/2020\/09\/violencia-periodistas.jpg\"><img loading=\"lazy\" decoding=\"async\" data-attachment-id=\"53689\" data-permalink=\"http:\/\/www.grieta.org.mx\/index.php\/2020\/09\/14\/agresiones-contra-la-prensa-se-disparan-45-mas-durante-2020\/violencia-periodistas-2\/\" data-orig-file=\"http:\/\/www.grieta.org.mx\/wp-content\/uploads\/2020\/09\/violencia-periodistas.jpg\" data-orig-size=\"1100,580\" data-comments-opened=\"0\" data-image-meta=\"{&quot;aperture&quot;:&quot;0&quot;,&quot;credit&quot;:&quot;&quot;,&quot;camera&quot;:&quot;&quot;,&quot;caption&quot;:&quot;&quot;,&quot;created_timestamp&quot;:&quot;0&quot;,&quot;copyright&quot;:&quot;&quot;,&quot;focal_length&quot;:&quot;0&quot;,&quot;iso&quot;:&quot;0&quot;,&quot;shutter_speed&quot;:&quot;0&quot;,&quot;title&quot;:&quot;&quot;,&quot;orientation&quot;:&quot;0&quot;}\" data-image-title=\"violencia-periodistas\" data-image-description=\"\" data-image-caption=\"&lt;p&gt;Seg\u00fan Art\u00edculo 19, en M\u00e9xico se agrede a la prensa cada 10.75 horas. Foto: Cuartoscuro. &lt;\/p&gt;\n\" data-medium-file=\"http:\/\/www.grieta.org.mx\/wp-content\/uploads\/2020\/09\/violencia-periodistas-300x158.jpg\" data-large-file=\"http:\/\/www.grieta.org.mx\/wp-content\/uploads\/2020\/09\/violencia-periodistas-1024x540.jpg\" class=\"wp-image-53689\" src=\"http:\/\/www.grieta.org.mx\/wp-content\/uploads\/2020\/09\/violencia-periodistas-1024x540.jpg\" alt=\"\" width=\"800\" height=\"422\" srcset=\"http:\/\/www.grieta.org.mx\/wp-content\/uploads\/2020\/09\/violencia-periodistas-1024x540.jpg 1024w, http:\/\/www.grieta.org.mx\/wp-content\/uploads\/2020\/09\/violencia-periodistas-300x158.jpg 300w, http:\/\/www.grieta.org.mx\/wp-content\/uploads\/2020\/09\/violencia-periodistas-768x405.jpg 768w, http:\/\/www.grieta.org.mx\/wp-content\/uploads\/2020\/09\/violencia-periodistas-948x500.jpg 948w, http:\/\/www.grieta.org.mx\/wp-content\/uploads\/2020\/09\/violencia-periodistas.jpg 1100w\" sizes=\"auto, (max-width: 800px) 100vw, 800px\" \/><\/a><figcaption id=\"caption-attachment-53689\" class=\"wp-caption-text\">Seg\u00fan Art\u00edculo 19, en M\u00e9xico se agrede a la prensa cada 10.75 horas. Foto: Cuartoscuro.<\/figcaption><\/figure>\n<p>Redacci\u00f3n \/ Sin embargo<\/p>\n<p><strong>El mayor n\u00famero de agresiones provienen de alg\u00fan funcionario p\u00fablico<\/strong><br \/>\n<strong><br \/>\nA pesar de que el a\u00f1o anterior fue considerado como el m\u00e1s violento para el periodista, con un total de 609 agresiones, los reportes de Art\u00edculo 19 reflejan que \u201choy se agrede a la prensa cada 10.75 horas\u201d. Es decir, la cifra que se ha alcanzado este 2020 representa un 66 por ciento de la marca total del a\u00f1o pasado.<\/strong><\/p>\n<p>Ciudad de M\u00e9xico, 14 de septiembre (SinEmbargo).- Las agresiones hacia periodistas y medios de comunicaci\u00f3n en M\u00e9xico se incrementaron en un 45 por ciento de enero a junio del 2020, seg\u00fan report\u00f3 Art\u00edculo 19.<\/p>\n<p>A trav\u00e9s de un comunicado, la organizaci\u00f3n detall\u00f3 que durante el primer semestre de este a\u00f1o se registraron 406 ataques contra la prensa mexicana, lo que representa un alza del 45 por ciento en comparaci\u00f3n con el mismo periodo del 2019, en el que se reportaron 280.<\/p>\n<p>A pesar de que el a\u00f1o anterior fue considerado como el m\u00e1s violento para el periodista, con un total de 609 agresiones, los reportes de Art\u00edculo 19 reflejan que \u201choy se agrede a la prensa cada 10.75 horas\u201d. Es decir, la cifra que se ha alcanzado este 2020 representa un 66 por ciento de la marca total del a\u00f1o pasado.<\/p>\n<blockquote class=\"twitter-tweet\" data-width=\"550\" data-dnt=\"true\">\n<p lang=\"es\" dir=\"ltr\">\u26a0\ufe0f Cada 10.75 horas se agrede a la prensa en M\u00e9xico \ud83c\uddf2\ud83c\uddfd. <\/p>\n<p>Esto es resultado del aumento del 45% en agresiones contra periodistas. De enero a junio de 2020 se registraron 406, mientras que en 2019 fueron 280 en el mismo periodo.<a href=\"https:\/\/t.co\/xVI8vV5dnB\">https:\/\/t.co\/xVI8vV5dnB<\/a> <a href=\"https:\/\/t.co\/4g62k4uJh0\">pic.twitter.com\/4g62k4uJh0<\/a><\/p>\n<p>&mdash; ARTICLE 19 MX-CA (@article19mex) <a href=\"https:\/\/twitter.com\/article19mex\/status\/1305499038423318528?ref_src=twsrc%5Etfw\">September 14, 2020<\/a><\/p><\/blockquote>\n<p><script async src=\"https:\/\/platform.twitter.com\/widgets.js\" charset=\"utf-8\"><\/script><\/p>\n<p>\u201cComo comparativo, este primer semestre de 2020 ya super\u00f3 el total de agresiones documentadas en todo 2015. De continuar esta tendencia, el 2020 ser\u00eda el a\u00f1o m\u00e1s violento para la prensa desde que Art\u00edculo 19 tiene registro\u201d, se lee en el documento.<\/p>\n<p>Los ataques a reporteros se han reflejado principalmente en amenazas. Tan s\u00f3lo en este primer periodo del a\u00f1o se registraron 96 amenazas, de las cuales 40 fueron amenazas de muerte. Esta cifra representa un 26 por ciento m\u00e1s que el a\u00f1o anterior.<\/p>\n<p>Las intimidaciones y hostigamientos aumentaron en un 40 por ciento, con una cifra de 91 casos. Particularmente, las campa\u00f1as de desprestigio se duplicaron, pues en 2019 se anotaron 39 casos en todo el a\u00f1o. Esta vez, s\u00f3lo en la primera mitad del 2020, se han reportado 36 agresiones.<\/p>\n<p>Tambi\u00e9n se tiene registro de 61 bloqueos informativos y alteraciones de contenido.<\/p>\n<p>Los ataques f\u00edsicos aumentaron en un 80 por ciento, con un reporte de 47 casos expuestos entre enero y junio de este a\u00f1o. Sin embargo, hay otros casos que no han terminado ah\u00ed.<\/p>\n<figure id=\"attachment_53690\" aria-describedby=\"caption-attachment-53690\" style=\"width: 700px\" class=\"wp-caption aligncenter\"><a href=\"http:\/\/www.grieta.org.mx\/wp-content\/uploads\/2020\/09\/infografia.jpg\"><img loading=\"lazy\" decoding=\"async\" data-attachment-id=\"53690\" data-permalink=\"http:\/\/www.grieta.org.mx\/index.php\/2020\/09\/14\/agresiones-contra-la-prensa-se-disparan-45-mas-durante-2020\/infografia\/\" data-orig-file=\"http:\/\/www.grieta.org.mx\/wp-content\/uploads\/2020\/09\/infografia.jpg\" data-orig-size=\"700,681\" data-comments-opened=\"0\" data-image-meta=\"{&quot;aperture&quot;:&quot;0&quot;,&quot;credit&quot;:&quot;&quot;,&quot;camera&quot;:&quot;&quot;,&quot;caption&quot;:&quot;&quot;,&quot;created_timestamp&quot;:&quot;0&quot;,&quot;copyright&quot;:&quot;&quot;,&quot;focal_length&quot;:&quot;0&quot;,&quot;iso&quot;:&quot;0&quot;,&quot;shutter_speed&quot;:&quot;0&quot;,&quot;title&quot;:&quot;&quot;,&quot;orientation&quot;:&quot;0&quot;}\" data-image-title=\"infografia\" data-image-description=\"\" data-image-caption=\"\" data-medium-file=\"http:\/\/www.grieta.org.mx\/wp-content\/uploads\/2020\/09\/infografia-300x292.jpg\" data-large-file=\"http:\/\/www.grieta.org.mx\/wp-content\/uploads\/2020\/09\/infografia.jpg\" class=\"wp-image-53690 size-full\" src=\"http:\/\/www.grieta.org.mx\/wp-content\/uploads\/2020\/09\/infografia.jpg\" alt=\"\" width=\"700\" height=\"681\" srcset=\"http:\/\/www.grieta.org.mx\/wp-content\/uploads\/2020\/09\/infografia.jpg 700w, http:\/\/www.grieta.org.mx\/wp-content\/uploads\/2020\/09\/infografia-300x292.jpg 300w, http:\/\/www.grieta.org.mx\/wp-content\/uploads\/2020\/09\/infografia-514x500.jpg 514w\" sizes=\"auto, (max-width: 700px) 100vw, 700px\" \/><\/a><figcaption id=\"caption-attachment-53690\" class=\"wp-caption-text\">Las agresiones en M\u00e9xico se han incrementado en un 45 por ciento. Infograf\u00eda: Art\u00edculo 19.<\/figcaption><\/figure>\n<p>    Tan s\u00f3lo el 9 de septiembre, fue asesinado el periodista Julio Valdivia, en Tezonapa, Veracruz. Este caso fue el \u00faltimo reportado, el cual se suma a las muertes de Mar\u00eda Elena Ferral, ocurrido el 30 de marzo tambi\u00e9n en Veracruz; Jorge Armenta, el 16 de mayo en Sonora, y Pablo Morrugares, asesinado el 2 de agosto en Guerrero.<\/p>\n<p>En lo que va de la administraci\u00f3n de Andr\u00e9s Manuel L\u00f3pez Obrador se han asesinado a 15 periodistas en total.<\/p>\n<p>ESTADOS M\u00c1S VIOLENTOS<\/p>\n<p>Ciudad de M\u00e9xico, Puebla, Oaxaca, Veracruz y Quintana Roo son los estados que encabezan la lista, con m\u00e1s agresiones documentadas. En ellas se concentra el 48 por ciento de las agresiones totales.<\/p>\n<p>En la capital del pa\u00eds la cifra pas\u00f3 de 27 a 64, en comparaci\u00f3n con el mismo periodo del a\u00f1o anterior. La organizaci\u00f3n especific\u00f3 que alrededor del 30 por ciento de \u00e9stas, fueron cometidas por funcionarios del Gobierno federal.<\/p>\n<p>Agreg\u00f3 que los ataques cometidos por autoridades federales se triplicaron a nivel nacional.<\/p>\n<p>    Puebla muestra un alarmante incremento, ya que pas\u00f3 del d\u00e9cimo lugar de la lista a ser el segundo, con 49 agresiones contra la prensa.<\/p>\n<p>Detall\u00f3 que en este a\u00f1o Art\u00edculo 19 ha emitido siete alertas \u201cvinculadas a agresiones contra periodistas perpetradas por funcionarios p\u00fablicos en el estado\u201d.<\/p>\n<p>\u201cComparando con los primeros seis meses del a\u00f1o pasado, Oaxaca report\u00f3 un n\u00famero similar de agresiones pasando de 33 a 32. Veracruz redujo de 33 a 26 los casos documentados. Este \u00faltimo acaba de llegar a 30 asesinatos de periodistas desde el a\u00f1o 2000\u201d, expuso.<\/p>\n<p>\u00bfQU\u00c9 CAUSA LA VIOLENCIA CONTRA PERIODISTAS?<\/p>\n<p>De acuerdo con Art\u00edculo 19, el aumento de estas agresiones se relaciona con la \u201cintolerancia de los funcionarios p\u00fablicos\u201d al ser expuestos y sometidos al escrutinio p\u00fablico \u201cparticularmente vinculado a la pandemia, la represi\u00f3n de protestas, as\u00ed como la captura del poder p\u00fablico por el crimen organizado\u201d.<\/p>\n<p>    \u201cCon 199 agresiones documentadas, casi uno de cada dos agresiones es perpetrada por funcionarios p\u00fablicos\u201d, a\u00f1adi\u00f3.<\/p>\n<p>Otro de los factores que ha propiciado la violencia contra los periodistas es la respuesta y cr\u00edtica a la que los gobernantes est\u00e1n expuestos por la pandemia de la COVID-19, pues tan s\u00f3lo en este primer semestre la organizaci\u00f3n document\u00f3 \u201cal menos 68 agresiones contra periodistas y medios durante la cobertura de la pandemia\u201d.<\/p>\n<p><a href=\"https:\/\/www.sinembargo.mx\/14-09-2020\/3859620\" rel=\"noopener noreferrer\" target=\"_blank\">https:\/\/www.sinembargo.mx\/14-09-2020\/3859620<\/a><\/p>\n","protected":false},"excerpt":{"rendered":"<p>Redacci\u00f3n \/ Sin embargo El mayor n\u00famero de agresiones provienen de alg\u00fan funcionario p\u00fablico A pesar de que el a\u00f1o anterior fue considerado como el m\u00e1s violento para el periodista, &hellip; <a href=\"http:\/\/www.grieta.org.mx\/index.php\/2020\/09\/14\/agresiones-contra-la-prensa-se-disparan-45-mas-durante-2020\/\" class=\"more-link\">Leer m\u00e1s<\/a><\/p>\n","protected":false},"author":1,"featured_media":53690,"comment_status":"closed","ping_status":"closed","sticky":false,"template":"","format":"standard","meta":{"ngg_post_thumbnail":0,"_jetpack_newsletter_access":"","_jetpack_dont_email_post_to_subs":false,"_jetpack_newsletter_tier_id":0,"_jetpack_memberships_contains_paywalled_content":false,"_jetpack_memberships_contains_paid_content":false,"footnotes":""},"categories":[80,2,83,35,88,1221],"tags":[2262,1180,2331],"class_list":["post-53688","post","type-post","status-publish","format-standard","has-post-thumbnail","hentry","category-cintillo","category-noticias-nacionales","category-temas-nacionales","category-veracruz","category-violencia-contra-periodistas","category-violencia-contra-periodistas-en-veracruz","tag-agresiones-contra-periodistas","tag-asesinato-de-periodistas","tag-violencia-conta-periodistas","entry"],"jetpack_featured_media_url":"http:\/\/www.grieta.org.mx\/wp-content\/uploads\/2020\/09\/infografia.jpg","jetpack_sharing_enabled":true,"jetpack_shortlink":"https:\/\/wp.me\/p7ZJR4-dXW","jetpack_likes_enabled":false,"jetpack-related-posts":[{"id":39151,"url":"http:\/\/www.grieta.org.mx\/index.php\/2019\/09\/09\/guerrero-entre-los-estados-con-mas-agresiones-contra-periodistas\/","url_meta":{"origin":53688,"position":0},"title":"Guerrero, entre los estados con m\u00e1s agresiones contra periodistas","author":"Admin","date":"9 septiembre, 2019","format":false,"excerpt":"Beatriz Garc\u00eda \/ La Jornada Guerrero Entre las coberturas con m\u00e1s riesgo est\u00e1n corrupci\u00f3n, pol\u00edtica y seguridad, indican En el primer semestre del a\u00f1o, el estado figura en los primeros cinco a nivel nacional; suma 22 Desde 2013 es considerada una de las entidades m\u00e1s violentas del pa\u00eds, documenta Art\u00edculo\u2026","rel":"","context":"En &quot;CINTILLO&quot;","block_context":{"text":"CINTILLO","link":"http:\/\/www.grieta.org.mx\/index.php\/category\/cintillo\/"},"img":{"alt_text":"","src":"https:\/\/i0.wp.com\/www.grieta.org.mx\/wp-content\/uploads\/2019\/09\/0d9964c6429957172e1ef3e327c97cde_L.jpg?resize=350%2C200","width":350,"height":200,"srcset":"https:\/\/i0.wp.com\/www.grieta.org.mx\/wp-content\/uploads\/2019\/09\/0d9964c6429957172e1ef3e327c97cde_L.jpg?resize=350%2C200 1x, https:\/\/i0.wp.com\/www.grieta.org.mx\/wp-content\/uploads\/2019\/09\/0d9964c6429957172e1ef3e327c97cde_L.jpg?resize=525%2C300 1.5x, https:\/\/i0.wp.com\/www.grieta.org.mx\/wp-content\/uploads\/2019\/09\/0d9964c6429957172e1ef3e327c97cde_L.jpg?resize=700%2C400 2x"},"classes":[]},{"id":32155,"url":"http:\/\/www.grieta.org.mx\/index.php\/2019\/04\/08\/coahuila-es-el-estado-mas-agresivo-contra-periodistas-segun-articulo-19\/","url_meta":{"origin":53688,"position":1},"title":"Coahuila es el Estado m\u00e1s agresivo contra periodistas, seg\u00fan Art\u00edculo 19","author":"grieta","date":"8 abril, 2019","format":false,"excerpt":"Pasa del tercer lugar en 2017 a ser el l\u00edder en 2018 Armando R\u00edos\/VANGUARDIA MX Dentro del informe publicado el pasado mi\u00e9rcoles por la organizaci\u00f3n Art\u00edculo 19, Coahuila se coloc\u00f3 como el primer lugar en agresiones contra el gremio period\u00edstico a nivel nacional. Del tercer lugar que ocup\u00f3 en el\u2026","rel":"","context":"En &quot;CINTILLO&quot;","block_context":{"text":"CINTILLO","link":"http:\/\/www.grieta.org.mx\/index.php\/category\/cintillo\/"},"img":{"alt_text":"","src":"https:\/\/i0.wp.com\/www.grieta.org.mx\/wp-content\/uploads\/2019\/04\/violencia-periodistas.jpg?resize=350%2C200","width":350,"height":200,"srcset":"https:\/\/i0.wp.com\/www.grieta.org.mx\/wp-content\/uploads\/2019\/04\/violencia-periodistas.jpg?resize=350%2C200 1x, https:\/\/i0.wp.com\/www.grieta.org.mx\/wp-content\/uploads\/2019\/04\/violencia-periodistas.jpg?resize=525%2C300 1.5x, https:\/\/i0.wp.com\/www.grieta.org.mx\/wp-content\/uploads\/2019\/04\/violencia-periodistas.jpg?resize=700%2C400 2x"},"classes":[]},{"id":30496,"url":"http:\/\/www.grieta.org.mx\/index.php\/2019\/03\/10\/47-agresiones-contra-la-prensa-durante-sexenio-de-amlo\/","url_meta":{"origin":53688,"position":2},"title":"47 agresiones contra la prensa durante sexenio de AMLO","author":"grieta","date":"10 marzo, 2019","format":false,"excerpt":"Periodistas de a Pie A 100 d\u00edas del gobierno de AMLO, la red de Periodistas de a Pie ha documentado 47 agresiones contra la prensa. Las entidades con mayor n\u00famero de violencia son Puebla y Ciudad de Mexico. Es indispensable que el gobierno de AMLO genere un plan de protecci\u00f3n\u2026","rel":"","context":"En &quot;CINTILLO&quot;","block_context":{"text":"CINTILLO","link":"http:\/\/www.grieta.org.mx\/index.php\/category\/cintillo\/"},"img":{"alt_text":"","src":"https:\/\/i0.wp.com\/www.grieta.org.mx\/wp-content\/uploads\/2019\/03\/53098700_2245168128837460_8071137473612218368_n.jpg?resize=350%2C200","width":350,"height":200,"srcset":"https:\/\/i0.wp.com\/www.grieta.org.mx\/wp-content\/uploads\/2019\/03\/53098700_2245168128837460_8071137473612218368_n.jpg?resize=350%2C200 1x, https:\/\/i0.wp.com\/www.grieta.org.mx\/wp-content\/uploads\/2019\/03\/53098700_2245168128837460_8071137473612218368_n.jpg?resize=525%2C300 1.5x, https:\/\/i0.wp.com\/www.grieta.org.mx\/wp-content\/uploads\/2019\/03\/53098700_2245168128837460_8071137473612218368_n.jpg?resize=700%2C400 2x"},"classes":[]},{"id":9586,"url":"http:\/\/www.grieta.org.mx\/index.php\/2016\/06\/26\/violencia-contra-periodistas-en-la-ciudad-de-mexico-2\/","url_meta":{"origin":53688,"position":3},"title":"Violencia contra periodistas en la Ciudad de M\u00e9xico","author":"grieta","date":"26 junio, 2016","format":false,"excerpt":"24\/06\/16. Allanan y roban domicilio de fotoperiodista de Proceso en la Ciudad de M\u00e9xicoArt\u00edculo 19 08\/05\/16. Detiene polic\u00eda a periodista en la Ciudad de M\u00e9xicoSomos Mass 99 20\/03\/16. Incremento de violencia contra la prensa en 2015: Art. 19Somos el medio 11\/02\/16. Periodistas se manifiestan contra gobierno de VeracruzSomos el medio\u2026","rel":"","context":"En &quot;Ciudad de M\u00e9xico&quot;","block_context":{"text":"Ciudad de M\u00e9xico","link":"http:\/\/www.grieta.org.mx\/index.php\/category\/noticias-nacionales\/ciudad-de-mexico\/"},"img":{"alt_text":"","src":"https:\/\/i0.wp.com\/www.grieta.org.mx\/wp-content\/uploads\/2018\/03\/14524434_1106112876131411_958039263622046936_o.jpg?resize=350%2C200","width":350,"height":200,"srcset":"https:\/\/i0.wp.com\/www.grieta.org.mx\/wp-content\/uploads\/2018\/03\/14524434_1106112876131411_958039263622046936_o.jpg?resize=350%2C200 1x, https:\/\/i0.wp.com\/www.grieta.org.mx\/wp-content\/uploads\/2018\/03\/14524434_1106112876131411_958039263622046936_o.jpg?resize=525%2C300 1.5x, https:\/\/i0.wp.com\/www.grieta.org.mx\/wp-content\/uploads\/2018\/03\/14524434_1106112876131411_958039263622046936_o.jpg?resize=700%2C400 2x"},"classes":[]},{"id":61346,"url":"http:\/\/www.grieta.org.mx\/index.php\/2021\/08\/24\/un-periodista-es-agredido-cada-12-horas-en-mexico-en-2021-articulo-19\/","url_meta":{"origin":53688,"position":4},"title":"Un periodista es agredido cada 12 horas en M\u00e9xico en 2021: Art\u00edculo 19","author":"grieta","date":"24 agosto, 2021","format":false,"excerpt":"Redacci\u00f3n La-Lista EFE.- En el primer semestre de 2021 se registraron 362 agresiones contra la prensa en M\u00e9xico, \u201clo que equivale a un periodista agredido cada 12 horas\u201c, resalt\u00f3 revel\u00f3 un informe presentado este martes por la organizaci\u00f3n Art\u00edculo 19. El informe detalla que los estados con m\u00e1s agresiones hacia\u2026","rel":"","context":"En &quot;CINTILLO&quot;","block_context":{"text":"CINTILLO","link":"http:\/\/www.grieta.org.mx\/index.php\/category\/cintillo\/"},"img":{"alt_text":"","src":"https:\/\/i0.wp.com\/www.grieta.org.mx\/wp-content\/uploads\/2021\/08\/periodistas-sonora-asesinados-e1630262812343.jpeg?resize=350%2C200","width":350,"height":200,"srcset":"https:\/\/i0.wp.com\/www.grieta.org.mx\/wp-content\/uploads\/2021\/08\/periodistas-sonora-asesinados-e1630262812343.jpeg?resize=350%2C200 1x, https:\/\/i0.wp.com\/www.grieta.org.mx\/wp-content\/uploads\/2021\/08\/periodistas-sonora-asesinados-e1630262812343.jpeg?resize=525%2C300 1.5x, https:\/\/i0.wp.com\/www.grieta.org.mx\/wp-content\/uploads\/2021\/08\/periodistas-sonora-asesinados-e1630262812343.jpeg?resize=700%2C400 2x"},"classes":[]},{"id":6311,"url":"http:\/\/www.grieta.org.mx\/index.php\/2015\/03\/24\/mexico-estado-de-censura\/","url_meta":{"origin":53688,"position":5},"title":"M\u00e9xico, Estado de censura","author":"grieta","date":"24 marzo, 2015","format":false,"excerpt":"Victor M Maya CDMX, 24 de marzo de 2015.- La organizaci\u00f3n que promueve la libertad de expresi\u00f3n: Art\u00edculo 19, presenta este martes su informe sobre violencia contra la prensa 2014. En los dos \u00faltimos a\u00f1os del sexenio de Felipe Calder\u00f3n la organizaci\u00f3n document\u00f3 207 casos de agresiones a la prensa.\u2026","rel":"","context":"En &quot;CINTILLO&quot;","block_context":{"text":"CINTILLO","link":"http:\/\/www.grieta.org.mx\/index.php\/category\/cintillo\/"},"img":{"alt_text":"","src":"https:\/\/i0.wp.com\/www.grieta.org.mx\/wp-content\/uploads\/2018\/03\/14524434_1106112876131411_958039263622046936_o.jpg?resize=350%2C200","width":350,"height":200,"srcset":"https:\/\/i0.wp.com\/www.grieta.org.mx\/wp-content\/uploads\/2018\/03\/14524434_1106112876131411_958039263622046936_o.jpg?resize=350%2C200 1x, https:\/\/i0.wp.com\/www.grieta.org.mx\/wp-content\/uploads\/2018\/03\/14524434_1106112876131411_958039263622046936_o.jpg?resize=525%2C300 1.5x, https:\/\/i0.wp.com\/www.grieta.org.mx\/wp-content\/uploads\/2018\/03\/14524434_1106112876131411_958039263622046936_o.jpg?resize=700%2C400 2x"},"classes":[]}],"_links":{"self":[{"href":"http:\/\/www.grieta.org.mx\/index.php\/wp-json\/wp\/v2\/posts\/53688","targetHints":{"allow":["GET"]}}],"collection":[{"href":"http:\/\/www.grieta.org.mx\/index.php\/wp-json\/wp\/v2\/posts"}],"about":[{"href":"http:\/\/www.grieta.org.mx\/index.php\/wp-json\/wp\/v2\/types\/post"}],"author":[{"embeddable":true,"href":"http:\/\/www.grieta.org.mx\/index.php\/wp-json\/wp\/v2\/users\/1"}],"replies":[{"embeddable":true,"href":"http:\/\/www.grieta.org.mx\/index.php\/wp-json\/wp\/v2\/comments?post=53688"}],"version-history":[{"count":1,"href":"http:\/\/www.grieta.org.mx\/index.php\/wp-json\/wp\/v2\/posts\/53688\/revisions"}],"predecessor-version":[{"id":53691,"href":"http:\/\/www.grieta.org.mx\/index.php\/wp-json\/wp\/v2\/posts\/53688\/revisions\/53691"}],"wp:featuredmedia":[{"embeddable":true,"href":"http:\/\/www.grieta.org.mx\/index.php\/wp-json\/wp\/v2\/media\/53690"}],"wp:attachment":[{"href":"http:\/\/www.grieta.org.mx\/index.php\/wp-json\/wp\/v2\/media?parent=53688"}],"wp:term":[{"taxonomy":"category","embeddable":true,"href":"http:\/\/www.grieta.org.mx\/index.php\/wp-json\/wp\/v2\/categories?post=53688"},{"taxonomy":"post_tag","embeddable":true,"href":"http:\/\/www.grieta.org.mx\/index.php\/wp-json\/wp\/v2\/tags?post=53688"}],"curies":[{"name":"wp","href":"https:\/\/api.w.org\/{rel}","templated":true}]}}