{"id":53675,"date":"2020-09-11T22:13:55","date_gmt":"2020-09-12T03:13:55","guid":{"rendered":"http:\/\/www.grieta.org.mx\/?p=53675"},"modified":"2020-09-21T22:23:29","modified_gmt":"2020-09-22T03:23:29","slug":"se-enfrentan-normalistas-y-policias-de-michoacan-vehiculo-arrolla-a-manifestantes","status":"publish","type":"post","link":"http:\/\/www.grieta.org.mx\/index.php\/2020\/09\/11\/se-enfrentan-normalistas-y-policias-de-michoacan-vehiculo-arrolla-a-manifestantes\/","title":{"rendered":"Se enfrentan normalistas y polic\u00edas de Michoac\u00e1n; veh\u00edculo arrolla a manifestantes"},"content":{"rendered":"<blockquote><p>Un enfrentamiento, en las inmediaciones de la Escuela Normal Rural de Tiripet\u00edo, dej\u00f3 al menos nueve estudiantes y ocho oficiales lesionados.<\/p><\/blockquote>\n<figure id=\"attachment_53676\" aria-describedby=\"caption-attachment-53676\" style=\"width: 750px\" class=\"wp-caption alignnone\"><img loading=\"lazy\" decoding=\"async\" data-attachment-id=\"53676\" data-permalink=\"http:\/\/www.grieta.org.mx\/index.php\/2020\/09\/11\/se-enfrentan-normalistas-y-policias-de-michoacan-vehiculo-arrolla-a-manifestantes\/normalistas-2\/\" data-orig-file=\"http:\/\/www.grieta.org.mx\/wp-content\/uploads\/2020\/09\/normalistas.png\" data-orig-size=\"495,274\" data-comments-opened=\"0\" data-image-meta=\"{&quot;aperture&quot;:&quot;0&quot;,&quot;credit&quot;:&quot;&quot;,&quot;camera&quot;:&quot;&quot;,&quot;caption&quot;:&quot;&quot;,&quot;created_timestamp&quot;:&quot;0&quot;,&quot;copyright&quot;:&quot;&quot;,&quot;focal_length&quot;:&quot;0&quot;,&quot;iso&quot;:&quot;0&quot;,&quot;shutter_speed&quot;:&quot;0&quot;,&quot;title&quot;:&quot;&quot;,&quot;orientation&quot;:&quot;0&quot;}\" data-image-title=\"normalistas\" data-image-description=\"\" data-image-caption=\"&lt;p&gt;Imagen: Captura de video tomada de animalpolitico.com&lt;\/p&gt;\n\" data-medium-file=\"http:\/\/www.grieta.org.mx\/wp-content\/uploads\/2020\/09\/normalistas-300x166.png\" data-large-file=\"http:\/\/www.grieta.org.mx\/wp-content\/uploads\/2020\/09\/normalistas.png\" class=\"wp-image-53676\" src=\"http:\/\/www.grieta.org.mx\/wp-content\/uploads\/2020\/09\/normalistas.png\" alt=\"\" width=\"750\" height=\"415\" srcset=\"http:\/\/www.grieta.org.mx\/wp-content\/uploads\/2020\/09\/normalistas.png 495w, http:\/\/www.grieta.org.mx\/wp-content\/uploads\/2020\/09\/normalistas-300x166.png 300w\" sizes=\"auto, (max-width: 750px) 100vw, 750px\" \/><figcaption id=\"caption-attachment-53676\" class=\"wp-caption-text\">Imagen: Captura de video tomada de animalpolitico.com<\/figcaption><\/figure>\n<p>Un enfrentamiento entre normalistas y elementos de la polic\u00eda de Michoac\u00e1n, en las inmediaciones de la Escuela Normal Rural de Tiripet\u00edo, dej\u00f3 nueve estudiantes y ocho oficiales lesionados.<\/p>\n<p>La Secretar\u00eda de Seguridad P\u00fablica de Michoac\u00e1n inform\u00f3 que ante el bloqueo que hicieron alumnos de esa escuela normal sobre la carretera Morelia-P\u00e1tzcuaro, con el fin de retener veh\u00edculos, se inici\u00f3 un dispositivo de seguridad, pero que de inmediato fueron agredidos con cohetones.<\/p>\n<p>Normalistas dijeron al diario Reforma que las fuerzas de seguridad intentaron desalojar la Normal y fueron agredidos cuando realizaban una actividad para la liberaci\u00f3n de nueve presos pol\u00edticos.<\/p>\n<p>Medios estatales est\u00e1n difundiendo un video en donde se observa como un cami\u00f3n de la polic\u00eda estatal arroll\u00f3 a los normalistas.<\/p>\n<p>\u201cHay tres atropellados en estado de gravedad y al menos otros seis lesionados. Usted puede ver en los videos c\u00f3mo nos lanzaron los veh\u00edculos\u201d, dijo un manifestante.<br \/>\n<a href=\"https:\/\/twitter.com\/i\/status\/1304483991756640256\">https:\/\/twitter.com\/i\/status\/1304483991756640256<\/a><\/p>\n<p>Sin embargo, las autoridades de Michoac\u00e1n acusan a los normalistas de intentar despojar de un autob\u00fas oficial a las autoridades, lo que presuntamente origin\u00f3 el atropellamiento.<\/p>\n<p>\u201cEn el forcejeo con los normalistas para evitar que se apoderaran de la unidad, se perdi\u00f3 el control de \u00e9sta y avanz\u00f3 sobre los manifestantes, golpeando a algunos de ellos. Hasta el momento no se tiene reporte de que alguno haya requerido de hospitalizaci\u00f3n para su atenci\u00f3n\u201d, respondi\u00f3 estatal.<\/p>\n<p><a href=\"https:\/\/www.animalpolitico.com\/2020\/09\/se-enfrentan-normalistas-policias-michoacan-arrollan-manifestantes\/\">https:\/\/www.animalpolitico.com\/2020\/09\/se-enfrentan-normalistas-policias-michoacan-arrollan-manifestantes\/<\/a><\/p>\n","protected":false},"excerpt":{"rendered":"<p>Un enfrentamiento, en las inmediaciones de la Escuela Normal Rural de Tiripet\u00edo, dej\u00f3 al menos nueve estudiantes y ocho oficiales lesionados. Un enfrentamiento entre normalistas y elementos de la polic\u00eda &hellip; <a href=\"http:\/\/www.grieta.org.mx\/index.php\/2020\/09\/11\/se-enfrentan-normalistas-y-policias-de-michoacan-vehiculo-arrolla-a-manifestantes\/\" class=\"more-link\">Leer m\u00e1s<\/a><\/p>\n","protected":false},"author":2,"featured_media":53676,"comment_status":"closed","ping_status":"closed","sticky":false,"template":"","format":"standard","meta":{"ngg_post_thumbnail":0,"_jetpack_newsletter_access":"","_jetpack_dont_email_post_to_subs":false,"_jetpack_newsletter_tier_id":0,"_jetpack_memberships_contains_paywalled_content":false,"_jetpack_memberships_contains_paid_content":false,"footnotes":""},"categories":[80,987,2210,21,1007,3336],"tags":[225,2953,1692,2338],"class_list":["post-53675","post","type-post","status-publish","format-standard","has-post-thumbnail","hentry","category-cintillo","category-conflictos-y-resistencia-de-las-escuelas-normales-rurales-de-michoacan","category-crisis-en-el-sistema-educativo-de-michoacan","category-michoacan","category-movilizaciones-del-magisterio-en-michoacan","category-violencia-delas-fuerzas-represivas-en-michoacan","tag-normalistas","tag-protestas-de-estudiantes","tag-represion-a-estudiantes","tag-violencia-de-las-fuerzas-represivas","entry"],"jetpack_featured_media_url":"http:\/\/www.grieta.org.mx\/wp-content\/uploads\/2020\/09\/normalistas.png","jetpack_sharing_enabled":true,"jetpack_shortlink":"https:\/\/wp.me\/p7ZJR4-dXJ","jetpack_likes_enabled":false,"jetpack-related-posts":[{"id":50487,"url":"http:\/\/www.grieta.org.mx\/index.php\/2020\/06\/06\/ejercito-marina-y-fge-revientan-la-normal-de-arteaga-michoacan\/","url_meta":{"origin":53675,"position":0},"title":"Ej\u00e9rcito, Marina y FGE \u201crevientan\u201d la Normal de Arteaga (Michoac\u00e1n)","author":"grieta","date":"6 junio, 2020","format":false,"excerpt":"Pedro Antonio Aguilar \/ Cuarto Poder, 06 de junio de 2020 Morelia, Mich.-Efectivos del Ej\u00e9rcito, la Marina, Fiscal\u00eda General del Estado (FGE) y de la Polic\u00eda Michoac\u00e1n, irrumpieron este s\u00e1bado en el Centro Regional de Educaci\u00f3n Normal de Arteaga-Michoac\u00e1n (CRENAM), donde recuperaron cuatro veh\u00edculos que fueron \u201csecuestrados\u201d por normalistas en\u2026","rel":"","context":"En &quot;CINTILLO&quot;","block_context":{"text":"CINTILLO","link":"http:\/\/www.grieta.org.mx\/index.php\/category\/cintillo\/"},"img":{"alt_text":"","src":"https:\/\/i0.wp.com\/www.grieta.org.mx\/wp-content\/uploads\/2020\/06\/EjArteaga.jpg?resize=350%2C200","width":350,"height":200,"srcset":"https:\/\/i0.wp.com\/www.grieta.org.mx\/wp-content\/uploads\/2020\/06\/EjArteaga.jpg?resize=350%2C200 1x, https:\/\/i0.wp.com\/www.grieta.org.mx\/wp-content\/uploads\/2020\/06\/EjArteaga.jpg?resize=525%2C300 1.5x"},"classes":[]},{"id":11918,"url":"http:\/\/www.grieta.org.mx\/index.php\/2016\/04\/13\/policias-irrumpen-en-la-normal-de-tiripetio\/","url_meta":{"origin":53675,"position":1},"title":"Polic\u00edas irrumpen en la Normal de Tiripet\u00edo","author":"grieta","date":"13 abril, 2016","format":false,"excerpt":"Pasadas las 12 horas de este 12 de abril, unos 300 elementos del Grupo de Operaciones Especiales irrumpieron en las instalaciones de la Escuela Normal Rural Vasco de Quiroga, de Tiripet\u00edo, Michoac\u00e1n. Los alumnos de esta instituci\u00f3n informan que varios de sus compa\u00f1eros fueron detenidos y\/o lesionados por los polic\u00edas.\u2026","rel":"","context":"En &quot;CINTILLO&quot;","block_context":{"text":"CINTILLO","link":"http:\/\/www.grieta.org.mx\/index.php\/category\/cintillo\/"},"img":{"alt_text":"","src":"https:\/\/i0.wp.com\/www.grieta.org.mx\/wp-content\/uploads\/2018\/03\/14524434_1106112876131411_958039263622046936_o.jpg?resize=350%2C200","width":350,"height":200,"srcset":"https:\/\/i0.wp.com\/www.grieta.org.mx\/wp-content\/uploads\/2018\/03\/14524434_1106112876131411_958039263622046936_o.jpg?resize=350%2C200 1x, https:\/\/i0.wp.com\/www.grieta.org.mx\/wp-content\/uploads\/2018\/03\/14524434_1106112876131411_958039263622046936_o.jpg?resize=525%2C300 1.5x, https:\/\/i0.wp.com\/www.grieta.org.mx\/wp-content\/uploads\/2018\/03\/14524434_1106112876131411_958039263622046936_o.jpg?resize=700%2C400 2x"},"classes":[]},{"id":7388,"url":"http:\/\/www.grieta.org.mx\/index.php\/2016\/09\/01\/conflictos-y-resistencia-de-las-escuelas-normales-rurales-de-michoacan\/","url_meta":{"origin":53675,"position":2},"title":"Conflictos y resistencia de las Escuelas Normales Rurales de Michoac\u00e1n","author":"Admin","date":"1 septiembre, 2016","format":false,"excerpt":"Movilizaciones de normalistas exigiendo el pago de sus becas y la creaci\u00f3n de plazas en Michoac\u00e1n 01\/09\/16. Marchan en Guerrero y Michoac\u00e1n por plazas y becas Animal Pol\u00edtico 31\/08\/16. Normalistas en plant\u00f3n frente a Secretar\u00eda de Finanzas de Michoac\u00e1n La Jornada 19\/03\/16. Amagan normalistas con movilizarse en vacaciones Quadratin 01\/03\/16.\u2026","rel":"","context":"En &quot;Michoac\u00e1n&quot;","block_context":{"text":"Michoac\u00e1n","link":"http:\/\/www.grieta.org.mx\/index.php\/category\/noticias-nacionales\/michoacan\/"},"img":{"alt_text":"","src":"https:\/\/i0.wp.com\/www.grieta.org.mx\/wp-content\/uploads\/2018\/03\/14524434_1106112876131411_958039263622046936_o.jpg?resize=350%2C200","width":350,"height":200,"srcset":"https:\/\/i0.wp.com\/www.grieta.org.mx\/wp-content\/uploads\/2018\/03\/14524434_1106112876131411_958039263622046936_o.jpg?resize=350%2C200 1x, https:\/\/i0.wp.com\/www.grieta.org.mx\/wp-content\/uploads\/2018\/03\/14524434_1106112876131411_958039263622046936_o.jpg?resize=525%2C300 1.5x, https:\/\/i0.wp.com\/www.grieta.org.mx\/wp-content\/uploads\/2018\/03\/14524434_1106112876131411_958039263622046936_o.jpg?resize=700%2C400 2x"},"classes":[]},{"id":49813,"url":"http:\/\/www.grieta.org.mx\/index.php\/2020\/04\/29\/comuneros-bloquean-carretera-federal-de-michoacan-en-apoyo-a-normalistas-baleados\/","url_meta":{"origin":53675,"position":3},"title":"Comuneros bloquean carretera federal de Michoac\u00e1n en apoyo a normalistas baleados","author":"grieta","date":"29 abril, 2020","format":false,"excerpt":"Ayer, elementos de la Secretar\u00eda de Seguridad P\u00fablica dispararon a un autob\u00fas de normalistas tras pasarse un filtro sanitario en Michoac\u00e1n. Redacci\u00f3n \/Animal pol\u00edtico, 29 de abril de 2020 Un grupo de comuneros de Michoac\u00e1n bloquearon la carretera federal Uruapan-Los Reyes, para manifestarse en contra de personal de la Secretar\u00eda\u2026","rel":"","context":"En &quot;CINTILLO&quot;","block_context":{"text":"CINTILLO","link":"http:\/\/www.grieta.org.mx\/index.php\/category\/cintillo\/"},"img":{"alt_text":"","src":"https:\/\/i0.wp.com\/www.grieta.org.mx\/wp-content\/uploads\/2020\/05\/cuartoscuro_457945_digital.jpeg?resize=350%2C200","width":350,"height":200,"srcset":"https:\/\/i0.wp.com\/www.grieta.org.mx\/wp-content\/uploads\/2020\/05\/cuartoscuro_457945_digital.jpeg?resize=350%2C200 1x, https:\/\/i0.wp.com\/www.grieta.org.mx\/wp-content\/uploads\/2020\/05\/cuartoscuro_457945_digital.jpeg?resize=525%2C300 1.5x, https:\/\/i0.wp.com\/www.grieta.org.mx\/wp-content\/uploads\/2020\/05\/cuartoscuro_457945_digital.jpeg?resize=700%2C400 2x, https:\/\/i0.wp.com\/www.grieta.org.mx\/wp-content\/uploads\/2020\/05\/cuartoscuro_457945_digital.jpeg?resize=1050%2C600 3x, https:\/\/i0.wp.com\/www.grieta.org.mx\/wp-content\/uploads\/2020\/05\/cuartoscuro_457945_digital.jpeg?resize=1400%2C800 4x"},"classes":[]},{"id":48607,"url":"http:\/\/www.grieta.org.mx\/index.php\/2020\/04\/28\/policias-le-disparan-a-estudiantes-normalistas-en-michoacan\/","url_meta":{"origin":53675,"position":4},"title":"Polic\u00edas le disparan a estudiantes normalistas en Michoac\u00e1n","author":"grieta","date":"28 abril, 2020","format":false,"excerpt":"Los normalistas viajaban a bordo de un autob\u00fas cuando fueron atacados por elementos policiacos INFO7, Michoac\u00e1n EFE - 28 de abril de 2020 Michoac\u00e1n.- Polic\u00edas del estado de Michoac\u00e1n dispararon a estudiantes normalistas, quienes viajaban en autob\u00fas de pasajeros que previamente hab\u00edan tomado, luego de que ignoraron un puesto de\u2026","rel":"","context":"En &quot;CINTILLO&quot;","block_context":{"text":"CINTILLO","link":"http:\/\/www.grieta.org.mx\/index.php\/category\/cintillo\/"},"img":{"alt_text":"","src":"https:\/\/i0.wp.com\/www.grieta.org.mx\/wp-content\/uploads\/2018\/03\/14524434_1106112876131411_958039263622046936_o.jpg?resize=350%2C200","width":350,"height":200,"srcset":"https:\/\/i0.wp.com\/www.grieta.org.mx\/wp-content\/uploads\/2018\/03\/14524434_1106112876131411_958039263622046936_o.jpg?resize=350%2C200 1x, https:\/\/i0.wp.com\/www.grieta.org.mx\/wp-content\/uploads\/2018\/03\/14524434_1106112876131411_958039263622046936_o.jpg?resize=525%2C300 1.5x, https:\/\/i0.wp.com\/www.grieta.org.mx\/wp-content\/uploads\/2018\/03\/14524434_1106112876131411_958039263622046936_o.jpg?resize=700%2C400 2x"},"classes":[]},{"id":50769,"url":"http:\/\/www.grieta.org.mx\/index.php\/2020\/05\/28\/cnte-michoacan-presentara-denuncia-contra-policias-por-abuso-de-autoridad\/","url_meta":{"origin":53675,"position":5},"title":"CNTE Michoac\u00e1n presentar\u00e1 denuncia contra polic\u00edas por abuso de autoridad","author":"grieta","date":"28 mayo, 2020","format":false,"excerpt":"Los estudiantes de la Normal Rural \u201cVasco de Quiroga\u201d se manifestaron para presionar a las autoridades sobre la convocatoria de nuevo ingreso Por: Guadalupe Mart\u00ednez, MiMorelia.com jueves 28 de mayo de 2020 Morelia, Michoc\u00e1n (MiMorelia.com).- Integrantes de la Coordinadora Nacional de Trabajadores de la Educaci\u00f3n (CNTE) se manifiestan y bloquean\u2026","rel":"","context":"En &quot;CINTILLO&quot;","block_context":{"text":"CINTILLO","link":"http:\/\/www.grieta.org.mx\/index.php\/category\/cintillo\/"},"img":{"alt_text":"","src":"https:\/\/i0.wp.com\/www.grieta.org.mx\/wp-content\/uploads\/2020\/06\/Mrelia28mayo.jpg?resize=350%2C200","width":350,"height":200,"srcset":"https:\/\/i0.wp.com\/www.grieta.org.mx\/wp-content\/uploads\/2020\/06\/Mrelia28mayo.jpg?resize=350%2C200 1x, https:\/\/i0.wp.com\/www.grieta.org.mx\/wp-content\/uploads\/2020\/06\/Mrelia28mayo.jpg?resize=525%2C300 1.5x"},"classes":[]}],"_links":{"self":[{"href":"http:\/\/www.grieta.org.mx\/index.php\/wp-json\/wp\/v2\/posts\/53675","targetHints":{"allow":["GET"]}}],"collection":[{"href":"http:\/\/www.grieta.org.mx\/index.php\/wp-json\/wp\/v2\/posts"}],"about":[{"href":"http:\/\/www.grieta.org.mx\/index.php\/wp-json\/wp\/v2\/types\/post"}],"author":[{"embeddable":true,"href":"http:\/\/www.grieta.org.mx\/index.php\/wp-json\/wp\/v2\/users\/2"}],"replies":[{"embeddable":true,"href":"http:\/\/www.grieta.org.mx\/index.php\/wp-json\/wp\/v2\/comments?post=53675"}],"version-history":[{"count":1,"href":"http:\/\/www.grieta.org.mx\/index.php\/wp-json\/wp\/v2\/posts\/53675\/revisions"}],"predecessor-version":[{"id":53677,"href":"http:\/\/www.grieta.org.mx\/index.php\/wp-json\/wp\/v2\/posts\/53675\/revisions\/53677"}],"wp:featuredmedia":[{"embeddable":true,"href":"http:\/\/www.grieta.org.mx\/index.php\/wp-json\/wp\/v2\/media\/53676"}],"wp:attachment":[{"href":"http:\/\/www.grieta.org.mx\/index.php\/wp-json\/wp\/v2\/media?parent=53675"}],"wp:term":[{"taxonomy":"category","embeddable":true,"href":"http:\/\/www.grieta.org.mx\/index.php\/wp-json\/wp\/v2\/categories?post=53675"},{"taxonomy":"post_tag","embeddable":true,"href":"http:\/\/www.grieta.org.mx\/index.php\/wp-json\/wp\/v2\/tags?post=53675"}],"curies":[{"name":"wp","href":"https:\/\/api.w.org\/{rel}","templated":true}]}}