{"id":5365,"date":"2015-11-28T01:54:20","date_gmt":"2015-11-28T01:54:20","guid":{"rendered":"http:\/\/50.22.11.12\/~grietaor\/?p=5365"},"modified":"2016-04-24T23:54:53","modified_gmt":"2016-04-24T23:54:53","slug":"acasico-y-palmarejo-si-quedaran-bajo-el-agua","status":"publish","type":"post","link":"http:\/\/www.grieta.org.mx\/index.php\/2015\/11\/28\/acasico-y-palmarejo-si-quedaran-bajo-el-agua\/","title":{"rendered":"Acasico y Palmarejo s\u00ed quedar\u00e1n bajo el agua"},"content":{"rendered":"<p>Celina G\u00f3mez <\/p>\n<p>Luego del fallo emitido por la Suprema Corte de Justicia de la Naci\u00f3n (SCJN) en el que rechaza la inundaci\u00f3n de Temacapul\u00edn por la construcci\u00f3n de la presa \u201cEl Zapotillo\u201d, las localidades de Acasico y Palmarejo no se salvaron, y es que a pesar de que la cortina estar\u00e1 a una altura de 80 metros, el agua rebasara el nivel, por lo que sus habitantes desconocen su futuro.<\/p>\n<p>\u201cPara Acasico supuestamente estaban construyendo un Nuevo Acasico, pero la gente dice que a\u00fan no hay nada y no se les han pagado ni siquiera sus propiedades, han sido puras promesas sin cumplir\u201d, se\u00f1al\u00f3 el abogado e integrante del Comit\u00e9 Salvemos Temacapul\u00edn, Acasico y Palmarejo, Guadalupe Espinoza Sauceda.<\/p>\n<p>El jurista dijo que la reubicaci\u00f3n de Acasico ser\u00eda a siete minutos de ah\u00ed; sin embargo, para Palmarejo la situaci\u00f3n resulta confusa porque son casas dispersas y \u201cno ha habido ning\u00fan dialogo, \u00fanicamente las mesas que hubo fueron para ganar tiempo, no hay nada firme\u201d, asever\u00f3.<\/p>\n<p>Espinoza Sauceda indic\u00f3 que los habitantes de Temacapul\u00edn est\u00e1n contentos a pesar de que quedar\u00e1n encerrados por los diques que se colocar\u00e1n para la construcci\u00f3n de la presa; pero \u201cest\u00e1n en alerta por la experiencia acumulada a lo largo de 10 a\u00f1os donde las autoridades dicen una cosa y hacen otra\u201d.<\/p>\n<p>Por lo anterior, la obra permanecer\u00e1 detenida m\u00e1s de un a\u00f1o, con un avance actual de 79 metros con 70 cent\u00edmetros de altura.<\/p>\n<p>Finalmente, el abogado aclar\u00f3 que es falso que Guadalajara y su \u00c1rea Metropolitana se quedaran sin agua, porque \u201ccon una altura de 105 u 80 metros, el agua ser\u00e1 la misma para Guanajuato y Jalisco. En caso de que la Comisi\u00f3n Nacional del Agua (Conagua) diga que no, los gobiernos de ambas entidades podr\u00edan llegar a un acuerdo para la distribuci\u00f3n del liquido a trav\u00e9s del mismo cauce del Rio Verde\u201d, concluy\u00f3.<\/p>\n<p>Antecedente<\/p>\n<p>Este fallo es derivado de un recurso de revisi\u00f3n contra una suspensi\u00f3n que hab\u00eda otorgado el juzgado primero de distrito en materia administrativa de Guadalajara, en un amparo promovido por 11 personas encabezadas por las familias J\u00e1uregui Martinez y Garc\u00eda.<\/p>\n<p>Este nuevo fallo aunque no es una \u00faltima decisi\u00f3n, establece que la cortina de la presa no deber\u00e1 rebasar los 80 metros, con lo cual, ratifica otro fallo emitido por la corte el 7 de agosto de 2013, donde echa abajo un convenio que firmaron los gobiernos de Guanajuato y Jalisco en coordinaci\u00f3n con la federaci\u00f3n a trav\u00e9s de la Conagua.<\/p>\n<p>Frase<\/p>\n<p>\u201cEstamos contentos con este fallo de la Corte, donde se viene a confirmar que Temacapul\u00edn tiene la raz\u00f3n en su discurso, de defensa a la revoluci\u00f3n del agua\u201d, Guadalupe Espinoza Sauceda, abogado.<\/p>\n<p><a href=\"http:\/\/www.cronicajalisco.com\/notas\/2015\/56735.html\" target=\"_blank\">http:\/\/www.cronicajalisco.com\/notas\/2015\/56735.html<\/a><\/p>\n","protected":false},"excerpt":{"rendered":"<p>Celina G\u00f3mez Luego del fallo emitido por la Suprema Corte de Justicia de la Naci\u00f3n (SCJN) en el que rechaza la inundaci\u00f3n de Temacapul\u00edn por la construcci\u00f3n de la presa &hellip; <a href=\"http:\/\/www.grieta.org.mx\/index.php\/2015\/11\/28\/acasico-y-palmarejo-si-quedaran-bajo-el-agua\/\" class=\"more-link\">Leer m\u00e1s<\/a><\/p>\n","protected":false},"author":2,"featured_media":21928,"comment_status":"closed","ping_status":"open","sticky":false,"template":"","format":"standard","meta":{"ngg_post_thumbnail":0,"_jetpack_newsletter_access":"","_jetpack_dont_email_post_to_subs":false,"_jetpack_newsletter_tier_id":0,"_jetpack_memberships_contains_paywalled_content":false,"_jetpack_memberships_contains_paid_content":false,"footnotes":""},"categories":[80,230],"tags":[313],"class_list":["post-5365","post","type-post","status-publish","format-standard","has-post-thumbnail","hentry","category-cintillo","category-jalisco","tag-presa-y-acueducto-del-zapotillo","entry"],"jetpack_featured_media_url":"http:\/\/www.grieta.org.mx\/wp-content\/uploads\/2018\/03\/14524434_1106112876131411_958039263622046936_o.jpg","jetpack_sharing_enabled":true,"jetpack_shortlink":"https:\/\/wp.me\/p7ZJR4-1ox","jetpack_likes_enabled":false,"jetpack-related-posts":[{"id":61305,"url":"http:\/\/www.grieta.org.mx\/index.php\/2021\/08\/16\/pueblos-afectados-por-el-zapotillo-exigen-reparacion-integral-de-los-danos-auditoria-tecnica-y-financiera-a-la-megaobra-y-disculpas-publicas-jalisco\/","url_meta":{"origin":5365,"position":0},"title":"Pueblos afectados por El Zapotillo exigen reparaci\u00f3n integral de los da\u00f1os, auditor\u00eda t\u00e9cnica y financiera a la megaobra y disculpas p\u00fablicas (Jalisco)","author":"grieta","date":"16 agosto, 2021","format":false,"excerpt":"Foto: Mario Marlo Mario Marlo \/ Somos El Medio A trav\u00e9s de un comunicado, las comunidades campesinas de\u00a0Temacapul\u00edn, Acasico y Palmarejo, ubicadas en los Altos de Jalisco, informaron que la propuesta que presentar\u00e1 la\u00a0Comisi\u00f3n Nacional del Agua (CONAGUA)\u00a0el pr\u00f3ximo s\u00e1bado a las comunidades, debe garantizar no solo la no inundaci\u00f3n\u2026","rel":"","context":"En &quot;CINTILLO&quot;","block_context":{"text":"CINTILLO","link":"http:\/\/www.grieta.org.mx\/index.php\/category\/cintillo\/"},"img":{"alt_text":"","src":"https:\/\/i0.wp.com\/www.grieta.org.mx\/wp-content\/uploads\/2021\/08\/El-Zapotillo-1-696x464-1.jpg?resize=350%2C200","width":350,"height":200,"srcset":"https:\/\/i0.wp.com\/www.grieta.org.mx\/wp-content\/uploads\/2021\/08\/El-Zapotillo-1-696x464-1.jpg?resize=350%2C200 1x, https:\/\/i0.wp.com\/www.grieta.org.mx\/wp-content\/uploads\/2021\/08\/El-Zapotillo-1-696x464-1.jpg?resize=525%2C300 1.5x"},"classes":[]},{"id":35937,"url":"http:\/\/www.grieta.org.mx\/index.php\/2019\/06\/29\/un-buen-gobernante-no-le-da-la-espalda-al-pueblo-no-incumple-sus-compromisos-temacapulin-jalisco\/","url_meta":{"origin":5365,"position":1},"title":"Un buen gobernante no le da la espalda al pueblo, no incumple sus compromisos: Temacapul\u00edn (Jalisco)","author":"grieta","date":"29 junio, 2019","format":false,"excerpt":"Redacci\u00f3n \/ Somos el Medio A trav\u00e9s de una carta dirigida a Enrique Alfaro Ram\u00edrez, a su Gabinete de Gobierno y a los diputados(as) del Congreso del Estado de Jalisco, el Comit\u00e9 Salvemos Temacapul\u00edn Acasico y Palmarejo, el Colectivo de Abogadxs, el Movimiento Mexicano de Afectados por las Presas y\u2026","rel":"","context":"En &quot;CINTILLO&quot;","block_context":{"text":"CINTILLO","link":"http:\/\/www.grieta.org.mx\/index.php\/category\/cintillo\/"},"img":{"alt_text":"","src":"https:\/\/i0.wp.com\/www.grieta.org.mx\/wp-content\/uploads\/2019\/07\/D-MawzfUYAA3J_I.jpg?resize=350%2C200","width":350,"height":200,"srcset":"https:\/\/i0.wp.com\/www.grieta.org.mx\/wp-content\/uploads\/2019\/07\/D-MawzfUYAA3J_I.jpg?resize=350%2C200 1x, https:\/\/i0.wp.com\/www.grieta.org.mx\/wp-content\/uploads\/2019\/07\/D-MawzfUYAA3J_I.jpg?resize=525%2C300 1.5x"},"classes":[]},{"id":9972,"url":"http:\/\/www.grieta.org.mx\/index.php\/2016\/04\/08\/denuncian-nueva-estrategia-de-hostigamiento-en-temacapulin-jalisco\/","url_meta":{"origin":5365,"position":2},"title":"Denuncian nueva estrategia de hostigamiento en Temacapul\u00edn, Jalisco","author":"grieta","date":"8 abril, 2016","format":false,"excerpt":"Exigen respeto a las resoluciones judiciales y necesidad de consulta Sara Gonz\u00e1lez Somos el Medio El Comit\u00e9 Salvemos Temacapul\u00edn, Acasico y Palmarejo, en conjunto con el Instituto Mexicano para el Desarrollo Comunitario A.C y el Colectivo de abogad@s denunciaron en marzo del 2016 una nueva estrategia de hostigamiento y violaci\u00f3n\u2026","rel":"","context":"En &quot;CINTILLO&quot;","block_context":{"text":"CINTILLO","link":"http:\/\/www.grieta.org.mx\/index.php\/category\/cintillo\/"},"img":{"alt_text":"","src":"https:\/\/i0.wp.com\/www.grieta.org.mx\/wp-content\/uploads\/2018\/03\/14524434_1106112876131411_958039263622046936_o.jpg?resize=350%2C200","width":350,"height":200,"srcset":"https:\/\/i0.wp.com\/www.grieta.org.mx\/wp-content\/uploads\/2018\/03\/14524434_1106112876131411_958039263622046936_o.jpg?resize=350%2C200 1x, https:\/\/i0.wp.com\/www.grieta.org.mx\/wp-content\/uploads\/2018\/03\/14524434_1106112876131411_958039263622046936_o.jpg?resize=525%2C300 1.5x, https:\/\/i0.wp.com\/www.grieta.org.mx\/wp-content\/uploads\/2018\/03\/14524434_1106112876131411_958039263622046936_o.jpg?resize=700%2C400 2x"},"classes":[]},{"id":46499,"url":"http:\/\/www.grieta.org.mx\/index.php\/2020\/03\/12\/incertidumbre-por-inundacion-una-agonia-diaria-en-temaca-jalisco\/","url_meta":{"origin":5365,"position":3},"title":"Incertidumbre por inundaci\u00f3n, una agon\u00eda diaria en \u201cTemaca\u201d (Jalisco)","author":"grieta","date":"12 marzo, 2020","format":false,"excerpt":"Foto: A. Camacho M\u00e1s de 300 personas viven con la incertidumbre de la inundaci\u00f3n y del desalojo forzado Redacci\u00f3n \/ El Informador Desde hace 47 a\u00f1os, Martha Hern\u00e1ndez vive en Temacapul\u00edn, la peque\u00f1a localidad de Ca\u00f1adas de Obreg\u00f3n que la presa El Zapotillo podr\u00eda inundar si se cierran las compuertas\u2026","rel":"","context":"En &quot;CINTILLO&quot;","block_context":{"text":"CINTILLO","link":"http:\/\/www.grieta.org.mx\/index.php\/category\/cintillo\/"},"img":{"alt_text":"","src":"https:\/\/i0.wp.com\/www.grieta.org.mx\/wp-content\/uploads\/2020\/03\/3-3.jpg?resize=350%2C200","width":350,"height":200,"srcset":"https:\/\/i0.wp.com\/www.grieta.org.mx\/wp-content\/uploads\/2020\/03\/3-3.jpg?resize=350%2C200 1x, https:\/\/i0.wp.com\/www.grieta.org.mx\/wp-content\/uploads\/2020\/03\/3-3.jpg?resize=525%2C300 1.5x, https:\/\/i0.wp.com\/www.grieta.org.mx\/wp-content\/uploads\/2020\/03\/3-3.jpg?resize=700%2C400 2x"},"classes":[]},{"id":46496,"url":"http:\/\/www.grieta.org.mx\/index.php\/2020\/03\/11\/temaca-denuncia-avances-en-presa-el-zapotillo-jalisco\/","url_meta":{"origin":5365,"position":4},"title":"Temaca denuncia avances en Presa El Zapotillo (Jalisco)","author":"grieta","date":"11 marzo, 2020","format":false,"excerpt":"Foto: Yunuen Mora Yunuen Mora \/ El Informador Pobladores de Temacapul\u00edn, Acasico y Palmarejo denunciaron que, pese a los di\u00e1logos que ha habido con el Gobierno Federal para llegar a un acuerdo respecto a la Presa El Zapotillo, los trabajos en el lugar contin\u00faan con el pretexto de obras de\u2026","rel":"","context":"En &quot;CINTILLO&quot;","block_context":{"text":"CINTILLO","link":"http:\/\/www.grieta.org.mx\/index.php\/category\/cintillo\/"},"img":{"alt_text":"","src":"https:\/\/i0.wp.com\/www.grieta.org.mx\/wp-content\/uploads\/2020\/03\/2-3.jpg?resize=350%2C200","width":350,"height":200,"srcset":"https:\/\/i0.wp.com\/www.grieta.org.mx\/wp-content\/uploads\/2020\/03\/2-3.jpg?resize=350%2C200 1x, https:\/\/i0.wp.com\/www.grieta.org.mx\/wp-content\/uploads\/2020\/03\/2-3.jpg?resize=525%2C300 1.5x, https:\/\/i0.wp.com\/www.grieta.org.mx\/wp-content\/uploads\/2020\/03\/2-3.jpg?resize=700%2C400 2x"},"classes":[]},{"id":61296,"url":"http:\/\/www.grieta.org.mx\/index.php\/2021\/08\/16\/volver-a-casa-para-defender-el-pueblo-jalisco\/","url_meta":{"origin":5365,"position":5},"title":"Volver a casa para defender el pueblo (jalisco)","author":"grieta","date":"16 agosto, 2021","format":false,"excerpt":"Foto: Perimetral Luis Villegas casi cumple 70 a\u00f1os, volvi\u00f3 a casa despu\u00e9s de ser migrante en Estados Unidos y se volc\u00f3 en la defensa de su pueblo Acasico, que podr\u00eda ser inundado por la cortina de 80 metros de la presa El Zapotillo. Gan\u00f3 en 2011 un juicio de amparo\u2026","rel":"","context":"En &quot;CINTILLO&quot;","block_context":{"text":"CINTILLO","link":"http:\/\/www.grieta.org.mx\/index.php\/category\/cintillo\/"},"img":{"alt_text":"","src":"https:\/\/i0.wp.com\/www.grieta.org.mx\/wp-content\/uploads\/2021\/08\/perimetral_acasico_jalisco_presazapotillo_jaderamirez00.png?resize=350%2C200","width":350,"height":200,"srcset":"https:\/\/i0.wp.com\/www.grieta.org.mx\/wp-content\/uploads\/2021\/08\/perimetral_acasico_jalisco_presazapotillo_jaderamirez00.png?resize=350%2C200 1x, https:\/\/i0.wp.com\/www.grieta.org.mx\/wp-content\/uploads\/2021\/08\/perimetral_acasico_jalisco_presazapotillo_jaderamirez00.png?resize=525%2C300 1.5x, https:\/\/i0.wp.com\/www.grieta.org.mx\/wp-content\/uploads\/2021\/08\/perimetral_acasico_jalisco_presazapotillo_jaderamirez00.png?resize=700%2C400 2x, https:\/\/i0.wp.com\/www.grieta.org.mx\/wp-content\/uploads\/2021\/08\/perimetral_acasico_jalisco_presazapotillo_jaderamirez00.png?resize=1050%2C600 3x, https:\/\/i0.wp.com\/www.grieta.org.mx\/wp-content\/uploads\/2021\/08\/perimetral_acasico_jalisco_presazapotillo_jaderamirez00.png?resize=1400%2C800 4x"},"classes":[]}],"_links":{"self":[{"href":"http:\/\/www.grieta.org.mx\/index.php\/wp-json\/wp\/v2\/posts\/5365","targetHints":{"allow":["GET"]}}],"collection":[{"href":"http:\/\/www.grieta.org.mx\/index.php\/wp-json\/wp\/v2\/posts"}],"about":[{"href":"http:\/\/www.grieta.org.mx\/index.php\/wp-json\/wp\/v2\/types\/post"}],"author":[{"embeddable":true,"href":"http:\/\/www.grieta.org.mx\/index.php\/wp-json\/wp\/v2\/users\/2"}],"replies":[{"embeddable":true,"href":"http:\/\/www.grieta.org.mx\/index.php\/wp-json\/wp\/v2\/comments?post=5365"}],"version-history":[{"count":1,"href":"http:\/\/www.grieta.org.mx\/index.php\/wp-json\/wp\/v2\/posts\/5365\/revisions"}],"predecessor-version":[{"id":10774,"href":"http:\/\/www.grieta.org.mx\/index.php\/wp-json\/wp\/v2\/posts\/5365\/revisions\/10774"}],"wp:featuredmedia":[{"embeddable":true,"href":"http:\/\/www.grieta.org.mx\/index.php\/wp-json\/wp\/v2\/media\/21928"}],"wp:attachment":[{"href":"http:\/\/www.grieta.org.mx\/index.php\/wp-json\/wp\/v2\/media?parent=5365"}],"wp:term":[{"taxonomy":"category","embeddable":true,"href":"http:\/\/www.grieta.org.mx\/index.php\/wp-json\/wp\/v2\/categories?post=5365"},{"taxonomy":"post_tag","embeddable":true,"href":"http:\/\/www.grieta.org.mx\/index.php\/wp-json\/wp\/v2\/tags?post=5365"}],"curies":[{"name":"wp","href":"https:\/\/api.w.org\/{rel}","templated":true}]}}