{"id":53637,"date":"2020-09-20T14:10:35","date_gmt":"2020-09-20T19:10:35","guid":{"rendered":"http:\/\/www.grieta.org.mx\/?p=53637"},"modified":"2020-09-20T14:10:35","modified_gmt":"2020-09-20T19:10:35","slug":"madre-de-nina-violada-se-amarra-en-las-rejas-de-segob-para-exigir-justicia","status":"publish","type":"post","link":"http:\/\/www.grieta.org.mx\/index.php\/2020\/09\/20\/madre-de-nina-violada-se-amarra-en-las-rejas-de-segob-para-exigir-justicia\/","title":{"rendered":"Madre de ni\u00f1a violada se amarra en las rejas de Segob para exigir justicia"},"content":{"rendered":"<p><img loading=\"lazy\" decoding=\"async\" data-attachment-id=\"53638\" data-permalink=\"http:\/\/www.grieta.org.mx\/index.php\/2020\/09\/20\/madre-de-nina-violada-se-amarra-en-las-rejas-de-segob-para-exigir-justicia\/madre-de-nina-violada-se-amarra-en-las-rejas-de-segob-para-exigir-justicia-cdmx-sept\/\" data-orig-file=\"http:\/\/www.grieta.org.mx\/wp-content\/uploads\/2020\/09\/Madre-de-nina-violada-se-amarra-en-las-rejas-de-Segob-para-exigir-justicia-cdmx-sept.jpg\" data-orig-size=\"870,522\" data-comments-opened=\"0\" data-image-meta=\"{&quot;aperture&quot;:&quot;0&quot;,&quot;credit&quot;:&quot;&quot;,&quot;camera&quot;:&quot;&quot;,&quot;caption&quot;:&quot;&quot;,&quot;created_timestamp&quot;:&quot;0&quot;,&quot;copyright&quot;:&quot;&quot;,&quot;focal_length&quot;:&quot;0&quot;,&quot;iso&quot;:&quot;0&quot;,&quot;shutter_speed&quot;:&quot;0&quot;,&quot;title&quot;:&quot;&quot;,&quot;orientation&quot;:&quot;0&quot;}\" data-image-title=\"Madre de ni\u00f1a violada se amarra en las rejas de Segob para exigir justicia cdmx sept\" data-image-description=\"\" data-image-caption=\"\" data-medium-file=\"http:\/\/www.grieta.org.mx\/wp-content\/uploads\/2020\/09\/Madre-de-nina-violada-se-amarra-en-las-rejas-de-Segob-para-exigir-justicia-cdmx-sept-300x180.jpg\" data-large-file=\"http:\/\/www.grieta.org.mx\/wp-content\/uploads\/2020\/09\/Madre-de-nina-violada-se-amarra-en-las-rejas-de-Segob-para-exigir-justicia-cdmx-sept.jpg\" class=\"alignnone  wp-image-53638\" src=\"http:\/\/www.grieta.org.mx\/wp-content\/uploads\/2020\/09\/Madre-de-nina-violada-se-amarra-en-las-rejas-de-Segob-para-exigir-justicia-cdmx-sept.jpg\" alt=\"\" width=\"647\" height=\"388\" srcset=\"http:\/\/www.grieta.org.mx\/wp-content\/uploads\/2020\/09\/Madre-de-nina-violada-se-amarra-en-las-rejas-de-Segob-para-exigir-justicia-cdmx-sept.jpg 870w, http:\/\/www.grieta.org.mx\/wp-content\/uploads\/2020\/09\/Madre-de-nina-violada-se-amarra-en-las-rejas-de-Segob-para-exigir-justicia-cdmx-sept-300x180.jpg 300w, http:\/\/www.grieta.org.mx\/wp-content\/uploads\/2020\/09\/Madre-de-nina-violada-se-amarra-en-las-rejas-de-Segob-para-exigir-justicia-cdmx-sept-768x461.jpg 768w, http:\/\/www.grieta.org.mx\/wp-content\/uploads\/2020\/09\/Madre-de-nina-violada-se-amarra-en-las-rejas-de-Segob-para-exigir-justicia-cdmx-sept-833x500.jpg 833w\" sizes=\"auto, (max-width: 647px) 100vw, 647px\" \/><\/p>\n<h6><span class=\"caption-image\">Amarrada, Marcela Alem\u00e1n dijo que siente rabia y mucha indignaci\u00f3n por tener que \u201cvenir a suplicar justicia de esta manera\u201d. Foto: Twitter<\/span><\/h6>\n<p>Proceso<\/p>\n<blockquote><p>CIUDAD DE M\u00c9XICO (apro).- Por segunda ocasi\u00f3n, Marcela Alem\u00e1n, madre de la menor que fue v\u00edctima de abuso sexual en un colegio de San Luis Potos\u00ed, decidi\u00f3 recurrir a otra medida extrema para exigir justicia.<\/p><\/blockquote>\n<p>Esta vez se amarr\u00f3 a una de las rejas de la Secretar\u00eda de Gobernaci\u00f3n, despu\u00e9s de que la titular de la dependencia, Olga S\u00e1nchez Cordero, se reuni\u00f3 con familiares de v\u00edctimas, quienes mantienen tomada la sede de la Comisi\u00f3n Nacional de los Derechos Humanos (CNDH), en el Centro Hist\u00f3rico de esta capital.<\/p>\n<p>En declaraciones a periodistas, Alem\u00e1n dijo que siente rabia y mucha indignaci\u00f3n por tener que \u201cvenir a suplicar justicia de esta manera\u201d, cuando las autoridades deber\u00edan de acercarse a ella para solucionar su caso.<\/p>\n<p>La mujer insisti\u00f3 en que recurrir a ese tipo de acciones no tiene ninguna otra motivaci\u00f3n que la de encontrar justicia. Asegur\u00f3 que no lo hace con la intenci\u00f3n de recibir dinero o una despensa, sino para llamar la atenci\u00f3n de las autoridades sobre el delito cometido contra su hija, cuando ten\u00eda apenas cuatro a\u00f1os de edad.<\/p>\n<p>\u201cQuiero justicia y que esos malditos que violaron a mi beb\u00e9 paguen, porque no puedo vivir con esto, y menos mi hija: no tiene vida, est\u00e1 desde las 3 de la ma\u00f1ana sin dormir por temor, y no es justo\u201d, reclam\u00f3.<\/p>\n<p>A principios de septiembre, Alem\u00e1n se amarr\u00f3 a una silla despu\u00e9s de reunirse con la titular de la CNDH, Rosario Piedra Ibarra, y con esa actitud alent\u00f3 a feministas a apoderarse d\u00edas despu\u00e9s del inmueble de la calle de Cuba.<\/p>\n<p><a href=\"https:\/\/www.proceso.com.mx\/648777\/madre-de-nina-violada-se-amarra-en-las-rejas-de-segob-para-exigir-justicia\" target=\"_blank\" rel=\"noopener noreferrer\">https:\/\/www.proceso.com.mx\/648777\/madre-de-nina-violada-se-amarra-en-las-rejas-de-segob-para-exigir-justicia<\/a><\/p>\n<p>&nbsp;<\/p>\n","protected":false},"excerpt":{"rendered":"<p>Amarrada, Marcela Alem\u00e1n dijo que siente rabia y mucha indignaci\u00f3n por tener que \u201cvenir a suplicar justicia de esta manera\u201d. Foto: Twitter Proceso CIUDAD DE M\u00c9XICO (apro).- Por segunda ocasi\u00f3n, &hellip; <a href=\"http:\/\/www.grieta.org.mx\/index.php\/2020\/09\/20\/madre-de-nina-violada-se-amarra-en-las-rejas-de-segob-para-exigir-justicia\/\" class=\"more-link\">Leer m\u00e1s<\/a><\/p>\n","protected":false},"author":2,"featured_media":53638,"comment_status":"closed","ping_status":"closed","sticky":false,"template":"","format":"standard","meta":{"ngg_post_thumbnail":0,"_jetpack_newsletter_access":"","_jetpack_dont_email_post_to_subs":false,"_jetpack_newsletter_tier_id":0,"_jetpack_memberships_contains_paywalled_content":false,"_jetpack_memberships_contains_paid_content":false,"footnotes":""},"categories":[80,14,1819,1827,3161,2,83,2388],"tags":[2362,1630],"class_list":["post-53637","post","type-post","status-publish","format-standard","has-post-thumbnail","hentry","category-cintillo","category-ciudad-de-mexico","category-la-ninez-bajo-la-tormenta-capitalista-en-la-ciudad-de-mexico","category-la-ninez-en-la-tormenta-capitalista","category-luchas-de-las-mujeres-en-la-ciudad-de-mexico","category-noticias-nacionales","category-temas-nacionales","category-violencia-contra-las-mujeres-en-la-ciudad-de-mexico","tag-la-ninez-en-la-tormenta","tag-violencia-contra-las-mujeres","entry"],"jetpack_featured_media_url":"http:\/\/www.grieta.org.mx\/wp-content\/uploads\/2020\/09\/Madre-de-nina-violada-se-amarra-en-las-rejas-de-Segob-para-exigir-justicia-cdmx-sept.jpg","jetpack_sharing_enabled":true,"jetpack_shortlink":"https:\/\/wp.me\/p7ZJR4-dX7","jetpack_likes_enabled":false,"jetpack-related-posts":[{"id":54443,"url":"http:\/\/www.grieta.org.mx\/index.php\/2020\/09\/17\/madre-de-nina-violada-se-amarra-a-puerta-de-acceso-de-la-segob\/","url_meta":{"origin":53637,"position":0},"title":"Madre de ni\u00f1a violada se amarra a puerta de acceso de la Segob","author":"grieta","date":"17 septiembre, 2020","format":false,"excerpt":"Sun\/Informador mx 17 septiembre 2020 Marcela Alem\u00e1n hace un llamado a la Suprema Corte de Justicia de la Naci\u00f3n para que el caso no quede impune Marcela Alem\u00e1n, madre de una ni\u00f1a que fue violada a los cuatro a\u00f1os y ahora tiene siete, lleg\u00f3 desde San Luis Potos\u00ed a la\u2026","rel":"","context":"En &quot;CINTILLO&quot;","block_context":{"text":"CINTILLO","link":"http:\/\/www.grieta.org.mx\/index.php\/category\/cintillo\/"},"img":{"alt_text":"","src":"https:\/\/i0.wp.com\/www.grieta.org.mx\/wp-content\/uploads\/2020\/10\/marcela-aleman.png?resize=350%2C200","width":350,"height":200,"srcset":"https:\/\/i0.wp.com\/www.grieta.org.mx\/wp-content\/uploads\/2020\/10\/marcela-aleman.png?resize=350%2C200 1x, https:\/\/i0.wp.com\/www.grieta.org.mx\/wp-content\/uploads\/2020\/10\/marcela-aleman.png?resize=525%2C300 1.5x, https:\/\/i0.wp.com\/www.grieta.org.mx\/wp-content\/uploads\/2020\/10\/marcela-aleman.png?resize=700%2C400 2x"},"classes":[]},{"id":58107,"url":"http:\/\/www.grieta.org.mx\/index.php\/2021\/04\/02\/mujeres-marchan-en-cdmx-para-exigir-justicia-por-feminicidios-en-qroo\/","url_meta":{"origin":53637,"position":1},"title":"Mujeres marchan en CDMX para exigir justicia por feminicidios en QRoo","author":"grieta","date":"2 abril, 2021","format":false,"excerpt":"\u00a0 Foto: Brigada Marabunta Animal Pol\u00edtico Las manifestantes protestaron durante unos minutos en la Representaci\u00f3n de Q Roo en la CDMX y luego caminaron hasta llegar al Z\u00f3calo capitalino. Mujeres feministas marchan este viernes en la Ciudad de M\u00e9xico para exigir justicia por los feminicidios registrados en los \u00faltimos d\u00edas,\u2026","rel":"","context":"En &quot;CINTILLO&quot;","block_context":{"text":"CINTILLO","link":"http:\/\/www.grieta.org.mx\/index.php\/category\/cintillo\/"},"img":{"alt_text":"","src":"https:\/\/i0.wp.com\/www.grieta.org.mx\/wp-content\/uploads\/2021\/04\/Mujeres-marchan-en-CDMX-para-exigir-justicia-por-feminicidios-en-QRoo-cdmx-abr.jpg?resize=350%2C200","width":350,"height":200,"srcset":"https:\/\/i0.wp.com\/www.grieta.org.mx\/wp-content\/uploads\/2021\/04\/Mujeres-marchan-en-CDMX-para-exigir-justicia-por-feminicidios-en-QRoo-cdmx-abr.jpg?resize=350%2C200 1x, https:\/\/i0.wp.com\/www.grieta.org.mx\/wp-content\/uploads\/2021\/04\/Mujeres-marchan-en-CDMX-para-exigir-justicia-por-feminicidios-en-QRoo-cdmx-abr.jpg?resize=525%2C300 1.5x, https:\/\/i0.wp.com\/www.grieta.org.mx\/wp-content\/uploads\/2021\/04\/Mujeres-marchan-en-CDMX-para-exigir-justicia-por-feminicidios-en-QRoo-cdmx-abr.jpg?resize=700%2C400 2x"},"classes":[]},{"id":54412,"url":"http:\/\/www.grieta.org.mx\/index.php\/2020\/09\/03\/madre-de-nina-abusada-en-sexualmente-en-slp-toma-cndh\/","url_meta":{"origin":53637,"position":2},"title":"Madre de ni\u00f1a abusada en sexualmente en SLP toma CNDH","author":"grieta","date":"3 septiembre, 2020","format":false,"excerpt":"Milenio\/Jorge Becerril y Francisco Mac\u00edas 3 septiembre 2020 https:\/\/youtu.be\/_L0R-hco_eQ Las oficinas de la Comisi\u00f3n Nacional de los Derechos Humanos (CNDH) contin\u00faan tomadas por siete personas que piden justicia en el caso de una menor de edad, presuntamente abusada sexualmente en un colegio en San Luis Potos\u00ed. De acuerdo con el\u2026","rel":"","context":"En &quot;CINTILLO&quot;","block_context":{"text":"CINTILLO","link":"http:\/\/www.grieta.org.mx\/index.php\/category\/cintillo\/"},"img":{"alt_text":"","src":"https:\/\/i0.wp.com\/www.grieta.org.mx\/wp-content\/uploads\/2020\/09\/cndh.jpg?resize=350%2C200","width":350,"height":200,"srcset":"https:\/\/i0.wp.com\/www.grieta.org.mx\/wp-content\/uploads\/2020\/09\/cndh.jpg?resize=350%2C200 1x, https:\/\/i0.wp.com\/www.grieta.org.mx\/wp-content\/uploads\/2020\/09\/cndh.jpg?resize=525%2C300 1.5x, https:\/\/i0.wp.com\/www.grieta.org.mx\/wp-content\/uploads\/2020\/09\/cndh.jpg?resize=700%2C400 2x, https:\/\/i0.wp.com\/www.grieta.org.mx\/wp-content\/uploads\/2020\/09\/cndh.jpg?resize=1050%2C600 3x"},"classes":[]},{"id":38240,"url":"http:\/\/www.grieta.org.mx\/index.php\/2019\/08\/17\/se-solidarizan-por-violencia-contra-las-mujeres-jalisco\/","url_meta":{"origin":53637,"position":3},"title":"Se solidarizan por violencia contra las mujeres (Jalisco)","author":"grieta","date":"17 agosto, 2019","format":false,"excerpt":"Foto: F Atilano. \/ El Informador Exigen justicia por caso de menor violada por polic\u00edas en la Ciudad de M\u00e9xico Redacci\u00f3n \/ El Informador Cerca de 200 manifestantes protestaron en la Plaza de Armas, en solidaridad y exigiendo justicia por el caso de una joven de 17 a\u00f1os quien presuntamente\u2026","rel":"","context":"En &quot;CINTILLO&quot;","block_context":{"text":"CINTILLO","link":"http:\/\/www.grieta.org.mx\/index.php\/category\/cintillo\/"},"img":{"alt_text":"","src":"https:\/\/i0.wp.com\/www.grieta.org.mx\/wp-content\/uploads\/2019\/08\/imagen_feminismox_feministasx31311658x_crop1566026510984.jpg_1970638775.jpg?resize=350%2C200","width":350,"height":200,"srcset":"https:\/\/i0.wp.com\/www.grieta.org.mx\/wp-content\/uploads\/2019\/08\/imagen_feminismox_feministasx31311658x_crop1566026510984.jpg_1970638775.jpg?resize=350%2C200 1x, https:\/\/i0.wp.com\/www.grieta.org.mx\/wp-content\/uploads\/2019\/08\/imagen_feminismox_feministasx31311658x_crop1566026510984.jpg_1970638775.jpg?resize=525%2C300 1.5x, https:\/\/i0.wp.com\/www.grieta.org.mx\/wp-content\/uploads\/2019\/08\/imagen_feminismox_feministasx31311658x_crop1566026510984.jpg_1970638775.jpg?resize=700%2C400 2x"},"classes":[]},{"id":58031,"url":"http:\/\/www.grieta.org.mx\/index.php\/2021\/03\/25\/protestan-mujeres-en-palacio-de-gobierno-exigen-la-detencion-de-presunto-abusador-nayarit\/","url_meta":{"origin":53637,"position":4},"title":"Protestan mujeres en Palacio de Gobierno; exigen la detenci\u00f3n de presunto abusador (Nayarit)","author":"grieta","date":"25 marzo, 2021","format":false,"excerpt":"Foto: El Sol de Nayarit Este jueves, un nutrido grupo de mujeres se manifest\u00f3 frente a Palacio de Gobierno para exigir al Gobierno del Estado, encabezado por Antonio Echevarr\u00eda Garc\u00eda, la captura de un sujeto, quien presuntamente cometi\u00f3 una agresi\u00f3n sexual en agravio de una menor de apenas 4 a\u00f1os\u2026","rel":"","context":"En &quot;CINTILLO&quot;","block_context":{"text":"CINTILLO","link":"http:\/\/www.grieta.org.mx\/index.php\/category\/cintillo\/"},"img":{"alt_text":"","src":"https:\/\/i0.wp.com\/www.grieta.org.mx\/wp-content\/uploads\/2021\/03\/temp_nota_01_76357__2021032600047_117laori.jpg?resize=350%2C200","width":350,"height":200,"srcset":"https:\/\/i0.wp.com\/www.grieta.org.mx\/wp-content\/uploads\/2021\/03\/temp_nota_01_76357__2021032600047_117laori.jpg?resize=350%2C200 1x, https:\/\/i0.wp.com\/www.grieta.org.mx\/wp-content\/uploads\/2021\/03\/temp_nota_01_76357__2021032600047_117laori.jpg?resize=525%2C300 1.5x"},"classes":[]},{"id":47534,"url":"http:\/\/www.grieta.org.mx\/index.php\/2020\/04\/09\/linea-mujeres-de-locatel-recibio-en-marzo-una-cifra-record-de-llamadas-por-violencia-de-genero\/","url_meta":{"origin":53637,"position":5},"title":"L\u00ednea Mujeres de Locatel recibi\u00f3 en marzo una cifra r\u00e9cord de llamadas por violencia de g\u00e9nero","author":"grieta","date":"9 abril, 2020","format":false,"excerpt":"Itxaro Arteta \/ Animal Pol\u00edtico En total fueron 812 llamadas alertando sobre casos de violencia de g\u00e9nero; en febrero hab\u00edan sido 409 y en enero 194. La L\u00ednea Mujeres de Locatel de la Ciudad de M\u00e9xico recibi\u00f3 en marzo pasado una cantidad inusual de llamadas por violencia de g\u00e9nero: cuatro\u2026","rel":"","context":"En &quot;CINTILLO&quot;","block_context":{"text":"CINTILLO","link":"http:\/\/www.grieta.org.mx\/index.php\/category\/cintillo\/"},"img":{"alt_text":"","src":"https:\/\/i0.wp.com\/www.grieta.org.mx\/wp-content\/uploads\/2020\/04\/L%C3%ADnea-Mujeres-de-Locatel-recibi%C3%B3-en-marzo-una-cifra-r%C3%A9cord-de-llamadas-por-violencia-de-g%C3%A9nero-cdmx-abr.jpg?resize=350%2C200","width":350,"height":200,"srcset":"https:\/\/i0.wp.com\/www.grieta.org.mx\/wp-content\/uploads\/2020\/04\/L%C3%ADnea-Mujeres-de-Locatel-recibi%C3%B3-en-marzo-una-cifra-r%C3%A9cord-de-llamadas-por-violencia-de-g%C3%A9nero-cdmx-abr.jpg?resize=350%2C200 1x, https:\/\/i0.wp.com\/www.grieta.org.mx\/wp-content\/uploads\/2020\/04\/L%C3%ADnea-Mujeres-de-Locatel-recibi%C3%B3-en-marzo-una-cifra-r%C3%A9cord-de-llamadas-por-violencia-de-g%C3%A9nero-cdmx-abr.jpg?resize=525%2C300 1.5x, https:\/\/i0.wp.com\/www.grieta.org.mx\/wp-content\/uploads\/2020\/04\/L%C3%ADnea-Mujeres-de-Locatel-recibi%C3%B3-en-marzo-una-cifra-r%C3%A9cord-de-llamadas-por-violencia-de-g%C3%A9nero-cdmx-abr.jpg?resize=700%2C400 2x"},"classes":[]}],"_links":{"self":[{"href":"http:\/\/www.grieta.org.mx\/index.php\/wp-json\/wp\/v2\/posts\/53637","targetHints":{"allow":["GET"]}}],"collection":[{"href":"http:\/\/www.grieta.org.mx\/index.php\/wp-json\/wp\/v2\/posts"}],"about":[{"href":"http:\/\/www.grieta.org.mx\/index.php\/wp-json\/wp\/v2\/types\/post"}],"author":[{"embeddable":true,"href":"http:\/\/www.grieta.org.mx\/index.php\/wp-json\/wp\/v2\/users\/2"}],"replies":[{"embeddable":true,"href":"http:\/\/www.grieta.org.mx\/index.php\/wp-json\/wp\/v2\/comments?post=53637"}],"version-history":[{"count":1,"href":"http:\/\/www.grieta.org.mx\/index.php\/wp-json\/wp\/v2\/posts\/53637\/revisions"}],"predecessor-version":[{"id":53639,"href":"http:\/\/www.grieta.org.mx\/index.php\/wp-json\/wp\/v2\/posts\/53637\/revisions\/53639"}],"wp:featuredmedia":[{"embeddable":true,"href":"http:\/\/www.grieta.org.mx\/index.php\/wp-json\/wp\/v2\/media\/53638"}],"wp:attachment":[{"href":"http:\/\/www.grieta.org.mx\/index.php\/wp-json\/wp\/v2\/media?parent=53637"}],"wp:term":[{"taxonomy":"category","embeddable":true,"href":"http:\/\/www.grieta.org.mx\/index.php\/wp-json\/wp\/v2\/categories?post=53637"},{"taxonomy":"post_tag","embeddable":true,"href":"http:\/\/www.grieta.org.mx\/index.php\/wp-json\/wp\/v2\/tags?post=53637"}],"curies":[{"name":"wp","href":"https:\/\/api.w.org\/{rel}","templated":true}]}}