{"id":5363,"date":"2015-07-31T01:52:36","date_gmt":"2015-07-31T01:52:36","guid":{"rendered":"http:\/\/50.22.11.12\/~grietaor\/?p=5363"},"modified":"2016-03-27T01:56:57","modified_gmt":"2016-03-27T01:56:57","slug":"devastacion-contra-reloj-en-malecon-tajamar-quintana-roo","status":"publish","type":"post","link":"http:\/\/www.grieta.org.mx\/index.php\/2015\/07\/31\/devastacion-contra-reloj-en-malecon-tajamar-quintana-roo\/","title":{"rendered":"Devastaci\u00f3n contra reloj en Malec\u00f3n Tajamar (Quintana Roo)"},"content":{"rendered":"<p>CANC\u00daN, MX.- La devastaci\u00f3n del mangle en Malec\u00f3n Tajamar va contra reloj y tiene razones de muchos d\u00f3lares. Ocho proyectos han sido ingresados a la Secretar\u00eda de Ecolog\u00eda y Desarrollo Urbano, debido a que el pr\u00f3ximo 25 de agosto vence la vigencia de la Manifestaci\u00f3n de Impacto Ambiental, MIA, que hace diez a\u00f1os promovi\u00f3 y logr\u00f3 el Fondo Nacional de Fomento al Turismo, el Fonatur.<\/p>\n<p>Los permisos son oficiales y permiten destruir el manglar, ya que fueron tramitados en el a\u00f1o 2005, dos a\u00f1os antes de que entrase en vigor en M\u00e9xico la Ley General de Vida Silvestre, la cual considera \u2013desde el 2007\u2013 que bajo ninguna circunstancia se puede alterar un manglar, debido al modo sustentable de proyectos.<\/p>\n<p>Ante esto, las empresas desarrolladoras est\u00e1n en contra del tiempo, ya que a punto de concluir el vencimiento de los permisos federales, que datan desde hace 10 a\u00f1os, y requieren forzosamente construir los cimientos de dos torres residenciales, una cl\u00ednica m\u00e9dica y un centro comercial para mantener la vigencia de construirlos<\/p>\n<p>Los diarios POR ESTO! pudieron averiguar que se trata del relleno de 31 de las 69 hect\u00e1reas que existen todav\u00eda sin desarrollar directamente, debido a que son proyectos que iniciar\u00edan en breve.<\/p>\n<p>En n\u00fameros netos, son ocho proyectos de 30 contemplados en Malec\u00f3n Tajamar, revelaron fuentes oficiales del Fonatur, que ya presentaron sus informes preliminares a la Secretar\u00eda de Ecolog\u00eda y Desarrollo Urbano del gobierno municipal. Lo anterior se debe a que el pr\u00f3ximo 25 de agosto expira parte del tr\u00e1mite hecho por el Fonatur, para construir en esa zona.<\/p>\n<p>Con el fin de vender todos los terrenos, Fonatur logr\u00f3 que la Secretar\u00eda de Medio Ambiente y Recursos Naturales, Semarnat, liberase la Manifestaci\u00f3n de Impacto Ambiental, MIA, con vigencia de diez a\u00f1os.<\/p>\n<p>Dicha vigencia vence precisamente en agosto de este a\u00f1o. Por esa raz\u00f3n es que se ha comenzado a destruir el manglar para darle paso a los ocho proyectos pendientes, donde, de acuerdo con informaci\u00f3n oficial de la Asociaci\u00f3n Mexicana de Profesionistas e Inmobiliarios, AMPI, destacan dos torres de 14 pisos que ser\u00e1n un conjunto residencial; un centro comercial considerado modelo \u201cde luxe\u201d, as\u00ed como oficinas comerciales y un proyecto m\u00e9dico, debido a que los usos de suelo son mixtos.<\/p>\n<p>La devastaci\u00f3n de Malec\u00f3n Tajamar<\/p>\n<p>Desde hace siete d\u00edas, los tractores y maquinaria pesada destruyen los manglares de la zona. Al momento se han registrado siete denuncias ciudadanas en torno a este hecho, de acuerdo con la Secretar\u00eda de Medio Ambiente del estado, Sema.<\/p>\n<p>De hecho, personal de la dependencia estatal fue la \u00fanica que al momento se ha presentado en la zona de devastaci\u00f3n. A cargo del inspector Aziel Guzm\u00e1n, un grupo de cuatro inspectores levantaron un informe sobre lo que sucede.<\/p>\n<p>\u201cVenimos a ra\u00edz de una denuncia ciudadana, levantaremos el informe y daremos el aviso correspondiente a la autoridad pertinente\u201d, indic\u00f3 el inspector entrevistado en el lugar.<\/p>\n<p>En dicho desarrollo se proyectan 25 proyectos inmobiliarios que tiene como finalidad revivir el centro de la ciudad, ya que se espera la afluencia de 4.4 millones de personas; sin embargo, hasta ahora s\u00f3lo cuatro proyectos cuentan con los documentos que les permiten construir.<\/p>\n<p>Seg\u00fan los grupos ambientalistas en Canc\u00fan, la devastaci\u00f3n de Malec\u00f3n Tajamar transgrede el Art\u00edculo 189 de la Ley General de Equilibrio Ecol\u00f3gico y Protecci\u00f3n al Ambiente.<\/p>\n<p>El art\u00edculo describe la depredaci\u00f3n de plantas de mangle y con la afectaci\u00f3n de ello otras especies animales: Adem\u00e1s del Sistema Arrecifal Mesoamericano, que es patrimonio de la humanidad. Todo esto viola el Art\u00edculo 60TER de la Ley General de Vida Silvestre, adem\u00e1s de lo dispuesto por la NOM-059-SEMARNAT-2010.<\/p>\n<p>Enclavado en pleno centro de la ciudad de Canc\u00fan en la regi\u00f3n comercial de mayor plusval\u00eda, el Malec\u00f3n Tajamar es considerado la periferia de la Zona Hotelera y bordea un 10 por ciento de la laguna Nichupt\u00e9, comprende mil 100 metros lineales con concreto estampado y cableado subterr\u00e1neo de alta densidad; consta de una superficie de 275 hect\u00e1reas y conjuga un gran porcentaje de \u00e1reas verdes y el car\u00e1cter mixto para oficinas, vivienda y comercio. Adem\u00e1s, cuenta con una rambla de 617 metros de longitud y un camell\u00f3n de 40 metros de ancho para espacios recreativos y culturales.<\/p>\n<p>En el Tajamar se han invertido m\u00e1s de 600 millones de pesos por parte de los gobiernos federal y estatal, sin embargo, el ecocidio, el tr\u00e1fico de influencias y la corrupci\u00f3n rodean a este proyecto.<\/p>\n<p>Actualmente, el proyecto de Malec\u00f3n Tajamar Canc\u00fan que cuenta con cerca de 69 hect\u00e1reas, en este 2015 al reactivarse va a dejar una inversi\u00f3n de 55 millones de d\u00f3lares que representa apenas el 10% de la inversi\u00f3n total que finalizar\u00e1 en los pr\u00f3ximos 10 a\u00f1os.<\/p>\n<p>De acuerdo con informaci\u00f3n del portal del Fonatur, m\u00e1s de 50 hect\u00e1reas ya est\u00e1n urbanizadas, con servicios de agua potable, alcantarillado, drenaje, electrificaci\u00f3n, alumbrado p\u00fablico, la canalizaci\u00f3n telef\u00f3nica y jardiner\u00eda, dejando habilitados los \u201cmegalotes\u201d. Para realizar este proyecto, el presupuesto destinado es de 518 millones de pesos y la afluencia esperada es de cerca de 4.4 millones de personas, tres veces m\u00e1s la poblaci\u00f3n de la entidad que es de 1.5 millones de habitantes.<\/p>\n<p>Un dato importante a destacar es que el nuevo Programa de Desarrollo Urbano (PDU 2014) de Canc\u00fan permite la construcci\u00f3n de edificios en un Area Natural Protegida y en una zona de manglares del norte de la ciudad, aparte de que se deja abierta la edificaci\u00f3n de micro casas en la periferia.<\/p>\n<p><a href=\"http:\/\/noticaribe.com.mx\/2015\/07\/31\/devastacion-contra-reloj-en-malecon-tajamar-presentan-7-denuncias-contra-desmonte-y-relleno-de-manglar-para-proyectos-inmobiliarios-en-cancun\/\" target=\"_blank\">noticaribe.com.mx\/2015\/07\/31\/devastacion-contra-reloj-en-malecon-tajamar-presentan-7-denuncias-contra-desmonte-y-relleno-de-manglar-para-proyectos-inmobiliarios-en-cancun\/<\/a><\/p>\n","protected":false},"excerpt":{"rendered":"<p>CANC\u00daN, MX.- La devastaci\u00f3n del mangle en Malec\u00f3n Tajamar va contra reloj y tiene razones de muchos d\u00f3lares. Ocho proyectos han sido ingresados a la Secretar\u00eda de Ecolog\u00eda y Desarrollo &hellip; <a href=\"http:\/\/www.grieta.org.mx\/index.php\/2015\/07\/31\/devastacion-contra-reloj-en-malecon-tajamar-quintana-roo\/\" class=\"more-link\">Leer m\u00e1s<\/a><\/p>\n","protected":false},"author":2,"featured_media":21928,"comment_status":"closed","ping_status":"open","sticky":false,"template":"","format":"standard","meta":{"ngg_post_thumbnail":0,"_jetpack_newsletter_access":"","_jetpack_dont_email_post_to_subs":false,"_jetpack_newsletter_tier_id":0,"_jetpack_memberships_contains_paywalled_content":false,"_jetpack_memberships_contains_paid_content":false,"footnotes":""},"categories":[80,151],"tags":[386,399,356],"class_list":["post-5363","post","type-post","status-publish","format-standard","has-post-thumbnail","hentry","category-cintillo","category-quintana-roo","tag-devastacion","tag-proyecto-inmobiliario","tag-tajamar","entry"],"jetpack_featured_media_url":"http:\/\/www.grieta.org.mx\/wp-content\/uploads\/2018\/03\/14524434_1106112876131411_958039263622046936_o.jpg","jetpack_sharing_enabled":true,"jetpack_shortlink":"https:\/\/wp.me\/p7ZJR4-1ov","jetpack_likes_enabled":false,"jetpack-related-posts":[{"id":4486,"url":"http:\/\/www.grieta.org.mx\/index.php\/2016\/06\/10\/protestas-ante-devastacion-provocada-por-malecon-tajamar-quintana-roo\/","url_meta":{"origin":5363,"position":0},"title":"Protestas ante devastaci\u00f3n provocada por Malec\u00f3n Tajamar (Quintana Roo)","author":"grieta","date":"10 junio, 2016","format":false,"excerpt":"10\/06\/16. Afrenta para Canc\u00fan aval de Profepa a Fonatur por destrucci\u00f3n en TajamarMarcrixnoticias 07\/06\/16. No hay delito ambiental en Tajamar Canc\u00fan resolvi\u00f3 la Profepa. El Fonatur actu\u00f3 apegado a lo autorizado por SemarnatNoticaribeNews 12\/04\/16. Ignoran 7 mil denuncias por TajamarLuces del Siglo 11\/02\/16. Defensores del Tajamar se dividen, desconocen a\u2026","rel":"","context":"En &quot;NOTICIAS NACIONALES&quot;","block_context":{"text":"NOTICIAS NACIONALES","link":"http:\/\/www.grieta.org.mx\/index.php\/category\/noticias-nacionales\/"},"img":{"alt_text":"","src":"https:\/\/i0.wp.com\/www.grieta.org.mx\/wp-content\/uploads\/2018\/03\/14524434_1106112876131411_958039263622046936_o.jpg?resize=350%2C200","width":350,"height":200,"srcset":"https:\/\/i0.wp.com\/www.grieta.org.mx\/wp-content\/uploads\/2018\/03\/14524434_1106112876131411_958039263622046936_o.jpg?resize=350%2C200 1x, https:\/\/i0.wp.com\/www.grieta.org.mx\/wp-content\/uploads\/2018\/03\/14524434_1106112876131411_958039263622046936_o.jpg?resize=525%2C300 1.5x, https:\/\/i0.wp.com\/www.grieta.org.mx\/wp-content\/uploads\/2018\/03\/14524434_1106112876131411_958039263622046936_o.jpg?resize=700%2C400 2x"},"classes":[]},{"id":5044,"url":"http:\/\/www.grieta.org.mx\/index.php\/2016\/01\/05\/impiden-mas-devastacion-en-el-malecon-tajamar\/","url_meta":{"origin":5363,"position":1},"title":"Impiden m\u00e1s devastaci\u00f3n en el Malec\u00f3n Tajamar","author":"grieta","date":"5 enero, 2016","format":false,"excerpt":"Pese a la suspensi\u00f3n, una brigada de trabajadores lleg\u00f3 con maquinaria pesada Canc\u00fan.- Decenas de habitantes no permitieron que reanudaran trabajos en el Malec\u00f3n Tajamar, por lo que tuvo que intervenir la polic\u00eda, hasta que lleg\u00f3 un representante de la Procuradur\u00eda General de la Rep\u00fablica, quien conmin\u00f3 al abogado del\u2026","rel":"","context":"En &quot;CINTILLO&quot;","block_context":{"text":"CINTILLO","link":"http:\/\/www.grieta.org.mx\/index.php\/category\/cintillo\/"},"img":{"alt_text":"","src":"https:\/\/i0.wp.com\/www.grieta.org.mx\/wp-content\/uploads\/2018\/03\/14524434_1106112876131411_958039263622046936_o.jpg?resize=350%2C200","width":350,"height":200,"srcset":"https:\/\/i0.wp.com\/www.grieta.org.mx\/wp-content\/uploads\/2018\/03\/14524434_1106112876131411_958039263622046936_o.jpg?resize=350%2C200 1x, https:\/\/i0.wp.com\/www.grieta.org.mx\/wp-content\/uploads\/2018\/03\/14524434_1106112876131411_958039263622046936_o.jpg?resize=525%2C300 1.5x, https:\/\/i0.wp.com\/www.grieta.org.mx\/wp-content\/uploads\/2018\/03\/14524434_1106112876131411_958039263622046936_o.jpg?resize=700%2C400 2x"},"classes":[]},{"id":5102,"url":"http:\/\/www.grieta.org.mx\/index.php\/2015\/08\/06\/tajamar-cronica-de-una-devastacion-sin-freno\/","url_meta":{"origin":5363,"position":2},"title":"Tajamar: Cr\u00f3nica de una devastaci\u00f3n sin freno","author":"grieta","date":"6 agosto, 2015","format":false,"excerpt":"La devastaci\u00f3n del manglar en Malec\u00f3n Tajamar est\u00e1 casi consumada. A 19 d\u00edas de que expire el permiso de la Manifestaci\u00f3n de Impacto Ambiental, MIA, en la zona, los predios est\u00e1n rellenados a un 80 por ciento y se espera que las construcciones de edificios de hasta 14 niveles inicie\u2026","rel":"","context":"En &quot;CINTILLO&quot;","block_context":{"text":"CINTILLO","link":"http:\/\/www.grieta.org.mx\/index.php\/category\/cintillo\/"},"img":{"alt_text":"","src":"https:\/\/i0.wp.com\/www.grieta.org.mx\/wp-content\/uploads\/2018\/03\/14524434_1106112876131411_958039263622046936_o.jpg?resize=350%2C200","width":350,"height":200,"srcset":"https:\/\/i0.wp.com\/www.grieta.org.mx\/wp-content\/uploads\/2018\/03\/14524434_1106112876131411_958039263622046936_o.jpg?resize=350%2C200 1x, https:\/\/i0.wp.com\/www.grieta.org.mx\/wp-content\/uploads\/2018\/03\/14524434_1106112876131411_958039263622046936_o.jpg?resize=525%2C300 1.5x, https:\/\/i0.wp.com\/www.grieta.org.mx\/wp-content\/uploads\/2018\/03\/14524434_1106112876131411_958039263622046936_o.jpg?resize=700%2C400 2x"},"classes":[]},{"id":5050,"url":"http:\/\/www.grieta.org.mx\/index.php\/2015\/11\/30\/juicio-contra-tajamar-se-extendera-al-2016\/","url_meta":{"origin":5363,"position":3},"title":"Juicio contra Tajamar se extender\u00e1 al 2016","author":"grieta","date":"30 noviembre, 2015","format":false,"excerpt":"Fonatur minti\u00f3 a las autoridades: Cemda La prolongaci\u00f3n del juicio implica que Fonatur vuelva a tramitar una nueva manifestaci\u00f3n de impacto ambiental. Jes\u00fas V\u00e1zquez Canc\u00fan, QR. El juicio contra los promotores de Malec\u00f3n Tajamar irremediablemente se extender\u00e1 m\u00e1s all\u00e1 de febrero del 2016, fecha en la que vencen los permisos\u2026","rel":"","context":"En &quot;CINTILLO&quot;","block_context":{"text":"CINTILLO","link":"http:\/\/www.grieta.org.mx\/index.php\/category\/cintillo\/"},"img":{"alt_text":"","src":"https:\/\/i0.wp.com\/www.grieta.org.mx\/wp-content\/uploads\/2018\/03\/14524434_1106112876131411_958039263622046936_o.jpg?resize=350%2C200","width":350,"height":200,"srcset":"https:\/\/i0.wp.com\/www.grieta.org.mx\/wp-content\/uploads\/2018\/03\/14524434_1106112876131411_958039263622046936_o.jpg?resize=350%2C200 1x, https:\/\/i0.wp.com\/www.grieta.org.mx\/wp-content\/uploads\/2018\/03\/14524434_1106112876131411_958039263622046936_o.jpg?resize=525%2C300 1.5x, https:\/\/i0.wp.com\/www.grieta.org.mx\/wp-content\/uploads\/2018\/03\/14524434_1106112876131411_958039263622046936_o.jpg?resize=700%2C400 2x"},"classes":[]},{"id":5036,"url":"http:\/\/www.grieta.org.mx\/index.php\/2016\/01\/16\/cancun-despierta-devastan-malecon-tajamar-en-la-madrugada-y-con-proteccion-de-granaderos-entran-con-maquinaria-para-rellenar-manglar\/","url_meta":{"origin":5363,"position":4},"title":"\u201c\u00a1Canc\u00fan, Despierta!\u201d | Devastan Malec\u00f3n Tajamar: En la madrugada y con protecci\u00f3n de granaderos, entran con maquinaria para rellenar manglar","author":"grieta","date":"16 enero, 2016","format":false,"excerpt":"CANC\u00daN, MX.- En la oscuridad de la noche, como los delincuentes, con protecci\u00f3n de decenas de granaderos del gobierno municipal de Paul Carrillo y de la polic\u00eda estatal de Roberto Borge, la madrugada de este s\u00e1bado, maquinaria pesada y volquetes ingresaron a los terrenos del Malec\u00f3n Tajamar y empezaron a\u2026","rel":"","context":"En &quot;CINTILLO&quot;","block_context":{"text":"CINTILLO","link":"http:\/\/www.grieta.org.mx\/index.php\/category\/cintillo\/"},"img":{"alt_text":"","src":"https:\/\/i0.wp.com\/www.grieta.org.mx\/wp-content\/uploads\/2018\/03\/14524434_1106112876131411_958039263622046936_o.jpg?resize=350%2C200","width":350,"height":200,"srcset":"https:\/\/i0.wp.com\/www.grieta.org.mx\/wp-content\/uploads\/2018\/03\/14524434_1106112876131411_958039263622046936_o.jpg?resize=350%2C200 1x, https:\/\/i0.wp.com\/www.grieta.org.mx\/wp-content\/uploads\/2018\/03\/14524434_1106112876131411_958039263622046936_o.jpg?resize=525%2C300 1.5x, https:\/\/i0.wp.com\/www.grieta.org.mx\/wp-content\/uploads\/2018\/03\/14524434_1106112876131411_958039263622046936_o.jpg?resize=700%2C400 2x"},"classes":[]},{"id":5094,"url":"http:\/\/www.grieta.org.mx\/index.php\/2015\/08\/09\/interponen-amparo-vs-malecon-tajamar\/","url_meta":{"origin":5363,"position":5},"title":"Interponen amparo vs Malec\u00f3n Tajamar","author":"grieta","date":"9 agosto, 2015","format":false,"excerpt":"Canc\u00fan, QR. El Centro Mexicano de Derecho Ambiental (Cemda) interpuso el pasado 31 de julio un amparo en contra de la autorizaci\u00f3n de la Manifestaci\u00f3n Impacto Ambiental (MIA) condicionada que la Secretar\u00eda de Medio Ambiente y Recursos Naturales (Semarnat) otorg\u00f3 en favor del Fondo Nacional de Fomento al Turismo (Fonatur)\u2026","rel":"","context":"En &quot;CINTILLO&quot;","block_context":{"text":"CINTILLO","link":"http:\/\/www.grieta.org.mx\/index.php\/category\/cintillo\/"},"img":{"alt_text":"","src":"https:\/\/i0.wp.com\/www.grieta.org.mx\/wp-content\/uploads\/2018\/03\/14524434_1106112876131411_958039263622046936_o.jpg?resize=350%2C200","width":350,"height":200,"srcset":"https:\/\/i0.wp.com\/www.grieta.org.mx\/wp-content\/uploads\/2018\/03\/14524434_1106112876131411_958039263622046936_o.jpg?resize=350%2C200 1x, https:\/\/i0.wp.com\/www.grieta.org.mx\/wp-content\/uploads\/2018\/03\/14524434_1106112876131411_958039263622046936_o.jpg?resize=525%2C300 1.5x, https:\/\/i0.wp.com\/www.grieta.org.mx\/wp-content\/uploads\/2018\/03\/14524434_1106112876131411_958039263622046936_o.jpg?resize=700%2C400 2x"},"classes":[]}],"_links":{"self":[{"href":"http:\/\/www.grieta.org.mx\/index.php\/wp-json\/wp\/v2\/posts\/5363","targetHints":{"allow":["GET"]}}],"collection":[{"href":"http:\/\/www.grieta.org.mx\/index.php\/wp-json\/wp\/v2\/posts"}],"about":[{"href":"http:\/\/www.grieta.org.mx\/index.php\/wp-json\/wp\/v2\/types\/post"}],"author":[{"embeddable":true,"href":"http:\/\/www.grieta.org.mx\/index.php\/wp-json\/wp\/v2\/users\/2"}],"replies":[{"embeddable":true,"href":"http:\/\/www.grieta.org.mx\/index.php\/wp-json\/wp\/v2\/comments?post=5363"}],"version-history":[{"count":1,"href":"http:\/\/www.grieta.org.mx\/index.php\/wp-json\/wp\/v2\/posts\/5363\/revisions"}],"predecessor-version":[{"id":5367,"href":"http:\/\/www.grieta.org.mx\/index.php\/wp-json\/wp\/v2\/posts\/5363\/revisions\/5367"}],"wp:featuredmedia":[{"embeddable":true,"href":"http:\/\/www.grieta.org.mx\/index.php\/wp-json\/wp\/v2\/media\/21928"}],"wp:attachment":[{"href":"http:\/\/www.grieta.org.mx\/index.php\/wp-json\/wp\/v2\/media?parent=5363"}],"wp:term":[{"taxonomy":"category","embeddable":true,"href":"http:\/\/www.grieta.org.mx\/index.php\/wp-json\/wp\/v2\/categories?post=5363"},{"taxonomy":"post_tag","embeddable":true,"href":"http:\/\/www.grieta.org.mx\/index.php\/wp-json\/wp\/v2\/tags?post=5363"}],"curies":[{"name":"wp","href":"https:\/\/api.w.org\/{rel}","templated":true}]}}