{"id":5359,"date":"2016-02-07T01:50:50","date_gmt":"2016-02-07T01:50:50","guid":{"rendered":"http:\/\/50.22.11.12\/~grietaor\/?p=5359"},"modified":"2016-04-24T23:54:12","modified_gmt":"2016-04-24T23:54:12","slug":"exigen-certeza-sobre-los-acuerdos-de-el-zapotillo","status":"publish","type":"post","link":"http:\/\/www.grieta.org.mx\/index.php\/2016\/02\/07\/exigen-certeza-sobre-los-acuerdos-de-el-zapotillo\/","title":{"rendered":"Exigen certeza sobre los acuerdos de El Zapotillo"},"content":{"rendered":"<p>Juana Mar\u00eda Ram\u00edrez <\/p>\n<p>El Comit\u00e9 Salvemos Temacapul\u00edn, Acasico y Palmarejo, exige a las autoridades del Estado se respete la suspensi\u00f3n de la Suprema Corte de Justicia de la Naci\u00f3n, para apegarse al proyecto original de la presa el Zaptillo y se les garantice el respeto a los derechos de las comunidades, que las autoridades cumplan con esta disposici\u00f3n y realicen todas las modificaciones necesarias para asegurar que sus derechos no sean transgredidos por este megaproyecto. La SCJN emiti\u00f3 una suspensi\u00f3n para que la cortina de la presa no rebase los 80 metros de altura.<\/p>\n<p>Insisten los pobladores en la necesidad de que el estudio que lleva a cabo la UNOPS-PNUMA (Oficina de las Naciones Unidas de Servicios para Proyectos) incorpore la participaci\u00f3n y contralor\u00eda ciudadana durante todo el proceso. Los pobladores de dichas comunidades se\u00f1alan su desconfianza a todo lo que ocurre en torno de la obra, pues tanto el gobierno Estatal como Federal han derrochando los recursos de los contribuyentes en beneficio de unas pocas empresas, se\u00f1alando directamente al convenio contra\u00eddo con la UNOPS-PNUMA con un costo de 4.6 millones de d\u00f3lares para la realizaci\u00f3n del estudio que lleva a cabo y que a final de cuentas llega tarde al conflicto, con lo que representa m\u00e1s dudas que certezas, ya que no ser\u00e1 vinculante y carece de instancias de participaci\u00f3n y contralor\u00eda ciudadana.<\/p>\n<p>\u201cConsideramos que las mesas o espacios de di\u00e1logo no son un dispositivo suficiente para mantener la interacci\u00f3n de los actores miembros de la sociedad civil con el proyecto, ya que a la fecha se han realizado muchas sin que sean tomadas en cuenta las alternativas generadas, por ello demandamos se especifique el mecanismo que usar\u00e1 la UNOPS-PNUMA para documentar y hacer valer efectivamente el derecho a la participaci\u00f3n de los pueblos y actores involucrados en el conflicto de la presa el Zapotillo\u201d, se\u00f1alan.<br \/>\nAgua para le\u00f3n<\/p>\n<p>Adem\u00e1s recordaron el gasto absurdo con fondos p\u00fablicos del director del Sistema de Agua Potable y Alcantarillado de Le\u00f3n (SAPAL), Enrique Torres L\u00f3pez, quien en enero del presente a\u00f1o asegur\u00f3 haber transferido alrededor de 700 millones de pesos a la empresa espa\u00f1ola Abengoa responsable de la construcci\u00f3n del Acueducto Zapotillo-Le\u00f3n, que est\u00e1 en riesgo de quiebra y est\u00e1 siendo investigada por sus malos manejos, \u201cEs inaudito que el Estado mexicano juegue el papel de rescate a las grandes corporaciones que despojan y privatizan el agua en el mundo\u201d.<\/p>\n<p>Se\u00f1alaron que a tres a\u00f1os del compromiso que Arist\u00f3teles Sandoval hiciera como candidato y despu\u00e9s reiterara como gobernador con Temaca, sigue sin cumplirlo, contrario a eso, posteriormente cambi\u00f3 de postura y hab\u00eda anunciado que las poblaciones irremediablemente tendr\u00edan que inundarse, anunciando una amenaza de desalojo forzoso de las comunidades, \u201ccontradiciendo con esto sus propias palabras, lo que hace evidente el doble discurso que siempre ha manejado el gobernador sobre el proyecto\u201d, por lo que exigen una definici\u00f3n de una vez por todas, \u201cTemacapul\u00edn no lo olvida y sigue de pie, luchando por la defensa de su territorio y los bienes naturales de los pueblos.<\/p>\n<p><a href=\"http:\/\/www.cronicajalisco.com\/notas\/2016\/61097.html\" target=\"_blank\">http:\/\/www.cronicajalisco.com\/notas\/2016\/61097.html<\/a><\/p>\n","protected":false},"excerpt":{"rendered":"<p>Juana Mar\u00eda Ram\u00edrez El Comit\u00e9 Salvemos Temacapul\u00edn, Acasico y Palmarejo, exige a las autoridades del Estado se respete la suspensi\u00f3n de la Suprema Corte de Justicia de la Naci\u00f3n, para &hellip; <a href=\"http:\/\/www.grieta.org.mx\/index.php\/2016\/02\/07\/exigen-certeza-sobre-los-acuerdos-de-el-zapotillo\/\" class=\"more-link\">Leer m\u00e1s<\/a><\/p>\n","protected":false},"author":2,"featured_media":21928,"comment_status":"closed","ping_status":"open","sticky":false,"template":"","format":"standard","meta":{"ngg_post_thumbnail":0,"_jetpack_newsletter_access":"","_jetpack_dont_email_post_to_subs":false,"_jetpack_newsletter_tier_id":0,"_jetpack_memberships_contains_paywalled_content":false,"_jetpack_memberships_contains_paid_content":false,"footnotes":""},"categories":[80,230],"tags":[313],"class_list":["post-5359","post","type-post","status-publish","format-standard","has-post-thumbnail","hentry","category-cintillo","category-jalisco","tag-presa-y-acueducto-del-zapotillo","entry"],"jetpack_featured_media_url":"http:\/\/www.grieta.org.mx\/wp-content\/uploads\/2018\/03\/14524434_1106112876131411_958039263622046936_o.jpg","jetpack_sharing_enabled":true,"jetpack_shortlink":"https:\/\/wp.me\/p7ZJR4-1or","jetpack_likes_enabled":false,"jetpack-related-posts":[{"id":5383,"url":"http:\/\/www.grieta.org.mx\/index.php\/2015\/11\/09\/temaca-cuestiona-estudio-de-la-onu-sobre-presa-zapotillo-2\/","url_meta":{"origin":5359,"position":0},"title":"Temaca cuestiona estudio de la ONU sobre presa Zapotillo","author":"grieta","date":"9 noviembre, 2015","format":false,"excerpt":"Mario Marlo Gobierno de Jalisco pagar\u00e1 a la ONU 4.6 mdd por estudio de la presa El Zapotillo Guadalajara, Jalisco 9 de noviembre, 2015.- El Comit\u00e9 Salvemos Temacapul\u00edn, Acasico y Palmarejo, el Instituto Mexicano para el Desarrollo Comunitario A.C. (IMDEC) y el Colectivo de Abogados hicieron un llamado al gobernador\u2026","rel":"","context":"En &quot;CINTILLO&quot;","block_context":{"text":"CINTILLO","link":"http:\/\/www.grieta.org.mx\/index.php\/category\/cintillo\/"},"img":{"alt_text":"","src":"https:\/\/i0.wp.com\/www.grieta.org.mx\/wp-content\/uploads\/2018\/03\/14524434_1106112876131411_958039263622046936_o.jpg?resize=350%2C200","width":350,"height":200,"srcset":"https:\/\/i0.wp.com\/www.grieta.org.mx\/wp-content\/uploads\/2018\/03\/14524434_1106112876131411_958039263622046936_o.jpg?resize=350%2C200 1x, https:\/\/i0.wp.com\/www.grieta.org.mx\/wp-content\/uploads\/2018\/03\/14524434_1106112876131411_958039263622046936_o.jpg?resize=525%2C300 1.5x, https:\/\/i0.wp.com\/www.grieta.org.mx\/wp-content\/uploads\/2018\/03\/14524434_1106112876131411_958039263622046936_o.jpg?resize=700%2C400 2x"},"classes":[]},{"id":46496,"url":"http:\/\/www.grieta.org.mx\/index.php\/2020\/03\/11\/temaca-denuncia-avances-en-presa-el-zapotillo-jalisco\/","url_meta":{"origin":5359,"position":1},"title":"Temaca denuncia avances en Presa El Zapotillo (Jalisco)","author":"grieta","date":"11 marzo, 2020","format":false,"excerpt":"Foto: Yunuen Mora Yunuen Mora \/ El Informador Pobladores de Temacapul\u00edn, Acasico y Palmarejo denunciaron que, pese a los di\u00e1logos que ha habido con el Gobierno Federal para llegar a un acuerdo respecto a la Presa El Zapotillo, los trabajos en el lugar contin\u00faan con el pretexto de obras de\u2026","rel":"","context":"En &quot;CINTILLO&quot;","block_context":{"text":"CINTILLO","link":"http:\/\/www.grieta.org.mx\/index.php\/category\/cintillo\/"},"img":{"alt_text":"","src":"https:\/\/i0.wp.com\/www.grieta.org.mx\/wp-content\/uploads\/2020\/03\/2-3.jpg?resize=350%2C200","width":350,"height":200,"srcset":"https:\/\/i0.wp.com\/www.grieta.org.mx\/wp-content\/uploads\/2020\/03\/2-3.jpg?resize=350%2C200 1x, https:\/\/i0.wp.com\/www.grieta.org.mx\/wp-content\/uploads\/2020\/03\/2-3.jpg?resize=525%2C300 1.5x, https:\/\/i0.wp.com\/www.grieta.org.mx\/wp-content\/uploads\/2020\/03\/2-3.jpg?resize=700%2C400 2x"},"classes":[]},{"id":30302,"url":"http:\/\/www.grieta.org.mx\/index.php\/2019\/03\/05\/avanza-dialogo-por-cancelacion-de-presa-el-zapotillo-jalisco\/","url_meta":{"origin":5359,"position":2},"title":"Avanza di\u00e1logo por cancelaci\u00f3n de presa El Zapotillo (Jalisco)","author":"grieta","date":"5 marzo, 2019","format":false,"excerpt":"NANCY G\u00d3MEZ\u00a0\/ SDPNOTICIAS.COM Autoridades federales y pobladores afectados por la construcci\u00f3n de la presa, se reunieron para definir el destino del proyecto que lleva 5 a\u00f1os detenido. \u00a0 M\u00e9xico.- Habitante de los pueblos de\u00a0Temacapul\u00edn, Acasico y Palmarejo,\u00a0Jalisco, se reunieron con el asesor de Presidencia,\u00a0L\u00e1zaro C\u00e1rdenas Batel, y Javier Guerrero,de la\u2026","rel":"","context":"En &quot;CINTILLO&quot;","block_context":{"text":"CINTILLO","link":"http:\/\/www.grieta.org.mx\/index.php\/category\/cintillo\/"},"img":{"alt_text":"","src":"https:\/\/i0.wp.com\/www.grieta.org.mx\/wp-content\/uploads\/2019\/03\/zapotillo.jpeg?resize=350%2C200","width":350,"height":200,"srcset":"https:\/\/i0.wp.com\/www.grieta.org.mx\/wp-content\/uploads\/2019\/03\/zapotillo.jpeg?resize=350%2C200 1x, https:\/\/i0.wp.com\/www.grieta.org.mx\/wp-content\/uploads\/2019\/03\/zapotillo.jpeg?resize=525%2C300 1.5x"},"classes":[]},{"id":65738,"url":"http:\/\/www.grieta.org.mx\/index.php\/2022\/11\/10\/los-pueblos-afectados-por-la-presa-el-zapotillo-piden-se-cumpla-lo-pactado-y-reparacion-del-dano-jalisco\/","url_meta":{"origin":5359,"position":3},"title":"Los pueblos afectados por la presa El Zapotillo: piden se cumpla lo pactado y reparaci\u00f3n del da\u00f1o (Jalisco)","author":"grieta","date":"10 noviembre, 2022","format":false,"excerpt":"Imagen: Zona Docs La presa El Zapotillo, es el proyecto h\u00eddrico que dotar\u00e1 de agua a la Zona Metropolitana de Guadalajara y que estuvo suspendido m\u00e1s de 16 a\u00f1os debido a recursos judiciales, ya que la construcci\u00f3n de la presa hubiera provocado\u00a0la inundaci\u00f3n de los tres poblados: Temacapul\u00edn, Acasico y\u2026","rel":"","context":"En &quot;CINTILLO&quot;","block_context":{"text":"CINTILLO","link":"http:\/\/www.grieta.org.mx\/index.php\/category\/cintillo\/"},"img":{"alt_text":"","src":"https:\/\/i0.wp.com\/www.grieta.org.mx\/wp-content\/uploads\/2022\/11\/Captura-de-Pantalla-2022-11-11-a-las-7.37.53-1068x734-1.png?resize=350%2C200","width":350,"height":200,"srcset":"https:\/\/i0.wp.com\/www.grieta.org.mx\/wp-content\/uploads\/2022\/11\/Captura-de-Pantalla-2022-11-11-a-las-7.37.53-1068x734-1.png?resize=350%2C200 1x, https:\/\/i0.wp.com\/www.grieta.org.mx\/wp-content\/uploads\/2022\/11\/Captura-de-Pantalla-2022-11-11-a-las-7.37.53-1068x734-1.png?resize=525%2C300 1.5x, https:\/\/i0.wp.com\/www.grieta.org.mx\/wp-content\/uploads\/2022\/11\/Captura-de-Pantalla-2022-11-11-a-las-7.37.53-1068x734-1.png?resize=700%2C400 2x, https:\/\/i0.wp.com\/www.grieta.org.mx\/wp-content\/uploads\/2022\/11\/Captura-de-Pantalla-2022-11-11-a-las-7.37.53-1068x734-1.png?resize=1050%2C600 3x"},"classes":[]},{"id":35937,"url":"http:\/\/www.grieta.org.mx\/index.php\/2019\/06\/29\/un-buen-gobernante-no-le-da-la-espalda-al-pueblo-no-incumple-sus-compromisos-temacapulin-jalisco\/","url_meta":{"origin":5359,"position":4},"title":"Un buen gobernante no le da la espalda al pueblo, no incumple sus compromisos: Temacapul\u00edn (Jalisco)","author":"grieta","date":"29 junio, 2019","format":false,"excerpt":"Redacci\u00f3n \/ Somos el Medio A trav\u00e9s de una carta dirigida a Enrique Alfaro Ram\u00edrez, a su Gabinete de Gobierno y a los diputados(as) del Congreso del Estado de Jalisco, el Comit\u00e9 Salvemos Temacapul\u00edn Acasico y Palmarejo, el Colectivo de Abogadxs, el Movimiento Mexicano de Afectados por las Presas y\u2026","rel":"","context":"En &quot;CINTILLO&quot;","block_context":{"text":"CINTILLO","link":"http:\/\/www.grieta.org.mx\/index.php\/category\/cintillo\/"},"img":{"alt_text":"","src":"https:\/\/i0.wp.com\/www.grieta.org.mx\/wp-content\/uploads\/2019\/07\/D-MawzfUYAA3J_I.jpg?resize=350%2C200","width":350,"height":200,"srcset":"https:\/\/i0.wp.com\/www.grieta.org.mx\/wp-content\/uploads\/2019\/07\/D-MawzfUYAA3J_I.jpg?resize=350%2C200 1x, https:\/\/i0.wp.com\/www.grieta.org.mx\/wp-content\/uploads\/2019\/07\/D-MawzfUYAA3J_I.jpg?resize=525%2C300 1.5x"},"classes":[]},{"id":5370,"url":"http:\/\/www.grieta.org.mx\/index.php\/2015\/11\/26\/triunfo-para-temacapulin-corte-confirma-altura-de-80-metros-en-zapotillo\/","url_meta":{"origin":5359,"position":5},"title":"Triunfo para Temacapul\u00edn; Corte confirma altura de 80 metros en Zapotillo","author":"grieta","date":"26 noviembre, 2015","format":false,"excerpt":"Por: C\u00e9sar Octavio Huerta 26 de noviembre 2015.- La Suprema Corte de Justicia de la Naci\u00f3n (SCJN) confirm\u00f3 ayer la suspensi\u00f3n otorgada por un juzgado federal, para que la construcci\u00f3n de la cortina de la presa El Zapotillo no rebase el l\u00edmite de los 80 metros de altura. Por segunda\u2026","rel":"","context":"En &quot;CINTILLO&quot;","block_context":{"text":"CINTILLO","link":"http:\/\/www.grieta.org.mx\/index.php\/category\/cintillo\/"},"img":{"alt_text":"","src":"https:\/\/i0.wp.com\/www.grieta.org.mx\/wp-content\/uploads\/2018\/03\/14524434_1106112876131411_958039263622046936_o.jpg?resize=350%2C200","width":350,"height":200,"srcset":"https:\/\/i0.wp.com\/www.grieta.org.mx\/wp-content\/uploads\/2018\/03\/14524434_1106112876131411_958039263622046936_o.jpg?resize=350%2C200 1x, https:\/\/i0.wp.com\/www.grieta.org.mx\/wp-content\/uploads\/2018\/03\/14524434_1106112876131411_958039263622046936_o.jpg?resize=525%2C300 1.5x, https:\/\/i0.wp.com\/www.grieta.org.mx\/wp-content\/uploads\/2018\/03\/14524434_1106112876131411_958039263622046936_o.jpg?resize=700%2C400 2x"},"classes":[]}],"_links":{"self":[{"href":"http:\/\/www.grieta.org.mx\/index.php\/wp-json\/wp\/v2\/posts\/5359","targetHints":{"allow":["GET"]}}],"collection":[{"href":"http:\/\/www.grieta.org.mx\/index.php\/wp-json\/wp\/v2\/posts"}],"about":[{"href":"http:\/\/www.grieta.org.mx\/index.php\/wp-json\/wp\/v2\/types\/post"}],"author":[{"embeddable":true,"href":"http:\/\/www.grieta.org.mx\/index.php\/wp-json\/wp\/v2\/users\/2"}],"replies":[{"embeddable":true,"href":"http:\/\/www.grieta.org.mx\/index.php\/wp-json\/wp\/v2\/comments?post=5359"}],"version-history":[{"count":1,"href":"http:\/\/www.grieta.org.mx\/index.php\/wp-json\/wp\/v2\/posts\/5359\/revisions"}],"predecessor-version":[{"id":10773,"href":"http:\/\/www.grieta.org.mx\/index.php\/wp-json\/wp\/v2\/posts\/5359\/revisions\/10773"}],"wp:featuredmedia":[{"embeddable":true,"href":"http:\/\/www.grieta.org.mx\/index.php\/wp-json\/wp\/v2\/media\/21928"}],"wp:attachment":[{"href":"http:\/\/www.grieta.org.mx\/index.php\/wp-json\/wp\/v2\/media?parent=5359"}],"wp:term":[{"taxonomy":"category","embeddable":true,"href":"http:\/\/www.grieta.org.mx\/index.php\/wp-json\/wp\/v2\/categories?post=5359"},{"taxonomy":"post_tag","embeddable":true,"href":"http:\/\/www.grieta.org.mx\/index.php\/wp-json\/wp\/v2\/tags?post=5359"}],"curies":[{"name":"wp","href":"https:\/\/api.w.org\/{rel}","templated":true}]}}