{"id":5358,"date":"2015-08-04T01:47:46","date_gmt":"2015-08-04T01:47:46","guid":{"rendered":"http:\/\/50.22.11.12\/~grietaor\/?p=5358"},"modified":"2016-03-27T01:51:48","modified_gmt":"2016-03-27T01:51:48","slug":"ecocidio-en-cancun-devastan-manglar-por-proyecto-inmobiliario","status":"publish","type":"post","link":"http:\/\/www.grieta.org.mx\/index.php\/2015\/08\/04\/ecocidio-en-cancun-devastan-manglar-por-proyecto-inmobiliario\/","title":{"rendered":"Ecocidio en Canc\u00fan: devastan manglar por proyecto inmobiliario"},"content":{"rendered":"<p>Ciudad de M\u00e9xico, 4 de agosto (SinEmbargo).\u2013 En una (a\u00fan presunta) falta a legislaci\u00f3n en materia ambiental, un manglar, hogar de m\u00faltiples especies de flora y fauna catalogadas bajo protecci\u00f3n por la Secretar\u00eda de Medio Ambiente y Recursos Naturales (Semarnat) est\u00e1 siendo devastado en Canc\u00fan, Quintana Roo. Esto, tras el comienzo de la primera etapa de construcci\u00f3n del megaproyecto inmobiliario \u201cMalec\u00f3n Tajamar\u201d.<\/p>\n<p>Se trata de un desarrollo inmobiliario promovido por el Fondo Nacional de Fomento al Turismo (Fonatur) que contempla alrededor de 30 proyectos de construcci\u00f3n en los que se incluyen torres residenciales, un centro comercial, un proyecto m\u00e9dico, un templo cat\u00f3lico y edificios para oficinas.<\/p>\n<p>\u201cMalec\u00f3n Tajamar\u201d obtuvo permisos federales para cambio de uso de suelo de 58.76 hect\u00e1reas en el a\u00f1o 2005, despu\u00e9s de haber sido sometido a un Proceso de Evaluaci\u00f3n de Impacto Ambiental (PEIA) por parte de la Semarnat, y antes de que, en 2007, se incluyera a la Ley General de Vida Silvestre el art\u00edculo 60 TER mediante el que \u201cqueda prohibida la remoci\u00f3n, relleno, transplante, poda, o cualquier obra o actividad que afecte la integralidad del flujo hidrol\u00f3gico del manglar; del ecosistema y su zona de influencia\u201d.<\/p>\n<p>De acuerdo con medios locales, hasta el momento s\u00f3lo ocho del total de los 30 proyectos contemplados han presentado sus informes preliminares ante la Secretar\u00eda de Desarrollo Urbano del gobierno municipal.<\/p>\n<p>Pero, hasta la semana pasada, ninguno de los proyectos presentados para el desarrollo hab\u00edan sido comenzados, por lo que Juan Carlos Gonz\u00e1lez Hern\u00e1ndez, titular de Fonatur, inst\u00f3 hace algunos meses a los due\u00f1os de terrenos en el malec\u00f3n a poner en marcha sus proyectos de forma pronta puesto que el plazo de sus Manifestaciones de Impacto Ambiental (MIA) \u2013mediante los cuales la Semarnat eval\u00faa la sustentabilidad y factibilidad de un proyecto\u2013 expirar\u00edan pronto; y tambi\u00e9n en raz\u00f3n de que los mismos no podr\u00edan ser renovados por el art\u00edculo 60 TER.<\/p>\n<p>Ante la urgencia, los trabajos de remoci\u00f3n de superficies de manglar comenzaron la semana pasada a toda prisa sin respetar legislaci\u00f3n ambiental que contempla la protecci\u00f3n de especies de fauna y flora mediante el rescate y reubicaci\u00f3n de la misma. La maquinaria pesada comenz\u00f3 a remover, entre otras especies de flora, mangle blanco, rojo, palma de chit (dos en peligro de extinci\u00f3n y todas bajo protecci\u00f3n especial). Dicha acci\u00f3n oblig\u00f3 a las diversas especies de fauna, entre las que se encuentran reptiles y anfibios como ranas, cocodrilos, iguanas; aves marinas (incluidas especies migratorias); y algunos mam\u00edferos, a huir del lugar.<br \/>\nUn testimonio recabado por el medio local Cancun\u00edssimo indica que \u201cLo que hicieron fue venir, echar las m\u00e1quinas, sacar la tierra, echarla sobre los animales vivos, mat\u00e1ndolos, da\u00f1ando las anidaciones y, a los cocodrilos, los enterraron vivos [\u2026] Hemos visto a muchas aves que est\u00e1n buscando sus nidos o sus polluelos; tambi\u00e9n est\u00e1n naciendo cocodrilos, hay fotos y videos de cocodrilos peque\u00f1os\u201d.<\/p>\n<p>Ante los hechos, un grupo de mujeres comenz\u00f3 a intentar impedir la actividad de las m\u00e1quinas el d\u00eda jueves; desde entonces, se les han sumado sociedad civil y organizaciones para solicitar la revocaci\u00f3n de las autorizaciones del megaproyecto pues, independientemente de que sus permisos est\u00e9n en regla ante la Semarnat, su realizaci\u00f3n ha implicado un ecocidio.<\/p>\n<p>\u201cAqu\u00ed el conflicto principal no es si tiene permiso o no tiene permiso, por que s\u00ed lo tienen, pero el permiso est\u00e1 condicionado: el manglar debi\u00f3 haber sido transplantado; la fauna tuvo que ser reubicada, y eso no se hizo. Eso es causal de nulidad de la autorizaci\u00f3n del proyecto\u201d, explica a SinEmbargo Gerardo Sol\u00eds Barreto, vicepresidente de la Defensor\u00eda Internacional de Derechos Humanos A.C. cuya asociaci\u00f3n participa en las protestas contra el ecocidio.<\/p>\n<p>\u00c9l mismo, indica que el viernes pasado \u201cse present\u00f3 una denuncia ante el municipio en la que se solicit\u00f3 la intervenci\u00f3n del Presidente municipal, del Secretario del Ayuntamiento y de la Direcci\u00f3n de Ecolog\u00eda, la de Desarrollo Urbano de Canc\u00fan, para frenar el desastre ecol\u00f3gico; pero hasta el momento no se ha recibido respuesta\u201d. Sol\u00eds Barreto tambi\u00e9n comenta que se han interpuesto denuncias ante la Profepa y la Procuradur\u00eda General de Justicia del estado.<\/p>\n<p>\u201cEsto es preocupante, porque es un asunto urgente. No es posible que nosotros estemos haciendo el trabajo que debieron hacer las autoridades\u201d, concluye.<\/p>\n<p>Para pronunciarse, este grupo de civiles ha realizado diversas manifestaciones p\u00fablicas y realizan organizan guardias en la zona. Tambi\u00e9n se ha valido de internet mediante un par de peticiones colgadas a la plataforma change.org (Petici\u00f3n 1, Petici\u00f3n 2) y en las redes sociales con la p\u00e1gina Salvemos Manglar Tajamar.<\/p>\n<p>\u201cS\u00ed: Hay peces a\u00fan en el agua. S\u00ed: s\u00f3lo los cubren con tierra y listo \u00bfHay m\u00e1s especies muertas bajo la tierra y las m\u00e1quinas\u201d se puede leer en una de sus publicaciones.<\/p>\n<p>Por su parte, la Profepa indic\u00f3 mediante un comunicado publicado el d\u00eda de ayer que, en atenci\u00f3n a una denuncia popular, \u201crealiz\u00f3 los d\u00edas 29 y 30 del pasado mes de julio, una inspecci\u00f3n en materia de impacto ambiental y cambio de uso de suelo a obras en el Malec\u00f3n de Tajamar [de] 4 lotes en dicho proyecto situado en terrenos forestales.<\/p>\n<p>\u201cDurante la inspecci\u00f3n [\u2026] el responsable del proyecto denominado Malec\u00f3n Canc\u00fan [hoy Malec\u00f3n Tajamar] no exhibi\u00f3 las autorizaciones correspondientes de ley [\u2026] en materia de impacto ambiental y cambio de uso de suelo\u201d.<\/p>\n<p>La dependencia tambi\u00e9n inform\u00f3 que hasta el d\u00eda de ayer no hab\u00edan sido \u201cproporcionados documentos tales como el Estudio T\u00e9cnico Justificativo y los Programas de Rescate de individuos bajo alg\u00fan estatus de protecci\u00f3n de acuerdo a la Norma ecol\u00f3gica 059, as\u00ed como el Programa de Prevenci\u00f3n y Mitigaci\u00f3n de impactos, entre otros\u201d.<\/p>\n<p>Finalmente, se\u00f1al\u00f3 que del 4 al 7 de agosto se continuar\u00e1 con trabajos de campo para inspeccionar el resto de lotes afectados por el cambio de uso de suelo y que, derivado de \u00e9stas acciones, \u201cse impondr\u00e1n, de ser el caso, medidas correctivas de urgente aplicaci\u00f3n tendientes a la restauraci\u00f3n de los ecosistemas\u201d.<\/p>\n<p>\u00bfPor qu\u00e9 importa tanto un manglar?<\/p>\n<p>Los manglares son sistemas costeros de gran importancia biol\u00f3gica y ecol\u00f3gica puesto que brindan una gran variedad de servicios ambientales.<\/p>\n<p>De acuerdo con la Comisi\u00f3n Nacional para el Conocimiento y Uso de la Biodiversidad (Conabio) \u201cson zonas de alimentaci\u00f3n, refugio y crecimiento de juveniles de crust\u00e1ceos y alevines, por lo que sostienen gran parte de la producci\u00f3n pesquera, son utilizados como combustible (le\u00f1a), poseen un alto valor est\u00e9tico y recreativo, act\u00faan como sistemas naturales de control de inundaciones y como barreras contra huracanes e intrusi\u00f3n salina, controlan la erosi\u00f3n y protegen las costas, mejoran la calidad del agua al funcionar como filtro biol\u00f3gico, contribuyen en el mantenimiento de procesos naturales tales como respuestas a cambios en el nivel del mar, mantienen procesos de sedimentaci\u00f3n y sirven de refugio de flora y fauna silvestre, etc\u00e9tera\u201d.<\/p>\n<p>M\u00e9xico es el quinto pa\u00eds con mayor extenci\u00f3n de manglares en el mundo. De acuerdo con un informe de Greenpeace titulado \u201cLa destrucci\u00f3n de M\u00e9xico, La realidad ambiental del pa\u00eds y el cambio clim\u00e1tico\u201d, para el a\u00f1o 2009 M\u00e9xico ya hab\u00eda perdido un 65 por ciento de sus manglares y \u00e9stos est\u00e1n desapareciendo a una tasa promedio de 2.5 por ciento anual, lo que equivale a poco m\u00e1s de 4.43 hect\u00e1reas cada d\u00eda o a seis campos de futbol diarios.<\/p>\n<p>La Profepa se\u00f1ala que \u201clas actividades humanas constituyen la principal amenaza para los manglares [y que entre estas encontramos] la destrucci\u00f3n del h\u00e1bitat, la contaminaci\u00f3n, la sobreexplotaci\u00f3n de los recursos, la falta de planificaci\u00f3n del desarrollo urbano, industrial y tur\u00edstico, as\u00ed como del desarrollo agr\u00edcola, ganadero y acu\u00edcola, que han desplazado y reducido extensiones considerables de manglares\u201d.<\/p>\n<p><a href=\"http:\/\/www.sinembargo.mx\/04-08-2015\/1437434#\" target=\"_blank\">www.sinembargo.mx\/04-08-2015\/1437434#!<\/a><\/p>\n","protected":false},"excerpt":{"rendered":"<p>Ciudad de M\u00e9xico, 4 de agosto (SinEmbargo).\u2013 En una (a\u00fan presunta) falta a legislaci\u00f3n en materia ambiental, un manglar, hogar de m\u00faltiples especies de flora y fauna catalogadas bajo protecci\u00f3n &hellip; <a href=\"http:\/\/www.grieta.org.mx\/index.php\/2015\/08\/04\/ecocidio-en-cancun-devastan-manglar-por-proyecto-inmobiliario\/\" class=\"more-link\">Leer m\u00e1s<\/a><\/p>\n","protected":false},"author":2,"featured_media":21928,"comment_status":"closed","ping_status":"open","sticky":false,"template":"","format":"standard","meta":{"ngg_post_thumbnail":0,"_jetpack_newsletter_access":"","_jetpack_dont_email_post_to_subs":false,"_jetpack_newsletter_tier_id":0,"_jetpack_memberships_contains_paywalled_content":false,"_jetpack_memberships_contains_paid_content":false,"footnotes":""},"categories":[80,151],"tags":[223,356],"class_list":["post-5358","post","type-post","status-publish","format-standard","has-post-thumbnail","hentry","category-cintillo","category-quintana-roo","tag-ecocidio","tag-tajamar","entry"],"jetpack_featured_media_url":"http:\/\/www.grieta.org.mx\/wp-content\/uploads\/2018\/03\/14524434_1106112876131411_958039263622046936_o.jpg","jetpack_sharing_enabled":true,"jetpack_shortlink":"https:\/\/wp.me\/p7ZJR4-1oq","jetpack_likes_enabled":false,"jetpack-related-posts":[{"id":4486,"url":"http:\/\/www.grieta.org.mx\/index.php\/2016\/06\/10\/protestas-ante-devastacion-provocada-por-malecon-tajamar-quintana-roo\/","url_meta":{"origin":5358,"position":0},"title":"Protestas ante devastaci\u00f3n provocada por Malec\u00f3n Tajamar (Quintana Roo)","author":"grieta","date":"10 junio, 2016","format":false,"excerpt":"10\/06\/16. Afrenta para Canc\u00fan aval de Profepa a Fonatur por destrucci\u00f3n en TajamarMarcrixnoticias 07\/06\/16. No hay delito ambiental en Tajamar Canc\u00fan resolvi\u00f3 la Profepa. El Fonatur actu\u00f3 apegado a lo autorizado por SemarnatNoticaribeNews 12\/04\/16. Ignoran 7 mil denuncias por TajamarLuces del Siglo 11\/02\/16. Defensores del Tajamar se dividen, desconocen a\u2026","rel":"","context":"En &quot;NOTICIAS NACIONALES&quot;","block_context":{"text":"NOTICIAS NACIONALES","link":"http:\/\/www.grieta.org.mx\/index.php\/category\/noticias-nacionales\/"},"img":{"alt_text":"","src":"https:\/\/i0.wp.com\/www.grieta.org.mx\/wp-content\/uploads\/2018\/03\/14524434_1106112876131411_958039263622046936_o.jpg?resize=350%2C200","width":350,"height":200,"srcset":"https:\/\/i0.wp.com\/www.grieta.org.mx\/wp-content\/uploads\/2018\/03\/14524434_1106112876131411_958039263622046936_o.jpg?resize=350%2C200 1x, https:\/\/i0.wp.com\/www.grieta.org.mx\/wp-content\/uploads\/2018\/03\/14524434_1106112876131411_958039263622046936_o.jpg?resize=525%2C300 1.5x, https:\/\/i0.wp.com\/www.grieta.org.mx\/wp-content\/uploads\/2018\/03\/14524434_1106112876131411_958039263622046936_o.jpg?resize=700%2C400 2x"},"classes":[]},{"id":5094,"url":"http:\/\/www.grieta.org.mx\/index.php\/2015\/08\/09\/interponen-amparo-vs-malecon-tajamar\/","url_meta":{"origin":5358,"position":1},"title":"Interponen amparo vs Malec\u00f3n Tajamar","author":"grieta","date":"9 agosto, 2015","format":false,"excerpt":"Canc\u00fan, QR. El Centro Mexicano de Derecho Ambiental (Cemda) interpuso el pasado 31 de julio un amparo en contra de la autorizaci\u00f3n de la Manifestaci\u00f3n Impacto Ambiental (MIA) condicionada que la Secretar\u00eda de Medio Ambiente y Recursos Naturales (Semarnat) otorg\u00f3 en favor del Fondo Nacional de Fomento al Turismo (Fonatur)\u2026","rel":"","context":"En &quot;CINTILLO&quot;","block_context":{"text":"CINTILLO","link":"http:\/\/www.grieta.org.mx\/index.php\/category\/cintillo\/"},"img":{"alt_text":"","src":"https:\/\/i0.wp.com\/www.grieta.org.mx\/wp-content\/uploads\/2018\/03\/14524434_1106112876131411_958039263622046936_o.jpg?resize=350%2C200","width":350,"height":200,"srcset":"https:\/\/i0.wp.com\/www.grieta.org.mx\/wp-content\/uploads\/2018\/03\/14524434_1106112876131411_958039263622046936_o.jpg?resize=350%2C200 1x, https:\/\/i0.wp.com\/www.grieta.org.mx\/wp-content\/uploads\/2018\/03\/14524434_1106112876131411_958039263622046936_o.jpg?resize=525%2C300 1.5x, https:\/\/i0.wp.com\/www.grieta.org.mx\/wp-content\/uploads\/2018\/03\/14524434_1106112876131411_958039263622046936_o.jpg?resize=700%2C400 2x"},"classes":[]},{"id":5033,"url":"http:\/\/www.grieta.org.mx\/index.php\/2016\/01\/20\/mexico-denuncian-destruccion-en-emblematica-laguna-de-cancun\/","url_meta":{"origin":5358,"position":2},"title":"M\u00e9xico: denuncian destrucci\u00f3n en emblem\u00e1tica laguna de Canc\u00fan","author":"grieta","date":"20 enero, 2016","format":false,"excerpt":"Juan Paullier BBC Mundo, Ciudad de M\u00e9xico (@juanpaullier) 20 enero 2016 Organizaciones civiles en Canc\u00fan denuncian la destrucci\u00f3n total de una zona de manglar en una emblem\u00e1tica laguna de ese centro tur\u00edstico en el Caribe mexicano. De acuerdo a la organizaci\u00f3n Salvemos Manglar Tajamar, creada para aunar esfuerzos en torno\u2026","rel":"","context":"En &quot;CINTILLO&quot;","block_context":{"text":"CINTILLO","link":"http:\/\/www.grieta.org.mx\/index.php\/category\/cintillo\/"},"img":{"alt_text":"","src":"https:\/\/i0.wp.com\/www.grieta.org.mx\/wp-content\/uploads\/2018\/03\/14524434_1106112876131411_958039263622046936_o.jpg?resize=350%2C200","width":350,"height":200,"srcset":"https:\/\/i0.wp.com\/www.grieta.org.mx\/wp-content\/uploads\/2018\/03\/14524434_1106112876131411_958039263622046936_o.jpg?resize=350%2C200 1x, https:\/\/i0.wp.com\/www.grieta.org.mx\/wp-content\/uploads\/2018\/03\/14524434_1106112876131411_958039263622046936_o.jpg?resize=525%2C300 1.5x, https:\/\/i0.wp.com\/www.grieta.org.mx\/wp-content\/uploads\/2018\/03\/14524434_1106112876131411_958039263622046936_o.jpg?resize=700%2C400 2x"},"classes":[]},{"id":4485,"url":"http:\/\/www.grieta.org.mx\/index.php\/2016\/02\/11\/defensores-del-tajamar-se-dividen-desconocen-a-katherine-ender\/","url_meta":{"origin":5358,"position":3},"title":"Defensores del Tajamar se dividen, desconocen a Katherine Ender","author":"grieta","date":"11 febrero, 2016","format":false,"excerpt":"AUSTO ADRI\u00c1N.- Canc\u00fan Q. Roo.- Ciudadanos que han logrado 5 suspensiones del Malec\u00f3n Tajamar ante juzgados federales, se deslindan de Katherine Ender, por emplear el movimiento ambientalista para cuestiones pol\u00edticas, coincidieron Sandra Elena Sandoval y Roc\u00edo Pinto Bonilla. Se fragmenta la defensa del proyecto del Malec\u00f3n Tajamar, dado que ciudadanas\u2026","rel":"","context":"En &quot;CINTILLO&quot;","block_context":{"text":"CINTILLO","link":"http:\/\/www.grieta.org.mx\/index.php\/category\/cintillo\/"},"img":{"alt_text":"","src":"https:\/\/i0.wp.com\/www.grieta.org.mx\/wp-content\/uploads\/2018\/03\/14524434_1106112876131411_958039263622046936_o.jpg?resize=350%2C200","width":350,"height":200,"srcset":"https:\/\/i0.wp.com\/www.grieta.org.mx\/wp-content\/uploads\/2018\/03\/14524434_1106112876131411_958039263622046936_o.jpg?resize=350%2C200 1x, https:\/\/i0.wp.com\/www.grieta.org.mx\/wp-content\/uploads\/2018\/03\/14524434_1106112876131411_958039263622046936_o.jpg?resize=525%2C300 1.5x, https:\/\/i0.wp.com\/www.grieta.org.mx\/wp-content\/uploads\/2018\/03\/14524434_1106112876131411_958039263622046936_o.jpg?resize=700%2C400 2x"},"classes":[]},{"id":5036,"url":"http:\/\/www.grieta.org.mx\/index.php\/2016\/01\/16\/cancun-despierta-devastan-malecon-tajamar-en-la-madrugada-y-con-proteccion-de-granaderos-entran-con-maquinaria-para-rellenar-manglar\/","url_meta":{"origin":5358,"position":4},"title":"\u201c\u00a1Canc\u00fan, Despierta!\u201d | Devastan Malec\u00f3n Tajamar: En la madrugada y con protecci\u00f3n de granaderos, entran con maquinaria para rellenar manglar","author":"grieta","date":"16 enero, 2016","format":false,"excerpt":"CANC\u00daN, MX.- En la oscuridad de la noche, como los delincuentes, con protecci\u00f3n de decenas de granaderos del gobierno municipal de Paul Carrillo y de la polic\u00eda estatal de Roberto Borge, la madrugada de este s\u00e1bado, maquinaria pesada y volquetes ingresaron a los terrenos del Malec\u00f3n Tajamar y empezaron a\u2026","rel":"","context":"En &quot;CINTILLO&quot;","block_context":{"text":"CINTILLO","link":"http:\/\/www.grieta.org.mx\/index.php\/category\/cintillo\/"},"img":{"alt_text":"","src":"https:\/\/i0.wp.com\/www.grieta.org.mx\/wp-content\/uploads\/2018\/03\/14524434_1106112876131411_958039263622046936_o.jpg?resize=350%2C200","width":350,"height":200,"srcset":"https:\/\/i0.wp.com\/www.grieta.org.mx\/wp-content\/uploads\/2018\/03\/14524434_1106112876131411_958039263622046936_o.jpg?resize=350%2C200 1x, https:\/\/i0.wp.com\/www.grieta.org.mx\/wp-content\/uploads\/2018\/03\/14524434_1106112876131411_958039263622046936_o.jpg?resize=525%2C300 1.5x, https:\/\/i0.wp.com\/www.grieta.org.mx\/wp-content\/uploads\/2018\/03\/14524434_1106112876131411_958039263622046936_o.jpg?resize=700%2C400 2x"},"classes":[]},{"id":5053,"url":"http:\/\/www.grieta.org.mx\/index.php\/2015\/11\/26\/trabajos-en-tajamar-podrian-reanudarse\/","url_meta":{"origin":5358,"position":5},"title":"Trabajos en Tajamar podr\u00edan reanudarse","author":"grieta","date":"26 noviembre, 2015","format":false,"excerpt":"Suspenden revisi\u00f3n contra la fianza fijada a los menores La suspensi\u00f3n abre la posibilidad de que los trabajos puedan reiniciarse en cualquier momento. Jes\u00fas V\u00e1zquez Canc\u00fan, QR. Los trabajos de desmonte de vegetaci\u00f3n en el desarrollo inmobiliario Malec\u00f3n Tajamar podr\u00edan reanudarse en cualquier momento, ya que el juez interrumpi\u00f3 los\u2026","rel":"","context":"En &quot;CINTILLO&quot;","block_context":{"text":"CINTILLO","link":"http:\/\/www.grieta.org.mx\/index.php\/category\/cintillo\/"},"img":{"alt_text":"","src":"https:\/\/i0.wp.com\/www.grieta.org.mx\/wp-content\/uploads\/2018\/03\/14524434_1106112876131411_958039263622046936_o.jpg?resize=350%2C200","width":350,"height":200,"srcset":"https:\/\/i0.wp.com\/www.grieta.org.mx\/wp-content\/uploads\/2018\/03\/14524434_1106112876131411_958039263622046936_o.jpg?resize=350%2C200 1x, https:\/\/i0.wp.com\/www.grieta.org.mx\/wp-content\/uploads\/2018\/03\/14524434_1106112876131411_958039263622046936_o.jpg?resize=525%2C300 1.5x, https:\/\/i0.wp.com\/www.grieta.org.mx\/wp-content\/uploads\/2018\/03\/14524434_1106112876131411_958039263622046936_o.jpg?resize=700%2C400 2x"},"classes":[]}],"_links":{"self":[{"href":"http:\/\/www.grieta.org.mx\/index.php\/wp-json\/wp\/v2\/posts\/5358","targetHints":{"allow":["GET"]}}],"collection":[{"href":"http:\/\/www.grieta.org.mx\/index.php\/wp-json\/wp\/v2\/posts"}],"about":[{"href":"http:\/\/www.grieta.org.mx\/index.php\/wp-json\/wp\/v2\/types\/post"}],"author":[{"embeddable":true,"href":"http:\/\/www.grieta.org.mx\/index.php\/wp-json\/wp\/v2\/users\/2"}],"replies":[{"embeddable":true,"href":"http:\/\/www.grieta.org.mx\/index.php\/wp-json\/wp\/v2\/comments?post=5358"}],"version-history":[{"count":1,"href":"http:\/\/www.grieta.org.mx\/index.php\/wp-json\/wp\/v2\/posts\/5358\/revisions"}],"predecessor-version":[{"id":5360,"href":"http:\/\/www.grieta.org.mx\/index.php\/wp-json\/wp\/v2\/posts\/5358\/revisions\/5360"}],"wp:featuredmedia":[{"embeddable":true,"href":"http:\/\/www.grieta.org.mx\/index.php\/wp-json\/wp\/v2\/media\/21928"}],"wp:attachment":[{"href":"http:\/\/www.grieta.org.mx\/index.php\/wp-json\/wp\/v2\/media?parent=5358"}],"wp:term":[{"taxonomy":"category","embeddable":true,"href":"http:\/\/www.grieta.org.mx\/index.php\/wp-json\/wp\/v2\/categories?post=5358"},{"taxonomy":"post_tag","embeddable":true,"href":"http:\/\/www.grieta.org.mx\/index.php\/wp-json\/wp\/v2\/tags?post=5358"}],"curies":[{"name":"wp","href":"https:\/\/api.w.org\/{rel}","templated":true}]}}