{"id":53520,"date":"2020-09-08T17:46:53","date_gmt":"2020-09-08T22:46:53","guid":{"rendered":"http:\/\/www.grieta.org.mx\/?p=53520"},"modified":"2020-09-18T17:53:20","modified_gmt":"2020-09-18T22:53:20","slug":"con-planton-familiares-de-tres-desaparecidos-exigen-a-la-fiscalia-de-puebla-retomar-investigacion","status":"publish","type":"post","link":"http:\/\/www.grieta.org.mx\/index.php\/2020\/09\/08\/con-planton-familiares-de-tres-desaparecidos-exigen-a-la-fiscalia-de-puebla-retomar-investigacion\/","title":{"rendered":"Con plant\u00f3n, familiares de tres desaparecidos exigen a la Fiscal\u00eda de Puebla retomar investigaci\u00f3n"},"content":{"rendered":"<figure id=\"attachment_53521\" aria-describedby=\"caption-attachment-53521\" style=\"width: 800px\" class=\"wp-caption aligncenter\"><a href=\"http:\/\/www.grieta.org.mx\/wp-content\/uploads\/2020\/09\/Captura-de-Pantalla-2020-09-18-a-las-17.49.41.png\"><img loading=\"lazy\" decoding=\"async\" data-attachment-id=\"53521\" data-permalink=\"http:\/\/www.grieta.org.mx\/index.php\/2020\/09\/08\/con-planton-familiares-de-tres-desaparecidos-exigen-a-la-fiscalia-de-puebla-retomar-investigacion\/captura-de-pantalla-2020-09-18-a-las-17-49-41\/\" data-orig-file=\"http:\/\/www.grieta.org.mx\/wp-content\/uploads\/2020\/09\/Captura-de-Pantalla-2020-09-18-a-las-17.49.41.png\" data-orig-size=\"851,521\" data-comments-opened=\"0\" data-image-meta=\"{&quot;aperture&quot;:&quot;0&quot;,&quot;credit&quot;:&quot;&quot;,&quot;camera&quot;:&quot;&quot;,&quot;caption&quot;:&quot;&quot;,&quot;created_timestamp&quot;:&quot;0&quot;,&quot;copyright&quot;:&quot;&quot;,&quot;focal_length&quot;:&quot;0&quot;,&quot;iso&quot;:&quot;0&quot;,&quot;shutter_speed&quot;:&quot;0&quot;,&quot;title&quot;:&quot;&quot;,&quot;orientation&quot;:&quot;0&quot;}\" data-image-title=\"Captura de Pantalla 2020-09-18 a la(s) 17.49.41\" data-image-description=\"\" data-image-caption=\"\" data-medium-file=\"http:\/\/www.grieta.org.mx\/wp-content\/uploads\/2020\/09\/Captura-de-Pantalla-2020-09-18-a-las-17.49.41-300x184.png\" data-large-file=\"http:\/\/www.grieta.org.mx\/wp-content\/uploads\/2020\/09\/Captura-de-Pantalla-2020-09-18-a-las-17.49.41.png\" class=\"wp-image-53521\" src=\"http:\/\/www.grieta.org.mx\/wp-content\/uploads\/2020\/09\/Captura-de-Pantalla-2020-09-18-a-las-17.49.41.png\" alt=\"\" width=\"800\" height=\"490\" srcset=\"http:\/\/www.grieta.org.mx\/wp-content\/uploads\/2020\/09\/Captura-de-Pantalla-2020-09-18-a-las-17.49.41.png 851w, http:\/\/www.grieta.org.mx\/wp-content\/uploads\/2020\/09\/Captura-de-Pantalla-2020-09-18-a-las-17.49.41-300x184.png 300w, http:\/\/www.grieta.org.mx\/wp-content\/uploads\/2020\/09\/Captura-de-Pantalla-2020-09-18-a-las-17.49.41-768x470.png 768w, http:\/\/www.grieta.org.mx\/wp-content\/uploads\/2020\/09\/Captura-de-Pantalla-2020-09-18-a-las-17.49.41-817x500.png 817w\" sizes=\"auto, (max-width: 800px) 100vw, 800px\" \/><\/a><figcaption id=\"caption-attachment-53521\" class=\"wp-caption-text\">Aurelio Alfonso Sol\u00eds Casta\u00f1eda, \u00c1frica Leticia Quiroga Castro y Roberto Hern\u00e1ndez S\u00e1nchez, desaparecidos hace cuatro a\u00f1os. Fotos: Especial<\/figcaption><\/figure>\n<p>Gabriela Hern\u00e1ndez \/ Proceso<\/p>\n<p>PUEBLA, Pue. (apro).- Familiares de tres j\u00f3venes del municipio de Xicotepec de Ju\u00e1rez, quienes hoy cumplen cuatro a\u00f1os de haber desaparecido, montaron un plant\u00f3n afuera de la Fiscal\u00eda General del estado (FGE) para exigir que se investigue el caso.<\/p>\n<p>Acompa\u00f1ados de amigos y activistas, los parientes de \u00c1frica Leticia Quiroga Castro, de 20 a\u00f1os de edad; del novio de \u00e9sta, Aurelio Alfonso Sol\u00eds Casta\u00f1eda, de la misma edad, y de Roberto Hern\u00e1ndez S\u00e1nchez, de 29, denunciaron que en cuatro a\u00f1os la FGE ni siquiera ha realizado las indagatorias m\u00ednimas para dar con su paradero.<\/p>\n<p>Patricia Sol\u00eds Casta\u00f1eda, hermana de Aurelio, denunci\u00f3 que las autoridades poblanas no realizaron investigaciones b\u00e1sicas, como pedir la s\u00e1bana de llamadas que hicieron las v\u00edctimas desde sus respectivos celulares, u obtener la geolocalizaci\u00f3n de los mismos en los momentos posteriores.<\/p>\n<p>La Fiscal\u00eda, a\u00f1adi\u00f3, no ha permitido a los familiares tener acceso a la carpeta de investigaci\u00f3n sobre la desaparici\u00f3n de los tres j\u00f3venes, ocurrida el 8 de septiembre de 2016 en el z\u00f3calo de Xicotepec de Ju\u00e1rez, municipio ubicado en la Sierra Norte de Puebla.<\/p>\n<p>Sol\u00eds indic\u00f3 que pese a la angustia que desde entonces viven las tres familias por no saber el paradero de sus seres queridos, y no obstante que han hecho reclamos constantes al Ministerio P\u00fablico para que haga las indagatorias correspondientes, la carpeta de investigaci\u00f3n fue archivada.<\/p>\n<p>Por ello, explic\u00f3 que decidieron trasladarse a esta capital y no regresar a su localidad hasta que haya un compromiso concreto para reactivar las investigaciones.<\/p>\n<p>Luego de bloquear la calle frente a las instalaciones de la FGE, Sol\u00eds Casta\u00f1eda fue atendida por el fiscal Gilberto Higuera Ter\u00e1n, quien se comprometi\u00f3 a retomar y esclarecer el caso.<\/p>\n<p>Sin embargo, los familiares decidieron mantener el plant\u00f3n afuera de la Fiscal\u00eda hasta que se acuerde por escrito un cronograma de las acciones que emprender\u00e1 el Ministerio P\u00fablico, para realmente esclarecer la desaparici\u00f3n de los tres j\u00f3venes y que el expediente no vuelva a quedar archivado.<\/p>\n<p><a href=\"https:\/\/www.proceso.com.mx\/647293\/con-planton-familiares-de-tres-desaparecidos-exigen-a-la-fiscalia-de-puebla-retomar-investigacion\">https:\/\/www.proceso.com.mx\/647293\/con-planton-familiares-de-tres-desaparecidos-exigen-a-la-fiscalia-de-puebla-retomar-investigacion<\/a><\/p>\n","protected":false},"excerpt":{"rendered":"<p>Gabriela Hern\u00e1ndez \/ Proceso PUEBLA, Pue. (apro).- Familiares de tres j\u00f3venes del municipio de Xicotepec de Ju\u00e1rez, quienes hoy cumplen cuatro a\u00f1os de haber desaparecido, montaron un plant\u00f3n afuera de &hellip; <a href=\"http:\/\/www.grieta.org.mx\/index.php\/2020\/09\/08\/con-planton-familiares-de-tres-desaparecidos-exigen-a-la-fiscalia-de-puebla-retomar-investigacion\/\" class=\"more-link\">Leer m\u00e1s<\/a><\/p>\n","protected":false},"author":1,"featured_media":53521,"comment_status":"closed","ping_status":"closed","sticky":false,"template":"","format":"standard","meta":{"ngg_post_thumbnail":0,"_jetpack_newsletter_access":"","_jetpack_dont_email_post_to_subs":false,"_jetpack_newsletter_tier_id":0,"_jetpack_memberships_contains_paywalled_content":false,"_jetpack_memberships_contains_paid_content":false,"footnotes":""},"categories":[80,87,1045,2,26,83],"tags":[2738,121],"class_list":["post-53520","post","type-post","status-publish","format-standard","has-post-thumbnail","hentry","category-cintillo","category-desaparecidos","category-desaparecidos-en-puebla","category-noticias-nacionales","category-puebla","category-temas-nacionales","tag-autoridades-omisas","tag-desaparecidos","entry"],"jetpack_featured_media_url":"http:\/\/www.grieta.org.mx\/wp-content\/uploads\/2020\/09\/Captura-de-Pantalla-2020-09-18-a-las-17.49.41.png","jetpack_sharing_enabled":true,"jetpack_shortlink":"https:\/\/wp.me\/p7ZJR4-dVe","jetpack_likes_enabled":false,"jetpack-related-posts":[{"id":27214,"url":"http:\/\/www.grieta.org.mx\/index.php\/2018\/10\/07\/tambien-la-sierra-norte-de-puebla-busca-a-sus-desaparecidos\/","url_meta":{"origin":53520,"position":0},"title":"Tambi\u00e9n la Sierra Norte de Puebla busca a sus desaparecidos","author":"grieta","date":"7 octubre, 2018","format":false,"excerpt":"Leticia \u00c1nimas Vargas \/ Municipios Puebla Extraoficialmente se habla de 50 personas de las que se desconoce su paradero, aunque no existen denuncias formales por miedo y desconfianza en las autoridades, mencion\u00f3 Patricia, una mujer que busca a su hermano.Valderr\u00e1bano, la prosperidad a costa del erario de XicotepecObras inconclusas, le\u2026","rel":"","context":"En &quot;CINTILLO&quot;","block_context":{"text":"CINTILLO","link":"http:\/\/www.grieta.org.mx\/index.php\/category\/cintillo\/"},"img":{"alt_text":"","src":"https:\/\/i0.wp.com\/www.grieta.org.mx\/wp-content\/uploads\/2018\/10\/img-20181007-wa0015.jpg?resize=350%2C200","width":350,"height":200,"srcset":"https:\/\/i0.wp.com\/www.grieta.org.mx\/wp-content\/uploads\/2018\/10\/img-20181007-wa0015.jpg?resize=350%2C200 1x, https:\/\/i0.wp.com\/www.grieta.org.mx\/wp-content\/uploads\/2018\/10\/img-20181007-wa0015.jpg?resize=525%2C300 1.5x, https:\/\/i0.wp.com\/www.grieta.org.mx\/wp-content\/uploads\/2018\/10\/img-20181007-wa0015.jpg?resize=700%2C400 2x, https:\/\/i0.wp.com\/www.grieta.org.mx\/wp-content\/uploads\/2018\/10\/img-20181007-wa0015.jpg?resize=1050%2C600 3x"},"classes":[]},{"id":30452,"url":"http:\/\/www.grieta.org.mx\/index.php\/2019\/03\/03\/puebla-ya-no-puede-ocultar-a-sus-desaparecidos\/","url_meta":{"origin":53520,"position":1},"title":"Puebla ya no puede ocultar a sus desaparecidos","author":"grieta","date":"3 marzo, 2019","format":false,"excerpt":"Aranzaz\u00fa Ayala Mart\u00ednez \/ Lado B Aurelio Alfonso Sol\u00eds Casta\u00f1eda ten\u00eda 20 a\u00f1os el 8 de septiembre de 2016, cuando sali\u00f3 al centro de Xicotepec, donde viv\u00eda, a comprar unas cosas con su amiga \u00c1frica Quiroga Castro. Pero ninguno de los dos regres\u00f3. A los pocos d\u00edas, su familia se\u2026","rel":"","context":"En &quot;CINTILLO&quot;","block_context":{"text":"CINTILLO","link":"http:\/\/www.grieta.org.mx\/index.php\/category\/cintillo\/"},"img":{"alt_text":"","src":"https:\/\/i0.wp.com\/www.grieta.org.mx\/wp-content\/uploads\/2019\/03\/Desaparecidos-4.jpg?resize=350%2C200","width":350,"height":200,"srcset":"https:\/\/i0.wp.com\/www.grieta.org.mx\/wp-content\/uploads\/2019\/03\/Desaparecidos-4.jpg?resize=350%2C200 1x, https:\/\/i0.wp.com\/www.grieta.org.mx\/wp-content\/uploads\/2019\/03\/Desaparecidos-4.jpg?resize=525%2C300 1.5x, https:\/\/i0.wp.com\/www.grieta.org.mx\/wp-content\/uploads\/2019\/03\/Desaparecidos-4.jpg?resize=700%2C400 2x"},"classes":[]},{"id":45506,"url":"http:\/\/www.grieta.org.mx\/index.php\/2020\/03\/03\/colectivo-de-puebla-si-encontro-a-desaparecidos-tras-intervenir-fosas-clandestinas-en-veracruz\/","url_meta":{"origin":53520,"position":2},"title":"Colectivo de Puebla s\u00ed encontr\u00f3 a desaparecidos tras intervenir fosas clandestinas en Veracruz","author":"Admin","date":"3 marzo, 2020","format":false,"excerpt":"Magarely Hern\u00e1ndez \/ P\u00e1gina Negra Tras intervenir fosas clandestinas en el estado de Veracruz, el colectivo \u201cVoz de los Desaparecidos\u201d de Puebla encontr\u00f3 restos de personas que podr\u00edan ser algunos poblanos buscados desde hace varios meses e incluso a\u00f1os. As\u00ed lo confirm\u00f3 a P\u00c1GINA NEGRA Mar\u00eda Luisa N\u00fa\u00f1ez, vocera del\u2026","rel":"","context":"En &quot;CINTILLO&quot;","block_context":{"text":"CINTILLO","link":"http:\/\/www.grieta.org.mx\/index.php\/category\/cintillo\/"},"img":{"alt_text":"","src":"https:\/\/i0.wp.com\/www.grieta.org.mx\/wp-content\/uploads\/2020\/03\/Captura-de-pantalla-2020-03-04-a-las-12.03.59-p.m..png?resize=350%2C200","width":350,"height":200,"srcset":"https:\/\/i0.wp.com\/www.grieta.org.mx\/wp-content\/uploads\/2020\/03\/Captura-de-pantalla-2020-03-04-a-las-12.03.59-p.m..png?resize=350%2C200 1x, https:\/\/i0.wp.com\/www.grieta.org.mx\/wp-content\/uploads\/2020\/03\/Captura-de-pantalla-2020-03-04-a-las-12.03.59-p.m..png?resize=525%2C300 1.5x"},"classes":[]},{"id":25331,"url":"http:\/\/www.grieta.org.mx\/index.php\/2018\/08\/03\/hallan-a-jovencita-reportada-como-desaparecida-luego-que-familiares-bloquearon-la-carretera-puebla-tehuacan\/","url_meta":{"origin":53520,"position":3},"title":"Hallan a jovencita reportada como desaparecida luego que familiares bloquearon la carretera Puebla-Tehuac\u00e1n","author":"grieta","date":"3 agosto, 2018","format":false,"excerpt":"Gloria Reza\/ Proceso PUEBLA, Pue. (apro).- Luisa Alejandra P\u00e9rez, de 15 a\u00f1os de edad, quien fue reportada como desparecida desde el domingo 29 de julio, fue ubicada y se encuentra bien, afirm\u00f3 la Fiscal\u00eda General del estado (PGE). Este viernes, Familiares y vecinos de la joven, bloquearon la carretera federal\u2026","rel":"","context":"En &quot;CINTILLO&quot;","block_context":{"text":"CINTILLO","link":"http:\/\/www.grieta.org.mx\/index.php\/category\/cintillo\/"},"img":{"alt_text":"","src":"https:\/\/i0.wp.com\/www.grieta.org.mx\/wp-content\/uploads\/2018\/08\/15.jpg?resize=350%2C200","width":350,"height":200,"srcset":"https:\/\/i0.wp.com\/www.grieta.org.mx\/wp-content\/uploads\/2018\/08\/15.jpg?resize=350%2C200 1x, https:\/\/i0.wp.com\/www.grieta.org.mx\/wp-content\/uploads\/2018\/08\/15.jpg?resize=525%2C300 1.5x, https:\/\/i0.wp.com\/www.grieta.org.mx\/wp-content\/uploads\/2018\/08\/15.jpg?resize=700%2C400 2x"},"classes":[]},{"id":53070,"url":"http:\/\/www.grieta.org.mx\/index.php\/2020\/08\/30\/aun-en-el-confinamiento-siguen-desapariciones-en-puebla\/","url_meta":{"origin":53520,"position":4},"title":"A\u00fan en el confinamiento, siguen desapariciones en Puebla","author":"Admin","date":"30 agosto, 2020","format":false,"excerpt":"Gabriela Hern\u00e1ndez \/ Proceso PUEBLA, Pue. (proceso.com.mx).- En el D\u00eda Internacional del Desaparecido, el Colectivo Voz de los Desaparecidos de Puebla advirti\u00f3 que a\u00fan en el confinamiento se siguen presentando casos de personas no localizadas en esta entidad. Mar\u00eda Luisa N\u00fa\u00f1ez Barojas, representante del colectivo, dijo que de enero a\u2026","rel":"","context":"En &quot;CINTILLO&quot;","block_context":{"text":"CINTILLO","link":"http:\/\/www.grieta.org.mx\/index.php\/category\/cintillo\/"},"img":{"alt_text":"","src":"https:\/\/i0.wp.com\/www.grieta.org.mx\/wp-content\/uploads\/2020\/09\/desaparecidos-puebla-870x522-1.jpg?resize=350%2C200","width":350,"height":200,"srcset":"https:\/\/i0.wp.com\/www.grieta.org.mx\/wp-content\/uploads\/2020\/09\/desaparecidos-puebla-870x522-1.jpg?resize=350%2C200 1x, https:\/\/i0.wp.com\/www.grieta.org.mx\/wp-content\/uploads\/2020\/09\/desaparecidos-puebla-870x522-1.jpg?resize=525%2C300 1.5x, https:\/\/i0.wp.com\/www.grieta.org.mx\/wp-content\/uploads\/2020\/09\/desaparecidos-puebla-870x522-1.jpg?resize=700%2C400 2x"},"classes":[]},{"id":38621,"url":"http:\/\/www.grieta.org.mx\/index.php\/2019\/07\/30\/fge-es-omisa-o-complice-en-desapariciones-acusan-familiares-puebla\/","url_meta":{"origin":53520,"position":5},"title":"FGE es omisa o c\u00f3mplice en desapariciones, acusan familiares (Puebla)","author":"Admin","date":"30 julio, 2019","format":false,"excerpt":"Marco Antonio Licona \/ Municipios Puebla HUAUCHINANGO, PUE.- Para los integrantes de algunos colectivos de b\u00fasqueda de personas desaparecidas, la Fiscal\u00eda General del Estado es \"omisa o c\u00f3mplice\" de quienes se dedican a estas acciones delictivas, seg\u00fan manifestaron en el primer foro itinerante, que se realiz\u00f3 en Huauchinango con el\u2026","rel":"","context":"En &quot;CINTILLO&quot;","block_context":{"text":"CINTILLO","link":"http:\/\/www.grieta.org.mx\/index.php\/category\/cintillo\/"},"img":{"alt_text":"","src":"https:\/\/i0.wp.com\/www.grieta.org.mx\/wp-content\/uploads\/2019\/08\/whatsapp_image_2019-07-30_at_4.31.40_pm1.jpeg?resize=350%2C200","width":350,"height":200,"srcset":"https:\/\/i0.wp.com\/www.grieta.org.mx\/wp-content\/uploads\/2019\/08\/whatsapp_image_2019-07-30_at_4.31.40_pm1.jpeg?resize=350%2C200 1x, https:\/\/i0.wp.com\/www.grieta.org.mx\/wp-content\/uploads\/2019\/08\/whatsapp_image_2019-07-30_at_4.31.40_pm1.jpeg?resize=525%2C300 1.5x, https:\/\/i0.wp.com\/www.grieta.org.mx\/wp-content\/uploads\/2019\/08\/whatsapp_image_2019-07-30_at_4.31.40_pm1.jpeg?resize=700%2C400 2x, https:\/\/i0.wp.com\/www.grieta.org.mx\/wp-content\/uploads\/2019\/08\/whatsapp_image_2019-07-30_at_4.31.40_pm1.jpeg?resize=1050%2C600 3x"},"classes":[]}],"_links":{"self":[{"href":"http:\/\/www.grieta.org.mx\/index.php\/wp-json\/wp\/v2\/posts\/53520","targetHints":{"allow":["GET"]}}],"collection":[{"href":"http:\/\/www.grieta.org.mx\/index.php\/wp-json\/wp\/v2\/posts"}],"about":[{"href":"http:\/\/www.grieta.org.mx\/index.php\/wp-json\/wp\/v2\/types\/post"}],"author":[{"embeddable":true,"href":"http:\/\/www.grieta.org.mx\/index.php\/wp-json\/wp\/v2\/users\/1"}],"replies":[{"embeddable":true,"href":"http:\/\/www.grieta.org.mx\/index.php\/wp-json\/wp\/v2\/comments?post=53520"}],"version-history":[{"count":1,"href":"http:\/\/www.grieta.org.mx\/index.php\/wp-json\/wp\/v2\/posts\/53520\/revisions"}],"predecessor-version":[{"id":53522,"href":"http:\/\/www.grieta.org.mx\/index.php\/wp-json\/wp\/v2\/posts\/53520\/revisions\/53522"}],"wp:featuredmedia":[{"embeddable":true,"href":"http:\/\/www.grieta.org.mx\/index.php\/wp-json\/wp\/v2\/media\/53521"}],"wp:attachment":[{"href":"http:\/\/www.grieta.org.mx\/index.php\/wp-json\/wp\/v2\/media?parent=53520"}],"wp:term":[{"taxonomy":"category","embeddable":true,"href":"http:\/\/www.grieta.org.mx\/index.php\/wp-json\/wp\/v2\/categories?post=53520"},{"taxonomy":"post_tag","embeddable":true,"href":"http:\/\/www.grieta.org.mx\/index.php\/wp-json\/wp\/v2\/tags?post=53520"}],"curies":[{"name":"wp","href":"https:\/\/api.w.org\/{rel}","templated":true}]}}