{"id":53320,"date":"2020-09-11T20:04:53","date_gmt":"2020-09-12T01:04:53","guid":{"rendered":"http:\/\/www.grieta.org.mx\/?p=53320"},"modified":"2020-09-14T20:12:08","modified_gmt":"2020-09-15T01:12:08","slug":"los-ultimos-tres-dias-del-periodista-julio-valdivia-veracruz","status":"publish","type":"post","link":"http:\/\/www.grieta.org.mx\/index.php\/2020\/09\/11\/los-ultimos-tres-dias-del-periodista-julio-valdivia-veracruz\/","title":{"rendered":"Los \u00faltimos tres d\u00edas del periodista Julio Valdivia (Veracruz)"},"content":{"rendered":"<figure id=\"attachment_53321\" aria-describedby=\"caption-attachment-53321\" style=\"width: 800px\" class=\"wp-caption alignnone\"><img loading=\"lazy\" decoding=\"async\" data-attachment-id=\"53321\" data-permalink=\"http:\/\/www.grieta.org.mx\/index.php\/2020\/09\/11\/los-ultimos-tres-dias-del-periodista-julio-valdivia-veracruz\/velorio_julian_reportaero_veracruz_felix_marquez1-1\/\" data-orig-file=\"http:\/\/www.grieta.org.mx\/wp-content\/uploads\/2020\/09\/velorio_Julian_reportaero_Veracruz_Felix_marquez1-1.jpg\" data-orig-size=\"1280,800\" data-comments-opened=\"0\" data-image-meta=\"{&quot;aperture&quot;:&quot;2.8&quot;,&quot;credit&quot;:&quot;FELIX MARQUEZ&quot;,&quot;camera&quot;:&quot;Canon EOS 5D Mark IV&quot;,&quot;caption&quot;:&quot;Una mujer muestra un retrato del reportero de nota roja, Julio Valdivia, quien fue encontrado asesinado por decapitaci\\u00f3n, mientras velan sus restos en su casa ubicada en el municipio de Tezonapa, Veracruz, el 10 de Septiembre de 2020.&quot;,&quot;created_timestamp&quot;:&quot;1599752948&quot;,&quot;copyright&quot;:&quot;&quot;,&quot;focal_length&quot;:&quot;35&quot;,&quot;iso&quot;:&quot;640&quot;,&quot;shutter_speed&quot;:&quot;0.016666666666667&quot;,&quot;title&quot;:&quot;&quot;,&quot;orientation&quot;:&quot;1&quot;}\" data-image-title=\"velorio_Julian_reportaero_Veracruz_Felix_marquez1-1\" data-image-description=\"\" data-image-caption=\"&lt;p&gt;Una mujer muestra un retrato del reportero de nota roja, Julio Valdivia, quien fue encontrado asesinado por decapitaci\u00f3n, mientras velan sus restos en su casa ubicada en el municipio de Tezonapa, Veracruz, el 10 de Septiembre de 2020.&lt;\/p&gt;\n\" data-medium-file=\"http:\/\/www.grieta.org.mx\/wp-content\/uploads\/2020\/09\/velorio_Julian_reportaero_Veracruz_Felix_marquez1-1-300x188.jpg\" data-large-file=\"http:\/\/www.grieta.org.mx\/wp-content\/uploads\/2020\/09\/velorio_Julian_reportaero_Veracruz_Felix_marquez1-1-1024x640.jpg\" class=\"wp-image-53321\" src=\"http:\/\/www.grieta.org.mx\/wp-content\/uploads\/2020\/09\/velorio_Julian_reportaero_Veracruz_Felix_marquez1-1-1024x640.jpg\" alt=\"\" width=\"800\" height=\"500\" srcset=\"http:\/\/www.grieta.org.mx\/wp-content\/uploads\/2020\/09\/velorio_Julian_reportaero_Veracruz_Felix_marquez1-1-1024x640.jpg 1024w, http:\/\/www.grieta.org.mx\/wp-content\/uploads\/2020\/09\/velorio_Julian_reportaero_Veracruz_Felix_marquez1-1-300x188.jpg 300w, http:\/\/www.grieta.org.mx\/wp-content\/uploads\/2020\/09\/velorio_Julian_reportaero_Veracruz_Felix_marquez1-1-768x480.jpg 768w, http:\/\/www.grieta.org.mx\/wp-content\/uploads\/2020\/09\/velorio_Julian_reportaero_Veracruz_Felix_marquez1-1-800x500.jpg 800w, http:\/\/www.grieta.org.mx\/wp-content\/uploads\/2020\/09\/velorio_Julian_reportaero_Veracruz_Felix_marquez1-1.jpg 1280w\" sizes=\"auto, (max-width: 800px) 100vw, 800px\" \/><figcaption id=\"caption-attachment-53321\" class=\"wp-caption-text\">La hija de Julio Valdivia de 10 a\u00f1os y \u00c1ngela Carrazco, amiga de la familia, colocan sobre el ata\u00fad el retrato impreso del periodista de nota roja quien fue asesinado por sujetos desconocidos en Tezonapa, Veracruz.<\/figcaption><\/figure>\n<p>Texto: Miguel \u00c1ngel Le\u00f3n Carmona<br \/>\nFotos: F\u00e9lix M\u00e1rquez<\/p>\n<p><strong>Este jueves fue velado en su vivienda en Tezonapa el periodista Julio Valdivia, asesinado el mi\u00e9rcoles pasado. Unas 20 personas lo despidieron en un f\u00e9retro met\u00e1lico que su esposa consigui\u00f3 fiado<\/strong><br \/>\nTEZONAPA, VERACRUZ.\u2013 En cuanto le avisaron que su esposo estaba muerto, Guadalupe se sinti\u00f3 en shock y s\u00f3lo pens\u00f3: \u201cno tengo dinero ni para comprarle flores\u201d. Hoy est\u00e1 junto al cuerpo de su pareja, el periodista Julio Valdivia, a quien unas 20 personas lo despiden en un sobrio f\u00e9retro met\u00e1lico, sin adornos, porque es el m\u00e1s barato que ella consigui\u00f3 fiado en este pueblo de Veracruz.<\/p>\n<p>La mujer, que endurece la quijada y clava las u\u00f1as de sus pies en sus sandalias, no da cr\u00e9dito de c\u00f3mo al reportero que cada d\u00eda sacaba adelante a sus cuatro hijos \u2013de 2, 4, 6 y 10 a\u00f1os\u2013, personas desconocidas hayan usado una sierra el\u00e9ctrica contra su cuerpo.<\/p>\n<p>\u201cLa verdad no s\u00e9 qu\u00e9 pas\u00f3 ayer, no s\u00e9 a qui\u00e9n echarle la culpa, o si mi esposo a alguien le ca\u00eda mal. Solo s\u00e9 que los \u00faltimos tres d\u00edas estuvo muy raro\u201d, dice la mujer, due\u00f1a de una sonrisa blanca que hoy se desdibuja con las ojeras que le han brotado de sus ojos caf\u00e9 oscuros. Es de estatura baja; sus hombros anchos los encoge cada que se devuelve a su p\u00e9rdida.<\/p>\n<p>Parece que fueron tres d\u00edas de agon\u00eda antes de morir. La madrugada del 9 de septiembre Julio no pudo dormir, y prefiri\u00f3 caminar alrededor de su cama como tigre en cautiverio.<\/p>\n<p>Eran las 04:00 horas de ese mi\u00e9rcoles. Extra\u00f1amente este hombre amable y seco, que rondaba los 43 a\u00f1os, y ocho de profesi\u00f3n, lo sacud\u00eda en su cama el ruido de carros que aceleraban en las inmediaciones de su vivienda, ubicada en el sencillo barrio del Silbato.<\/p>\n<p>\u2013 \u201c\u00bfAhora por qu\u00e9 andas de all\u00e1 para ac\u00e1?\u201d, pregunt\u00f3 Guadalupe.<\/p>\n<p>\u2013\u201cNo puedo dormir. \u00bfHay mucho movimiento, \u00bfno?\u201d, respondi\u00f3 sin dar m\u00e1s explicaciones.<\/p>\n<p>Horas antes de acostarse, Julio pidi\u00f3 el triple de su raci\u00f3n habitual para la cena: huevos con frijoles y tortillas hechas a mano en el fog\u00f3n. Pero no s\u00f3lo fue la cantidad exagerada de alimentos lo que extra\u00f1\u00f3 a su esposa: \u201capenas calentaba una tortilla y \u00e9l ya me ped\u00eda m\u00e1s\u201d.<\/p>\n<p>Julio devoraba sus bocados al ritmo de una nota policiaca que se redactaba para el cierre de la edici\u00f3n impresa El Mundo de C\u00f3rdoba, donde colabor\u00f3 durante cinco a\u00f1os; los \u00faltimos seis meses por un pago de mil pesos semanales que a veces llegaba a tiempo y a veces no.<\/p>\n<p>\u201cDe hecho, \u00e9l quer\u00eda ir a quejarse de eso porque en ocasiones est\u00e1bamos sin comer y \u00e9l hablaba y hablaba de que a su familia la ten\u00eda sin comer; siempre iba a ver al banco y no hab\u00eda dinero y pues nosotros nos aguant\u00e1bamos aqu\u00ed hasta que le mandaban, a la hora que ellos quer\u00edan\u201d,<br \/>\nGuadalupe, esposa de Julio Valdivia.<\/p>\n<p>Para las 11:00 horas del mi\u00e9rcoles, Guadalupe fue despertada por Julio. \u201cMija tengo hambre, prep\u00e1rame unas gorditas porque tengo mucha hambre\u201d. Al parecer comer calmaba su ansiedad, igual que dos d\u00edas atr\u00e1s, cuando extra\u00f1amente comi\u00f3 cinco tortillas con chile, preparado en el molcajete, otras cinco gorditas con salsa y queso; adem\u00e1s de su caf\u00e9 y agua de lim\u00f3n.<\/p>\n<p>\u2013 \u201cMa\u2019, ahora s\u00ed com\u00ed mucho, me siento muy lleno\u201d-, dijo Julio antes de prepararse para salir a trabajar en la regi\u00f3n lim\u00edtrofe de Veracruz, Puebla y Oaxaca.<\/p>\n<p>\u2013\u201cPues ya no comas tanto, si t\u00fa nunca comes as\u00ed de r\u00e1pido y mucho\u201d, revir\u00f3 Guadalupe. \u201cHasta eso, me estaban haciendo burla de que tal vez estaba embarazada, porque dec\u00edan que \u00e9l siempre come cuando estoy embarazada\u201d, recuerda.<\/p>\n<p>Dieron las 12:30 horas y son\u00f3 el tel\u00e9fono del reportero veracruzano. No dijo qui\u00e9n lo llam\u00f3. Se puso un pantal\u00f3n de mezclilla planchado, unos zapatos negros con casquillo y su camisa gris con el logotipo El Mundo de C\u00f3rdoba. \u201cAhorita vengo\u201d, avis\u00f3 y se march\u00f3 en su moto, tipo Cargo.<\/p>\n<p>Algo que caracterizaba a Julio, recuerdan sus familiares, era su manera elegante para salir a diario a trabajar. De mirada fr\u00eda, pero risue\u00f1o y bromista con su esposa e hijos. Sus manos eran gruesas y su espalda ancha; siempre procuraba mantenerse en forma, como lo hac\u00eda cuando trabaj\u00f3 como polic\u00eda municipal de C\u00f3rdoba, unos diez a\u00f1os atr\u00e1s.<\/p>\n<p>Pero si algo distingu\u00eda al reportero, y que le vali\u00f3 para ganarse un apodo, fue un mech\u00f3n de canas que le divid\u00eda sus cabellos negro azabache. \u201cYo le dec\u00eda que era mi viejito o mi ancianito; los amigos lo molestaban con que era hijo del (m\u00fasico) de Los Tigres del Norte\u201d, recuerda Guadalupe.<\/p>\n<p>Julio, El Tigre del norte a\u00fan respondi\u00f3 la llamada de un compa\u00f1ero suyo, alrededor de las 13:30 horas. \u201cDijo que estaba bien, que andaba en Tezonapa y que m\u00e1s tarde nos ver\u00edamos en Cosolapa, en Oaxaca\u201d, refiri\u00f3 un periodista de la zona, de quien se omite su nombre por seguridad.<\/p>\n<figure id=\"attachment_53323\" aria-describedby=\"caption-attachment-53323\" style=\"width: 800px\" class=\"wp-caption alignnone\"><img loading=\"lazy\" decoding=\"async\" data-attachment-id=\"53323\" data-permalink=\"http:\/\/www.grieta.org.mx\/index.php\/2020\/09\/11\/los-ultimos-tres-dias-del-periodista-julio-valdivia-veracruz\/velorio_julian_reportaero_veracruz_felix_marquez-1\/\" data-orig-file=\"http:\/\/www.grieta.org.mx\/wp-content\/uploads\/2020\/09\/velorio_Julian_reportaero_Veracruz_Felix_marquez-1.jpg\" data-orig-size=\"1280,800\" data-comments-opened=\"0\" data-image-meta=\"{&quot;aperture&quot;:&quot;2.5&quot;,&quot;credit&quot;:&quot;FELIX MARQUEZ&quot;,&quot;camera&quot;:&quot;Canon EOS 5D Mark IV&quot;,&quot;caption&quot;:&quot;Familiares del reportero de nota roja, Julio Valdivia, quien fue encontrado asesinado por decapitaci\\u00f3n, atienden una entrevista por parte de polic\\u00edas de la Fuerza Civil durante el velorio que se realiza en su casa ubicada en el municipio de Tezonapa, Veracruz, el 10 de Septiembre de 2020.&quot;,&quot;created_timestamp&quot;:&quot;1599750926&quot;,&quot;copyright&quot;:&quot;&quot;,&quot;focal_length&quot;:&quot;35&quot;,&quot;iso&quot;:&quot;100&quot;,&quot;shutter_speed&quot;:&quot;0.00625&quot;,&quot;title&quot;:&quot;&quot;,&quot;orientation&quot;:&quot;1&quot;}\" data-image-title=\"velorio_Julian_reportaero_Veracruz_Felix_marquez-1\" data-image-description=\"\" data-image-caption=\"&lt;p&gt;Familiarnes del periodista Julio Valdivia se entrevista con elementos de la Fuerza Civil a quienes les piden protecci\u00f3n durante los pr\u00f3ximos d\u00edas debido al temor e incertidumbre que reina en la casa ubicada en una colonia popular de Tezonapa, Veracruz. &lt;\/p&gt;\n\" data-medium-file=\"http:\/\/www.grieta.org.mx\/wp-content\/uploads\/2020\/09\/velorio_Julian_reportaero_Veracruz_Felix_marquez-1-300x188.jpg\" data-large-file=\"http:\/\/www.grieta.org.mx\/wp-content\/uploads\/2020\/09\/velorio_Julian_reportaero_Veracruz_Felix_marquez-1-1024x640.jpg\" class=\"wp-image-53323\" src=\"http:\/\/www.grieta.org.mx\/wp-content\/uploads\/2020\/09\/velorio_Julian_reportaero_Veracruz_Felix_marquez-1-1024x640.jpg\" alt=\"\" width=\"800\" height=\"500\" srcset=\"http:\/\/www.grieta.org.mx\/wp-content\/uploads\/2020\/09\/velorio_Julian_reportaero_Veracruz_Felix_marquez-1-1024x640.jpg 1024w, http:\/\/www.grieta.org.mx\/wp-content\/uploads\/2020\/09\/velorio_Julian_reportaero_Veracruz_Felix_marquez-1-300x188.jpg 300w, http:\/\/www.grieta.org.mx\/wp-content\/uploads\/2020\/09\/velorio_Julian_reportaero_Veracruz_Felix_marquez-1-768x480.jpg 768w, http:\/\/www.grieta.org.mx\/wp-content\/uploads\/2020\/09\/velorio_Julian_reportaero_Veracruz_Felix_marquez-1-800x500.jpg 800w, http:\/\/www.grieta.org.mx\/wp-content\/uploads\/2020\/09\/velorio_Julian_reportaero_Veracruz_Felix_marquez-1.jpg 1280w\" sizes=\"auto, (max-width: 800px) 100vw, 800px\" \/><figcaption id=\"caption-attachment-53323\" class=\"wp-caption-text\">Familiarnes del periodista Julio Valdivia se entrevista con elementos de la Fuerza Civil a quienes les piden protecci\u00f3n durante los pr\u00f3ximos d\u00edas debido al temor e incertidumbre que reina en la casa ubicada en una colonia popular de Tezonapa, Veracruz.<\/figcaption><\/figure>\n<p>\u201cSe\u00f1ora, \u00a1salga! \u00a1Venga a ver!\u201d <\/p>\n<p>Alrededor de las 16:00 horas, una voz en la entrada de la vivienda de Julio interrumpi\u00f3 las tareas de limpieza que Guadalupe realizaba en su rec\u00e1mara, que comparte con dos de sus hijos. \u201cMe gritan y yo pens\u00e9 que ven\u00edan a decirme algo sin importancia. Pero no, vinieron a decirme que lo hab\u00edan encontrado muerto, en una desviaci\u00f3n, a 20 minutos de aqu\u00ed\u201d, vuelve a lamentarse.<\/p>\n<p>A \u201cLupita\u201d, como la llama una mujer que le ofrece un concentrado de alcohol para calmar su estr\u00e9s, la acompa\u00f1\u00f3 un amigo de Julio hasta un crucero del libramiento que comunica las comunidades de Para\u00edso y Motzorongo, en este municipio de Tezonapa.<\/p>\n<p>    \u201cS\u00ed, era \u00e9l, mi ancianito, como le digo de cari\u00f1o. No tiene caso recordar c\u00f3mo lo vi, pero quien lo mat\u00f3 tambi\u00e9n me lo avent\u00f3 como si fuera animal. Enseguida lo identifiqu\u00e9 por sus cabellitos blancos que ten\u00eda al frente, estaban paraditos\u201d. <\/p>\n<p>Los victimarios de Julio Valdivia colocaron su cuerpo en las v\u00edas del ferrocarril y arrojaron su cabeza a diez metros de torso, en la gravilla. De acuerdo con fuentes ministeriales, el periodista fue decapitado con una sierra el\u00e9ctrica.<\/p>\n<p>Sin embargo, peritos y reporteros de la regi\u00f3n advirtieron que los asesinos de Julio colocaron su veh\u00edculo y sus restos sobre las v\u00edas -por donde el tren pasa al menos cada dos horas- para maquillar el crimen. \u201cJulio no fue asesinado en ese paraje porque se detectaron marcas de llantas, de un carro que se estacion\u00f3 muy cerca de donde lo encontraron; adem\u00e1s hab\u00eda escasas marcas de sangre\u201d, refirieron desde el anonimato.<\/p>\n<p>\u201cA Julio se lo llevaron de paseo\u201d<\/p>\n<p>Seis meses antes de su asesinato, Valdivia recibi\u00f3 una llamada que tambi\u00e9n lo inquiet\u00f3, contaron familiares y compa\u00f1eros. La indicaci\u00f3n al tel\u00e9fono, de personas desconocidas, fue que lo esperar\u00edan en el parque central de Tezonapa. \u201cLo llevar\u00edan de paseo\u201d.<\/p>\n<p>Julio acudi\u00f3 puntual a la cita. En el lugar acordado, le habr\u00edan ordenado subir a un veh\u00edculo y lo llevaron a otro paraje, en la comunidad de Laguna Chica.<\/p>\n<p>\u201cLlevarlo de paseo\u201d, en el gremio period\u00edstico de la regi\u00f3n lim\u00edtrofe de Veracruz, Oaxaca y Puebla, significa ser privado de la libertad. A Julio le advirtieron sobre los temas que habr\u00eda de publicar de ese momento en adelante, pero, sobre todo, cu\u00e1les no. Estas indicaciones habr\u00edan sido acompa\u00f1adas de bofetadas. <\/p>\n<p>\u201cDesde entonces Julio dej\u00f3 de salir a reportear tanto; se comenz\u00f3 a aislar de nosotros (el resto de los reporteros que cubren esa regi\u00f3n)\u201d, dijo un compa\u00f1ero suyo. En tanto, Guadalupe agreg\u00f3 que su esposo tampoco volvi\u00f3 a cubrir eventos violentos que se reportaban por celular durante la madrugada.<\/p>\n<p>Jorge Morales V\u00e1zquez, de la Comisi\u00f3n Estatal de Atenci\u00f3n a Periodistas (CEAPP), reconoci\u00f3 que en 2015 el reportero finado recibi\u00f3 unas primeras amenazas; mismas que fueron atendidas y que no volvieron a ser denunciadas por el comunicador.<\/p>\n<p>La regi\u00f3n fronteriza que cubr\u00eda Jorge Valdivia es disputada entre c\u00e9lulas delictivas, debido a ser un paso de ductos, donde se cometen numerosos robos de combustibles.  En los municipios de Tezonapa y Cosolapa, a lo largo de 2020, eventos de inseguridad han acabado con la vida de 16 personas. L\u00edderes ca\u00f1eros, campesinos y familias completas, incluidos dos menores de edad, apilan la lista de v\u00edctimas. Ning\u00fan crimen se ha resuelto.<\/p>\n<p><a href=\"https:\/\/piedepagina.mx\/los-ultimos-tres-dias-del-periodista-julio-valdivia\/\" rel=\"noopener noreferrer\" target=\"_blank\">https:\/\/piedepagina.mx\/los-ultimos-tres-dias-del-periodista-julio-valdivia\/<\/a><\/p>\n","protected":false},"excerpt":{"rendered":"<p>Texto: Miguel \u00c1ngel Le\u00f3n Carmona Fotos: F\u00e9lix M\u00e1rquez Este jueves fue velado en su vivienda en Tezonapa el periodista Julio Valdivia, asesinado el mi\u00e9rcoles pasado. Unas 20 personas lo despidieron &hellip; <a href=\"http:\/\/www.grieta.org.mx\/index.php\/2020\/09\/11\/los-ultimos-tres-dias-del-periodista-julio-valdivia-veracruz\/\" class=\"more-link\">Leer m\u00e1s<\/a><\/p>\n","protected":false},"author":2,"featured_media":53321,"comment_status":"closed","ping_status":"closed","sticky":false,"template":"","format":"standard","meta":{"ngg_post_thumbnail":0,"_jetpack_newsletter_access":"","_jetpack_dont_email_post_to_subs":false,"_jetpack_newsletter_tier_id":0,"_jetpack_memberships_contains_paywalled_content":false,"_jetpack_memberships_contains_paid_content":false,"footnotes":""},"categories":[80,2,83,35,88,1221],"tags":[2262,1180],"class_list":["post-53320","post","type-post","status-publish","format-standard","has-post-thumbnail","hentry","category-cintillo","category-noticias-nacionales","category-temas-nacionales","category-veracruz","category-violencia-contra-periodistas","category-violencia-contra-periodistas-en-veracruz","tag-agresiones-contra-periodistas","tag-asesinato-de-periodistas","entry"],"jetpack_featured_media_url":"http:\/\/www.grieta.org.mx\/wp-content\/uploads\/2020\/09\/velorio_Julian_reportaero_Veracruz_Felix_marquez1-1.jpg","jetpack_sharing_enabled":true,"jetpack_shortlink":"https:\/\/wp.me\/p7ZJR4-dS0","jetpack_likes_enabled":false,"jetpack-related-posts":[{"id":53308,"url":"http:\/\/www.grieta.org.mx\/index.php\/2020\/09\/10\/en-xalapa-y-cordoba-periodistas-protestan-por-el-asesinato-de-su-colega-julio-valdivia-veracruz\/","url_meta":{"origin":53320,"position":0},"title":"En Xalapa y C\u00f3rdoba, periodistas protestan por el asesinato de su colega Julio Valdivia (Veracruz)","author":"grieta","date":"10 septiembre, 2020","format":false,"excerpt":"Noe Zavaleta \/ Proceso En los z\u00f3calos de ambas localidades, los reporteros colocaron fotograf\u00edas con el rostro de la v\u00edctima y formaron la palabra justicia con las letras de la frase \u201cViva M\u00e9xico\u201d que el gobierno del estado mand\u00f3 colocar en esos lugares. La Fiscal\u00eda General del estado (FGE) asegur\u00f3\u2026","rel":"","context":"En &quot;CINTILLO&quot;","block_context":{"text":"CINTILLO","link":"http:\/\/www.grieta.org.mx\/index.php\/category\/cintillo\/"},"img":{"alt_text":"","src":"https:\/\/i0.wp.com\/www.grieta.org.mx\/wp-content\/uploads\/2020\/09\/protesta-periodista-asesinado-veracruz-870x522-1.jpg?resize=350%2C200","width":350,"height":200,"srcset":"https:\/\/i0.wp.com\/www.grieta.org.mx\/wp-content\/uploads\/2020\/09\/protesta-periodista-asesinado-veracruz-870x522-1.jpg?resize=350%2C200 1x, https:\/\/i0.wp.com\/www.grieta.org.mx\/wp-content\/uploads\/2020\/09\/protesta-periodista-asesinado-veracruz-870x522-1.jpg?resize=525%2C300 1.5x, https:\/\/i0.wp.com\/www.grieta.org.mx\/wp-content\/uploads\/2020\/09\/protesta-periodista-asesinado-veracruz-870x522-1.jpg?resize=700%2C400 2x"},"classes":[]},{"id":53396,"url":"http:\/\/www.grieta.org.mx\/index.php\/2020\/09\/10\/asesinado-un-periodista-que-escribia-de-crimen-en-mexico-veracruz\/","url_meta":{"origin":53320,"position":1},"title":"Asesinado un periodista que escrib\u00eda de crimen en M\u00e9xico (Veracruz)","author":"grieta","date":"10 septiembre, 2020","format":false,"excerpt":"Redacci\u00f3n \/ Telemundo Javier Valdivia, padre de familia de Veracruz con una trayectoria de dos d\u00e9cadas en el periodismo, es ahora parte de uno de los muchos saldos sangrientos de M\u00e9xico: es por lo menos el cuarto reportero mexicano asesinado en lo que va del a\u00f1o. El cuerpo de Valdivia\u2026","rel":"","context":"En &quot;CINTILLO&quot;","block_context":{"text":"CINTILLO","link":"http:\/\/www.grieta.org.mx\/index.php\/category\/cintillo\/"},"img":{"alt_text":"","src":"https:\/\/i0.wp.com\/www.grieta.org.mx\/wp-content\/uploads\/2020\/09\/periodistas-asesinados-mexico.jpg?resize=350%2C200","width":350,"height":200,"srcset":"https:\/\/i0.wp.com\/www.grieta.org.mx\/wp-content\/uploads\/2020\/09\/periodistas-asesinados-mexico.jpg?resize=350%2C200 1x, https:\/\/i0.wp.com\/www.grieta.org.mx\/wp-content\/uploads\/2020\/09\/periodistas-asesinados-mexico.jpg?resize=525%2C300 1.5x, https:\/\/i0.wp.com\/www.grieta.org.mx\/wp-content\/uploads\/2020\/09\/periodistas-asesinados-mexico.jpg?resize=700%2C400 2x, https:\/\/i0.wp.com\/www.grieta.org.mx\/wp-content\/uploads\/2020\/09\/periodistas-asesinados-mexico.jpg?resize=1050%2C600 3x"},"classes":[]},{"id":6129,"url":"http:\/\/www.grieta.org.mx\/index.php\/2016\/08\/18\/violencia-contra-periodistas-en-veracruz\/","url_meta":{"origin":53320,"position":2},"title":"Violencia contra periodistas en Veracruz","author":"Admin","date":"18 agosto, 2016","format":false,"excerpt":"No\u00e9 Zavaleta es hostigado por publicaci\u00f3n de libro 18\/08\/16. Tras amenazas y acoso, periodista mexicano abandona el estado de Veracruz El Heraldo de Saltillo 13\/08\/16. Aumentan las amenazas contra reportero No\u00e9 Zavaleta El Mundo de C\u00f3rdoba 07\/08\/16. El periodista No\u00e9 Zavaleta, corresponsal de Proceso, es amenazado en Veracruz por su\u2026","rel":"","context":"En &quot;NOTICIAS NACIONALES&quot;","block_context":{"text":"NOTICIAS NACIONALES","link":"http:\/\/www.grieta.org.mx\/index.php\/category\/noticias-nacionales\/"},"img":{"alt_text":"","src":"https:\/\/i0.wp.com\/www.grieta.org.mx\/wp-content\/uploads\/2018\/03\/14524434_1106112876131411_958039263622046936_o.jpg?resize=350%2C200","width":350,"height":200,"srcset":"https:\/\/i0.wp.com\/www.grieta.org.mx\/wp-content\/uploads\/2018\/03\/14524434_1106112876131411_958039263622046936_o.jpg?resize=350%2C200 1x, https:\/\/i0.wp.com\/www.grieta.org.mx\/wp-content\/uploads\/2018\/03\/14524434_1106112876131411_958039263622046936_o.jpg?resize=525%2C300 1.5x, https:\/\/i0.wp.com\/www.grieta.org.mx\/wp-content\/uploads\/2018\/03\/14524434_1106112876131411_958039263622046936_o.jpg?resize=700%2C400 2x"},"classes":[]},{"id":63254,"url":"http:\/\/www.grieta.org.mx\/index.php\/2022\/01\/26\/video-asi-es-el-ya-basta-de-periodistas-en-veracruz-tras-asesinatos\/","url_meta":{"origin":53320,"position":3},"title":"[Video] As\u00ed es el ya basta de periodistas en Veracruz, tras asesinatos","author":"grieta","date":"26 enero, 2022","format":false,"excerpt":"Guadalupe Castillo \/ El Sol de C\u00f3rdoba C\u00f3rdoba, Ver. - La investigaci\u00f3n y la verdad se han visto manchados de sangre al ultimar a periodistas por hacer su trabajo diario, esta tarde periodistas libres de la ciudad de C\u00f3rdoba se suma a la manifestaci\u00f3n a nivel nacional por los 3\u2026","rel":"","context":"En &quot;CINTILLO&quot;","block_context":{"text":"CINTILLO","link":"http:\/\/www.grieta.org.mx\/index.php\/category\/cintillo\/"},"img":{"alt_text":"","src":"https:\/\/i0.wp.com\/www.grieta.org.mx\/wp-content\/uploads\/2022\/01\/Screenshot-2022-01-31-at-10-56-08-Video-Asi-es-el-ya-basta-de-periodistas-en-Veracruz-tras-asesinatos.png?resize=350%2C200","width":350,"height":200,"srcset":"https:\/\/i0.wp.com\/www.grieta.org.mx\/wp-content\/uploads\/2022\/01\/Screenshot-2022-01-31-at-10-56-08-Video-Asi-es-el-ya-basta-de-periodistas-en-Veracruz-tras-asesinatos.png?resize=350%2C200 1x, https:\/\/i0.wp.com\/www.grieta.org.mx\/wp-content\/uploads\/2022\/01\/Screenshot-2022-01-31-at-10-56-08-Video-Asi-es-el-ya-basta-de-periodistas-en-Veracruz-tras-asesinatos.png?resize=525%2C300 1.5x, https:\/\/i0.wp.com\/www.grieta.org.mx\/wp-content\/uploads\/2022\/01\/Screenshot-2022-01-31-at-10-56-08-Video-Asi-es-el-ya-basta-de-periodistas-en-Veracruz-tras-asesinatos.png?resize=700%2C400 2x"},"classes":[]},{"id":27973,"url":"http:\/\/www.grieta.org.mx\/index.php\/2019\/01\/02\/exigen-justicia-para-el-periodista-moises-sanchez-asesinado-hace-cuatro-anos-veracruz\/","url_meta":{"origin":53320,"position":4},"title":"Exigen justicia para el periodista Mois\u00e9s S\u00e1nchez asesinado hace cuatro a\u00f1os (Veracruz)","author":"grieta","date":"2 enero, 2019","format":false,"excerpt":"Jos\u00e9 Morales | Diario de Xalapa Jorge S\u00e1nchez asegur\u00f3 que hay irregularidades en la investigaci\u00f3n Xalapa.- Jorge S\u00e1nchez, hijo del periodista Mois\u00e9s S\u00e1nchez acompa\u00f1ado de otras personas realizaron a primeras horas de este mi\u00e9rcoles una pinta sobre la plaza Lerdo donde se puede leer la palabra impunidad. Aunque no hubo\u2026","rel":"","context":"En &quot;CINTILLO&quot;","block_context":{"text":"CINTILLO","link":"http:\/\/www.grieta.org.mx\/index.php\/category\/cintillo\/"},"img":{"alt_text":"","src":"https:\/\/i0.wp.com\/www.grieta.org.mx\/wp-content\/uploads\/2019\/01\/protesta-DIARIO-DE-XALAPA.2.jpg?resize=350%2C200","width":350,"height":200,"srcset":"https:\/\/i0.wp.com\/www.grieta.org.mx\/wp-content\/uploads\/2019\/01\/protesta-DIARIO-DE-XALAPA.2.jpg?resize=350%2C200 1x, https:\/\/i0.wp.com\/www.grieta.org.mx\/wp-content\/uploads\/2019\/01\/protesta-DIARIO-DE-XALAPA.2.jpg?resize=525%2C300 1.5x, https:\/\/i0.wp.com\/www.grieta.org.mx\/wp-content\/uploads\/2019\/01\/protesta-DIARIO-DE-XALAPA.2.jpg?resize=700%2C400 2x"},"classes":[]},{"id":24388,"url":"http:\/\/www.grieta.org.mx\/index.php\/2018\/03\/22\/asesinan-a-tiros-a-un-periodista-mexicano-en-el-estado-de-veracruz\/","url_meta":{"origin":53320,"position":5},"title":"Asesinan a tiros a un periodista mexicano en el estado de Veracruz","author":"grieta","date":"22 marzo, 2018","format":false,"excerpt":"Redacci\u00f3n \/ La Vanguardia Leobardo V\u00e1zquez Atzin fue tiroteado por causas desconocidas | Se trata del 21 reportero asesinado en siete a\u00f1os en el estado, uno de los m\u00e1s peligrosos para los comunicadores El periodista mexicano Leobardo V\u00e1zquez Atzin, del sitio de noticias digitales Enlace de Guti\u00e9rrez Zamora, fue asesinado\u2026","rel":"","context":"En &quot;CINTILLO&quot;","block_context":{"text":"CINTILLO","link":"http:\/\/www.grieta.org.mx\/index.php\/category\/cintillo\/"},"img":{"alt_text":"","src":"https:\/\/i0.wp.com\/www.grieta.org.mx\/wp-content\/uploads\/2018\/07\/la-vanguardia-periodistas.jpg?resize=350%2C200","width":350,"height":200,"srcset":"https:\/\/i0.wp.com\/www.grieta.org.mx\/wp-content\/uploads\/2018\/07\/la-vanguardia-periodistas.jpg?resize=350%2C200 1x, https:\/\/i0.wp.com\/www.grieta.org.mx\/wp-content\/uploads\/2018\/07\/la-vanguardia-periodistas.jpg?resize=525%2C300 1.5x, https:\/\/i0.wp.com\/www.grieta.org.mx\/wp-content\/uploads\/2018\/07\/la-vanguardia-periodistas.jpg?resize=700%2C400 2x"},"classes":[]}],"_links":{"self":[{"href":"http:\/\/www.grieta.org.mx\/index.php\/wp-json\/wp\/v2\/posts\/53320","targetHints":{"allow":["GET"]}}],"collection":[{"href":"http:\/\/www.grieta.org.mx\/index.php\/wp-json\/wp\/v2\/posts"}],"about":[{"href":"http:\/\/www.grieta.org.mx\/index.php\/wp-json\/wp\/v2\/types\/post"}],"author":[{"embeddable":true,"href":"http:\/\/www.grieta.org.mx\/index.php\/wp-json\/wp\/v2\/users\/2"}],"replies":[{"embeddable":true,"href":"http:\/\/www.grieta.org.mx\/index.php\/wp-json\/wp\/v2\/comments?post=53320"}],"version-history":[{"count":1,"href":"http:\/\/www.grieta.org.mx\/index.php\/wp-json\/wp\/v2\/posts\/53320\/revisions"}],"predecessor-version":[{"id":53324,"href":"http:\/\/www.grieta.org.mx\/index.php\/wp-json\/wp\/v2\/posts\/53320\/revisions\/53324"}],"wp:featuredmedia":[{"embeddable":true,"href":"http:\/\/www.grieta.org.mx\/index.php\/wp-json\/wp\/v2\/media\/53321"}],"wp:attachment":[{"href":"http:\/\/www.grieta.org.mx\/index.php\/wp-json\/wp\/v2\/media?parent=53320"}],"wp:term":[{"taxonomy":"category","embeddable":true,"href":"http:\/\/www.grieta.org.mx\/index.php\/wp-json\/wp\/v2\/categories?post=53320"},{"taxonomy":"post_tag","embeddable":true,"href":"http:\/\/www.grieta.org.mx\/index.php\/wp-json\/wp\/v2\/tags?post=53320"}],"curies":[{"name":"wp","href":"https:\/\/api.w.org\/{rel}","templated":true}]}}