{"id":53314,"date":"2020-09-11T19:56:41","date_gmt":"2020-09-12T00:56:41","guid":{"rendered":"http:\/\/www.grieta.org.mx\/?p=53314"},"modified":"2020-09-14T20:04:13","modified_gmt":"2020-09-15T01:04:13","slug":"inviable-activacion-de-termoelectrica-pueblos-afectados-morelos","status":"publish","type":"post","link":"http:\/\/www.grieta.org.mx\/index.php\/2020\/09\/11\/inviable-activacion-de-termoelectrica-pueblos-afectados-morelos\/","title":{"rendered":"Inviable, activaci\u00f3n de termoel\u00e9ctrica: pueblos afectados (Morelos)"},"content":{"rendered":"<figure id=\"attachment_53317\" aria-describedby=\"caption-attachment-53317\" style=\"width: 800px\" class=\"wp-caption alignnone\"><img loading=\"lazy\" decoding=\"async\" data-attachment-id=\"53317\" data-permalink=\"http:\/\/www.grieta.org.mx\/index.php\/2020\/09\/11\/inviable-activacion-de-termoelectrica-pueblos-afectados-morelos\/cuautla_amlo-appm-termoelectrica_daliri-oropeza-3-2-1200x800-3\/\" data-orig-file=\"http:\/\/www.grieta.org.mx\/wp-content\/uploads\/2020\/09\/Cuautla_amlo-appm-termoelectrica_daliri-oropeza-3-2-1200x800-2.jpg\" data-orig-size=\"1200,800\" data-comments-opened=\"0\" data-image-meta=\"{&quot;aperture&quot;:&quot;0&quot;,&quot;credit&quot;:&quot;&quot;,&quot;camera&quot;:&quot;&quot;,&quot;caption&quot;:&quot;&quot;,&quot;created_timestamp&quot;:&quot;0&quot;,&quot;copyright&quot;:&quot;&quot;,&quot;focal_length&quot;:&quot;0&quot;,&quot;iso&quot;:&quot;0&quot;,&quot;shutter_speed&quot;:&quot;0&quot;,&quot;title&quot;:&quot;&quot;,&quot;orientation&quot;:&quot;0&quot;}\" data-image-title=\"Cuautla_amlo-appm-termoelectrica_daliri-oropeza-3-2-1200&amp;#215;800\" data-image-description=\"\" data-image-caption=\"\" data-medium-file=\"http:\/\/www.grieta.org.mx\/wp-content\/uploads\/2020\/09\/Cuautla_amlo-appm-termoelectrica_daliri-oropeza-3-2-1200x800-2-300x200.jpg\" data-large-file=\"http:\/\/www.grieta.org.mx\/wp-content\/uploads\/2020\/09\/Cuautla_amlo-appm-termoelectrica_daliri-oropeza-3-2-1200x800-2-1024x683.jpg\" class=\"wp-image-53317\" src=\"http:\/\/www.grieta.org.mx\/wp-content\/uploads\/2020\/09\/Cuautla_amlo-appm-termoelectrica_daliri-oropeza-3-2-1200x800-2-1024x683.jpg\" alt=\"\" width=\"800\" height=\"533\" srcset=\"http:\/\/www.grieta.org.mx\/wp-content\/uploads\/2020\/09\/Cuautla_amlo-appm-termoelectrica_daliri-oropeza-3-2-1200x800-2-1024x683.jpg 1024w, http:\/\/www.grieta.org.mx\/wp-content\/uploads\/2020\/09\/Cuautla_amlo-appm-termoelectrica_daliri-oropeza-3-2-1200x800-2-300x200.jpg 300w, http:\/\/www.grieta.org.mx\/wp-content\/uploads\/2020\/09\/Cuautla_amlo-appm-termoelectrica_daliri-oropeza-3-2-1200x800-2-768x512.jpg 768w, http:\/\/www.grieta.org.mx\/wp-content\/uploads\/2020\/09\/Cuautla_amlo-appm-termoelectrica_daliri-oropeza-3-2-1200x800-2-750x500.jpg 750w, http:\/\/www.grieta.org.mx\/wp-content\/uploads\/2020\/09\/Cuautla_amlo-appm-termoelectrica_daliri-oropeza-3-2-1200x800-2.jpg 1200w\" sizes=\"auto, (max-width: 800px) 100vw, 800px\" \/><figcaption id=\"caption-attachment-53317\" class=\"wp-caption-text\">Protesta en mitin de AMLO en Cuautla. Foto: Daliri Oropeza<\/figcaption><\/figure>\n<p>Texto y fotos: Daliri Oropeza<\/p>\n<p><strong>Pobladores afectados por la posible operaci\u00f3n de la termoel\u00e9ctrica que anunci\u00f3 el presidente L\u00f3pez Obrador niegan que haya interlocuci\u00f3n y detallan las imprecisiones presentadas en la conferencia. Solicitan una hora para dialogar en su conferencia matutina sobre las repercusiones del megaproyecto.<\/strong><\/p>\n<p>Tres hombres llegaron al plant\u00f3n que impide la construcci\u00f3n del acueducto que conectar\u00eda el agua a la termoel\u00e9ctrica de Huexca. Se ubica en Cuautla, la parte del municipio donde atraviesa el r\u00edo. \u201cNos vamos a llevar el agua para la termoel\u00e9ctrica\u201d les dijeron a los activistas. Les tomaron fotos y se fueron. Al d\u00eda siguiente, el presidente Andr\u00e9s Manuel L\u00f3pez Obrador anunci\u00f3 en su conferencia matutina la activaci\u00f3n de la termoel\u00e9ctrica el pr\u00f3ximo diciembre.<\/p>\n<p>El incidente lo narra Teresa Castellanos, defensora del territorio de Huexca, quien desde hace m\u00e1s de ocho a\u00f1os difunde las repercusiones y el da\u00f1o ecol\u00f3gico, econ\u00f3mico, social y de salud que tendr\u00eda este megaproyecto en su tierra y en la regi\u00f3n.<\/p>\n<p>\u201c\u00bfPor qu\u00e9 no resuelve la investigaci\u00f3n del asesinato de Samir Flores antes, ya pasaron 20 meses? \u00bfPor qu\u00e9 no resuelve la situaci\u00f3n de inseguridad que hay en Morelos por bandas del crimen, los feminicidios, la violencia contra las mujeres? Antes de querer operar un megaproyecto\u201d, reclama Castellanos.<\/p>\n<p>De acuerdo con Teresa, Huexca est\u00e1 tranquilo en este momento. Pero con toda la organizaci\u00f3n de la regi\u00f3n, adem\u00e1s de los amparos, junto con la defensa del agua de los ejidatarios, de la tierra de los pueblos que se defienden del gasoducto, ve inviable el arranque de la operaci\u00f3n de la planta de ciclo combinado (se activa con gas que se enfr\u00eda con grandes cantidades de agua).<\/p>\n<p>Recuerda que Huexca es un pueblo con usos y costumbres, y ah\u00ed decide la asamblea. \u00c9sta ya ha decidido por concenso, por m\u00e1s de ocho a\u00f1os que no quieren la termoel\u00e9ctrica. Recuerda que cuando la activaron para pruebas, s escucharon los 110 decibeles de ruido que hace la estaci\u00f3n en todo el pueblo.<\/p>\n<p>Las pruebas duraron tres meses, suficientes para que quienes ah\u00ed viven constataran: \u201cperdimos la audici\u00f3n\u201d. Sal\u00eda gas gris de las turbinas, \u201cnos enfermamos de gripa por meses\u201d. Las aguas con qu\u00edmicos contaminaron las barrancas de guayabos y papayos, \u201cya naci\u00f3 un ni\u00f1o con un solo ojo\u201d.<\/p>\n<p>Los habitantes ven que la termoel\u00e9ctrica es una muerte lenta: \u201cser\u00eda mejor que nos den un balazo\u201d.<\/p>\n<p>El testimonio contrasta con lo que dijo el titular de CFE en la conferencia, Manuel Barttlet, que \u00abla planta (termoel\u00e9ctrica) tiene la virtud de consumir gas y por tanto la CFE va a aportar la energ\u00eda m\u00e1s limpia del pa\u00eds\u00bb.<\/p>\n<figure id=\"attachment_53318\" aria-describedby=\"caption-attachment-53318\" style=\"width: 800px\" class=\"wp-caption alignnone\"><img loading=\"lazy\" decoding=\"async\" data-attachment-id=\"53318\" data-permalink=\"http:\/\/www.grieta.org.mx\/index.php\/2020\/09\/11\/inviable-activacion-de-termoelectrica-pueblos-afectados-morelos\/pdp_samir_asesinato_amilcingo_daliri5_oropeza-1200x750\/\" data-orig-file=\"http:\/\/www.grieta.org.mx\/wp-content\/uploads\/2020\/09\/pdp_samir_asesinato_amilcingo_daliri5_Oropeza-1200x750-1.jpg\" data-orig-size=\"1200,750\" data-comments-opened=\"0\" data-image-meta=\"{&quot;aperture&quot;:&quot;0&quot;,&quot;credit&quot;:&quot;&quot;,&quot;camera&quot;:&quot;&quot;,&quot;caption&quot;:&quot;&quot;,&quot;created_timestamp&quot;:&quot;0&quot;,&quot;copyright&quot;:&quot;&quot;,&quot;focal_length&quot;:&quot;0&quot;,&quot;iso&quot;:&quot;0&quot;,&quot;shutter_speed&quot;:&quot;0&quot;,&quot;title&quot;:&quot;&quot;,&quot;orientation&quot;:&quot;0&quot;}\" data-image-title=\"pdp_samir_asesinato_amilcingo_daliri5_Oropeza-1200&amp;#215;750\" data-image-description=\"\" data-image-caption=\"\" data-medium-file=\"http:\/\/www.grieta.org.mx\/wp-content\/uploads\/2020\/09\/pdp_samir_asesinato_amilcingo_daliri5_Oropeza-1200x750-1-300x188.jpg\" data-large-file=\"http:\/\/www.grieta.org.mx\/wp-content\/uploads\/2020\/09\/pdp_samir_asesinato_amilcingo_daliri5_Oropeza-1200x750-1-1024x640.jpg\" class=\"wp-image-53318\" src=\"http:\/\/www.grieta.org.mx\/wp-content\/uploads\/2020\/09\/pdp_samir_asesinato_amilcingo_daliri5_Oropeza-1200x750-1-1024x640.jpg\" alt=\"\" width=\"800\" height=\"500\" srcset=\"http:\/\/www.grieta.org.mx\/wp-content\/uploads\/2020\/09\/pdp_samir_asesinato_amilcingo_daliri5_Oropeza-1200x750-1-1024x640.jpg 1024w, http:\/\/www.grieta.org.mx\/wp-content\/uploads\/2020\/09\/pdp_samir_asesinato_amilcingo_daliri5_Oropeza-1200x750-1-300x188.jpg 300w, http:\/\/www.grieta.org.mx\/wp-content\/uploads\/2020\/09\/pdp_samir_asesinato_amilcingo_daliri5_Oropeza-1200x750-1-768x480.jpg 768w, http:\/\/www.grieta.org.mx\/wp-content\/uploads\/2020\/09\/pdp_samir_asesinato_amilcingo_daliri5_Oropeza-1200x750-1-800x500.jpg 800w, http:\/\/www.grieta.org.mx\/wp-content\/uploads\/2020\/09\/pdp_samir_asesinato_amilcingo_daliri5_Oropeza-1200x750-1.jpg 1200w\" sizes=\"auto, (max-width: 800px) 100vw, 800px\" \/><figcaption id=\"caption-attachment-53318\" class=\"wp-caption-text\">Teresa Castellanos en el cabo de a\u00f1o de Samir Flores enfrente de la Radio Comunitaria Amiltzinko. Foto: Daliri Oropeza<\/figcaption><\/figure>\n<p>Amparos pendientes<\/p>\n<p>Contrario a lo que inform\u00f3 el gabinete presidencial este jueves, el abogado Juan Carlos Flores explica que el pueblo de Huexca cuenta con el amparo 1823\/2014\u2010III que dicta suspensi\u00f3n definitiva del funcionamiento de la obra, que proh\u00edbe a la CFE descargar aguas residuales contaminadas por la termoel\u00e9ctrica en el R\u00edo Cuautla. <\/p>\n<p>No es el \u00fanico amparo interpuesto por este megaproyecto. De acuerdo con el abogado, hay por lo menos 15 amparos activos contra el Proyecto Integral Morelos, entre ellos, ocho suspensiones con efectos definitivos y siete con suspensiones vigentes.<\/p>\n<p>De estos amparos, cinco son por el agua y el acueducto de la termoel\u00e9ctrica; tres de ellos interpuestos por los ejidos de Moyotepec, Tenextepango y Valle Vel\u00e1zquez. Sobre el gasoducto est\u00e1 la suspensi\u00f3n de plano, para Amilcingo, vigente para que no funcione el gasoducto. Tambi\u00e9n la sentencia de amparo a favor de cuatro comunidades de Atlixco, Puebla, en la que ordenan una consulta ind\u00edgena y tienen efecto de suspender el gasoducto.<\/p>\n<p>Los siete amparos que tienen suspensi\u00f3n del Proyecto Integral Morelos son: uno de la termoel\u00e9ctrica, dos de gasoducto, cuatro del acueducto.<\/p>\n<p>Algo que no mencionaron los funcionarios federales en la conferencia presidencial es que, para activar la termoel\u00e9ctrica, tendr\u00eda que funcionar el gasoducto que rodea el per\u00edmetro del volc\u00e1n Popocat\u00e9petl en zonas de riesgo uno y dos de tres estados. Adem\u00e1s, deben terminar de construir un acueducto subterr\u00e1neo. Enuncian que la consulta del 2019 sali\u00f3 positiva a favor de su activaci\u00f3n. Sin embargo, aunque habitantes de otras zonas de las entidades implicadas dijeron que s\u00ed, los pueblos afectados directamente dijeron que no.<br \/>\nInformaci\u00f3n jur\u00eddica contrastaste<\/p>\n<p>La secretaria de Gobernaci\u00f3n, Olga S\u00e1nchez Cordero, dijo: \u201cJur\u00eddicamente est\u00e1n resueltos todos los juicios de amparo y puede continuarse el proyecto\u201d.<\/p>\n<p>Asegur\u00f3 que \u201clos ejidatarios se ampararon, argumentando que implica el disminuci\u00f3n del caudal para el riego (\u2026) se realizaron estudios periciales en hidrolog\u00eda forense. Las cuales arrojaron que no causa falta de agua en los suministros de agua en los distritos de riego, dicen los peritos muy profesionales. Actualmente los juicios de amparo se sobreseyeron\u201d. <\/p>\n<p>El abogado de los pobladores, sin embargo, denuncia que no es as\u00ed.<\/p>\n<p>\u201cEs mentira lo que dice la exministra. La conferencia del presidente fue un montaje teatral lleno de mentiras para justificar una represi\u00f3n para imponer la termoel\u00e9ctrica\u201d, dice Flores. Asegura que hay atropellos legales pues la perito que aval\u00f3 la investigaci\u00f3n que sobresey\u00f3 los amparos pertenece a la Comisi\u00f3n Nacional del Agua, Conagua, \u201cy no se puede ser juez y parte\u201d. <\/p>\n<p>Incluso, Flores detalla que la la Secretar\u00eda de Gobernaci\u00f3n solicit\u00f3 hace seis meses que los amparos y recursos que tienen del megaproyecto est\u00e9n en un solo tribunal. Es legal, afirma, \u00aben teor\u00eda esto ayuda para que no haya sentencia contradictoria. Para que sea la justicia mas efectiva. Pero en la practica, puede derivar que solo es un juzgado; solo un tribunal, que se puede corromper. Perdemos la diversidad de los poderes juciciales, de los tribunales que dictan la justicia\u00bb, y fue el el primer tribunal colegiado en materia administrativa de Morelos el que permiti\u00f3 un peritaje de la Conagua como juez y parte. Esta cuesti\u00f3n la denunciaron legalmente.<\/p>\n<p>En la conferencia, la subsecretaria de Bienestar, Diana \u00c1lvarez, asegur\u00f3 que han estado en di\u00e1logos con los ejidatarios de Asurco. Afirm\u00f3 se les ha reiterado el apoyo con obras p\u00fablicas para los ejidos. Esta es la asociaci\u00f3n de ejidatarios creada para distribuir el agua de riego entre los 32 ejidos campesinos. Sin embargo, de acuerdo con el testimonio del ejidatario Flavio Plascencia Abundes de Ayala, ha habido acercamientos e invitaciones del gobierno, pero solo asisten algunos ejidatarios.<\/p>\n<p>\u201cYo no quiero coquetear con el gobierno, ya les dijimos que no queremos que se lleven nuestra agua; ni que regresen el agua contaminada, seg\u00fan tratada, al r\u00edo, ni que encienda la operaci\u00f3n de la termo\u201d, asegur\u00f3 el ejidatario.<\/p>\n<p>Plascencia confirm\u00f3 que un grupo de ejidatarios viaj\u00f3 con una comisi\u00f3n del gobierno a la termoel\u00e9ctrica en Hidalgo, como inform\u00f3 la subsecretaria \u00c1lvarez. Sin embargo, dijo que la mayor\u00eda no asisti\u00f3 pues no est\u00e1n de acuerdo con la activaci\u00f3n de la termoel\u00e9ctrica. Tampoco que algunos ejidatarios de Asurco intercambien obras p\u00fablicas y dinero por el arranque de la operaci\u00f3n.<br \/>\nDue\u00f1os del agua<\/p>\n<p>De acuerdo con lo que describe el abogado Juan Carlos Flores, la asociaci\u00f3n de Asurco no puede comprometer el agua ni los recursos de los ejidatarios que de por s\u00ed les pertenecen a los campesinos. Solo tienen injerencia para el agua que se reparte. Todos los ejidatarios son propietarios de la tierra y el agua, y la tienen por decreto del entonces presidente L\u00e1zaro Cardenas desde 1926. Las decisiones se toman en asamblea.<\/p>\n<p>\u201cSon due\u00f1os del agua tres veces. Una por ser pueblos originarios que desde sus ancestros se asentaron en la rivera del r\u00edo. Han mantenido el lugar, mucho antes de la constituci\u00f3n del Estado mexicano; por defenderla, por el derramamiento de sangre de sus abuelos directos que lucharon junto a Zapata. La tercera es la concesi\u00f3n por 25 a\u00f1os que tienen del agua ante la conagua, por medio de Asurco, donde cada ejido es socio\u201d. <\/p>\n<p>Son primordialmente los ejidatarios quienes sostienen el plant\u00f3n de Apatlaco. Ellos fueron amedrentados y fotografiados por personas desconocidas. El mismo d\u00eda que la CFE y Conagua realizaron una inspecci\u00f3n en la termoel\u00e9ctrica.<\/p>\n<p>\u201cSigue la persecuci\u00f3n en contra de los luchadores sociales, de los defensores del territorio\u201d, denuncia Teresa Castellanos. Se\u00f1ala que no es el \u00fanico incidente que han tenido en los \u00faltimos seis meses tratando de amedrentar e inhibir su lucha.<\/p>\n<p>El abogado Juan Carlos Flores, la Asamblea Popular Pueblos de Morelos, el Frente de pueblos en Defensa de la Tierra y el Agua Morelos Puebla Tlaxcala concluyeron que lo que sucedi\u00f3 en la conferencia matutina de AMLO da pie a una represi\u00f3n, para una imposici\u00f3n sangrienta del Proyecto Integral Morelos.<\/p>\n<p>\u201cRecordemos que AMLO dijo que se va a someter a consulta la operaci\u00f3n de la termoel\u00e9ctrica. Luego desacredit\u00f3 a los defensores, los llam\u00f3 radicales de izquierda, y luego asesinaron a Samir. \u00bfQu\u00e9 podemos esperar ahora?\u00bb. Piden a la sociedad civil estar pendiente.<\/p>\n<p><a href=\"https:\/\/piedepagina.mx\/inviable-activacion-de-termoelectrica-pueblos-afectados\/\" rel=\"noopener noreferrer\" target=\"_blank\">https:\/\/piedepagina.mx\/inviable-activacion-de-termoelectrica-pueblos-afectados\/<\/a><\/p>\n","protected":false},"excerpt":{"rendered":"<p>Texto y fotos: Daliri Oropeza Pobladores afectados por la posible operaci\u00f3n de la termoel\u00e9ctrica que anunci\u00f3 el presidente L\u00f3pez Obrador niegan que haya interlocuci\u00f3n y detallan las imprecisiones presentadas en &hellip; <a href=\"http:\/\/www.grieta.org.mx\/index.php\/2020\/09\/11\/inviable-activacion-de-termoelectrica-pueblos-afectados-morelos\/\" class=\"more-link\">Leer m\u00e1s<\/a><\/p>\n","protected":false},"author":2,"featured_media":53317,"comment_status":"closed","ping_status":"closed","sticky":false,"template":"","format":"standard","meta":{"ngg_post_thumbnail":0,"_jetpack_newsletter_access":"","_jetpack_dont_email_post_to_subs":false,"_jetpack_newsletter_tier_id":0,"_jetpack_memberships_contains_paywalled_content":false,"_jetpack_memberships_contains_paid_content":false,"footnotes":""},"categories":[54,55,80,970,1,954,3,22,2,44,1762,1171],"tags":[2087,2471],"class_list":["post-53314","post","type-post","status-publish","format-standard","has-post-thumbnail","hentry","category-10-huexca","category-11-amilcingo","category-cintillo","category-esp-morelos","category-espejos-de-la-resistencia","category-espejos-estados","category-megaproyectos","category-morelos","category-noticias-nacionales","category-proyecto-integral-morelos","category-rechazo-a-los-megaproyectos-en-morelos","category-rechazo-al-proyecto-integral-morelos-pim-en-morelos","tag-rechazo-a-la-termoelectrica-en-huexca","tag-samir","entry"],"jetpack_featured_media_url":"http:\/\/www.grieta.org.mx\/wp-content\/uploads\/2020\/09\/Cuautla_amlo-appm-termoelectrica_daliri-oropeza-3-2-1200x800-2.jpg","jetpack_sharing_enabled":true,"jetpack_shortlink":"https:\/\/wp.me\/p7ZJR4-dRU","jetpack_likes_enabled":false,"jetpack-related-posts":[{"id":56863,"url":"http:\/\/www.grieta.org.mx\/index.php\/2021\/02\/01\/pobladores-y-ejidatarios-de-yecapixtla-acusan-traicion-total-de-amlo-por-continuar-obras-de-termoelectrica-de-huexca-video\/","url_meta":{"origin":53314,"position":0},"title":"Pobladores y ejidatarios de Yecapixtla acusan \u201ctraici\u00f3n total\u201d de AMLO por continuar obras de termoel\u00e9ctrica de Huexca (Video)","author":"grieta","date":"1 febrero, 2021","format":false,"excerpt":"Cecilia Reynoso \/ Latinus Ejidatarios y habitantes de la comunidad ind\u00edgena de Yecapixtla, Morelos, acusan que el presidente L\u00f3pez Obrador y su gobierno cometen una \u201ctraici\u00f3n total\u201d al continuar las obras de la termoel\u00e9ctrica de Huexca, construida por la Comisi\u00f3n Federal de Electricidad (CFE) de 2012 a 2017. La termoel\u00e9ctrica\u2026","rel":"","context":"En &quot;10. Huexca&quot;","block_context":{"text":"10. Huexca","link":"http:\/\/www.grieta.org.mx\/index.php\/category\/espejos-de-la-resistencia\/10-huexca\/"},"img":{"alt_text":"","src":"https:\/\/i0.wp.com\/www.grieta.org.mx\/wp-content\/uploads\/2021\/02\/Screenshot_2021-02-09-Pobladores-y-ejidatarios-de-Yecapixtla-acusan-traicion-total-de-AMLO-por-continuar-obras-de-termoel....png?resize=350%2C200","width":350,"height":200,"srcset":"https:\/\/i0.wp.com\/www.grieta.org.mx\/wp-content\/uploads\/2021\/02\/Screenshot_2021-02-09-Pobladores-y-ejidatarios-de-Yecapixtla-acusan-traicion-total-de-AMLO-por-continuar-obras-de-termoel....png?resize=350%2C200 1x, https:\/\/i0.wp.com\/www.grieta.org.mx\/wp-content\/uploads\/2021\/02\/Screenshot_2021-02-09-Pobladores-y-ejidatarios-de-Yecapixtla-acusan-traicion-total-de-AMLO-por-continuar-obras-de-termoel....png?resize=525%2C300 1.5x, https:\/\/i0.wp.com\/www.grieta.org.mx\/wp-content\/uploads\/2021\/02\/Screenshot_2021-02-09-Pobladores-y-ejidatarios-de-Yecapixtla-acusan-traicion-total-de-AMLO-por-continuar-obras-de-termoel....png?resize=700%2C400 2x"},"classes":[]},{"id":44227,"url":"http:\/\/www.grieta.org.mx\/index.php\/2020\/02\/07\/exigen-cancelar-termoelectrica-huexca-y-esclarecer-asesinato-de-samir-flores-morelos\/","url_meta":{"origin":53314,"position":1},"title":"Exigen Cancelar termoel\u00e9ctrica Huexca y esclarecer asesinato de Samir Flores (Morelos)","author":"grieta","date":"7 febrero, 2020","format":false,"excerpt":"Redacci\u00f3n \/ La Verdad La Asamblea de los Pueblos de Morelos asegur\u00f3 que a casi un a\u00f1o del asesinato de Samir Flores, la fiscal\u00eda de Morelos poco a investigado al respecto Integrantes de la Asamblea de los Pueblos de Morelos en Defensa del Territorio exigieron al presidente Andr\u00e9s Manuel L\u00f3pez\u2026","rel":"","context":"En &quot;10. Huexca&quot;","block_context":{"text":"10. Huexca","link":"http:\/\/www.grieta.org.mx\/index.php\/category\/espejos-de-la-resistencia\/10-huexca\/"},"img":{"alt_text":"","src":"https:\/\/i0.wp.com\/www.grieta.org.mx\/wp-content\/uploads\/2020\/02\/Screenshot_2020-02-12-Exigen-Cancelar-termoel%C3%A9ctrica-Huexca-y-esclarecer-asesinato-de-Samir-Flores.png?resize=350%2C200","width":350,"height":200,"srcset":"https:\/\/i0.wp.com\/www.grieta.org.mx\/wp-content\/uploads\/2020\/02\/Screenshot_2020-02-12-Exigen-Cancelar-termoel%C3%A9ctrica-Huexca-y-esclarecer-asesinato-de-Samir-Flores.png?resize=350%2C200 1x, https:\/\/i0.wp.com\/www.grieta.org.mx\/wp-content\/uploads\/2020\/02\/Screenshot_2020-02-12-Exigen-Cancelar-termoel%C3%A9ctrica-Huexca-y-esclarecer-asesinato-de-Samir-Flores.png?resize=525%2C300 1.5x, https:\/\/i0.wp.com\/www.grieta.org.mx\/wp-content\/uploads\/2020\/02\/Screenshot_2020-02-12-Exigen-Cancelar-termoel%C3%A9ctrica-Huexca-y-esclarecer-asesinato-de-Samir-Flores.png?resize=700%2C400 2x"},"classes":[]},{"id":39420,"url":"http:\/\/www.grieta.org.mx\/index.php\/2019\/08\/09\/activistas-reiteran-rechazo-a-la-termoelectrica-de-huexca-morelos\/","url_meta":{"origin":53314,"position":2},"title":"Activistas reiteran rechazo a la termoel\u00e9ctrica de Huexca (Morelos)","author":"grieta","date":"9 agosto, 2019","format":false,"excerpt":"Guadalupe \u00c1lvarez Rojas \/ La Uni\u00f3n de Morelos Durante evento por el 140 aniversario luctuoso de Zapata, en Ayala, solicitaron la intervenci\u00f3n de AMLO para echar abajo el proyecto. Ayala.- En el marco del CXL aniversario del natalicio del General Emiliano Zapata Salazar, integrantes de la Asamblea Permanente de los\u2026","rel":"","context":"En &quot;10. Huexca&quot;","block_context":{"text":"10. Huexca","link":"http:\/\/www.grieta.org.mx\/index.php\/category\/espejos-de-la-resistencia\/10-huexca\/"},"img":{"alt_text":"","src":"https:\/\/i0.wp.com\/www.grieta.org.mx\/wp-content\/uploads\/2019\/09\/2e321c5dc6cc6b910a4223f216f1c29c_L.jpg?resize=350%2C200","width":350,"height":200,"srcset":"https:\/\/i0.wp.com\/www.grieta.org.mx\/wp-content\/uploads\/2019\/09\/2e321c5dc6cc6b910a4223f216f1c29c_L.jpg?resize=350%2C200 1x, https:\/\/i0.wp.com\/www.grieta.org.mx\/wp-content\/uploads\/2019\/09\/2e321c5dc6cc6b910a4223f216f1c29c_L.jpg?resize=525%2C300 1.5x, https:\/\/i0.wp.com\/www.grieta.org.mx\/wp-content\/uploads\/2019\/09\/2e321c5dc6cc6b910a4223f216f1c29c_L.jpg?resize=700%2C400 2x, https:\/\/i0.wp.com\/www.grieta.org.mx\/wp-content\/uploads\/2019\/09\/2e321c5dc6cc6b910a4223f216f1c29c_L.jpg?resize=1050%2C600 3x"},"classes":[]},{"id":29268,"url":"http:\/\/www.grieta.org.mx\/index.php\/2019\/02\/20\/asesinan-a-lider-de-opositores-a-la-termoelectrica-en-morelos\/","url_meta":{"origin":53314,"position":3},"title":"Asesinan a l\u00edder de opositores a la termoel\u00e9ctrica en Morelos","author":"grieta","date":"20 febrero, 2019","format":false,"excerpt":"Redacci\u00f3n \/ Quadratin Morelos TEMOAC, Mor., 20 de Febrero del 2019.- Fue confirmada la muerte de Samir Flores Soberanes tras un ataque armado la madrugada de este mi\u00e9rcoles en su domicilio en Amilcingo por un comando armado, seg\u00fan los primeros reportes. Se trata de qui\u00e9n encabez\u00f3 desde el inicio de\u2026","rel":"","context":"En &quot;10. Huexca&quot;","block_context":{"text":"10. Huexca","link":"http:\/\/www.grieta.org.mx\/index.php\/category\/espejos-de-la-resistencia\/10-huexca\/"},"img":{"alt_text":"","src":"https:\/\/i0.wp.com\/www.grieta.org.mx\/wp-content\/uploads\/2019\/02\/IMG_20190220_075909-1160x700.jpg?resize=350%2C200","width":350,"height":200,"srcset":"https:\/\/i0.wp.com\/www.grieta.org.mx\/wp-content\/uploads\/2019\/02\/IMG_20190220_075909-1160x700.jpg?resize=350%2C200 1x, https:\/\/i0.wp.com\/www.grieta.org.mx\/wp-content\/uploads\/2019\/02\/IMG_20190220_075909-1160x700.jpg?resize=525%2C300 1.5x, https:\/\/i0.wp.com\/www.grieta.org.mx\/wp-content\/uploads\/2019\/02\/IMG_20190220_075909-1160x700.jpg?resize=700%2C400 2x, https:\/\/i0.wp.com\/www.grieta.org.mx\/wp-content\/uploads\/2019\/02\/IMG_20190220_075909-1160x700.jpg?resize=1050%2C600 3x"},"classes":[]},{"id":29755,"url":"http:\/\/www.grieta.org.mx\/index.php\/2019\/02\/25\/la-lucha-no-termina-aqui-activistas-sobre-termoelectrica-en-morelos\/","url_meta":{"origin":53314,"position":4},"title":"La lucha no termina aqu\u00ed: activistas sobre termoel\u00e9ctrica en Morelos","author":"grieta","date":"25 febrero, 2019","format":false,"excerpt":"Felipe Rodea, Ver\u00f3nica Bacaz \/ El Financiero Tras conocer el resultado de la consulta favorable a la construcci\u00f3n de la termoel\u00e9ctrica en Morelos, el Frente de Pueblos en Defensa de la Tierra y Agua Morelos, Puebla, Tlaxcala, advirti\u00f3 que la batalla por cancelar el proyecto apenas comienza. \"La lucha no\u2026","rel":"","context":"En &quot;10. Huexca&quot;","block_context":{"text":"10. Huexca","link":"http:\/\/www.grieta.org.mx\/index.php\/category\/espejos-de-la-resistencia\/10-huexca\/"},"img":{"alt_text":"","src":"https:\/\/i0.wp.com\/www.grieta.org.mx\/wp-content\/uploads\/2019\/02\/752d2c9ecf1550851348_standard_desktop_medium_retina.jpeg?resize=350%2C200","width":350,"height":200,"srcset":"https:\/\/i0.wp.com\/www.grieta.org.mx\/wp-content\/uploads\/2019\/02\/752d2c9ecf1550851348_standard_desktop_medium_retina.jpeg?resize=350%2C200 1x, https:\/\/i0.wp.com\/www.grieta.org.mx\/wp-content\/uploads\/2019\/02\/752d2c9ecf1550851348_standard_desktop_medium_retina.jpeg?resize=525%2C300 1.5x, https:\/\/i0.wp.com\/www.grieta.org.mx\/wp-content\/uploads\/2019\/02\/752d2c9ecf1550851348_standard_desktop_medium_retina.jpeg?resize=700%2C400 2x, https:\/\/i0.wp.com\/www.grieta.org.mx\/wp-content\/uploads\/2019\/02\/752d2c9ecf1550851348_standard_desktop_medium_retina.jpeg?resize=1050%2C600 3x"},"classes":[]},{"id":55442,"url":"http:\/\/www.grieta.org.mx\/index.php\/2020\/11\/25\/pueblos-planean-tomar-carreteras-para-frenar-termoelectrica-de-huexca-morelos-puebla-tlaxcala\/","url_meta":{"origin":53314,"position":5},"title":"Pueblos planean tomar carreteras para frenar termoel\u00e9ctrica de Huexca (Morelos, Puebla, Tlaxcala)","author":"Admin","date":"25 noviembre, 2020","format":false,"excerpt":"Texto y Fotos: Estrella Pedroza \/ La Silla Rota CIUDAD AYALA.- Desde la cuna del agrarismo, los pueblos de Morelos emprendieron acciones de protesta por la irrupci\u00f3n de la Guardia Nacional al plant\u00f3n San Pedro Apatlaco, situado a las orillas del R\u00edo Cuautla en Ciudad Ayala, que se instal\u00f3 desde\u2026","rel":"","context":"En &quot;10. Huexca&quot;","block_context":{"text":"10. Huexca","link":"http:\/\/www.grieta.org.mx\/index.php\/category\/espejos-de-la-resistencia\/10-huexca\/"},"img":{"alt_text":"","src":"https:\/\/i0.wp.com\/www.grieta.org.mx\/wp-content\/uploads\/2020\/11\/Captura-de-Pantalla-2020-11-25-a-las-14.17.48.png?resize=350%2C200","width":350,"height":200,"srcset":"https:\/\/i0.wp.com\/www.grieta.org.mx\/wp-content\/uploads\/2020\/11\/Captura-de-Pantalla-2020-11-25-a-las-14.17.48.png?resize=350%2C200 1x, https:\/\/i0.wp.com\/www.grieta.org.mx\/wp-content\/uploads\/2020\/11\/Captura-de-Pantalla-2020-11-25-a-las-14.17.48.png?resize=525%2C300 1.5x, https:\/\/i0.wp.com\/www.grieta.org.mx\/wp-content\/uploads\/2020\/11\/Captura-de-Pantalla-2020-11-25-a-las-14.17.48.png?resize=700%2C400 2x, https:\/\/i0.wp.com\/www.grieta.org.mx\/wp-content\/uploads\/2020\/11\/Captura-de-Pantalla-2020-11-25-a-las-14.17.48.png?resize=1050%2C600 3x, https:\/\/i0.wp.com\/www.grieta.org.mx\/wp-content\/uploads\/2020\/11\/Captura-de-Pantalla-2020-11-25-a-las-14.17.48.png?resize=1400%2C800 4x"},"classes":[]}],"_links":{"self":[{"href":"http:\/\/www.grieta.org.mx\/index.php\/wp-json\/wp\/v2\/posts\/53314","targetHints":{"allow":["GET"]}}],"collection":[{"href":"http:\/\/www.grieta.org.mx\/index.php\/wp-json\/wp\/v2\/posts"}],"about":[{"href":"http:\/\/www.grieta.org.mx\/index.php\/wp-json\/wp\/v2\/types\/post"}],"author":[{"embeddable":true,"href":"http:\/\/www.grieta.org.mx\/index.php\/wp-json\/wp\/v2\/users\/2"}],"replies":[{"embeddable":true,"href":"http:\/\/www.grieta.org.mx\/index.php\/wp-json\/wp\/v2\/comments?post=53314"}],"version-history":[{"count":1,"href":"http:\/\/www.grieta.org.mx\/index.php\/wp-json\/wp\/v2\/posts\/53314\/revisions"}],"predecessor-version":[{"id":53319,"href":"http:\/\/www.grieta.org.mx\/index.php\/wp-json\/wp\/v2\/posts\/53314\/revisions\/53319"}],"wp:featuredmedia":[{"embeddable":true,"href":"http:\/\/www.grieta.org.mx\/index.php\/wp-json\/wp\/v2\/media\/53317"}],"wp:attachment":[{"href":"http:\/\/www.grieta.org.mx\/index.php\/wp-json\/wp\/v2\/media?parent=53314"}],"wp:term":[{"taxonomy":"category","embeddable":true,"href":"http:\/\/www.grieta.org.mx\/index.php\/wp-json\/wp\/v2\/categories?post=53314"},{"taxonomy":"post_tag","embeddable":true,"href":"http:\/\/www.grieta.org.mx\/index.php\/wp-json\/wp\/v2\/tags?post=53314"}],"curies":[{"name":"wp","href":"https:\/\/api.w.org\/{rel}","templated":true}]}}