{"id":53264,"date":"2020-09-03T11:06:22","date_gmt":"2020-09-03T16:06:22","guid":{"rendered":"http:\/\/www.grieta.org.mx\/?p=53264"},"modified":"2020-09-12T11:14:45","modified_gmt":"2020-09-12T16:14:45","slug":"medicos-denuncian-despidos-tras-evidenciar-falta-de-equipo-medico","status":"publish","type":"post","link":"http:\/\/www.grieta.org.mx\/index.php\/2020\/09\/03\/medicos-denuncian-despidos-tras-evidenciar-falta-de-equipo-medico\/","title":{"rendered":"M\u00e9dicos denuncian despidos tras evidenciar falta de equipo m\u00e9dico"},"content":{"rendered":"<figure id=\"attachment_53265\" aria-describedby=\"caption-attachment-53265\" style=\"width: 750px\" class=\"wp-caption alignnone\"><img loading=\"lazy\" decoding=\"async\" data-attachment-id=\"53265\" data-permalink=\"http:\/\/www.grieta.org.mx\/index.php\/2020\/09\/03\/medicos-denuncian-despidos-tras-evidenciar-falta-de-equipo-medico\/medicos-focus-0-0-983-557\/\" data-orig-file=\"http:\/\/www.grieta.org.mx\/wp-content\/uploads\/2020\/09\/medicos-focus-0-0-983-557.jpg\" data-orig-size=\"983,557\" data-comments-opened=\"0\" data-image-meta=\"{&quot;aperture&quot;:&quot;0&quot;,&quot;credit&quot;:&quot;&quot;,&quot;camera&quot;:&quot;&quot;,&quot;caption&quot;:&quot;&quot;,&quot;created_timestamp&quot;:&quot;0&quot;,&quot;copyright&quot;:&quot;&quot;,&quot;focal_length&quot;:&quot;0&quot;,&quot;iso&quot;:&quot;0&quot;,&quot;shutter_speed&quot;:&quot;0&quot;,&quot;title&quot;:&quot;&quot;,&quot;orientation&quot;:&quot;0&quot;}\" data-image-title=\"medicos-focus-0-0-983-557\" data-image-description=\"\" data-image-caption=\"&lt;p&gt;Rosales mostr\u00f3 el pasado 10 de marzo como una v\u00e1lvula  estaba tan tapada que ni el suero pasa (Foto: especial, tomada de lasillarota.com&lt;\/p&gt;\n\" data-medium-file=\"http:\/\/www.grieta.org.mx\/wp-content\/uploads\/2020\/09\/medicos-focus-0-0-983-557-300x170.jpg\" data-large-file=\"http:\/\/www.grieta.org.mx\/wp-content\/uploads\/2020\/09\/medicos-focus-0-0-983-557.jpg\" class=\"wp-image-53265\" src=\"http:\/\/www.grieta.org.mx\/wp-content\/uploads\/2020\/09\/medicos-focus-0-0-983-557.jpg\" alt=\"\" width=\"750\" height=\"425\" srcset=\"http:\/\/www.grieta.org.mx\/wp-content\/uploads\/2020\/09\/medicos-focus-0-0-983-557.jpg 983w, http:\/\/www.grieta.org.mx\/wp-content\/uploads\/2020\/09\/medicos-focus-0-0-983-557-300x170.jpg 300w, http:\/\/www.grieta.org.mx\/wp-content\/uploads\/2020\/09\/medicos-focus-0-0-983-557-768x435.jpg 768w, http:\/\/www.grieta.org.mx\/wp-content\/uploads\/2020\/09\/medicos-focus-0-0-983-557-882x500.jpg 882w\" sizes=\"auto, (max-width: 750px) 100vw, 750px\" \/><figcaption id=\"caption-attachment-53265\" class=\"wp-caption-text\">Rosales mostr\u00f3 el pasado 10 de marzo como una v\u00e1lvula estaba tan tapada que ni el suero pasa (Foto: especial, tomada de lasillarota.com<\/figcaption><\/figure>\n<p>Redacci\u00f3n de La Silla Rota, 03 de septiembre de 2020<\/p>\n<p>Despu\u00e9s de 27 a\u00f1os de servicio, el 3 de agosto el IMSS de Zacatecas hizo efectiva la rescisi\u00f3n del contrato de Armando Rosales, m\u00e9dico neurocirujano, quien denunci\u00f3 las carencias del hospital para su personal.<\/p>\n<p>Trabajadores de la salud han denunciando las malas condiciones en las que trabajan durante sus jornadas laborales en la lucha contra la pandemia de la covid-19.<\/p>\n<p>A las protestas en todo el pa\u00eds por falta de insumos de protecci\u00f3n a los m\u00e9dicos, enfermeras y personal que trabaja en los hospitales y cl\u00ednicas del pa\u00eds se suman las alarmantes quejas en el IMSS de Zacatecas.<\/p>\n<p>Incluso, antes de la pandemia, en videos difundidos en redes sociales, Rosales mostr\u00f3 el pasado 10 de marzo c\u00f3mo una v\u00e1lvula est\u00e1 tan tapada que ni el suero pasa.<\/p>\n<p>Armando Rosales, m\u00e9dico neurocirujano en el Hospital General n\u00famero uno de Zacatecas, evidenci\u00f3 el material deficiente proporcionados en el lugar; sin embargo, sus reclamos incrementaron tras el golpe del coronavirus en el pa\u00eds.<\/p>\n<p>El doctor denunci\u00f3 la falta de protocolos en el hospital, as\u00ed como la falta de apoyos del gobierno, ya que m\u00e9dicos y enfermeras tuvieron que comprar con su dinero su propio equipo para protegerse del virus.<\/p>\n<p><em> &#8220;No los necesitamos, pero es su obligaci\u00f3n. H\u00e1ganlo, para eso les pagan&#8221;, dijo en un video difundido por Latinus.<\/em><\/p>\n<p>Tras el despido, Rosales extern\u00f3 la indignaci\u00f3n de la situaci\u00f3n que vive el personal m\u00e9dico, que combate por ellos mismos la pandemia que golpea a todo el mundo.<\/p>\n<p>&#8220;Es una cuesti\u00f3n de miedo(&#8230;) que aquel que alza la voz lo rescinden. No es posible que porque digamos que nos faltan caretas, nos faltan medicamentos&#8221;.<\/p>\n<p>En una tarjeta informativa, el IMSS local dijo que Rosales fue despedido porque puso en peligro a un paciente por falta de decisiones, adem\u00e1s de omitir la valoraci\u00f3n y notas m\u00e9dicas.<\/p>\n<p>Rosales dijo que, en dicho caso, se program\u00f3 el viernes una operaci\u00f3n para el s\u00e1bado pero la familia solicit\u00f3 el alta voluntaria, tr\u00e1mite que deslinda al personal m\u00e9dico, al hospital y al doctor tratante.<\/p>\n<p>Por ello, asegura que su despido se debi\u00f3 a causa de las denuncias que hizo por el equipo deficiente y falta de medicamentos.<\/p>\n<p><em> &#8220;Nos dejaron solos, y el pago a esto son despidos y dejarnos morir en la calle&#8221;, se\u00f1ala. &#8220;Amigos m\u00edos fallecieron todo porque no les dieron lo necesario&#8221;.<\/em><\/p>\n<p><a href=\"https:\/\/lasillarota.com\/estados\/medicos-denuncian-despidos-tras-evidenciar-falta-de-equipo-medico-equipo-medicamentos-doctores-medicos\/431270\">https:\/\/lasillarota.com\/estados\/medicos-denuncian-despidos-tras-evidenciar-falta-de-equipo-medico-equipo-medicamentos-doctores-medicos\/431270<\/a><\/p>\n","protected":false},"excerpt":{"rendered":"<p>Redacci\u00f3n de La Silla Rota, 03 de septiembre de 2020 Despu\u00e9s de 27 a\u00f1os de servicio, el 3 de agosto el IMSS de Zacatecas hizo efectiva la rescisi\u00f3n del contrato &hellip; <a href=\"http:\/\/www.grieta.org.mx\/index.php\/2020\/09\/03\/medicos-denuncian-despidos-tras-evidenciar-falta-de-equipo-medico\/\" class=\"more-link\">Leer m\u00e1s<\/a><\/p>\n","protected":false},"author":2,"featured_media":53265,"comment_status":"closed","ping_status":"closed","sticky":false,"template":"","format":"standard","meta":{"ngg_post_thumbnail":0,"_jetpack_newsletter_access":"","_jetpack_dont_email_post_to_subs":false,"_jetpack_newsletter_tier_id":0,"_jetpack_memberships_contains_paywalled_content":false,"_jetpack_memberships_contains_paid_content":false,"footnotes":""},"categories":[80,2312,3249,3250,1911,76],"tags":[2250,3241,3133,3247,3265],"class_list":["post-53264","post","type-post","status-publish","format-standard","has-post-thumbnail","hentry","category-cintillo","category-conflictos-laborales-del-sector-salud-en-zacatecas","category-covid-19-en-zacatecas","category-crisis-en-el-sector-salud-en-zacatedas","category-movilizaciones-del-sector-salud-en-zacatecas","category-zacatecas","tag-conflictos-laborales-en-el-sector-publico","tag-covid-19","tag-crisis-del-sector-salud","tag-falta-de-insumos-medicos","tag-protestas-de-medicos-y-enfermeras","entry"],"jetpack_featured_media_url":"http:\/\/www.grieta.org.mx\/wp-content\/uploads\/2020\/09\/medicos-focus-0-0-983-557.jpg","jetpack_sharing_enabled":true,"jetpack_shortlink":"https:\/\/wp.me\/p7ZJR4-dR6","jetpack_likes_enabled":false,"jetpack-related-posts":[{"id":48223,"url":"http:\/\/www.grieta.org.mx\/index.php\/2020\/04\/24\/personal-medico-protesta-frente-a-palacio-de-gobierno-en-zacatecas\/","url_meta":{"origin":53264,"position":0},"title":"Personal m\u00e9dico protesta frente a palacio de gobierno en Zacatecas","author":"grieta","date":"24 abril, 2020","format":false,"excerpt":"El personal m\u00e9dico exige una mejora salarial e insumos apropiados para enfrentar los casos de coronavirus dentro de los hospitales del estado. Manuel Chac\u00f3n Zacatecas \/ 24.04.2020 17:50:40 Un grupo de trabajadores, personal m\u00e9dico y enfermeras de los Hospitales Generales de Zona de Fresnillo y Zacatecas, protestaron frente a las\u2026","rel":"","context":"En &quot;CINTILLO&quot;","block_context":{"text":"CINTILLO","link":"http:\/\/www.grieta.org.mx\/index.php\/category\/cintillo\/"},"img":{"alt_text":"","src":"https:\/\/i0.wp.com\/www.grieta.org.mx\/wp-content\/uploads\/2020\/04\/enfermeras-exigen-aumento-salarial-manuel.jpeg?resize=350%2C200","width":350,"height":200,"srcset":"https:\/\/i0.wp.com\/www.grieta.org.mx\/wp-content\/uploads\/2020\/04\/enfermeras-exigen-aumento-salarial-manuel.jpeg?resize=350%2C200 1x, https:\/\/i0.wp.com\/www.grieta.org.mx\/wp-content\/uploads\/2020\/04\/enfermeras-exigen-aumento-salarial-manuel.jpeg?resize=525%2C300 1.5x, https:\/\/i0.wp.com\/www.grieta.org.mx\/wp-content\/uploads\/2020\/04\/enfermeras-exigen-aumento-salarial-manuel.jpeg?resize=700%2C400 2x"},"classes":[]},{"id":51842,"url":"http:\/\/www.grieta.org.mx\/index.php\/2020\/07\/01\/medico-del-imss-acusa-que-sin-proteccion-en-zacatecas-se-atienden-casos-de-coronavirus\/","url_meta":{"origin":53264,"position":1},"title":"M\u00e9dico del IMSS acusa que sin protecci\u00f3n, en Zacatecas se atienden casos de coronavirus","author":"grieta","date":"1 julio, 2020","format":false,"excerpt":"Armando Rosales, neurocirujano del Hospital General Zona 1 de Zacatecas, realiz\u00f3 una protesta virtual para se\u00f1alar las carencias que enfrentan al atender pacientes durante la pandemia. Blanca Valadez \/ Milenio, 01 de julio de 2020 Ciudad de M\u00e9xico \/ Un neurocirujano del Hospital General Zona 1, del IMSS Zacatecas, exigi\u00f3\u2026","rel":"","context":"En &quot;CINTILLO&quot;","block_context":{"text":"CINTILLO","link":"http:\/\/www.grieta.org.mx\/index.php\/category\/cintillo\/"},"img":{"alt_text":"","src":"https:\/\/i0.wp.com\/www.grieta.org.mx\/wp-content\/uploads\/2020\/07\/aspectos-personal-medico-atiende-pacientes_0_1_1200_746.jpg?resize=350%2C200","width":350,"height":200,"srcset":"https:\/\/i0.wp.com\/www.grieta.org.mx\/wp-content\/uploads\/2020\/07\/aspectos-personal-medico-atiende-pacientes_0_1_1200_746.jpg?resize=350%2C200 1x, https:\/\/i0.wp.com\/www.grieta.org.mx\/wp-content\/uploads\/2020\/07\/aspectos-personal-medico-atiende-pacientes_0_1_1200_746.jpg?resize=525%2C300 1.5x, https:\/\/i0.wp.com\/www.grieta.org.mx\/wp-content\/uploads\/2020\/07\/aspectos-personal-medico-atiende-pacientes_0_1_1200_746.jpg?resize=700%2C400 2x"},"classes":[]},{"id":49462,"url":"http:\/\/www.grieta.org.mx\/index.php\/2020\/05\/12\/personal-del-imss-zacatecas-protesta-en-demanda-de-material-para-covid-19\/","url_meta":{"origin":53264,"position":2},"title":"Personal del IMSS Zacatecas protesta en demanda de material para COVID-19","author":"grieta","date":"12 mayo, 2020","format":false,"excerpt":"M\u00e9dicos y enfermeras del Hospital General No.1 del Instituto Mexicano del Seguro Social (IMSS) en Zacatecas se manifestaron este martes para denunciar que a\u00fan no reciben el material necesario para atender a pacientes con el nuevo coronavirus COVID-19. Omar Hern\u00e1ndez \/ unoTV, 12 de mayo de 2020. \u00a0 El hospital\u2026","rel":"","context":"En &quot;CINTILLO&quot;","block_context":{"text":"CINTILLO","link":"http:\/\/www.grieta.org.mx\/index.php\/category\/cintillo\/"},"img":{"alt_text":"","src":"https:\/\/i0.wp.com\/www.grieta.org.mx\/wp-content\/uploads\/2020\/05\/226617-Principal.jpg?resize=350%2C200","width":350,"height":200,"srcset":"https:\/\/i0.wp.com\/www.grieta.org.mx\/wp-content\/uploads\/2020\/05\/226617-Principal.jpg?resize=350%2C200 1x, https:\/\/i0.wp.com\/www.grieta.org.mx\/wp-content\/uploads\/2020\/05\/226617-Principal.jpg?resize=525%2C300 1.5x, https:\/\/i0.wp.com\/www.grieta.org.mx\/wp-content\/uploads\/2020\/05\/226617-Principal.jpg?resize=700%2C400 2x"},"classes":[]},{"id":52681,"url":"http:\/\/www.grieta.org.mx\/index.php\/2020\/08\/07\/protestan-contra-despido-de-medico-del-imss-zacatecas\/","url_meta":{"origin":53264,"position":3},"title":"Protestan contra despido de m\u00e9dico del IMSS (Zacatecas)","author":"grieta","date":"7 agosto, 2020","format":false,"excerpt":"Zacatecasonline, 07 de Agosto de 2020 Zacatecas, Zac.- Luego de dar una conferencia de prensa en la que el neurocirujano Armando Rosales Torres anunci\u00f3 que presentar\u00e1 una demanda por despido injustificado, se realiz\u00f3 una manifestaci\u00f3n pac\u00edfica en la avenida Gonz\u00e1lez Ortega con apoyo de miembros de sindicatos que lo apoyan.\u2026","rel":"","context":"En &quot;CINTILLO&quot;","block_context":{"text":"CINTILLO","link":"http:\/\/www.grieta.org.mx\/index.php\/category\/cintillo\/"},"img":{"alt_text":"","src":"https:\/\/i0.wp.com\/www.grieta.org.mx\/wp-content\/uploads\/2018\/03\/14524434_1106112876131411_958039263622046936_o.jpg?resize=350%2C200","width":350,"height":200,"srcset":"https:\/\/i0.wp.com\/www.grieta.org.mx\/wp-content\/uploads\/2018\/03\/14524434_1106112876131411_958039263622046936_o.jpg?resize=350%2C200 1x, https:\/\/i0.wp.com\/www.grieta.org.mx\/wp-content\/uploads\/2018\/03\/14524434_1106112876131411_958039263622046936_o.jpg?resize=525%2C300 1.5x, https:\/\/i0.wp.com\/www.grieta.org.mx\/wp-content\/uploads\/2018\/03\/14524434_1106112876131411_958039263622046936_o.jpg?resize=700%2C400 2x"},"classes":[]},{"id":47240,"url":"http:\/\/www.grieta.org.mx\/index.php\/2020\/04\/04\/personal-del-imss-de-zacatecas-se-manifiesta-contra-delegada\/","url_meta":{"origin":53264,"position":4},"title":"Personal del IMSS de Zacatecas se manifiesta contra delegada","author":"grieta","date":"4 abril, 2020","format":false,"excerpt":"Aseguran que no hay liderazgo en el hospital para tomar medidas que protejan tanto al personal como a los pacientes del posible contagio de coronavirus. Redacci\u00f3n \/ Zacatecas en Imagen, 04 de abril de 2020 Zacatecas.- Personal m\u00e9dico del Hospital General de Zona 1 Dr. Emilio Varela Luj\u00e1n se manifest\u00f3\u2026","rel":"","context":"En &quot;CINTILLO&quot;","block_context":{"text":"CINTILLO","link":"http:\/\/www.grieta.org.mx\/index.php\/category\/cintillo\/"},"img":{"alt_text":"","src":"https:\/\/i0.wp.com\/www.grieta.org.mx\/wp-content\/uploads\/2020\/04\/https-_imagenzac.com_.mx_wp-content_uploads_2020_03_3-6.jpg?resize=350%2C200","width":350,"height":200,"srcset":"https:\/\/i0.wp.com\/www.grieta.org.mx\/wp-content\/uploads\/2020\/04\/https-_imagenzac.com_.mx_wp-content_uploads_2020_03_3-6.jpg?resize=350%2C200 1x, https:\/\/i0.wp.com\/www.grieta.org.mx\/wp-content\/uploads\/2020\/04\/https-_imagenzac.com_.mx_wp-content_uploads_2020_03_3-6.jpg?resize=525%2C300 1.5x, https:\/\/i0.wp.com\/www.grieta.org.mx\/wp-content\/uploads\/2020\/04\/https-_imagenzac.com_.mx_wp-content_uploads_2020_03_3-6.jpg?resize=700%2C400 2x, https:\/\/i0.wp.com\/www.grieta.org.mx\/wp-content\/uploads\/2020\/04\/https-_imagenzac.com_.mx_wp-content_uploads_2020_03_3-6.jpg?resize=1050%2C600 3x"},"classes":[]},{"id":49459,"url":"http:\/\/www.grieta.org.mx\/index.php\/2020\/05\/17\/al-imss-nuestra-vida-le-vale-madres-medico-zacatecas\/","url_meta":{"origin":53264,"position":5},"title":"Al IMSS nuestra vida le vale madres, m\u00e9dico (Zacatecas)","author":"grieta","date":"17 mayo, 2020","format":false,"excerpt":"Un m\u00e9dico del Hospital General de Zona 1 de Zacatecas exhibi\u00f3 el equipo de protecci\u00f3n insuficiente y de mala calidad Peri\u00f3dico Z\u00f3calo Por Agencia Reforma, 15 de mayo de 2020 Ciudad de M\u00e9xico.- Un m\u00e9dico del Hospital General de Zona 1 de Zacatecas exhibi\u00f3 el equipo de protecci\u00f3n insuficiente y\u2026","rel":"","context":"En &quot;CINTILLO&quot;","block_context":{"text":"CINTILLO","link":"http:\/\/www.grieta.org.mx\/index.php\/category\/cintillo\/"},"img":{"alt_text":"","src":"https:\/\/i0.wp.com\/www.grieta.org.mx\/wp-content\/uploads\/2020\/05\/https-_www.zocalo.com_.mx_images_sized_images_uploads_articles_doc-1589601723-621x354.jpg?resize=350%2C200","width":350,"height":200,"srcset":"https:\/\/i0.wp.com\/www.grieta.org.mx\/wp-content\/uploads\/2020\/05\/https-_www.zocalo.com_.mx_images_sized_images_uploads_articles_doc-1589601723-621x354.jpg?resize=350%2C200 1x, https:\/\/i0.wp.com\/www.grieta.org.mx\/wp-content\/uploads\/2020\/05\/https-_www.zocalo.com_.mx_images_sized_images_uploads_articles_doc-1589601723-621x354.jpg?resize=525%2C300 1.5x"},"classes":[]}],"_links":{"self":[{"href":"http:\/\/www.grieta.org.mx\/index.php\/wp-json\/wp\/v2\/posts\/53264","targetHints":{"allow":["GET"]}}],"collection":[{"href":"http:\/\/www.grieta.org.mx\/index.php\/wp-json\/wp\/v2\/posts"}],"about":[{"href":"http:\/\/www.grieta.org.mx\/index.php\/wp-json\/wp\/v2\/types\/post"}],"author":[{"embeddable":true,"href":"http:\/\/www.grieta.org.mx\/index.php\/wp-json\/wp\/v2\/users\/2"}],"replies":[{"embeddable":true,"href":"http:\/\/www.grieta.org.mx\/index.php\/wp-json\/wp\/v2\/comments?post=53264"}],"version-history":[{"count":1,"href":"http:\/\/www.grieta.org.mx\/index.php\/wp-json\/wp\/v2\/posts\/53264\/revisions"}],"predecessor-version":[{"id":53266,"href":"http:\/\/www.grieta.org.mx\/index.php\/wp-json\/wp\/v2\/posts\/53264\/revisions\/53266"}],"wp:featuredmedia":[{"embeddable":true,"href":"http:\/\/www.grieta.org.mx\/index.php\/wp-json\/wp\/v2\/media\/53265"}],"wp:attachment":[{"href":"http:\/\/www.grieta.org.mx\/index.php\/wp-json\/wp\/v2\/media?parent=53264"}],"wp:term":[{"taxonomy":"category","embeddable":true,"href":"http:\/\/www.grieta.org.mx\/index.php\/wp-json\/wp\/v2\/categories?post=53264"},{"taxonomy":"post_tag","embeddable":true,"href":"http:\/\/www.grieta.org.mx\/index.php\/wp-json\/wp\/v2\/tags?post=53264"}],"curies":[{"name":"wp","href":"https:\/\/api.w.org\/{rel}","templated":true}]}}