{"id":53139,"date":"2020-09-03T12:52:21","date_gmt":"2020-09-03T17:52:21","guid":{"rendered":"http:\/\/www.grieta.org.mx\/?p=53139"},"modified":"2020-09-09T13:02:29","modified_gmt":"2020-09-09T18:02:29","slug":"denuncian-que-policias-de-yucatan-dan-golpizas-a-aquellos-que-caen-en-la-carcel","status":"publish","type":"post","link":"http:\/\/www.grieta.org.mx\/index.php\/2020\/09\/03\/denuncian-que-policias-de-yucatan-dan-golpizas-a-aquellos-que-caen-en-la-carcel\/","title":{"rendered":"Denuncian que polic\u00edas de Yucat\u00e1n dan golpizas a aquellos que caen en la c\u00e1rcel"},"content":{"rendered":"<p><img loading=\"lazy\" decoding=\"async\" data-attachment-id=\"53140\" data-permalink=\"http:\/\/www.grieta.org.mx\/index.php\/2020\/09\/03\/denuncian-que-policias-de-yucatan-dan-golpizas-a-aquellos-que-caen-en-la-carcel\/yucatan_policias_abuso_policial_1-jpg_793492074\/\" data-orig-file=\"http:\/\/www.grieta.org.mx\/wp-content\/uploads\/2020\/09\/yucatan_policias_abuso_policial_1.jpg_793492074.jpg\" data-orig-size=\"718,452\" data-comments-opened=\"0\" data-image-meta=\"{&quot;aperture&quot;:&quot;0&quot;,&quot;credit&quot;:&quot;&quot;,&quot;camera&quot;:&quot;&quot;,&quot;caption&quot;:&quot;&quot;,&quot;created_timestamp&quot;:&quot;0&quot;,&quot;copyright&quot;:&quot;&quot;,&quot;focal_length&quot;:&quot;0&quot;,&quot;iso&quot;:&quot;0&quot;,&quot;shutter_speed&quot;:&quot;0&quot;,&quot;title&quot;:&quot;&quot;,&quot;orientation&quot;:&quot;0&quot;}\" data-image-title=\"yucatan_policias_abuso_policial_1.jpg_793492074\" data-image-description=\"\" data-image-caption=\"\" data-medium-file=\"http:\/\/www.grieta.org.mx\/wp-content\/uploads\/2020\/09\/yucatan_policias_abuso_policial_1.jpg_793492074-300x189.jpg\" data-large-file=\"http:\/\/www.grieta.org.mx\/wp-content\/uploads\/2020\/09\/yucatan_policias_abuso_policial_1.jpg_793492074.jpg\" src=\"http:\/\/www.grieta.org.mx\/wp-content\/uploads\/2020\/09\/yucatan_policias_abuso_policial_1.jpg_793492074.jpg\" alt=\"\" width=\"718\" height=\"452\" class=\"alignnone size-full wp-image-53140\" srcset=\"http:\/\/www.grieta.org.mx\/wp-content\/uploads\/2020\/09\/yucatan_policias_abuso_policial_1.jpg_793492074.jpg 718w, http:\/\/www.grieta.org.mx\/wp-content\/uploads\/2020\/09\/yucatan_policias_abuso_policial_1.jpg_793492074-300x189.jpg 300w\" sizes=\"auto, (max-width: 718px) 100vw, 718px\" \/><\/p>\n<p>La Verdad<\/p>\n<blockquote><p>Una vez m\u00e1s polic\u00edas de Yucat\u00e1n son acusados de abuso policial; en Hoct\u00fan, dan golpizas a aquellos que entran a la c\u00e1rcel.<\/p><\/blockquote>\n<p>De acuerdo con vecinos del municipio de Hoct\u00fan, los polic\u00edas de esta comunidad de Yucat\u00e1n ejercen abuso de poder en contra de aquellas personas que caen en la c\u00e1rcel municipal del pueblo.<\/p>\n<p>Los quejosos comentaron que est\u00e1n hartos de esta situaci\u00f3n, ya que existe una larga lista de personas severamente golpeadas por parte de los polic\u00edas, los cuales act\u00faan as\u00ed porque nadie les pone un alto.<\/p>\n<p>La denuncia fue dada a conocer por el portal de noticias \u201cConsigna Yucat\u00e1n\u201d, quien indic\u00f3 que todos los d\u00edas crece la inconformidad de la gente de Hoct\u00fan en contra de los polic\u00edas municipales por sus abusos.<\/p>\n<p>Todo lo anterior sali\u00f3 a relucir luego de que se dieran a conocer fotograf\u00edas de un vecino que fue golpeado, supuestamente por polic\u00edas locales, sin motivo aparente o justificable, ya que el hombre no es conflictivo.<\/p>\n<p>Los quejosos indicaron que es entendible que si alguien comete un delito, se le debe castigar yendo a la c\u00e1rcel, pero nada justifica que la polic\u00eda propine golpizas a todo aquel que entra a la c\u00e1rcel municipal.<\/p>\n<p>Toleran golpizas en c\u00e1rcel de Yucat\u00e1n<\/p>\n<p>Los vecinos se\u00f1alaron a las autoridades municipales de tolerar este tipo de abusos, ya que ni siquiera el actual alcalde se ha pronunciado al respecto, lo que demuestra, seg\u00fan los quejosos, que tolera los abusos.<\/p>\n<p><img loading=\"lazy\" decoding=\"async\" data-attachment-id=\"53141\" data-permalink=\"http:\/\/www.grieta.org.mx\/index.php\/2020\/09\/03\/denuncian-que-policias-de-yucatan-dan-golpizas-a-aquellos-que-caen-en-la-carcel\/policias_abuso_policial_yucatan-png_1088361657\/\" data-orig-file=\"http:\/\/www.grieta.org.mx\/wp-content\/uploads\/2020\/09\/policias_abuso_policial_yucatan.png_1088361657.png\" data-orig-size=\"600,312\" data-comments-opened=\"0\" data-image-meta=\"{&quot;aperture&quot;:&quot;0&quot;,&quot;credit&quot;:&quot;&quot;,&quot;camera&quot;:&quot;&quot;,&quot;caption&quot;:&quot;&quot;,&quot;created_timestamp&quot;:&quot;0&quot;,&quot;copyright&quot;:&quot;&quot;,&quot;focal_length&quot;:&quot;0&quot;,&quot;iso&quot;:&quot;0&quot;,&quot;shutter_speed&quot;:&quot;0&quot;,&quot;title&quot;:&quot;&quot;,&quot;orientation&quot;:&quot;0&quot;}\" data-image-title=\"policias_abuso_policial_yucatan.png_1088361657\" data-image-description=\"\" data-image-caption=\"\" data-medium-file=\"http:\/\/www.grieta.org.mx\/wp-content\/uploads\/2020\/09\/policias_abuso_policial_yucatan.png_1088361657-300x156.png\" data-large-file=\"http:\/\/www.grieta.org.mx\/wp-content\/uploads\/2020\/09\/policias_abuso_policial_yucatan.png_1088361657.png\" src=\"http:\/\/www.grieta.org.mx\/wp-content\/uploads\/2020\/09\/policias_abuso_policial_yucatan.png_1088361657.png\" alt=\"\" width=\"600\" height=\"312\" class=\"alignnone size-full wp-image-53141\" srcset=\"http:\/\/www.grieta.org.mx\/wp-content\/uploads\/2020\/09\/policias_abuso_policial_yucatan.png_1088361657.png 600w, http:\/\/www.grieta.org.mx\/wp-content\/uploads\/2020\/09\/policias_abuso_policial_yucatan.png_1088361657-300x156.png 300w\" sizes=\"auto, (max-width: 600px) 100vw, 600px\" \/><\/p>\n<p>Este caso se suma a una larga lista de abusos policiales en Yucat\u00e1n, donde en el pasado varias personas de diferentes municipios han denunciado golpes e incluso tortura por parte de las autoridades polic\u00edacas.<\/p>\n<p>De hecho, la Comisi\u00f3n Nacional de Derechos Humanos (Codhey), ha se\u00f1alado que el mayor n\u00famero de quejas de este organismo es contra la polic\u00eda, lo que demuestra el abuso policial que se vive en el estado.<\/p>\n<p> <a href=\"https:\/\/laverdadnoticias.com\/yucatan\/Denuncian-que-policias-de-Yucatan-dan-golpizas-a-aquellos-que-caen-en-la-carcel-20200903-0138.html\" rel=\"noopener noreferrer\" target=\"_blank\"> https:\/\/laverdadnoticias.com\/yucatan\/Denuncian-que-policias-de-Yucatan-dan-golpizas-a-aquellos-que-caen-en-la-carcel-20200903-0138.html  <\/a><\/p>\n","protected":false},"excerpt":{"rendered":"<p>La Verdad Una vez m\u00e1s polic\u00edas de Yucat\u00e1n son acusados de abuso policial; en Hoct\u00fan, dan golpizas a aquellos que entran a la c\u00e1rcel. De acuerdo con vecinos del municipio &hellip; <a href=\"http:\/\/www.grieta.org.mx\/index.php\/2020\/09\/03\/denuncian-que-policias-de-yucatan-dan-golpizas-a-aquellos-que-caen-en-la-carcel\/\" class=\"more-link\">Leer m\u00e1s<\/a><\/p>\n","protected":false},"author":2,"featured_media":53140,"comment_status":"closed","ping_status":"closed","sticky":false,"template":"","format":"standard","meta":{"ngg_post_thumbnail":0,"_jetpack_newsletter_access":"","_jetpack_dont_email_post_to_subs":false,"_jetpack_newsletter_tier_id":0,"_jetpack_memberships_contains_paywalled_content":false,"_jetpack_memberships_contains_paid_content":false,"footnotes":""},"categories":[2789,80,2,36],"tags":[199],"class_list":["post-53139","post","type-post","status-publish","format-standard","has-post-thumbnail","hentry","category-abuso-autoridades-en-yucatan","category-cintillo","category-noticias-nacionales","category-yucatan","tag-abuso-policiaco","entry"],"jetpack_featured_media_url":"http:\/\/www.grieta.org.mx\/wp-content\/uploads\/2020\/09\/yucatan_policias_abuso_policial_1.jpg_793492074.jpg","jetpack_sharing_enabled":true,"jetpack_shortlink":"https:\/\/wp.me\/p7ZJR4-dP5","jetpack_likes_enabled":false,"jetpack-related-posts":[{"id":60444,"url":"http:\/\/www.grieta.org.mx\/index.php\/2021\/07\/10\/policias-detienen-arbitrariamente-a-estudiantes-en-merida-yucatan\/","url_meta":{"origin":53139,"position":0},"title":"Polic\u00edas detienen arbitrariamente a estudiantes en M\u00e9rida (Yucat\u00e1n)","author":"grieta","date":"10 julio, 2021","format":false,"excerpt":"Por Herbeth Escalante \/ Haz Ruido Familiares lamentaron que los agentes sigan deteniendo a los j\u00f3venes por su forma de vestir o por su situaci\u00f3n econ\u00f3mica precaria. M\u00e9rida, Yucat\u00e1n, 10 de julio de 2021.-Elementos de la Secretar\u00eda de Seguridad P\u00fablica (SSP) detuvieron de forma arbitraria a dos j\u00f3venes estudiantes y\u2026","rel":"","context":"En &quot;Abuso Autoridades en Yucat\u00e1n&quot;","block_context":{"text":"Abuso Autoridades en Yucat\u00e1n","link":"http:\/\/www.grieta.org.mx\/index.php\/category\/noticias-nacionales\/yucatan\/abuso-autoridades-en-yucatan\/"},"img":{"alt_text":"","src":"https:\/\/i0.wp.com\/www.grieta.org.mx\/wp-content\/uploads\/2021\/07\/PoliciasMerida.png?resize=350%2C200","width":350,"height":200,"srcset":"https:\/\/i0.wp.com\/www.grieta.org.mx\/wp-content\/uploads\/2021\/07\/PoliciasMerida.png?resize=350%2C200 1x, https:\/\/i0.wp.com\/www.grieta.org.mx\/wp-content\/uploads\/2021\/07\/PoliciasMerida.png?resize=525%2C300 1.5x, https:\/\/i0.wp.com\/www.grieta.org.mx\/wp-content\/uploads\/2021\/07\/PoliciasMerida.png?resize=700%2C400 2x"},"classes":[]},{"id":55711,"url":"http:\/\/www.grieta.org.mx\/index.php\/2020\/12\/08\/denuncian-detencion-arbitraria-y-maltrato-por-parte-de-policias-de-yucatan\/","url_meta":{"origin":53139,"position":1},"title":"Denuncian detenci\u00f3n arbitraria y maltrato por parte de polic\u00edas de Yucat\u00e1n","author":"grieta","date":"8 diciembre, 2020","format":false,"excerpt":"Itzel Chan \/ Noticaribe M\u00c9RIDA, MX.- Ciudadanos de M\u00e9rida denunciaron que una vez m\u00e1s, la Polic\u00eda hizo de las suyas y detuvo a una persona de manera arbitraria y adem\u00e1s hubo testigos del maltrato que sufri\u00f3 por parte de los elementos policiacos, por lo que estos ya est\u00e1n siendo investigados.\u2026","rel":"","context":"En &quot;Abuso Autoridades en Yucat\u00e1n&quot;","block_context":{"text":"Abuso Autoridades en Yucat\u00e1n","link":"http:\/\/www.grieta.org.mx\/index.php\/category\/noticias-nacionales\/yucatan\/abuso-autoridades-en-yucatan\/"},"img":{"alt_text":"","src":"https:\/\/i0.wp.com\/www.grieta.org.mx\/wp-content\/uploads\/2020\/12\/AbusoPolici.png?resize=350%2C200","width":350,"height":200},"classes":[]},{"id":56061,"url":"http:\/\/www.grieta.org.mx\/index.php\/2020\/12\/27\/detienen-a-policias-por-muerte-de-un-detenido-en-tecoh-yucatan\/","url_meta":{"origin":53139,"position":2},"title":"Detienen a polic\u00edas por muerte de un detenido en Tecoh, Yucat\u00e1n","author":"grieta","date":"27 diciembre, 2020","format":false,"excerpt":"Rosa Santana \/ Proceso M\u00c9RIDA, Yuc. (proceso.com.mx).- Cuatro polic\u00edas del municipio de Tecoh, en Yucat\u00e1n, fueron imputados por el delito de homicidio calificado de una persona que estaba bajo su custodia. El hecho ocurri\u00f3 la noche del 24 de diciembre cuando los agentes ahora imputados acudieron a atender un reporte\u2026","rel":"","context":"En &quot;Abuso Autoridades en Yucat\u00e1n&quot;","block_context":{"text":"Abuso Autoridades en Yucat\u00e1n","link":"http:\/\/www.grieta.org.mx\/index.php\/category\/noticias-nacionales\/yucatan\/abuso-autoridades-en-yucatan\/"},"img":{"alt_text":"","src":"https:\/\/i0.wp.com\/www.grieta.org.mx\/wp-content\/uploads\/2020\/12\/PoliciasTecoh.png?resize=350%2C200","width":350,"height":200,"srcset":"https:\/\/i0.wp.com\/www.grieta.org.mx\/wp-content\/uploads\/2020\/12\/PoliciasTecoh.png?resize=350%2C200 1x, https:\/\/i0.wp.com\/www.grieta.org.mx\/wp-content\/uploads\/2020\/12\/PoliciasTecoh.png?resize=525%2C300 1.5x, https:\/\/i0.wp.com\/www.grieta.org.mx\/wp-content\/uploads\/2020\/12\/PoliciasTecoh.png?resize=700%2C400 2x"},"classes":[]},{"id":72210,"url":"http:\/\/www.grieta.org.mx\/index.php\/2025\/08\/21\/incendian-palacio-municipal-de-tzucacab-por-muerte-de-un-detenido-yucatan\/","url_meta":{"origin":53139,"position":3},"title":"Incendian Palacio Municipal de Tzucacab por muerte de un detenido (Yucat\u00e1n)","author":"grieta","date":"21 agosto, 2025","format":false,"excerpt":"Herbeth Escalante \/ Haz Ruido La protesta se sali\u00f3 de control y los habitantes provocaron da\u00f1os en el edificio del Ayuntamiento. Culpan a los polic\u00edas municipales de la muerte de un hombre en la c\u00e1rcel p\u00fablica Tzucacab, Yucat\u00e1n, 21 de agosto. \u2013 Enojados por el fallecimiento de un joven en\u2026","rel":"","context":"En &quot;Abuso Autoridades en Yucat\u00e1n&quot;","block_context":{"text":"Abuso Autoridades en Yucat\u00e1n","link":"http:\/\/www.grieta.org.mx\/index.php\/category\/noticias-nacionales\/yucatan\/abuso-autoridades-en-yucatan\/"},"img":{"alt_text":"","src":"https:\/\/i0.wp.com\/www.grieta.org.mx\/wp-content\/uploads\/2025\/08\/Tzucacab-e1755885660234.jpg?resize=350%2C200","width":350,"height":200,"srcset":"https:\/\/i0.wp.com\/www.grieta.org.mx\/wp-content\/uploads\/2025\/08\/Tzucacab-e1755885660234.jpg?resize=350%2C200 1x, https:\/\/i0.wp.com\/www.grieta.org.mx\/wp-content\/uploads\/2025\/08\/Tzucacab-e1755885660234.jpg?resize=525%2C300 1.5x, https:\/\/i0.wp.com\/www.grieta.org.mx\/wp-content\/uploads\/2025\/08\/Tzucacab-e1755885660234.jpg?resize=700%2C400 2x"},"classes":[]},{"id":54681,"url":"http:\/\/www.grieta.org.mx\/index.php\/2020\/11\/03\/otro-detenido-muere-en-manos-de-policias-de-yucatan-suman-cuatro-casos-en-lo-que-va-del-ano\/","url_meta":{"origin":53139,"position":4},"title":"Otro detenido muere en manos de polic\u00edas de Yucat\u00e1n; suman cuatro casos en lo que va del a\u00f1o","author":"grieta","date":"3 noviembre, 2020","format":false,"excerpt":"Itzel Chan \/ Noticaribe M\u00c9RIDA, MX.- Por cuarta ocasi\u00f3n, los elementos de la Secretar\u00eda de Seguridad P\u00fablica de Yucat\u00e1n, se ven en problemas, puesto que se dio a conocer que esta madrugada falleci\u00f3 un joven mientras era trasladado al Ministerio P\u00fablico. Los elementos que corresponden a la Secretar\u00eda de Seguridad\u2026","rel":"","context":"En &quot;Abuso Autoridades en Yucat\u00e1n&quot;","block_context":{"text":"Abuso Autoridades en Yucat\u00e1n","link":"http:\/\/www.grieta.org.mx\/index.php\/category\/noticias-nacionales\/yucatan\/abuso-autoridades-en-yucatan\/"},"img":{"alt_text":"","src":"https:\/\/i0.wp.com\/www.grieta.org.mx\/wp-content\/uploads\/2020\/11\/AbusoPoliciaco-e1604511879808.png?resize=350%2C200","width":350,"height":200,"srcset":"https:\/\/i0.wp.com\/www.grieta.org.mx\/wp-content\/uploads\/2020\/11\/AbusoPoliciaco-e1604511879808.png?resize=350%2C200 1x, https:\/\/i0.wp.com\/www.grieta.org.mx\/wp-content\/uploads\/2020\/11\/AbusoPoliciaco-e1604511879808.png?resize=525%2C300 1.5x, https:\/\/i0.wp.com\/www.grieta.org.mx\/wp-content\/uploads\/2020\/11\/AbusoPoliciaco-e1604511879808.png?resize=700%2C400 2x"},"classes":[]},{"id":38499,"url":"http:\/\/www.grieta.org.mx\/index.php\/2019\/08\/29\/intentan-incendiar-el-palacio-municipal-de-oxkutzcab-yucatan\/","url_meta":{"origin":53139,"position":5},"title":"Intentan incendiar el Palacio Municipal de Oxkutzcab (Yucat\u00e1n)","author":"grieta","date":"29 agosto, 2019","format":false,"excerpt":"https:\/\/youtu.be\/FqAZsmhyI2k M\u00e9rida, Yucat\u00e1n.- Una protesta a las puertas del Palacio municipal de Oxkutzcab se sali\u00f3 de control y termin\u00f3 en incendios, patrullas volteadas y bombas molotov tras la presunta muerte de un j\u00f3ven en la c\u00e1rcel municipal. Alrededor a las 9 de la noche, m\u00e1s de 300 habitantes de la\u2026","rel":"","context":"En &quot;CINTILLO&quot;","block_context":{"text":"CINTILLO","link":"http:\/\/www.grieta.org.mx\/index.php\/category\/cintillo\/"},"img":{"alt_text":"","src":"https:\/\/i0.wp.com\/www.grieta.org.mx\/wp-content\/uploads\/2019\/08\/Oxkutzcab-e1567207860159.png?resize=350%2C200","width":350,"height":200,"srcset":"https:\/\/i0.wp.com\/www.grieta.org.mx\/wp-content\/uploads\/2019\/08\/Oxkutzcab-e1567207860159.png?resize=350%2C200 1x, https:\/\/i0.wp.com\/www.grieta.org.mx\/wp-content\/uploads\/2019\/08\/Oxkutzcab-e1567207860159.png?resize=525%2C300 1.5x, https:\/\/i0.wp.com\/www.grieta.org.mx\/wp-content\/uploads\/2019\/08\/Oxkutzcab-e1567207860159.png?resize=700%2C400 2x"},"classes":[]}],"_links":{"self":[{"href":"http:\/\/www.grieta.org.mx\/index.php\/wp-json\/wp\/v2\/posts\/53139","targetHints":{"allow":["GET"]}}],"collection":[{"href":"http:\/\/www.grieta.org.mx\/index.php\/wp-json\/wp\/v2\/posts"}],"about":[{"href":"http:\/\/www.grieta.org.mx\/index.php\/wp-json\/wp\/v2\/types\/post"}],"author":[{"embeddable":true,"href":"http:\/\/www.grieta.org.mx\/index.php\/wp-json\/wp\/v2\/users\/2"}],"replies":[{"embeddable":true,"href":"http:\/\/www.grieta.org.mx\/index.php\/wp-json\/wp\/v2\/comments?post=53139"}],"version-history":[{"count":1,"href":"http:\/\/www.grieta.org.mx\/index.php\/wp-json\/wp\/v2\/posts\/53139\/revisions"}],"predecessor-version":[{"id":53142,"href":"http:\/\/www.grieta.org.mx\/index.php\/wp-json\/wp\/v2\/posts\/53139\/revisions\/53142"}],"wp:featuredmedia":[{"embeddable":true,"href":"http:\/\/www.grieta.org.mx\/index.php\/wp-json\/wp\/v2\/media\/53140"}],"wp:attachment":[{"href":"http:\/\/www.grieta.org.mx\/index.php\/wp-json\/wp\/v2\/media?parent=53139"}],"wp:term":[{"taxonomy":"category","embeddable":true,"href":"http:\/\/www.grieta.org.mx\/index.php\/wp-json\/wp\/v2\/categories?post=53139"},{"taxonomy":"post_tag","embeddable":true,"href":"http:\/\/www.grieta.org.mx\/index.php\/wp-json\/wp\/v2\/tags?post=53139"}],"curies":[{"name":"wp","href":"https:\/\/api.w.org\/{rel}","templated":true}]}}