{"id":52887,"date":"2020-08-28T18:37:42","date_gmt":"2020-08-28T23:37:42","guid":{"rendered":"http:\/\/www.grieta.org.mx\/?p=52887"},"modified":"2020-08-28T23:50:18","modified_gmt":"2020-08-29T04:50:18","slug":"mujeres-desaparecidas-y-feminicidios-a-dos-anos-de-la-alerta-de-violencia-de-genero-en-oaxaca","status":"publish","type":"post","link":"http:\/\/www.grieta.org.mx\/index.php\/2020\/08\/28\/mujeres-desaparecidas-y-feminicidios-a-dos-anos-de-la-alerta-de-violencia-de-genero-en-oaxaca\/","title":{"rendered":"Mujeres desaparecidas y feminicidios a dos a\u00f1os de la Alerta de Violencia de G\u00e9nero en Oaxaca"},"content":{"rendered":"<p>P\u00e1gina 3 \/ Comunicados<\/p>\n<p><img loading=\"lazy\" decoding=\"async\" data-attachment-id=\"52888\" data-permalink=\"http:\/\/www.grieta.org.mx\/index.php\/2020\/08\/28\/mujeres-desaparecidas-y-feminicidios-a-dos-anos-de-la-alerta-de-violencia-de-genero-en-oaxaca\/7-20\/\" data-orig-file=\"http:\/\/www.grieta.org.mx\/wp-content\/uploads\/2020\/08\/7.jpg\" data-orig-size=\"940,480\" data-comments-opened=\"0\" data-image-meta=\"{&quot;aperture&quot;:&quot;0&quot;,&quot;credit&quot;:&quot;&quot;,&quot;camera&quot;:&quot;&quot;,&quot;caption&quot;:&quot;&quot;,&quot;created_timestamp&quot;:&quot;0&quot;,&quot;copyright&quot;:&quot;&quot;,&quot;focal_length&quot;:&quot;0&quot;,&quot;iso&quot;:&quot;0&quot;,&quot;shutter_speed&quot;:&quot;0&quot;,&quot;title&quot;:&quot;&quot;,&quot;orientation&quot;:&quot;1&quot;}\" data-image-title=\"7\" data-image-description=\"\" data-image-caption=\"\" data-medium-file=\"http:\/\/www.grieta.org.mx\/wp-content\/uploads\/2020\/08\/7-300x153.jpg\" data-large-file=\"http:\/\/www.grieta.org.mx\/wp-content\/uploads\/2020\/08\/7.jpg\" class=\"alignnone wp-image-52888\" src=\"http:\/\/www.grieta.org.mx\/wp-content\/uploads\/2020\/08\/7.jpg\" alt=\"\" width=\"800\" height=\"409\" srcset=\"http:\/\/www.grieta.org.mx\/wp-content\/uploads\/2020\/08\/7.jpg 940w, http:\/\/www.grieta.org.mx\/wp-content\/uploads\/2020\/08\/7-300x153.jpg 300w, http:\/\/www.grieta.org.mx\/wp-content\/uploads\/2020\/08\/7-768x392.jpg 768w\" sizes=\"auto, (max-width: 800px) 100vw, 800px\" \/><\/p>\n<p>* La desaparici\u00f3n de mujeres se ha incrementado 74.5% (349 casos) respecto a los 200 casos registrados antes de la activaci\u00f3n del decreto.<\/p>\n<p>* Los feminicidios incrementaron 12% (142 casos) en comparaci\u00f3n con los 127 registrados durante los dos primeros a\u00f1os del gobierno estatal actual.<\/p>\n<p>En el marco de que se cumplan dos a\u00f1os de la declaratoria de Alerta de violencia de G\u00e9nero contra las Mujeres (AVGM) en Oaxaca, \u201chan sido aprobados m\u00e1s de 20.7 millones de pesos para la ejecuci\u00f3n de 11 proyectos y la implementaci\u00f3n de acciones que atiendan la violencia de g\u00e9nero\u201d en los 40 municipios que cuentan con el mecanismo de protecci\u00f3n (El Universal, 2020).<\/p>\n<p>A estos recursos se sumar\u00edan m\u00e1s de 50 millones que fueron otorgados por subsidio federal al gobierno de Alejandro Murat Hinojosa, luego de que se aprob\u00f3 el decreto[1] en el estado, el 31 de agosto de 2018 (Noticias, 2020)<\/p>\n<p>A pesar de los recursos asignados, Consorcio para el Di\u00e1logo Parlamentario y la Equidad Oaxaca refiere, con base en datos de la Plataforma de Violencia Feminicida, que del 31 de agosto de 2018 a la fecha, la desaparici\u00f3n de mujeres se ha incrementado 74.5% (349 casos) respecto a los 200 casos registrados antes del decreto, es decir del 01 diciembre de 2016 al 31 de agosto de 2018, en los 40 municipios que cuentan con Alerta de G\u00e9nero.<\/p>\n<p>En el mismo periodo, los feminicidios se incrementaron 12% (142 casos) en comparaci\u00f3n con los 127 registrados durante los primeros a\u00f1os del gobierno actual. La mayor\u00eda de las v\u00edctimas fueron asesinadas con arma de fuego (67%) y\/o fueron v\u00edctimas de un ataque armado (43%).<\/p>\n<p><img loading=\"lazy\" decoding=\"async\" data-attachment-id=\"52889\" data-permalink=\"http:\/\/www.grieta.org.mx\/index.php\/2020\/08\/28\/mujeres-desaparecidas-y-feminicidios-a-dos-anos-de-la-alerta-de-violencia-de-genero-en-oaxaca\/8-22\/\" data-orig-file=\"http:\/\/www.grieta.org.mx\/wp-content\/uploads\/2020\/08\/8.png\" data-orig-size=\"534,322\" data-comments-opened=\"0\" data-image-meta=\"{&quot;aperture&quot;:&quot;0&quot;,&quot;credit&quot;:&quot;&quot;,&quot;camera&quot;:&quot;&quot;,&quot;caption&quot;:&quot;&quot;,&quot;created_timestamp&quot;:&quot;0&quot;,&quot;copyright&quot;:&quot;&quot;,&quot;focal_length&quot;:&quot;0&quot;,&quot;iso&quot;:&quot;0&quot;,&quot;shutter_speed&quot;:&quot;0&quot;,&quot;title&quot;:&quot;&quot;,&quot;orientation&quot;:&quot;0&quot;}\" data-image-title=\"8\" data-image-description=\"\" data-image-caption=\"\" data-medium-file=\"http:\/\/www.grieta.org.mx\/wp-content\/uploads\/2020\/08\/8-300x181.png\" data-large-file=\"http:\/\/www.grieta.org.mx\/wp-content\/uploads\/2020\/08\/8.png\" class=\"alignnone wp-image-52889\" src=\"http:\/\/www.grieta.org.mx\/wp-content\/uploads\/2020\/08\/8.png\" alt=\"\" width=\"800\" height=\"482\" srcset=\"http:\/\/www.grieta.org.mx\/wp-content\/uploads\/2020\/08\/8.png 534w, http:\/\/www.grieta.org.mx\/wp-content\/uploads\/2020\/08\/8-300x181.png 300w\" sizes=\"auto, (max-width: 800px) 100vw, 800px\" \/><\/p>\n<p>La organizaci\u00f3n feminista destaca que en 5 regiones de Oaxaca -Valles Centrales, Papaloapam, Istmo, Costa y Mixteca- se registra el 95% (334 casos) del total de mujeres desaparecidas en municipios con alerta de g\u00e9nero y el 86% (121 casos) del total de feminicidios que han ocurrido durante el periodo activo del mecanismo. Lo anterior representa 56% del total de agresiones contra mujeres por raz\u00f3n de g\u00e9nero -807 casos del 31 de agosto a la fecha-.<\/p>\n<p><img loading=\"lazy\" decoding=\"async\" data-attachment-id=\"52890\" data-permalink=\"http:\/\/www.grieta.org.mx\/index.php\/2020\/08\/28\/mujeres-desaparecidas-y-feminicidios-a-dos-anos-de-la-alerta-de-violencia-de-genero-en-oaxaca\/9-19\/\" data-orig-file=\"http:\/\/www.grieta.org.mx\/wp-content\/uploads\/2020\/08\/9.png\" data-orig-size=\"608,272\" data-comments-opened=\"0\" data-image-meta=\"{&quot;aperture&quot;:&quot;0&quot;,&quot;credit&quot;:&quot;&quot;,&quot;camera&quot;:&quot;&quot;,&quot;caption&quot;:&quot;&quot;,&quot;created_timestamp&quot;:&quot;0&quot;,&quot;copyright&quot;:&quot;&quot;,&quot;focal_length&quot;:&quot;0&quot;,&quot;iso&quot;:&quot;0&quot;,&quot;shutter_speed&quot;:&quot;0&quot;,&quot;title&quot;:&quot;&quot;,&quot;orientation&quot;:&quot;0&quot;}\" data-image-title=\"9\" data-image-description=\"\" data-image-caption=\"\" data-medium-file=\"http:\/\/www.grieta.org.mx\/wp-content\/uploads\/2020\/08\/9-300x134.png\" data-large-file=\"http:\/\/www.grieta.org.mx\/wp-content\/uploads\/2020\/08\/9.png\" class=\"alignnone wp-image-52890\" src=\"http:\/\/www.grieta.org.mx\/wp-content\/uploads\/2020\/08\/9.png\" alt=\"\" width=\"800\" height=\"358\" srcset=\"http:\/\/www.grieta.org.mx\/wp-content\/uploads\/2020\/08\/9.png 608w, http:\/\/www.grieta.org.mx\/wp-content\/uploads\/2020\/08\/9-300x134.png 300w\" sizes=\"auto, (max-width: 800px) 100vw, 800px\" \/><\/p>\n<p>Dentro de las regiones anteriores, los municipios con alerta de g\u00e9nero con las cifras m\u00e1s altas en desaparici\u00f3n de mujeres son: Oaxaca de Ju\u00e1rez con 101 casos; San Juan Bautista Tuxtepec con 42; Salina Cruz con 16; San Pedro Mixtepec con 12 y Huajuapan de Le\u00f3n con 20 casos.<\/p>\n<p>En el mismo contexto, los municipios con mayor registro de feminicidios son: San Juan Bautista Tuxtepec, 27 casos; le sigue Juchit\u00e1n de Zaragoza con 10; Oaxaca de Ju\u00e1rez 9; Huajuapan de Le\u00f3n y Ciudad de Tlaxiaco suman 8 casos y San Pedro Pochutla registra7.<\/p>\n<p>La informaci\u00f3n obtenidaen la Plataforma de Violencia Feminicida tambi\u00e9n refleja que, del total de mujeres desaparecidas en las 40 localidades con alerta de g\u00e9nero (349), tan s\u00f3lo 22% de las v\u00edctimas (75 casos) se reportan como \u201clocalizadas\u201d Sin embargo, los datos no reflejan informaci\u00f3n sobre el estado de salud f\u00edsica y psicoemocional en el que fueron encontradas, pues la mayor\u00eda de notas publicadas en diarios locales e instancias como la Fiscal\u00eda General de Oaxaca (FGEO) y la Fiscal\u00eda de Personas Desaparecidas (DNOL) no recuperan informaci\u00f3n ni detalles al respecto.<\/p>\n<p>Es sabido que la desaparici\u00f3n de mujeres, en muchos de los casos, termina en feminicidio, pues la ruta de impunidad es una constante en municipios de alta peligrosidad y vulnerabilidad para las mujeres en Oaxaca. La atenci\u00f3n dilatada y deficiente de las autoridades correspondientes, la presencia del crimen organizado, el flujo ilegal de armas de fuego, la trata de personas, el comercio sexual, y la marginaci\u00f3n y pobreza en que sobreviven cientos de ni\u00f1as y mujeres refleja la ausencia de mecanismos eficaces de fiscalizaci\u00f3n sobre el uso y asignaci\u00f3n de los recursos para la erradicaci\u00f3n de la violencia de g\u00e9nero, principalmente en lo que se refiere a la evaluaci\u00f3n de resultados alcanzados en el tema a casi dos a\u00f1os de la declaratoria en 40 municipios de la entidad.<\/p>\n<p><img loading=\"lazy\" decoding=\"async\" data-attachment-id=\"52891\" data-permalink=\"http:\/\/www.grieta.org.mx\/index.php\/2020\/08\/28\/mujeres-desaparecidas-y-feminicidios-a-dos-anos-de-la-alerta-de-violencia-de-genero-en-oaxaca\/10-18\/\" data-orig-file=\"http:\/\/www.grieta.org.mx\/wp-content\/uploads\/2020\/08\/10.jpg\" data-orig-size=\"940,788\" data-comments-opened=\"0\" data-image-meta=\"{&quot;aperture&quot;:&quot;0&quot;,&quot;credit&quot;:&quot;&quot;,&quot;camera&quot;:&quot;&quot;,&quot;caption&quot;:&quot;&quot;,&quot;created_timestamp&quot;:&quot;0&quot;,&quot;copyright&quot;:&quot;&quot;,&quot;focal_length&quot;:&quot;0&quot;,&quot;iso&quot;:&quot;0&quot;,&quot;shutter_speed&quot;:&quot;0&quot;,&quot;title&quot;:&quot;&quot;,&quot;orientation&quot;:&quot;1&quot;}\" data-image-title=\"10\" data-image-description=\"\" data-image-caption=\"\" data-medium-file=\"http:\/\/www.grieta.org.mx\/wp-content\/uploads\/2020\/08\/10-300x251.jpg\" data-large-file=\"http:\/\/www.grieta.org.mx\/wp-content\/uploads\/2020\/08\/10.jpg\" class=\"alignnone wp-image-52891\" src=\"http:\/\/www.grieta.org.mx\/wp-content\/uploads\/2020\/08\/10.jpg\" alt=\"\" width=\"800\" height=\"671\" srcset=\"http:\/\/www.grieta.org.mx\/wp-content\/uploads\/2020\/08\/10.jpg 940w, http:\/\/www.grieta.org.mx\/wp-content\/uploads\/2020\/08\/10-300x251.jpg 300w, http:\/\/www.grieta.org.mx\/wp-content\/uploads\/2020\/08\/10-768x644.jpg 768w, http:\/\/www.grieta.org.mx\/wp-content\/uploads\/2020\/08\/10-596x500.jpg 596w\" sizes=\"auto, (max-width: 800px) 100vw, 800px\" \/><\/p>\n<p><img loading=\"lazy\" decoding=\"async\" data-attachment-id=\"52892\" data-permalink=\"http:\/\/www.grieta.org.mx\/index.php\/2020\/08\/28\/mujeres-desaparecidas-y-feminicidios-a-dos-anos-de-la-alerta-de-violencia-de-genero-en-oaxaca\/11-17\/\" data-orig-file=\"http:\/\/www.grieta.org.mx\/wp-content\/uploads\/2020\/08\/11-1.jpg\" data-orig-size=\"940,788\" data-comments-opened=\"0\" data-image-meta=\"{&quot;aperture&quot;:&quot;0&quot;,&quot;credit&quot;:&quot;&quot;,&quot;camera&quot;:&quot;&quot;,&quot;caption&quot;:&quot;&quot;,&quot;created_timestamp&quot;:&quot;0&quot;,&quot;copyright&quot;:&quot;&quot;,&quot;focal_length&quot;:&quot;0&quot;,&quot;iso&quot;:&quot;0&quot;,&quot;shutter_speed&quot;:&quot;0&quot;,&quot;title&quot;:&quot;&quot;,&quot;orientation&quot;:&quot;1&quot;}\" data-image-title=\"11\" data-image-description=\"\" data-image-caption=\"\" data-medium-file=\"http:\/\/www.grieta.org.mx\/wp-content\/uploads\/2020\/08\/11-1-300x251.jpg\" data-large-file=\"http:\/\/www.grieta.org.mx\/wp-content\/uploads\/2020\/08\/11-1.jpg\" class=\"alignnone wp-image-52892\" src=\"http:\/\/www.grieta.org.mx\/wp-content\/uploads\/2020\/08\/11-1.jpg\" alt=\"\" width=\"800\" height=\"671\" srcset=\"http:\/\/www.grieta.org.mx\/wp-content\/uploads\/2020\/08\/11-1.jpg 940w, http:\/\/www.grieta.org.mx\/wp-content\/uploads\/2020\/08\/11-1-300x251.jpg 300w, http:\/\/www.grieta.org.mx\/wp-content\/uploads\/2020\/08\/11-1-768x644.jpg 768w, http:\/\/www.grieta.org.mx\/wp-content\/uploads\/2020\/08\/11-1-596x500.jpg 596w\" sizes=\"auto, (max-width: 800px) 100vw, 800px\" \/><\/p>\n<p><img loading=\"lazy\" decoding=\"async\" data-attachment-id=\"52893\" data-permalink=\"http:\/\/www.grieta.org.mx\/index.php\/2020\/08\/28\/mujeres-desaparecidas-y-feminicidios-a-dos-anos-de-la-alerta-de-violencia-de-genero-en-oaxaca\/13-10\/\" data-orig-file=\"http:\/\/www.grieta.org.mx\/wp-content\/uploads\/2020\/08\/13-1.jpg\" data-orig-size=\"940,788\" data-comments-opened=\"0\" data-image-meta=\"{&quot;aperture&quot;:&quot;0&quot;,&quot;credit&quot;:&quot;&quot;,&quot;camera&quot;:&quot;&quot;,&quot;caption&quot;:&quot;&quot;,&quot;created_timestamp&quot;:&quot;0&quot;,&quot;copyright&quot;:&quot;&quot;,&quot;focal_length&quot;:&quot;0&quot;,&quot;iso&quot;:&quot;0&quot;,&quot;shutter_speed&quot;:&quot;0&quot;,&quot;title&quot;:&quot;&quot;,&quot;orientation&quot;:&quot;1&quot;}\" data-image-title=\"13\" data-image-description=\"\" data-image-caption=\"\" data-medium-file=\"http:\/\/www.grieta.org.mx\/wp-content\/uploads\/2020\/08\/13-1-300x251.jpg\" data-large-file=\"http:\/\/www.grieta.org.mx\/wp-content\/uploads\/2020\/08\/13-1.jpg\" class=\"alignnone wp-image-52893\" src=\"http:\/\/www.grieta.org.mx\/wp-content\/uploads\/2020\/08\/13-1.jpg\" alt=\"\" width=\"800\" height=\"671\" srcset=\"http:\/\/www.grieta.org.mx\/wp-content\/uploads\/2020\/08\/13-1.jpg 940w, http:\/\/www.grieta.org.mx\/wp-content\/uploads\/2020\/08\/13-1-300x251.jpg 300w, http:\/\/www.grieta.org.mx\/wp-content\/uploads\/2020\/08\/13-1-768x644.jpg 768w, http:\/\/www.grieta.org.mx\/wp-content\/uploads\/2020\/08\/13-1-596x500.jpg 596w\" sizes=\"auto, (max-width: 800px) 100vw, 800px\" \/><\/p>\n<p><img loading=\"lazy\" decoding=\"async\" data-attachment-id=\"52894\" data-permalink=\"http:\/\/www.grieta.org.mx\/index.php\/2020\/08\/28\/mujeres-desaparecidas-y-feminicidios-a-dos-anos-de-la-alerta-de-violencia-de-genero-en-oaxaca\/14-9\/\" data-orig-file=\"http:\/\/www.grieta.org.mx\/wp-content\/uploads\/2020\/08\/14-1.jpg\" data-orig-size=\"940,788\" data-comments-opened=\"0\" data-image-meta=\"{&quot;aperture&quot;:&quot;0&quot;,&quot;credit&quot;:&quot;&quot;,&quot;camera&quot;:&quot;&quot;,&quot;caption&quot;:&quot;&quot;,&quot;created_timestamp&quot;:&quot;0&quot;,&quot;copyright&quot;:&quot;&quot;,&quot;focal_length&quot;:&quot;0&quot;,&quot;iso&quot;:&quot;0&quot;,&quot;shutter_speed&quot;:&quot;0&quot;,&quot;title&quot;:&quot;&quot;,&quot;orientation&quot;:&quot;1&quot;}\" data-image-title=\"14\" data-image-description=\"\" data-image-caption=\"\" data-medium-file=\"http:\/\/www.grieta.org.mx\/wp-content\/uploads\/2020\/08\/14-1-300x251.jpg\" data-large-file=\"http:\/\/www.grieta.org.mx\/wp-content\/uploads\/2020\/08\/14-1.jpg\" class=\"alignnone wp-image-52894\" src=\"http:\/\/www.grieta.org.mx\/wp-content\/uploads\/2020\/08\/14-1.jpg\" alt=\"\" width=\"800\" height=\"671\" srcset=\"http:\/\/www.grieta.org.mx\/wp-content\/uploads\/2020\/08\/14-1.jpg 940w, http:\/\/www.grieta.org.mx\/wp-content\/uploads\/2020\/08\/14-1-300x251.jpg 300w, http:\/\/www.grieta.org.mx\/wp-content\/uploads\/2020\/08\/14-1-768x644.jpg 768w, http:\/\/www.grieta.org.mx\/wp-content\/uploads\/2020\/08\/14-1-596x500.jpg 596w\" sizes=\"auto, (max-width: 800px) 100vw, 800px\" \/><\/p>\n<p><img loading=\"lazy\" decoding=\"async\" data-attachment-id=\"52895\" data-permalink=\"http:\/\/www.grieta.org.mx\/index.php\/2020\/08\/28\/mujeres-desaparecidas-y-feminicidios-a-dos-anos-de-la-alerta-de-violencia-de-genero-en-oaxaca\/15-9\/\" data-orig-file=\"http:\/\/www.grieta.org.mx\/wp-content\/uploads\/2020\/08\/15-1.jpg\" data-orig-size=\"940,788\" data-comments-opened=\"0\" data-image-meta=\"{&quot;aperture&quot;:&quot;0&quot;,&quot;credit&quot;:&quot;&quot;,&quot;camera&quot;:&quot;&quot;,&quot;caption&quot;:&quot;&quot;,&quot;created_timestamp&quot;:&quot;0&quot;,&quot;copyright&quot;:&quot;&quot;,&quot;focal_length&quot;:&quot;0&quot;,&quot;iso&quot;:&quot;0&quot;,&quot;shutter_speed&quot;:&quot;0&quot;,&quot;title&quot;:&quot;&quot;,&quot;orientation&quot;:&quot;1&quot;}\" data-image-title=\"15\" data-image-description=\"\" data-image-caption=\"\" data-medium-file=\"http:\/\/www.grieta.org.mx\/wp-content\/uploads\/2020\/08\/15-1-300x251.jpg\" data-large-file=\"http:\/\/www.grieta.org.mx\/wp-content\/uploads\/2020\/08\/15-1.jpg\" class=\"alignnone wp-image-52895\" src=\"http:\/\/www.grieta.org.mx\/wp-content\/uploads\/2020\/08\/15-1.jpg\" alt=\"\" width=\"800\" height=\"671\" srcset=\"http:\/\/www.grieta.org.mx\/wp-content\/uploads\/2020\/08\/15-1.jpg 940w, http:\/\/www.grieta.org.mx\/wp-content\/uploads\/2020\/08\/15-1-300x251.jpg 300w, http:\/\/www.grieta.org.mx\/wp-content\/uploads\/2020\/08\/15-1-768x644.jpg 768w, http:\/\/www.grieta.org.mx\/wp-content\/uploads\/2020\/08\/15-1-596x500.jpg 596w\" sizes=\"auto, (max-width: 800px) 100vw, 800px\" \/><\/p>\n<p>Oaxaca de Ju\u00e1rez a 27 de Agosto de 2020<\/p>\n<p>REFERENCIAS<\/p>\n<p>Animalpolitico.com (20 de julio de 2020). Garantizaron recursos de alertas de g\u00e9nero, pero falta revisar a fondo su funcionamiento: feministas. Disponible en: https:\/\/www.animalpolitico.com\/2020\/07\/alertas-genero-segob-utilidad-presupuesto\/<\/p>\n<p>Consorcio Oaxaca (2020). Plataforma de Violencia Feminicida en Oaxaca. Disponible en: https:\/\/violenciafeminicida.consorciooaxaca.org.mx\/<\/p>\n<p>El Universal (21 de julio de 2020). Recibe Oaxaca 30 mdp menos que en 2018 para atender Alerta de G\u00e9nero.<\/p>\n<p>Segob niega recorte. Disponible en: https:\/\/oaxaca.eluniversal.com.mx\/estatal\/21-07-2020\/recibe-oaxaca-30-dp-menos-que-en-2018-para-atender-alerta-de-genero-segob-niega<\/p>\n<p>Nvinoticias.com (07 de julio de 2020).Dar\u00e1n 20.7 millones de pesos a Oaxaca para atender violencia de g\u00e9nero. Disponible en:https:\/\/www.nvinoticias.com\/nota\/153282\/para-alerta-de-violencia-de-genero-en-oaxaca-se-otorgaron-20-mdp<\/p>\n<p><a href=\"https:\/\/pagina3.mx\/2020\/08\/mujeres-desaparecidas-y-feminicidios-a-dos-anos-de-la-alerta-de-violencia-de-genero-en-oaxaca\/\" target=\"_blank\" rel=\"noopener noreferrer\">https:\/\/pagina3.mx\/2020\/08\/mujeres-desaparecidas-y-feminicidios-a-dos-anos-de-la-alerta-de-violencia-de-genero-en-oaxaca\/<\/a><\/p>\n","protected":false},"excerpt":{"rendered":"<p>P\u00e1gina 3 \/ Comunicados * La desaparici\u00f3n de mujeres se ha incrementado 74.5% (349 casos) respecto a los 200 casos registrados antes de la activaci\u00f3n del decreto. * Los feminicidios &hellip; <a href=\"http:\/\/www.grieta.org.mx\/index.php\/2020\/08\/28\/mujeres-desaparecidas-y-feminicidios-a-dos-anos-de-la-alerta-de-violencia-de-genero-en-oaxaca\/\" class=\"more-link\">Leer m\u00e1s<\/a><\/p>\n","protected":false},"author":2,"featured_media":52888,"comment_status":"closed","ping_status":"closed","sticky":false,"template":"","format":"standard","meta":{"ngg_post_thumbnail":0,"_jetpack_newsletter_access":"","_jetpack_dont_email_post_to_subs":false,"_jetpack_newsletter_tier_id":0,"_jetpack_memberships_contains_paywalled_content":false,"_jetpack_memberships_contains_paid_content":false,"footnotes":""},"categories":[80,1325,2,25,1665],"tags":[],"class_list":["post-52887","post","type-post","status-publish","format-standard","has-post-thumbnail","hentry","category-cintillo","category-feminicidios-en-oaxaca-oaxaca","category-noticias-nacionales","category-oaxaca","category-violencia-contra-las-mujeres-en-oaxaca","entry"],"jetpack_featured_media_url":"http:\/\/www.grieta.org.mx\/wp-content\/uploads\/2020\/08\/7.jpg","jetpack_sharing_enabled":true,"jetpack_shortlink":"https:\/\/wp.me\/p7ZJR4-dL1","jetpack_likes_enabled":false,"jetpack-related-posts":[{"id":52884,"url":"http:\/\/www.grieta.org.mx\/index.php\/2020\/08\/14\/van-127-feminicidios-pese-a-alerta-de-violencia-de-genero-en-oaxaca\/","url_meta":{"origin":52887,"position":0},"title":"Van 127 feminicidios pese a Alerta de Violencia de G\u00e9nero en Oaxaca","author":"grieta","date":"14 agosto, 2020","format":false,"excerpt":"Proceso \/ Pedro Mat\u00edas. Mujeres ind\u00edgenas durante una protesta. Foto: Isa\u00edn Mandujano. OAXACA, Oax. (apro).- A casi dos a\u00f1os de la declaratoria de la Alerta de Violencia de G\u00e9nero contra las Mujeres (AVGM), los ataques presentan niveles preocupantes en 40 municipios de Oaxaca, al registrarse 127 feminicidios, 241 desapariciones y\u2026","rel":"","context":"En &quot;CINTILLO&quot;","block_context":{"text":"CINTILLO","link":"http:\/\/www.grieta.org.mx\/index.php\/category\/cintillo\/"},"img":{"alt_text":"","src":"https:\/\/i0.wp.com\/www.grieta.org.mx\/wp-content\/uploads\/2018\/03\/14524434_1106112876131411_958039263622046936_o.jpg?resize=350%2C200","width":350,"height":200,"srcset":"https:\/\/i0.wp.com\/www.grieta.org.mx\/wp-content\/uploads\/2018\/03\/14524434_1106112876131411_958039263622046936_o.jpg?resize=350%2C200 1x, https:\/\/i0.wp.com\/www.grieta.org.mx\/wp-content\/uploads\/2018\/03\/14524434_1106112876131411_958039263622046936_o.jpg?resize=525%2C300 1.5x, https:\/\/i0.wp.com\/www.grieta.org.mx\/wp-content\/uploads\/2018\/03\/14524434_1106112876131411_958039263622046936_o.jpg?resize=700%2C400 2x"},"classes":[]},{"id":51988,"url":"http:\/\/www.grieta.org.mx\/index.php\/2020\/07\/21\/234-mujeres-asesinadas-en-oaxaca-a-dos-anos-de-la-alerta-de-violencia-de-genero\/","url_meta":{"origin":52887,"position":1},"title":"234 mujeres asesinadas en Oaxaca, a dos a\u00f1os de la Alerta de Violencia de G\u00e9nero","author":"grieta","date":"21 julio, 2020","format":false,"excerpt":"Noticias \/ Citlalli Luciana. *AVGM fue emitida en 40 municipios de Oaxaca A casi dos a\u00f1os de que se emitiera la Alerta de Violencia de G\u00e9nero contra las Mujeres en 40 municipios de Oaxaca, los \u00edndices de violencia feminicida evidencian la falta de impacto para salvaguardar su vida. En ese\u2026","rel":"","context":"En &quot;CINTILLO&quot;","block_context":{"text":"CINTILLO","link":"http:\/\/www.grieta.org.mx\/index.php\/category\/cintillo\/"},"img":{"alt_text":"","src":"https:\/\/i0.wp.com\/www.grieta.org.mx\/wp-content\/uploads\/2018\/03\/14524434_1106112876131411_958039263622046936_o.jpg?resize=350%2C200","width":350,"height":200,"srcset":"https:\/\/i0.wp.com\/www.grieta.org.mx\/wp-content\/uploads\/2018\/03\/14524434_1106112876131411_958039263622046936_o.jpg?resize=350%2C200 1x, https:\/\/i0.wp.com\/www.grieta.org.mx\/wp-content\/uploads\/2018\/03\/14524434_1106112876131411_958039263622046936_o.jpg?resize=525%2C300 1.5x, https:\/\/i0.wp.com\/www.grieta.org.mx\/wp-content\/uploads\/2018\/03\/14524434_1106112876131411_958039263622046936_o.jpg?resize=700%2C400 2x"},"classes":[]},{"id":56695,"url":"http:\/\/www.grieta.org.mx\/index.php\/2021\/01\/28\/oaxaca-en-semaforo-rojo-por-feminicidios-y-murar-prioriza-coyuntura-electoral-consorcio\/","url_meta":{"origin":52887,"position":2},"title":"Oaxaca en sem\u00e1foro rojo por feminicidios y Murar prioriza coyuntura electoral: Consorcio","author":"grieta","date":"28 enero, 2021","format":false,"excerpt":"P\u00e1gina 3 \/ Pedro Mat\u00edas. OAXACA, Oax. (pagina3.mx).- Mientras que el gobierno de Alejandro Murat Hinojosa prioriza la coyuntura electoral que se aproxima, en Oaxaca sigue en aumento \u201cla matanza impune de mujeres y ni\u00f1as\u201d, afirm\u00f3 Consorcio para el Di\u00e1logo Parlamentario y la Equidad en un pronunciamiento intitulado \u201c\u00a1Alerta, sem\u00e1foro\u2026","rel":"","context":"En &quot;CINTILLO&quot;","block_context":{"text":"CINTILLO","link":"http:\/\/www.grieta.org.mx\/index.php\/category\/cintillo\/"},"img":{"alt_text":"","src":"https:\/\/i0.wp.com\/www.grieta.org.mx\/wp-content\/uploads\/2021\/02\/1.jpg?resize=350%2C200","width":350,"height":200,"srcset":"https:\/\/i0.wp.com\/www.grieta.org.mx\/wp-content\/uploads\/2021\/02\/1.jpg?resize=350%2C200 1x, https:\/\/i0.wp.com\/www.grieta.org.mx\/wp-content\/uploads\/2021\/02\/1.jpg?resize=525%2C300 1.5x, https:\/\/i0.wp.com\/www.grieta.org.mx\/wp-content\/uploads\/2021\/02\/1.jpg?resize=700%2C400 2x"},"classes":[]},{"id":24773,"url":"http:\/\/www.grieta.org.mx\/index.php\/2018\/07\/16\/mas-de-198-feminicidios-en-oaxaca-urge-declarar-alerta-de-genero\/","url_meta":{"origin":52887,"position":3},"title":"M\u00e1s de 198 feminicidios en Oaxaca, urge declarar alerta de g\u00e9nero","author":"grieta","date":"16 julio, 2018","format":false,"excerpt":"P\u00e1gina 3. Diana Manzo \/ Corresponsal, Juchit\u00e1n, Oaxaca.- Paulina Tolentino L\u00f3pez de 16 a\u00f1os de edad desapareci\u00f3 hace una semana en Juchit\u00e1n y todav\u00eda no aparece, seg\u00fan la organizaci\u00f3n social Consorcio para la Equidad y G\u00e9nero suman 278 mujeres las desaparecidas en Oaxaca desde la administraci\u00f3n del actual gobernador Alejandro\u2026","rel":"","context":"En &quot;CINTILLO&quot;","block_context":{"text":"CINTILLO","link":"http:\/\/www.grieta.org.mx\/index.php\/category\/cintillo\/"},"img":{"alt_text":"","src":"https:\/\/i0.wp.com\/www.grieta.org.mx\/wp-content\/uploads\/2018\/07\/feminicidio-en-Oaxaca.jpg?resize=350%2C200","width":350,"height":200,"srcset":"https:\/\/i0.wp.com\/www.grieta.org.mx\/wp-content\/uploads\/2018\/07\/feminicidio-en-Oaxaca.jpg?resize=350%2C200 1x, https:\/\/i0.wp.com\/www.grieta.org.mx\/wp-content\/uploads\/2018\/07\/feminicidio-en-Oaxaca.jpg?resize=525%2C300 1.5x, https:\/\/i0.wp.com\/www.grieta.org.mx\/wp-content\/uploads\/2018\/07\/feminicidio-en-Oaxaca.jpg?resize=700%2C400 2x"},"classes":[]},{"id":53174,"url":"http:\/\/www.grieta.org.mx\/index.php\/2020\/09\/03\/balean-a-doctora-mientras-daba-consulta-en-un-sanatorio-de-oaxaca\/","url_meta":{"origin":52887,"position":4},"title":"Balean a doctora mientras daba consulta en un sanatorio de Oaxaca","author":"grieta","date":"3 septiembre, 2020","format":false,"excerpt":"Proceso \/ Pedro Mat\u00edas. OAXACA, Oax. (apro).- La doctora Isabel R.V., de 42 a\u00f1os de edad, recibi\u00f3 un balazo en la cabeza mientras daba consulta en el sanatorio Los \u00c1ngeles ubicado en el centro del municipio de Putla de Guerrero, incluido en la lista de 40 localidades de Oaxaca que\u2026","rel":"","context":"En &quot;CINTILLO&quot;","block_context":{"text":"CINTILLO","link":"http:\/\/www.grieta.org.mx\/index.php\/category\/cintillo\/"},"img":{"alt_text":"","src":"https:\/\/i0.wp.com\/www.grieta.org.mx\/wp-content\/uploads\/2020\/09\/XX.jpg?resize=350%2C200","width":350,"height":200,"srcset":"https:\/\/i0.wp.com\/www.grieta.org.mx\/wp-content\/uploads\/2020\/09\/XX.jpg?resize=350%2C200 1x, https:\/\/i0.wp.com\/www.grieta.org.mx\/wp-content\/uploads\/2020\/09\/XX.jpg?resize=525%2C300 1.5x, https:\/\/i0.wp.com\/www.grieta.org.mx\/wp-content\/uploads\/2020\/09\/XX.jpg?resize=700%2C400 2x"},"classes":[]},{"id":53424,"url":"http:\/\/www.grieta.org.mx\/index.php\/2020\/09\/13\/fiscal-de-oaxaca-admite-493-homicidios-de-mujeres-trato-135-como-feminicidio\/","url_meta":{"origin":52887,"position":5},"title":"Fiscal de Oaxaca admite 493 homicidios de mujeres; trat\u00f3 135 como feminicidio","author":"grieta","date":"13 septiembre, 2020","format":false,"excerpt":"Proceso \/ Pedro Mat\u00edas. El fiscal de Oaxaca, Rub\u00e9n Vasconcelos M\u00e9ndez, en una comparecencia ante integrantes Comisi\u00f3n de G\u00e9nero y Feminicidios del Congreso del Estado. Foto: Twitter @CongresoOaxLXIV. OAXACA, Oax. (proceso.com.mx).\u2013 La Fiscal\u00eda General de Oaxaca reconoci\u00f3 que 493 mujeres han sido asesinadas en la entidad del 2017 al mes\u2026","rel":"","context":"En &quot;CINTILLO&quot;","block_context":{"text":"CINTILLO","link":"http:\/\/www.grieta.org.mx\/index.php\/category\/cintillo\/"},"img":{"alt_text":"","src":"https:\/\/i0.wp.com\/www.grieta.org.mx\/wp-content\/uploads\/2018\/03\/14524434_1106112876131411_958039263622046936_o.jpg?resize=350%2C200","width":350,"height":200,"srcset":"https:\/\/i0.wp.com\/www.grieta.org.mx\/wp-content\/uploads\/2018\/03\/14524434_1106112876131411_958039263622046936_o.jpg?resize=350%2C200 1x, https:\/\/i0.wp.com\/www.grieta.org.mx\/wp-content\/uploads\/2018\/03\/14524434_1106112876131411_958039263622046936_o.jpg?resize=525%2C300 1.5x, https:\/\/i0.wp.com\/www.grieta.org.mx\/wp-content\/uploads\/2018\/03\/14524434_1106112876131411_958039263622046936_o.jpg?resize=700%2C400 2x"},"classes":[]}],"_links":{"self":[{"href":"http:\/\/www.grieta.org.mx\/index.php\/wp-json\/wp\/v2\/posts\/52887","targetHints":{"allow":["GET"]}}],"collection":[{"href":"http:\/\/www.grieta.org.mx\/index.php\/wp-json\/wp\/v2\/posts"}],"about":[{"href":"http:\/\/www.grieta.org.mx\/index.php\/wp-json\/wp\/v2\/types\/post"}],"author":[{"embeddable":true,"href":"http:\/\/www.grieta.org.mx\/index.php\/wp-json\/wp\/v2\/users\/2"}],"replies":[{"embeddable":true,"href":"http:\/\/www.grieta.org.mx\/index.php\/wp-json\/wp\/v2\/comments?post=52887"}],"version-history":[{"count":1,"href":"http:\/\/www.grieta.org.mx\/index.php\/wp-json\/wp\/v2\/posts\/52887\/revisions"}],"predecessor-version":[{"id":52898,"href":"http:\/\/www.grieta.org.mx\/index.php\/wp-json\/wp\/v2\/posts\/52887\/revisions\/52898"}],"wp:featuredmedia":[{"embeddable":true,"href":"http:\/\/www.grieta.org.mx\/index.php\/wp-json\/wp\/v2\/media\/52888"}],"wp:attachment":[{"href":"http:\/\/www.grieta.org.mx\/index.php\/wp-json\/wp\/v2\/media?parent=52887"}],"wp:term":[{"taxonomy":"category","embeddable":true,"href":"http:\/\/www.grieta.org.mx\/index.php\/wp-json\/wp\/v2\/categories?post=52887"},{"taxonomy":"post_tag","embeddable":true,"href":"http:\/\/www.grieta.org.mx\/index.php\/wp-json\/wp\/v2\/tags?post=52887"}],"curies":[{"name":"wp","href":"https:\/\/api.w.org\/{rel}","templated":true}]}}