{"id":52847,"date":"2019-07-04T10:36:41","date_gmt":"2019-07-04T15:36:41","guid":{"rendered":"http:\/\/www.grieta.org.mx\/?p=52847"},"modified":"2021-06-24T00:32:45","modified_gmt":"2021-06-24T05:32:45","slug":"megaproyectos-devoran-la-peninsula-de-yucatan-y-amenazan-a-los-pueblos-mayas","status":"publish","type":"post","link":"http:\/\/www.grieta.org.mx\/index.php\/2019\/07\/04\/megaproyectos-devoran-la-peninsula-de-yucatan-y-amenazan-a-los-pueblos-mayas\/","title":{"rendered":"Megaproyectos devoran la Pen\u00ednsula de Yucat\u00e1n y amenazan a los pueblos mayas"},"content":{"rendered":"<p>CCMSS<\/p>\n<blockquote><p> Presentan organizaciones una herramienta de visualizaci\u00f3n cartogr\u00e1fica en l\u00ednea que permite observar el avance de megaproyectos sobre los territorios ind\u00edgenas y campesinos de la regi\u00f3n.<br \/>\n    Voceros de comunidades mayas denuncian este modelo de desarrollo que se basa en el despojo, y reafirman que el proyecto del Tren Maya forma parte de ese mismo proceso.<\/p><\/blockquote>\n<p>En los pasados 30 a\u00f1os, cuatro sectores econ\u00f3micos han crecido m\u00e1s all\u00e1 de las necesidades de las poblaciones de la Pen\u00ednsula de Yucat\u00e1n: inmobiliario, tur\u00edstico, agroindustrial y energ\u00e9tico. Su expansi\u00f3n responde a los intereses de las empresas que los lideran y se opone tanto a la reproducci\u00f3n y mantenimiento de la base de recursos naturales en la regi\u00f3n como a la calidad de vida de sus habitantes, dieron a conocer Geocomunes y el Consejo Civil Mexicano para la Silvicultura Sostenible, A. C. (CCMSS).<\/p>\n<p>El CCMSS y Geocomunes presentaron una herramienta de visualizaci\u00f3n cartogr\u00e1fica en l\u00ednea que permite analizar la magnitud del problema que enfrentan los territorios de la Pen\u00ednsula de Yucat\u00e1n y sus habitantes. Este visualizador permite observar las interacciones entre distintos megaproyectos, y el avance paulatino de los mismos sobre los ecosistemas y territorios ind\u00edgenas y campesinos de la regi\u00f3n.<\/p>\n<p>Utiliza la herramienta de geovisualizaci\u00f3n de megaproyectos ne la Pen\u00ednsula de Yucat\u00e1n aqu\u00ed<\/p>\n<p>Los impactos socio-ambientales en la Pen\u00ednsula estuvieron anteriormente motivados por ciertos polos de desarrollo, como fue el caso de Canc\u00fan, Quintana Roo, o Ciudad del Carmen, Campeche. Actualmente, los megaproyectos y un conjunto de pol\u00edticas p\u00fablicas relacionadas con la propiedad social de la tierra y el fomento a la producci\u00f3n en el campo est\u00e1n provocando un proceso generalizado de des-ruralizaci\u00f3n que atenta contra la permanencia de las comunidades campesinas mayas y la salud de ecosistemas \u00fanicos.<\/p>\n<p>\u201cEsta herramienta se encuentra albergada en las p\u00e1ginas del Consejo www.ccmss.org.mx y de Geocomunes (www.geocomunes.org) y est\u00e1 a disposici\u00f3n de toda la ciudadan\u00eda. Esperamos que sea \u00fatil para investigadores, activistas y comunidades campesinas e ind\u00edgenas para fortalecer sus procesos de defensa del territorio. El Consejo tiene 25 a\u00f1os trabajando con las comunidades para fortalecer sus procesos organizativos y sus estrategias de apropiaci\u00f3n territoriales a trav\u00e9s del manejo sostenible de la tierra. Hoy, nuestro trabajo inevitablemente abarca tambi\u00e9n el apoyar los procesos de defensa de los territorios comunes\u201d, mencion\u00f3 Sergio Madrid, director ejecutivo del CCMSS.<\/p>\n<p>El visualizador muestra que cuando la inversi\u00f3n en un sector deja de ser rentable, el capital transita hacia otros sectores. As\u00ed ocurri\u00f3 cuando la crisis del sector agr\u00edcola (madera, chicle y henequ\u00e9n) redirigi\u00f3 las inversiones hacia el turismo y a la agroindustria de la soya transg\u00e9nica, el sorgo y la palma de aceite.<\/p>\n<p>Presentes en la reuni\u00f3n, voceros y voceras de comunidades mayas de Yucat\u00e1n y Quintana Roo explicaron que esta l\u00f3gica de inversi\u00f3n violenta y destruye su forma de vida y la base de los recursos naturales que la sustentan, oblig\u00e1ndolos a desarrollar estrategias de defensa y protecci\u00f3n de sus tierras y territorios, y de seguridad comunitaria: \u201cSoy un hombre maya, habitante del territorio maya de Quintana Roo y quiero externar la gran preocupaci\u00f3n que vivimos ante las amenazas a nuestro territorio. Diferentes proyectos despojan a nuestros pueblos, no solo de los territorios y de los recursos naturales, sino tambi\u00e9n de nuestras propias identidades como pueblos originarios. Estas amenazas nos llevan a tomar decisiones juntos, a reflexionar sobre lo que queremos. A organizarnos, defender y luchar por lo que nos han heredado nuestros abuelos y abuelas mayas que es un legado, una mirada distinta de la vida, que tenemos que defender de manera colectiva. Las formas de vida de los pueblos mayas nos permiten vivir de manera armoniosa con nuestro entorno y los megaproyectos que se imponen nos arrebatan esta forma de vida\u201d, coment\u00f3 \u00c1ngel Sulub, de Centro comunitario U Kuuchil K Chibalom, de Carrillo Puerto, Quintana Roo.<\/p>\n<p>El gran capital aumenta sus ganancias movi\u00e9ndose de un sector a otro, adecuando el territorio a sus necesidades y afectando las din\u00e1micas sociales a trav\u00e9s de ingenier\u00edas del conflico que permitan el acaparamiento de la riqueza. Todas estas transformaciones involucran la inversi\u00f3n y establecimiento de nueva infraestructura de transporte, energ\u00e9tica y habitacional. El conjunto de estas adecuaciones, obras y planes configura  un mismo megaproyecto que se expande por toda la pen\u00ednsula.<\/p>\n<p>Cada parte de este proyecto a gran escala encuentra sustento en las leyes, instituciones y pol\u00edticas de Estado. El primer ciclo de expansi\u00f3n urbana fue posible gracias a la incorporaci\u00f3n del suelo ejidal al desarrollo urbano impulsado por la Ley Agraria de 1992 y la Ley General de Asentamientos Humanos (LGAH) de 1993. La nueva LGAH de 2016 ha favorecido un segundo ciclo de expansi\u00f3n urbana, de naturaleza vertical, con base en el modelo de ciudad compacta.<\/p>\n<p>El turismo fue favorecido a partir de 1974 con la creaci\u00f3n del Fondo Nacional de Fomento al Turismo (Fonatur) y la Secretar\u00eda de Turismo en 1975, pero fundamentalmente, por la creaci\u00f3n del Centro Integralmente Planeado de Canc\u00fan. Un segundo ciclo expansivo se consolid\u00f3 a partir de la creaci\u00f3n del Corredor Tur\u00edstico de la Riviera Maya en 2000.<\/p>\n<p>La reforma del sector el\u00e9ctrico en 1993 que permiti\u00f3 la  generaci\u00f3n privada de energ\u00eda el\u00e9ctrica impuls\u00f3 una primera expansi\u00f3n de la capacidad de generaci\u00f3n; veinte a\u00f1os despu\u00e9s, la Reforma Energ\u00e9tica de 2013 y principalmente la subasta el\u00e9ctrica de 2016 impulsan el auge de la producci\u00f3n de energ\u00eda renovable en manos de la inversi\u00f3n extranjera.<\/p>\n<p>\u201cLos megaproyectos e\u00f3licos y fotovoltaicos han llegado a instalarse en las tierras de propiedad ejidal, ocupan miles de hect\u00e1reas para la generaci\u00f3n industrial de energ\u00eda. El territorio donde se han empezado a construir es maya, es nuestro; nosotros hemos conservado nuestra selva baja como el hogar de muchos animales, para que las abejas recolecten la miel de las flores, para que las aves las llenen de semillas y de su cantos y para que los cenotes conserven la pureza de sus aguas. Lamentablemente, con la llegada de estas actividades a las que llaman desarrollo, nos arrebatan la tierra, nos enga\u00f1an, nos acosa la inseguridad y nos persigue la p\u00e9rdida de nuestra lengua y cultura\u201d, afirm\u00f3 Pedro Uc, de Buctzotz, Yucat\u00e1n.<\/p>\n<p>Complementariamente, la privatizaci\u00f3n de ingenios azucareros de 1988 contrajo la producci\u00f3n agroindustrial hasta 2001, cuando fueron expropiados por el Estado. Un nuevo ciclo agroindustrial inici\u00f3 en 2011, con la creaci\u00f3n del Proyecto Transversal Tr\u00f3pico H\u00famedo y el fomento a cultivos agroindustriales como la soya transg\u00e9nica, que inici\u00f3 en ese a\u00f1o su fase experimental y que hasta el presente se cobr\u00f3 m\u00e1s de la mitad de los terrenos forestales del municipio de Hopelch\u00e9n, Campeche. Tambi\u00e9n se cuenta con el Proyecto estrat\u00e9gico de palma de aceite de 2016.  <\/p>\n<p>\u201cEste tipo de proyectos est\u00e1n poniendo en peligro la vida del pueblo maya. Hay una fuerte tendencia a que la violencia en la zona norte de Quintana Roo llegue a los pueblos. Hay grupos delictivos, narcotr\u00e1fico y los feminicidios han aumentado tambi\u00e9n. La violencia cada d\u00eda est\u00e1 m\u00e1s cerca. Adem\u00e1s de eso, los campesinos que vivieron durante varios a\u00f1os en la zona hotelera decidieron regresar porque no era una buena vida la que ten\u00edan pero ahora la tierra no produce. No quieren regresar a los hoteles, quieren vivir aqu\u00ed, pero no hay agua y la tierra no da. Los proyectos no est\u00e1n pensando en la vida de nuestro pueblo campesino, que tiene fuerte relaci\u00f3n con la selva, el campo. Todos los proyectos vienen de afuera, ninguno es para fortalecer a las comunidades. Por ejemplo la producci\u00f3n de renovables, \u00bfpara qui\u00e9n es esa energ\u00eda? Aqu\u00ed el recibo de la luz es muy alto. Todo es para la zona tur\u00edstica. Este desarrollo simulado ha dividido a las comunidades. Hay quien dice que hay que vender. En Bacalar, por ejemplo, hay un crecimiento horrible, la identidad se est\u00e1 perdiendo. Cada d\u00eda hay m\u00e1s gente de afuera, se est\u00e1 volviendo un nuevo Playa del Carmen. Solo con la idea del tren se est\u00e1 vendiendo y encareciendo nuestro territorio. Esto no lo toma en cuenta el gobierno. Este desarrollo mercantiliza nuestra identidad y  nuestra cultura. Dicen que debemos sentirnos honrados porque visten nuestros bordados, nos admiran, pero no es cierto, no nos dignifica, nos vuelve objeto de comercio. En las ciudades somos las personas que sirven, ese es el tipo de trabajo que tenemos, no hay calidad de vida. Son ciudades para extranjeros no para nosotros, y eso se est\u00e1 agravando con la idea del tren\u201d, explic\u00f3 Wilma Esquivel Pat, vicepresidenta del Centro Comunitario U Kuuchil K Chibalom y habitante de Carrillo Puerto, Quintana Roo.<\/p>\n<p>El Tren Maya, un nuevo eslab\u00f3n del mismo proceso<\/p>\n<p>La din\u00e1mica conjunta de los cuatro sectores contemplados en el geovisualizador requiere de una infraestructura de comunicaciones y transporte consolidada y diversa, que otorga coherencia territorial a este conjunto de proyectos de inversi\u00f3n. El turismo, la expansi\u00f3n urbana, el agronegocio y la industria son articulados por autopistas, ferrocarriles, puertos y aeropuertos que facilitan el traslado de combustibles, personas y mercanc\u00edas. A su vez los gasoductos y las l\u00edneas de transmisi\u00f3n el\u00e9ctrica transportan la energ\u00eda necesaria para el funcionamiento de estos sectores. La construcci\u00f3n  de cada nuevo proyecto es precedida por una expansi\u00f3n previa de la infraestructura de transporte de personas, mercanc\u00edas y energ\u00eda.<\/p>\n<p>\u201cEl Tren Maya expresa un nuevo impulso a la expansi\u00f3n urbana, tur\u00edstica, agroindustrial e industrial. Constituye un freno a la expansi\u00f3n del proyecto vial de la pen\u00ednsula de Yucat\u00e1n, y al mismo tiempo la continuaci\u00f3n de la consolidaci\u00f3n de los corredores troncales proyectados desde 2006: el corredor  M\u00e9xico-Puebla-Progreso y el Peninsular de Yucat\u00e1n. Por un lado, la ampliaci\u00f3n de la oferta de transporte tur\u00edstico y la creaci\u00f3n de polos de desarrollo inmobiliario en cada estaci\u00f3n fomentar\u00e1n la expansi\u00f3n del tsunami tur\u00edstico-inmobiliario hacia nuevos territorios. Por otro, el tren de carga asociado al proyecto tur\u00edstico del Tren Maya, expandir\u00e1 e intensificar\u00e1 el modelo actual de agroindustria exportadora\u201d, concluy\u00f3 Adri\u00e1n Flores, investigador de Geocomunes.<\/p>\n<p><a href=\"https:\/\/www.ccmss.org.mx\/megaproyectos-devoran-la-peninsula-de-yucatan-y-amenazan-a-los-pueblos-mayas\/\" rel=\"noopener noreferrer\" target=\"_blank\">https:\/\/www.ccmss.org.mx\/megaproyectos-devoran-la-peninsula-de-yucatan-y-amenazan-a-los-pueblos-mayas\/<\/a><\/p>\n","protected":false},"excerpt":{"rendered":"<p>CCMSS Presentan organizaciones una herramienta de visualizaci\u00f3n cartogr\u00e1fica en l\u00ednea que permite observar el avance de megaproyectos sobre los territorios ind\u00edgenas y campesinos de la regi\u00f3n. Voceros de comunidades mayas &hellip; <a href=\"http:\/\/www.grieta.org.mx\/index.php\/2019\/07\/04\/megaproyectos-devoran-la-peninsula-de-yucatan-y-amenazan-a-los-pueblos-mayas\/\" class=\"more-link\">Leer m\u00e1s<\/a><\/p>\n","protected":false},"author":2,"featured_media":21928,"comment_status":"closed","ping_status":"closed","sticky":false,"template":"","format":"standard","meta":{"ngg_post_thumbnail":0,"_jetpack_newsletter_access":"","_jetpack_dont_email_post_to_subs":false,"_jetpack_newsletter_tier_id":0,"_jetpack_memberships_contains_paywalled_content":false,"_jetpack_memberships_contains_paid_content":false,"footnotes":""},"categories":[42,11,80,3,922,926,944,952,2,540,28,1875,1876,1877,2044,36],"tags":[96,1878],"class_list":["post-52847","post","type-post","status-publish","format-standard","has-post-thumbnail","hentry","category-agroindustria","category-campeche","category-cintillo","category-megaproyectos","category-megaproyectos-estados","category-mp-campeche","category-mp-quintana-roo","category-mp-yucatan","category-noticias-nacionales","category-parque-eolico-dzilam-de-bravo-yucatan","category-quintana-roo","category-resistencia-al-tren-maya-en-la-peninsula-de-yucatan","category-resistencia-al-tren-maya-en-la-peninsula-de-yucatan-quintana-roo","category-resistencia-al-tren-maya-en-la-peninsula-de-yucatan-campeche","category-tren-maya-analisis","category-yucatan","tag-megaproyectos","tag-tren-maya","entry"],"jetpack_featured_media_url":"http:\/\/www.grieta.org.mx\/wp-content\/uploads\/2018\/03\/14524434_1106112876131411_958039263622046936_o.jpg","jetpack_sharing_enabled":true,"jetpack_shortlink":"https:\/\/wp.me\/p7ZJR4-dKn","jetpack_likes_enabled":false,"jetpack-related-posts":[{"id":35945,"url":"http:\/\/www.grieta.org.mx\/index.php\/2019\/07\/05\/expansion-de-megaproyectos-en-la-peninsula-de-yucatan-video\/","url_meta":{"origin":52847,"position":0},"title":"Expansi\u00f3n de Megaproyectos en la Pen\u00ednsula de Yucat\u00e1n (Video)","author":"grieta","date":"5 julio, 2019","format":false,"excerpt":"https:\/\/youtu.be\/qLBARIAaBsI","rel":"","context":"En &quot;Campeche&quot;","block_context":{"text":"Campeche","link":"http:\/\/www.grieta.org.mx\/index.php\/category\/noticias-nacionales\/campeche\/"},"img":{"alt_text":"","src":"https:\/\/i0.wp.com\/img.youtube.com\/vi\/qLBARIAaBsI\/0.jpg?resize=350%2C200","width":350,"height":200},"classes":[]},{"id":47874,"url":"http:\/\/www.grieta.org.mx\/index.php\/2020\/04\/13\/las-vias-torcidas-del-tren-maya-video\/","url_meta":{"origin":52847,"position":1},"title":"Las v\u00edas torcidas del tren maya (Video)","author":"grieta","date":"13 abril, 2020","format":false,"excerpt":"https:\/\/www.youtube.com\/watch?v=k8FRX9eT0YY","rel":"","context":"En &quot;16. Pueblo Maya&quot;","block_context":{"text":"16. Pueblo Maya","link":"http:\/\/www.grieta.org.mx\/index.php\/category\/espejos-de-la-resistencia\/16-pueblo-maya\/"},"img":{"alt_text":"","src":"https:\/\/i0.wp.com\/www.grieta.org.mx\/wp-content\/uploads\/2020\/04\/ViasTorcidasTrenMaya.png?resize=350%2C200","width":350,"height":200,"srcset":"https:\/\/i0.wp.com\/www.grieta.org.mx\/wp-content\/uploads\/2020\/04\/ViasTorcidasTrenMaya.png?resize=350%2C200 1x, https:\/\/i0.wp.com\/www.grieta.org.mx\/wp-content\/uploads\/2020\/04\/ViasTorcidasTrenMaya.png?resize=525%2C300 1.5x, https:\/\/i0.wp.com\/www.grieta.org.mx\/wp-content\/uploads\/2020\/04\/ViasTorcidasTrenMaya.png?resize=700%2C400 2x"},"classes":[]},{"id":50050,"url":"http:\/\/www.grieta.org.mx\/index.php\/2020\/05\/31\/los-derechos-indigenas-son-pisoteados-con-impunidad-presidencial-y-sin-recato-dicen-mayas-a-amlo\/","url_meta":{"origin":52847,"position":2},"title":"Los derechos ind\u00edgenas \u201cson pisoteados con impunidad presidencial y sin recato\u201d, dicen mayas a AMLO","author":"grieta","date":"31 mayo, 2020","format":false,"excerpt":"Redacci\u00f3n \/ Sin Embargo \u201cSr. L\u00f3pez, viene usted a Yucat\u00e1n, la tierra donde los malos gobiernos (de los tres niveles) se ponen sin decencia ni recato al servicio de megaproyectos de alma podrida, sembrando discordia y conflictos sociales en nuestras comunidades. Llega usted, Sr. L\u00f3pez, al Yucat\u00e1n donde la ilegalidad,\u2026","rel":"","context":"En &quot;16. Pueblo Maya&quot;","block_context":{"text":"16. Pueblo Maya","link":"http:\/\/www.grieta.org.mx\/index.php\/category\/espejos-de-la-resistencia\/16-pueblo-maya\/"},"img":{"alt_text":"","src":"https:\/\/i0.wp.com\/www.grieta.org.mx\/wp-content\/uploads\/2020\/05\/amloco-tirano-rex-e1590968383995.jpg?resize=350%2C200","width":350,"height":200,"srcset":"https:\/\/i0.wp.com\/www.grieta.org.mx\/wp-content\/uploads\/2020\/05\/amloco-tirano-rex-e1590968383995.jpg?resize=350%2C200 1x, https:\/\/i0.wp.com\/www.grieta.org.mx\/wp-content\/uploads\/2020\/05\/amloco-tirano-rex-e1590968383995.jpg?resize=525%2C300 1.5x, https:\/\/i0.wp.com\/www.grieta.org.mx\/wp-content\/uploads\/2020\/05\/amloco-tirano-rex-e1590968383995.jpg?resize=700%2C400 2x"},"classes":[]},{"id":51663,"url":"http:\/\/www.grieta.org.mx\/index.php\/2020\/07\/15\/algunas-voces-por-la-defensa-del-territorio-en-la-peninsula-de-yucatan\/","url_meta":{"origin":52847,"position":3},"title":"Algunas voces por la defensa del territorio en la Pen\u00ednsula de Yucat\u00e1n","author":"grieta","date":"15 julio, 2020","format":false,"excerpt":"Colectivo Grieta A pesar del confinamiento que a\u00fan no termina, las voces por la defensa del territorio se han continuado escuchando. Ya sea en foros, conversatorios, debates, entrevistas o manifestaciones estas voces suenan fuerte e invitan a la reflexi\u00f3n y a la organizaci\u00f3n. Los siguientes videos son solo una muestra\u2026","rel":"","context":"En &quot;Campeche&quot;","block_context":{"text":"Campeche","link":"http:\/\/www.grieta.org.mx\/index.php\/category\/noticias-nacionales\/campeche\/"},"img":{"alt_text":"","src":"https:\/\/i0.wp.com\/www.grieta.org.mx\/wp-content\/uploads\/2020\/07\/MarchaNoAlMalLlamadoTrenMaya.png?resize=350%2C200","width":350,"height":200},"classes":[]},{"id":45360,"url":"http:\/\/www.grieta.org.mx\/index.php\/2020\/02\/27\/no-estamos-peleando-la-suspension-provisional-del-tren-maya-sino-la-definitiva-cruz-rueda\/","url_meta":{"origin":52847,"position":4},"title":"&#8220;No estamos peleando la suspensi\u00f3n provisional del Tren Maya, sino la definitiva&#8221;: Cruz Rueda","author":"grieta","date":"27 febrero, 2020","format":false,"excerpt":"Impugnaci\u00f3n de Presidencia \"no nos quita el sue\u00f1o\" Abraham Bote \/Foto: Tomada de Twitter \/La Jornada Maya M\u00e9rida, Yucat\u00e1n Respecto a la impugnaci\u00f3n que realiz\u00f3 la Presidencia de la Rep\u00fablica y el apoderado de la Naci\u00f3n Financiera (Nafin), contra la suspensi\u00f3n provisional del proyecto de Tren Maya, la asesora jur\u00eddica\u2026","rel":"","context":"En &quot;16. Pueblo Maya&quot;","block_context":{"text":"16. Pueblo Maya","link":"http:\/\/www.grieta.org.mx\/index.php\/category\/espejos-de-la-resistencia\/16-pueblo-maya\/"},"img":{"alt_text":"","src":"https:\/\/i0.wp.com\/www.grieta.org.mx\/wp-content\/uploads\/2020\/02\/TrenMallaCampeche.png?resize=350%2C200","width":350,"height":200,"srcset":"https:\/\/i0.wp.com\/www.grieta.org.mx\/wp-content\/uploads\/2020\/02\/TrenMallaCampeche.png?resize=350%2C200 1x, https:\/\/i0.wp.com\/www.grieta.org.mx\/wp-content\/uploads\/2020\/02\/TrenMallaCampeche.png?resize=525%2C300 1.5x, https:\/\/i0.wp.com\/www.grieta.org.mx\/wp-content\/uploads\/2020\/02\/TrenMallaCampeche.png?resize=700%2C400 2x"},"classes":[]},{"id":52929,"url":"http:\/\/www.grieta.org.mx\/index.php\/2020\/08\/30\/acusan-a-amlo-de-ignorar-la-resistencia-de-los-indigenas-al-tren-maya\/","url_meta":{"origin":52847,"position":5},"title":"Acusan a AMLO de ignorar la resistencia de los ind\u00edgenas al Tren Maya","author":"grieta","date":"30 agosto, 2020","format":false,"excerpt":"Alejandro Castro \/ Sipse Los dichos de presidente contra las organizaciones civiles asumen que los mayas no \u201cpiensan por s\u00ed mismos\u201d: activistas. Los se\u00f1alamientos del presidente Andr\u00e9s Manuel L\u00f3pez Obrador en torno a una presunta conspiraci\u00f3n desde el extranjero para frenar las obras del Tren Maya; buscan invisibilizar la resistencia\u2026","rel":"","context":"En &quot;Campeche&quot;","block_context":{"text":"Campeche","link":"http:\/\/www.grieta.org.mx\/index.php\/category\/noticias-nacionales\/campeche\/"},"img":{"alt_text":"","src":"https:\/\/i0.wp.com\/www.grieta.org.mx\/wp-content\/uploads\/2020\/08\/1598829514196-e1598933649113.jpeg?resize=350%2C200","width":350,"height":200,"srcset":"https:\/\/i0.wp.com\/www.grieta.org.mx\/wp-content\/uploads\/2020\/08\/1598829514196-e1598933649113.jpeg?resize=350%2C200 1x, https:\/\/i0.wp.com\/www.grieta.org.mx\/wp-content\/uploads\/2020\/08\/1598829514196-e1598933649113.jpeg?resize=525%2C300 1.5x, https:\/\/i0.wp.com\/www.grieta.org.mx\/wp-content\/uploads\/2020\/08\/1598829514196-e1598933649113.jpeg?resize=700%2C400 2x"},"classes":[]}],"_links":{"self":[{"href":"http:\/\/www.grieta.org.mx\/index.php\/wp-json\/wp\/v2\/posts\/52847","targetHints":{"allow":["GET"]}}],"collection":[{"href":"http:\/\/www.grieta.org.mx\/index.php\/wp-json\/wp\/v2\/posts"}],"about":[{"href":"http:\/\/www.grieta.org.mx\/index.php\/wp-json\/wp\/v2\/types\/post"}],"author":[{"embeddable":true,"href":"http:\/\/www.grieta.org.mx\/index.php\/wp-json\/wp\/v2\/users\/2"}],"replies":[{"embeddable":true,"href":"http:\/\/www.grieta.org.mx\/index.php\/wp-json\/wp\/v2\/comments?post=52847"}],"version-history":[{"count":1,"href":"http:\/\/www.grieta.org.mx\/index.php\/wp-json\/wp\/v2\/posts\/52847\/revisions"}],"predecessor-version":[{"id":52848,"href":"http:\/\/www.grieta.org.mx\/index.php\/wp-json\/wp\/v2\/posts\/52847\/revisions\/52848"}],"wp:featuredmedia":[{"embeddable":true,"href":"http:\/\/www.grieta.org.mx\/index.php\/wp-json\/wp\/v2\/media\/21928"}],"wp:attachment":[{"href":"http:\/\/www.grieta.org.mx\/index.php\/wp-json\/wp\/v2\/media?parent=52847"}],"wp:term":[{"taxonomy":"category","embeddable":true,"href":"http:\/\/www.grieta.org.mx\/index.php\/wp-json\/wp\/v2\/categories?post=52847"},{"taxonomy":"post_tag","embeddable":true,"href":"http:\/\/www.grieta.org.mx\/index.php\/wp-json\/wp\/v2\/tags?post=52847"}],"curies":[{"name":"wp","href":"https:\/\/api.w.org\/{rel}","templated":true}]}}