{"id":52740,"date":"2020-08-18T18:54:34","date_gmt":"2020-08-18T23:54:34","guid":{"rendered":"http:\/\/www.grieta.org.mx\/?p=52740"},"modified":"2020-08-22T19:04:58","modified_gmt":"2020-08-23T00:04:58","slug":"una-se-muere-junto-con-ellos-la-lucha-de-una-madre-por-recuperar-completo-el-cuerpo-de-su-hijo-jalisco","status":"publish","type":"post","link":"http:\/\/www.grieta.org.mx\/index.php\/2020\/08\/18\/una-se-muere-junto-con-ellos-la-lucha-de-una-madre-por-recuperar-completo-el-cuerpo-de-su-hijo-jalisco\/","title":{"rendered":"\u201cUna se muere junto con ellos\u201d: la lucha de una madre por recuperar completo el cuerpo de su hijo (Jalisco)"},"content":{"rendered":"<p><img loading=\"lazy\" decoding=\"async\" data-attachment-id=\"52741\" data-permalink=\"http:\/\/www.grieta.org.mx\/index.php\/2020\/08\/18\/una-se-muere-junto-con-ellos-la-lucha-de-una-madre-por-recuperar-completo-el-cuerpo-de-su-hijo-jalisco\/captura-de-pantalla-2020-08-18-a-las-14-10-26-1080x601\/\" data-orig-file=\"http:\/\/www.grieta.org.mx\/wp-content\/uploads\/2020\/08\/Captura-de-Pantalla-2020-08-18-a-las-14.10.26-1080x601-1.png\" data-orig-size=\"1080,601\" data-comments-opened=\"0\" data-image-meta=\"{&quot;aperture&quot;:&quot;0&quot;,&quot;credit&quot;:&quot;&quot;,&quot;camera&quot;:&quot;&quot;,&quot;caption&quot;:&quot;&quot;,&quot;created_timestamp&quot;:&quot;0&quot;,&quot;copyright&quot;:&quot;&quot;,&quot;focal_length&quot;:&quot;0&quot;,&quot;iso&quot;:&quot;0&quot;,&quot;shutter_speed&quot;:&quot;0&quot;,&quot;title&quot;:&quot;&quot;,&quot;orientation&quot;:&quot;0&quot;}\" data-image-title=\"Captura-de-Pantalla-2020-08-18-a-las-14.10.26-1080&amp;#215;601\" data-image-description=\"\" data-image-caption=\"\" data-medium-file=\"http:\/\/www.grieta.org.mx\/wp-content\/uploads\/2020\/08\/Captura-de-Pantalla-2020-08-18-a-las-14.10.26-1080x601-1-300x167.png\" data-large-file=\"http:\/\/www.grieta.org.mx\/wp-content\/uploads\/2020\/08\/Captura-de-Pantalla-2020-08-18-a-las-14.10.26-1080x601-1-1024x570.png\" class=\" wp-image-52741 aligncenter\" src=\"http:\/\/www.grieta.org.mx\/wp-content\/uploads\/2020\/08\/Captura-de-Pantalla-2020-08-18-a-las-14.10.26-1080x601-1.png\" alt=\"\" width=\"800\" height=\"445\" srcset=\"http:\/\/www.grieta.org.mx\/wp-content\/uploads\/2020\/08\/Captura-de-Pantalla-2020-08-18-a-las-14.10.26-1080x601-1.png 1080w, http:\/\/www.grieta.org.mx\/wp-content\/uploads\/2020\/08\/Captura-de-Pantalla-2020-08-18-a-las-14.10.26-1080x601-1-300x167.png 300w, http:\/\/www.grieta.org.mx\/wp-content\/uploads\/2020\/08\/Captura-de-Pantalla-2020-08-18-a-las-14.10.26-1080x601-1-1024x570.png 1024w, http:\/\/www.grieta.org.mx\/wp-content\/uploads\/2020\/08\/Captura-de-Pantalla-2020-08-18-a-las-14.10.26-1080x601-1-768x427.png 768w, http:\/\/www.grieta.org.mx\/wp-content\/uploads\/2020\/08\/Captura-de-Pantalla-2020-08-18-a-las-14.10.26-1080x601-1-899x500.png 899w\" sizes=\"auto, (max-width: 800px) 100vw, 800px\" \/><\/p>\n<p>Foto: Zona Docs<\/p>\n<p><em><strong>Wuilians Omar salinas Flores, de 28 a\u00f1os, desapareci\u00f3 el 21 de octubre de 2019 en la colonia Santa Fe en Tlajomulco de Z\u00fa\u00f1iga, Jalisco. Lamentablemente, su cuerpo fue localizado en la fosa del Mirador II, sitio de donde se exhumaron los cuerpos de 104 personas.<\/strong><\/em><\/p>\n<p><em><strong>El horror que ah\u00ed ocurri\u00f3 se materializ\u00f3 en los restos humanos contenidos en bolsas pl\u00e1sticas; de ah\u00ed que la identificaci\u00f3n de cada una de las personas encontradas en dicha fosa ha sido larga, tortuosa y desesperante.<\/strong><\/em><\/p>\n<p><em><strong>Cecilia, madre de Wuilians, relata su peregrinar al Instituto Jalisciense de Ciencias Forenses (IJCF) donde en sus Servicios M\u00e9dicos Forenses (Semefo) ha tenido que identificar a trav\u00e9s de una pantalla: la cabeza, el torso, el brazo y una de las manos de \u201csu ni\u00f1o\u201d, como ella amorosamente le nombra y le recuerda.\u00a0<\/strong><\/em><\/p>\n<p><em><strong>Su lucha es por recuperar completamente el cuerpo de su hijo, pues desea darle cristiana sepultura para encontrar la paz que le robaron quienes desaparecieron y asesinaron de manera tan terrible a Wulians.<\/strong><\/em><\/p>\n<p>Darwin Franco \/ Zona Docs<\/p>\n<p><strong>\u201cYo siento que tardar\u00e9 m\u00e1s de un a\u00f1o en recuperar por completo a mi hijo\u201d, se\u00f1ala Cecilia al enumerar las veces que ha tenido que ir al Semefo para preguntar c\u00f3mo va el proceso de identificaci\u00f3n de los restos humanos localizados en la fosa del Mirador II, la cual -a decir de la Fiscal\u00eda del Estado de Jalisco- termin\u00f3 de procesarse en campo, el 20 de julio de 2020.<\/strong><\/p>\n<p>Conforme los an\u00e1lisis periciales entregados a la familia de Wuilians Omar Salinas Flores,\u00a0<strong>se estima que a \u00e9ste le fue arrebatada la vida a los pocos d\u00edas de su desaparici\u00f3n<\/strong>; esto concuerda con los informes de campo del IJCF donde se\u00f1ala que tanto la fosa del Mirador I (localizada en diciembre de 2019) como la del Mirador II (en enero de 2020) estuvieron operando entre octubre y diciembre de 2019, esto se estim\u00f3, as\u00ed, t<strong>anto por el estado de los cuerpos como por los cambios identificados en el terreno donde se hallaron ambas fosas.<\/strong><\/p>\n<p>Las partes del cuerpo que corresponden a Wuilians se lograron identificar por los tatuajes que \u00e9ste ten\u00eda en el dorso, brazo y mano; su cabeza se identific\u00f3 tras una confronta gen\u00e9tica que result\u00f3 positiva;\u00a0<strong>sin embargo, s\u00f3lo de \u00e9sta \u00faltima confirmaci\u00f3n, la familia Salinas Flores tiene un documento legal que avala los resultados.<\/strong><\/p>\n<p><strong><em>\u201cA la fecha seguimos esperando que nos den los papeles y los resultados de lo que han hecho con los otros cuerpos, pero me dicen que todo lo que no tiene tatuajes tardar\u00e1 m\u00e1s porque ser\u00e1 ya por ADN\u2026 yo lo que creo es que en realidad no se avanza porque conforme encuentran una fosa, las otras las van dejando de lado\u2026 no terminan una cuando ya se les vienen m\u00e1s bolsas y por eso nunca acabamos\u201d.<\/em><\/strong><\/p>\n<p>Lo que tambi\u00e9n hace dif\u00edcil avanzar los procesos de identificaci\u00f3n forense\u00a0<strong>son las marcas de la violencia que se materializaron en la disecci\u00f3n de los cuerpos que fueron localizados en fosas como la del Mirador II,<\/strong>\u00a0pues lo que hoy resguarda el Semefo son bolsas pl\u00e1sticas que contienen partes de un cuerpo que no siempre corresponden a una sola persona.<\/p>\n<p>Como esas bolsas, hoy en d\u00eda la Fiscal\u00eda del Estado de Jalisco confirma hacer localizado 850 entre enero y julio de este a\u00f1o.<\/p>\n<p><strong><em>\u201cTengo ya algunas partes de mi hijo, pero yo lo que quiero es recuperarlo todo. Tengo positivo varias partes por sus tatuajes, pero no me han dicho si al torso, brazo y mano tambi\u00e9n le har\u00e1n el ADN, pero es fecha que no hay resultados de nada de eso\u2026 queremos nosotros tener todos los documentos para despu\u00e9s reclamarlo y que s\u00ed nos lo den. Yo lo que quiero es que me ayuden a agilizar el trabajo de esa fosa porque mi hijo estaba ah\u00ed, pues ah\u00ed encontraron las partes de \u00e9l\u201d.<\/em><\/strong><\/p>\n<p>Wuilians Omar Salinas Flores a sus 28 a\u00f1os acababa de recibir los resultados de la convocatoria \u201cJ\u00f3venes construyendo futuro\u201d del Gobierno de M\u00e9xico\u00a0<strong>donde se enfocar\u00eda en aprender a utilizar maquinaria pesada<\/strong>. Cecilia, su madre, lo recuerda como un joven trabajador y dedicado a su casa:<\/p>\n<p><strong><em>\u201cYo no s\u00e9 lo que le pas\u00f3 a mi ni\u00f1o, no s\u00e9 qui\u00e9nes se lo llevaron y no s\u00e9 quienes me lo mataron\u2026 s\u00f3lo s\u00e9 que sali\u00f3 a dejar un celular al que le instal\u00f3 unos programas, ese d\u00eda me dijo que iba a entregar el celular porque ya ten\u00eda dos d\u00edas con \u00e9ste y no fueran a pensar que se lo hab\u00eda robado. Ese d\u00eda se fue al medio d\u00eda y ya no regres\u00f3\u2026, una siente mucha impotencia con lo que les hacen a nuestros hijos, uno se muere con ellos\u2026\u201d<\/em><\/strong><\/p>\n<p>Pero en ese sentir, Cecilia ha estado acompa\u00f1ada por sus compa\u00f1eras del\u00a0<em>Colectivo Entre Cielo y Tierra<\/em>, quienes le han arropado:<\/p>\n<p><strong><em>\u201cYo estoy viva, yo camino, yo respiro, pero s\u00f3lo Dios sabe por qu\u00e9 lo hacemos, yo a veces pienso que me voy a morir sin encontrarlo completo, yo le digo a mi hija que si me muero insista en que le devuelvan a mi ni\u00f1o y le pido que me jure que no me lo van a dejar ah\u00ed\u201d.<\/em><\/strong><\/p>\n<p>De acuerdo al\u00a0<em>Registro Nacional de Fosas Clandestinas y Cuerpos Exhumados<\/em>, presentado el pasado 13 de julio por la Secretar\u00eda de Gobernaci\u00f3n, en Jalisco del 01 de diciembre de 2018 al 15 de junio de 2020\u00a0<strong>se localizaron mil 143 fosas clandestinas y de \u00e9stas se exhumaron: mil 682 cuerpos.<\/strong><\/p>\n<p><a href=\"https:\/\/www.zonadocs.mx\/2020\/08\/18\/una-se-muere-junto-con-ellos-la-lucha-de-una-madre-por-recuperar-completo-el-cuerpo-de-su-hijo\/\">https:\/\/www.zonadocs.mx\/2020\/08\/18\/una-se-muere-junto-con-ellos-la-lucha-de-una-madre-por-recuperar-completo-el-cuerpo-de-su-hijo\/<\/a><\/p>\n","protected":false},"excerpt":{"rendered":"<p>Foto: Zona Docs Wuilians Omar salinas Flores, de 28 a\u00f1os, desapareci\u00f3 el 21 de octubre de 2019 en la colonia Santa Fe en Tlajomulco de Z\u00fa\u00f1iga, Jalisco. Lamentablemente, su cuerpo &hellip; <a href=\"http:\/\/www.grieta.org.mx\/index.php\/2020\/08\/18\/una-se-muere-junto-con-ellos-la-lucha-de-una-madre-por-recuperar-completo-el-cuerpo-de-su-hijo-jalisco\/\" class=\"more-link\">Leer m\u00e1s<\/a><\/p>\n","protected":false},"author":2,"featured_media":52741,"comment_status":"closed","ping_status":"closed","sticky":false,"template":"","format":"standard","meta":{"ngg_post_thumbnail":0,"_jetpack_newsletter_access":"","_jetpack_dont_email_post_to_subs":false,"_jetpack_newsletter_tier_id":0,"_jetpack_memberships_contains_paywalled_content":false,"_jetpack_memberships_contains_paid_content":false,"footnotes":""},"categories":[80,87,1032,20,2,83],"tags":[121,1668],"class_list":["post-52740","post","type-post","status-publish","format-standard","has-post-thumbnail","hentry","category-cintillo","category-desaparecidos","category-desaparecidos-en-jalisco","category-jalisco","category-noticias-nacionales","category-temas-nacionales","tag-desaparecidos","tag-familiares-de-desaparecidos","entry"],"jetpack_featured_media_url":"http:\/\/www.grieta.org.mx\/wp-content\/uploads\/2020\/08\/Captura-de-Pantalla-2020-08-18-a-las-14.10.26-1080x601-1.png","jetpack_sharing_enabled":true,"jetpack_shortlink":"https:\/\/wp.me\/p7ZJR4-dIE","jetpack_likes_enabled":false,"jetpack-related-posts":[{"id":70113,"url":"http:\/\/www.grieta.org.mx\/index.php\/2024\/10\/11\/recriminan-abandono-de-fosa-encontrada-en-junio-jalisco\/","url_meta":{"origin":52740,"position":0},"title":"Recriminan abandono de fosa encontrada en junio (Jalisco)","author":"grieta","date":"11 octubre, 2024","format":false,"excerpt":"Imagen: El Diario NTR Lauro Rodr\u00edguez \/ El Diario NTR El colectivo de Madres Buscadoras de Jalisco recrimin\u00f3 que la Fiscal\u00eda Especial en Personas Desaparecidas (FEPD) abandon\u00f3 una fosa clandestina que hallaron el 15 de junio en la colonia Lomas del Sur, en Tlajomulco de Z\u00fa\u00f1iga. El hallazgo se dio\u2026","rel":"","context":"En &quot;CINTILLO&quot;","block_context":{"text":"CINTILLO","link":"http:\/\/www.grieta.org.mx\/index.php\/category\/cintillo\/"},"img":{"alt_text":"","src":"https:\/\/i0.wp.com\/www.grieta.org.mx\/wp-content\/uploads\/2024\/10\/2024-10-10_10-10-22___182.jpg?resize=350%2C200","width":350,"height":200,"srcset":"https:\/\/i0.wp.com\/www.grieta.org.mx\/wp-content\/uploads\/2024\/10\/2024-10-10_10-10-22___182.jpg?resize=350%2C200 1x, https:\/\/i0.wp.com\/www.grieta.org.mx\/wp-content\/uploads\/2024\/10\/2024-10-10_10-10-22___182.jpg?resize=525%2C300 1.5x, https:\/\/i0.wp.com\/www.grieta.org.mx\/wp-content\/uploads\/2024\/10\/2024-10-10_10-10-22___182.jpg?resize=700%2C400 2x"},"classes":[]},{"id":39359,"url":"http:\/\/www.grieta.org.mx\/index.php\/2019\/09\/18\/exigen-aplicar-pruebas-de-adn-a-todos-los-restos-hallados-en-fosa-de-jalisco\/","url_meta":{"origin":52740,"position":1},"title":"Exigen aplicar pruebas de ADN a todos los restos hallados en fosa de Jalisco","author":"grieta","date":"18 septiembre, 2019","format":false,"excerpt":"Foto: Elizabeth Ibal El Instituto Jalisciense de Ciencias Forenses dio la indicaci\u00f3n de que solamente se aplicaran dicha pruebas a troncos y cabezas Ram\u00f3n Ortega \/ El Occidental Jalisco.- Por segundo d\u00eda consecutivo, integrantes de la asociaci\u00f3n civil Familias Unidas por Nuestros Desaparecidos (FUNDEJ)se manifestaron frente al\u00a0Instituto Jalisciense de Ciencias\u2026","rel":"","context":"En &quot;CINTILLO&quot;","block_context":{"text":"CINTILLO","link":"http:\/\/www.grieta.org.mx\/index.php\/category\/cintillo\/"},"img":{"alt_text":"","src":"https:\/\/i0.wp.com\/www.grieta.org.mx\/wp-content\/uploads\/2019\/09\/fundej.jpg?resize=350%2C200","width":350,"height":200,"srcset":"https:\/\/i0.wp.com\/www.grieta.org.mx\/wp-content\/uploads\/2019\/09\/fundej.jpg?resize=350%2C200 1x, https:\/\/i0.wp.com\/www.grieta.org.mx\/wp-content\/uploads\/2019\/09\/fundej.jpg?resize=525%2C300 1.5x, https:\/\/i0.wp.com\/www.grieta.org.mx\/wp-content\/uploads\/2019\/09\/fundej.jpg?resize=700%2C400 2x"},"classes":[]},{"id":72265,"url":"http:\/\/www.grieta.org.mx\/index.php\/2025\/08\/27\/suman-ya-15-cuerpos-en-fosa-clandestina-madres-buscadoras-de-jalisco\/","url_meta":{"origin":52740,"position":2},"title":"Suman ya 15 cuerpos en fosa clandestina: Madres Buscadoras de Jalisco","author":"grieta","date":"27 agosto, 2025","format":false,"excerpt":"Imagen: Especial H\u00e9ctor Ruiz \/ El Diario NTR El colectivo Madres Buscadoras de Jalisco inform\u00f3 que este lunes fue localizado un nuevo cuerpo en la fosa clandestina ubicada en el Pante\u00f3n de San Sebastianito, en Tlaquepaque, con lo que ya suman 15 v\u00edctimas recuperadas desde el pasado 16 de agosto.\u2026","rel":"","context":"En &quot;CINTILLO&quot;","block_context":{"text":"CINTILLO","link":"http:\/\/www.grieta.org.mx\/index.php\/category\/cintillo\/"},"img":{"alt_text":"","src":"https:\/\/i0.wp.com\/www.grieta.org.mx\/wp-content\/uploads\/2025\/08\/2025-08-27_07-08-13___2614.jpg?resize=350%2C200","width":350,"height":200,"srcset":"https:\/\/i0.wp.com\/www.grieta.org.mx\/wp-content\/uploads\/2025\/08\/2025-08-27_07-08-13___2614.jpg?resize=350%2C200 1x, https:\/\/i0.wp.com\/www.grieta.org.mx\/wp-content\/uploads\/2025\/08\/2025-08-27_07-08-13___2614.jpg?resize=525%2C300 1.5x, https:\/\/i0.wp.com\/www.grieta.org.mx\/wp-content\/uploads\/2025\/08\/2025-08-27_07-08-13___2614.jpg?resize=700%2C400 2x"},"classes":[]},{"id":52229,"url":"http:\/\/www.grieta.org.mx\/index.php\/2020\/07\/31\/familias-de-desaparecidos-reprochan-lentitud-con-que-trabaja-semefo-jalisco\/","url_meta":{"origin":52740,"position":3},"title":"Familias de desaparecidos reprochan lentitud con que trabaja Semefo (Jalisco)","author":"grieta","date":"31 julio, 2020","format":false,"excerpt":"Foto: Pablo Toledo Mar\u00eda Magdalena Mart\u00ednez tiene casi un a\u00f1o buscando a su hermano y se\u00f1ala que hasta el momento es poca la informaci\u00f3n que las autoridades les brindan de su caso Pablo Toledo \/ UDGTV Familiares de personas desaparecidas se quejan de\u00a0la lentitud con la que trabajaba el\u00a0 Instituto\u2026","rel":"","context":"En &quot;CINTILLO&quot;","block_context":{"text":"CINTILLO","link":"http:\/\/www.grieta.org.mx\/index.php\/category\/cintillo\/"},"img":{"alt_text":"","src":"https:\/\/i0.wp.com\/www.grieta.org.mx\/wp-content\/uploads\/2020\/08\/Familias-de-desaparecidos-Pablo-Toledo-696x402.jpeg?resize=350%2C200","width":350,"height":200,"srcset":"https:\/\/i0.wp.com\/www.grieta.org.mx\/wp-content\/uploads\/2020\/08\/Familias-de-desaparecidos-Pablo-Toledo-696x402.jpeg?resize=350%2C200 1x, https:\/\/i0.wp.com\/www.grieta.org.mx\/wp-content\/uploads\/2020\/08\/Familias-de-desaparecidos-Pablo-Toledo-696x402.jpeg?resize=525%2C300 1.5x"},"classes":[]},{"id":41969,"url":"http:\/\/www.grieta.org.mx\/index.php\/2019\/12\/03\/familiares-de-desaparecidos-reclamaron-la-falta-de-trabajos-y-de-resultados-jalisco\/","url_meta":{"origin":52740,"position":4},"title":"Familiares de desaparecidos reclamaron la falta de trabajos y de resultados (Jalisco)","author":"grieta","date":"3 diciembre, 2019","format":false,"excerpt":"Foto: Especial Juan Levario \/ El Diario NTR Durante la presentaci\u00f3n de un proyecto de colaboraci\u00f3n con expertos guatemaltecos para b\u00fasqueda de personas\u00a0en Jalisco, familiares de desaparecidos reclamaron a Enrique Ibarra Pedroza, secretario general de Gobierno,\u00a0y a otros funcionarios la falta de trabajos y de resultados. Representantes de los colectivos\u2026","rel":"","context":"En &quot;CINTILLO&quot;","block_context":{"text":"CINTILLO","link":"http:\/\/www.grieta.org.mx\/index.php\/category\/cintillo\/"},"img":{"alt_text":"","src":"https:\/\/i0.wp.com\/www.grieta.org.mx\/wp-content\/uploads\/2019\/12\/2019-12-02_11-12-13___5378.jpg?resize=350%2C200","width":350,"height":200,"srcset":"https:\/\/i0.wp.com\/www.grieta.org.mx\/wp-content\/uploads\/2019\/12\/2019-12-02_11-12-13___5378.jpg?resize=350%2C200 1x, https:\/\/i0.wp.com\/www.grieta.org.mx\/wp-content\/uploads\/2019\/12\/2019-12-02_11-12-13___5378.jpg?resize=525%2C300 1.5x, https:\/\/i0.wp.com\/www.grieta.org.mx\/wp-content\/uploads\/2019\/12\/2019-12-02_11-12-13___5378.jpg?resize=700%2C400 2x"},"classes":[]},{"id":65220,"url":"http:\/\/www.grieta.org.mx\/index.php\/2022\/09\/14\/madres-buscadoras-comparten-su-labor-con-estudiantes-jalisco\/","url_meta":{"origin":52740,"position":5},"title":"Madres Buscadoras comparten su labor con estudiantes (Jalisco)","author":"grieta","date":"14 septiembre, 2022","format":false,"excerpt":"Imagen: Especial Lauro Rodr\u00edguez \/ El Diario NTR Las Madres Buscadoras, previo a continuar con sus actividades de b\u00fasqueda en campo en el municipio de Tlajomulco de Z\u00fa\u00f1iga, acudieron a la Universidad CLEU para compartir con los estudiantes la labor que realizan. En distintas ocasiones, estudiantes de licenciaturas enfocadas al\u2026","rel":"","context":"En &quot;CINTILLO&quot;","block_context":{"text":"CINTILLO","link":"http:\/\/www.grieta.org.mx\/index.php\/category\/cintillo\/"},"img":{"alt_text":"","src":"https:\/\/i0.wp.com\/www.grieta.org.mx\/wp-content\/uploads\/2022\/09\/2022-09-14_12-09-15___5557.jpg?resize=350%2C200","width":350,"height":200,"srcset":"https:\/\/i0.wp.com\/www.grieta.org.mx\/wp-content\/uploads\/2022\/09\/2022-09-14_12-09-15___5557.jpg?resize=350%2C200 1x, https:\/\/i0.wp.com\/www.grieta.org.mx\/wp-content\/uploads\/2022\/09\/2022-09-14_12-09-15___5557.jpg?resize=525%2C300 1.5x, https:\/\/i0.wp.com\/www.grieta.org.mx\/wp-content\/uploads\/2022\/09\/2022-09-14_12-09-15___5557.jpg?resize=700%2C400 2x"},"classes":[]}],"_links":{"self":[{"href":"http:\/\/www.grieta.org.mx\/index.php\/wp-json\/wp\/v2\/posts\/52740","targetHints":{"allow":["GET"]}}],"collection":[{"href":"http:\/\/www.grieta.org.mx\/index.php\/wp-json\/wp\/v2\/posts"}],"about":[{"href":"http:\/\/www.grieta.org.mx\/index.php\/wp-json\/wp\/v2\/types\/post"}],"author":[{"embeddable":true,"href":"http:\/\/www.grieta.org.mx\/index.php\/wp-json\/wp\/v2\/users\/2"}],"replies":[{"embeddable":true,"href":"http:\/\/www.grieta.org.mx\/index.php\/wp-json\/wp\/v2\/comments?post=52740"}],"version-history":[{"count":1,"href":"http:\/\/www.grieta.org.mx\/index.php\/wp-json\/wp\/v2\/posts\/52740\/revisions"}],"predecessor-version":[{"id":52742,"href":"http:\/\/www.grieta.org.mx\/index.php\/wp-json\/wp\/v2\/posts\/52740\/revisions\/52742"}],"wp:featuredmedia":[{"embeddable":true,"href":"http:\/\/www.grieta.org.mx\/index.php\/wp-json\/wp\/v2\/media\/52741"}],"wp:attachment":[{"href":"http:\/\/www.grieta.org.mx\/index.php\/wp-json\/wp\/v2\/media?parent=52740"}],"wp:term":[{"taxonomy":"category","embeddable":true,"href":"http:\/\/www.grieta.org.mx\/index.php\/wp-json\/wp\/v2\/categories?post=52740"},{"taxonomy":"post_tag","embeddable":true,"href":"http:\/\/www.grieta.org.mx\/index.php\/wp-json\/wp\/v2\/tags?post=52740"}],"curies":[{"name":"wp","href":"https:\/\/api.w.org\/{rel}","templated":true}]}}