{"id":52733,"date":"2020-08-21T18:25:32","date_gmt":"2020-08-21T23:25:32","guid":{"rendered":"http:\/\/www.grieta.org.mx\/?p=52733"},"modified":"2020-08-22T18:38:01","modified_gmt":"2020-08-22T23:38:01","slug":"hospital-general-de-manzanillo-se-queda-sin-ventiladores-para-enfermos-de-covid-19-colima","status":"publish","type":"post","link":"http:\/\/www.grieta.org.mx\/index.php\/2020\/08\/21\/hospital-general-de-manzanillo-se-queda-sin-ventiladores-para-enfermos-de-covid-19-colima\/","title":{"rendered":"Hospital General de Manzanillo se queda sin ventiladores para enfermos de Covid-19 (Colima)"},"content":{"rendered":"<p><img loading=\"lazy\" decoding=\"async\" data-attachment-id=\"52734\" data-permalink=\"http:\/\/www.grieta.org.mx\/index.php\/2020\/08\/21\/hospital-general-de-manzanillo-se-queda-sin-ventiladores-para-enfermos-de-covid-19-colima\/118358904_3206040109487153_7690283986572340481_o\/\" data-orig-file=\"http:\/\/www.grieta.org.mx\/wp-content\/uploads\/2020\/08\/118358904_3206040109487153_7690283986572340481_o.jpg\" data-orig-size=\"960,960\" data-comments-opened=\"0\" data-image-meta=\"{&quot;aperture&quot;:&quot;0&quot;,&quot;credit&quot;:&quot;&quot;,&quot;camera&quot;:&quot;&quot;,&quot;caption&quot;:&quot;&quot;,&quot;created_timestamp&quot;:&quot;0&quot;,&quot;copyright&quot;:&quot;&quot;,&quot;focal_length&quot;:&quot;0&quot;,&quot;iso&quot;:&quot;0&quot;,&quot;shutter_speed&quot;:&quot;0&quot;,&quot;title&quot;:&quot;&quot;,&quot;orientation&quot;:&quot;0&quot;}\" data-image-title=\"118358904_3206040109487153_7690283986572340481_o\" data-image-description=\"\" data-image-caption=\"\" data-medium-file=\"http:\/\/www.grieta.org.mx\/wp-content\/uploads\/2020\/08\/118358904_3206040109487153_7690283986572340481_o-300x300.jpg\" data-large-file=\"http:\/\/www.grieta.org.mx\/wp-content\/uploads\/2020\/08\/118358904_3206040109487153_7690283986572340481_o.jpg\" class=\"wp-image-52734 aligncenter\" src=\"http:\/\/www.grieta.org.mx\/wp-content\/uploads\/2020\/08\/118358904_3206040109487153_7690283986572340481_o.jpg\" alt=\"\" width=\"800\" height=\"800\" srcset=\"http:\/\/www.grieta.org.mx\/wp-content\/uploads\/2020\/08\/118358904_3206040109487153_7690283986572340481_o.jpg 960w, http:\/\/www.grieta.org.mx\/wp-content\/uploads\/2020\/08\/118358904_3206040109487153_7690283986572340481_o-300x300.jpg 300w, http:\/\/www.grieta.org.mx\/wp-content\/uploads\/2020\/08\/118358904_3206040109487153_7690283986572340481_o-150x150.jpg 150w, http:\/\/www.grieta.org.mx\/wp-content\/uploads\/2020\/08\/118358904_3206040109487153_7690283986572340481_o-768x768.jpg 768w, http:\/\/www.grieta.org.mx\/wp-content\/uploads\/2020\/08\/118358904_3206040109487153_7690283986572340481_o-130x130.jpg 130w, http:\/\/www.grieta.org.mx\/wp-content\/uploads\/2020\/08\/118358904_3206040109487153_7690283986572340481_o-500x500.jpg 500w\" sizes=\"auto, (max-width: 800px) 100vw, 800px\" \/><\/p>\n<p>Imagen: Diario Avanzada<\/p>\n<p>Heidi de Le\u00f3n Gutierrez \/ Diario Avanzada<\/p>\n<p>Colima, M\u00e9xico, Avanzada (21\/08\/2020).- El Hospital General N\u00famero 10 de Manzanillo registr\u00f3 el 100 por ciento de la ocupaci\u00f3n de camas con ventilador, seg\u00fan los datos de la secretar\u00eda de Salud de Colima.<\/p>\n<p>Mientras que el Hospital n\u00famero 1 del IMSS en Villa de \u00c1lvarez s\u00f3lo tiene el 25 por ciento de la disponibilidad, y el Hospital Regional Universitario (HRU) el 30 por ciento de camas disponibles en el \u00e1rea destinada para atender a los pacientes Covid-19.<\/p>\n<p>As\u00ed lo inform\u00f3 la secretar\u00eda de Salud en Colima, Leticia Delgado Carrillo, quien explic\u00f3 que tanto el Hospital n\u00famero 1 de Villa de \u00c1lvarez como el HRU se consideran como nosocomios de concentraci\u00f3n, lo que significa que reciben a todos aquellos pacientes con el virus SARS-CoV-2 que no pudieron ser atendidos en el resto de los municipios, por la falta de espacios o del equipo.<\/p>\n<p>Carrillo Delgado afirm\u00f3 que el hecho de que haya hospitales de concentraci\u00f3n limita los espacios que estos hospitales puedan tener para la derechohabiencia de los municipios donde se encuentran, en este caso, la zona conurbada de Colima y Villa de \u00c1lvarez.<\/p>\n<p>El Estado de Colima registra 2 mil 930 casos acumulados de Covid-19, 348 defunciones, y 239 casos sospechosos.<\/p>\n<p>Los datos de la secretar\u00eda de Salud muestran que Comala, Coquimatl\u00e1n, Colima y Villa de \u00c1lvarez se encuentra en fase activa de contagios, aunque los tres primeros municipios tengan menos casos que la zona conurbada.<\/p>\n<p>El mapa de calor que mide la presencia del virus,\u00a0coloca a Comala e Ixtlahuac\u00e1n en Amarillo, Minatitl\u00e1n, en verde, pero en rojo intenso est\u00e1n Manzanillo, Tecom\u00e1n, y Colima; cada uno \u00a0contabilizan m\u00e1s de 501 casos \u00a0acumulados de Covid-19.<\/p>\n<p><a href=\"https:\/\/www.diarioavanzada.com.mx\/?p=14797\">https:\/\/www.diarioavanzada.com.mx\/?p=14797<\/a><\/p>\n","protected":false},"excerpt":{"rendered":"<p>Imagen: Diario Avanzada Heidi de Le\u00f3n Gutierrez \/ Diario Avanzada Colima, M\u00e9xico, Avanzada (21\/08\/2020).- El Hospital General N\u00famero 10 de Manzanillo registr\u00f3 el 100 por ciento de la ocupaci\u00f3n de &hellip; <a href=\"http:\/\/www.grieta.org.mx\/index.php\/2020\/08\/21\/hospital-general-de-manzanillo-se-queda-sin-ventiladores-para-enfermos-de-covid-19-colima\/\" class=\"more-link\">Leer m\u00e1s<\/a><\/p>\n","protected":false},"author":2,"featured_media":52734,"comment_status":"closed","ping_status":"closed","sticky":false,"template":"","format":"standard","meta":{"ngg_post_thumbnail":0,"_jetpack_newsletter_access":"","_jetpack_dont_email_post_to_subs":false,"_jetpack_newsletter_tier_id":0,"_jetpack_memberships_contains_paywalled_content":false,"_jetpack_memberships_contains_paid_content":false,"footnotes":""},"categories":[80,13,3286,918,2365,2,83],"tags":[3133,2367,3284,3226],"class_list":["post-52733","post","type-post","status-publish","format-standard","has-post-thumbnail","hentry","category-cintillo","category-colima","category-covid-19-en-colima","category-privatizacion-del-sector-salud","category-crisis-en-el-sector-salud-en-colima","category-noticias-nacionales","category-temas-nacionales","tag-crisis-del-sector-salud","tag-crisis-en-el-sector-salud","tag-falta-de-insumos-en-hospitales","tag-falta-de-material-y-equipo-medico","entry"],"jetpack_featured_media_url":"http:\/\/www.grieta.org.mx\/wp-content\/uploads\/2020\/08\/118358904_3206040109487153_7690283986572340481_o.jpg","jetpack_sharing_enabled":true,"jetpack_shortlink":"https:\/\/wp.me\/p7ZJR4-dIx","jetpack_likes_enabled":false,"jetpack-related-posts":[{"id":56337,"url":"http:\/\/www.grieta.org.mx\/index.php\/2021\/01\/12\/hospitales-de-colima-reportan-el-100-por-ciento-de-ocupacion-en-areas-covid\/","url_meta":{"origin":52733,"position":0},"title":"Hospitales de Colima reportan el 100 por ciento de ocupaci\u00f3n en \u00e1reas Covid","author":"grieta","date":"12 enero, 2021","format":false,"excerpt":"Foto: Diario Avanzada Heidi de Le\u00f3n Guti\u00e9rrez \/ Diario Avanzada Colima, M\u00e9xico, Avanzada (12\/01\/2020).- El Hospital General de Manzanillo y el Hospital Regional Universitario (HRU) reportaron un 100 por ciento de ocupaci\u00f3n hospitalaria en las \u00e1reas destinadas para atender a los enfermos de Covid-19. Mientras que las cl\u00ednicas del ISSSTE\u2026","rel":"","context":"En &quot;CINTILLO&quot;","block_context":{"text":"CINTILLO","link":"http:\/\/www.grieta.org.mx\/index.php\/category\/cintillo\/"},"img":{"alt_text":"","src":"https:\/\/i0.wp.com\/www.grieta.org.mx\/wp-content\/uploads\/2021\/01\/Hospital-1.jpg?resize=350%2C200","width":350,"height":200,"srcset":"https:\/\/i0.wp.com\/www.grieta.org.mx\/wp-content\/uploads\/2021\/01\/Hospital-1.jpg?resize=350%2C200 1x, https:\/\/i0.wp.com\/www.grieta.org.mx\/wp-content\/uploads\/2021\/01\/Hospital-1.jpg?resize=525%2C300 1.5x, https:\/\/i0.wp.com\/www.grieta.org.mx\/wp-content\/uploads\/2021\/01\/Hospital-1.jpg?resize=700%2C400 2x"},"classes":[]},{"id":56823,"url":"http:\/\/www.grieta.org.mx\/index.php\/2021\/02\/04\/hru-y-hospital-de-tecoman-sin-disponibilidad-de-camas-para-atender-pacientes-covid-19-colima\/","url_meta":{"origin":52733,"position":1},"title":"HRU y Hospital de Tecom\u00e1n sin disponibilidad de camas para atender pacientes Covid-19 (Colima)","author":"grieta","date":"4 febrero, 2021","format":false,"excerpt":"Foto: Diario Avanzada Heidi de Le\u00f3n Guti\u00e9rrez \/ Diario Avanzada Colima, M\u00e9xico, Avanzada (04\/02\/2021).- El Hospital Regional Universitario (HRU) y el Hospital General de Tecom\u00e1n reportaron una ocupaci\u00f3n del 100 por ciento en las \u00e1reas destinadas para atender a pacientes con Covid-19. El lleno se registra, justo en los d\u00edas\u2026","rel":"","context":"En &quot;CINTILLO&quot;","block_context":{"text":"CINTILLO","link":"http:\/\/www.grieta.org.mx\/index.php\/category\/cintillo\/"},"img":{"alt_text":"","src":"https:\/\/i0.wp.com\/www.grieta.org.mx\/wp-content\/uploads\/2021\/02\/Covid.jpg?resize=350%2C200","width":350,"height":200,"srcset":"https:\/\/i0.wp.com\/www.grieta.org.mx\/wp-content\/uploads\/2021\/02\/Covid.jpg?resize=350%2C200 1x, https:\/\/i0.wp.com\/www.grieta.org.mx\/wp-content\/uploads\/2021\/02\/Covid.jpg?resize=525%2C300 1.5x"},"classes":[]},{"id":48590,"url":"http:\/\/www.grieta.org.mx\/index.php\/2020\/04\/24\/urge-hospital-para-enfermos-por-covid-19-hospitalizados-por-otras-enfermedades-estan-en-riesgo-colima\/","url_meta":{"origin":52733,"position":2},"title":"Urge hospital para enfermos por Covid-19, hospitalizados por otras enfermedades est\u00e1n en riesgo (Colima)","author":"grieta","date":"24 abril, 2020","format":false,"excerpt":"Imagen: Diario Avanzada Heidi de Le\u00f3n Guti\u00e9rrez \/ Diario Avanzada Colima, M\u00e9xico, Avanzada (24\/04\/2020).- Por segunda ocasi\u00f3n en menos de un mes, la secretar\u00eda general del sindicato de Salud, Dolores Gonz\u00e1lez Meza solicit\u00f3 al gobernador, Ignacio Peralta S\u00e1nchez que defina un solo hospital para atender a las personas contagiadas de\u2026","rel":"","context":"En &quot;CINTILLO&quot;","block_context":{"text":"CINTILLO","link":"http:\/\/www.grieta.org.mx\/index.php\/category\/cintillo\/"},"img":{"alt_text":"","src":"https:\/\/i0.wp.com\/www.grieta.org.mx\/wp-content\/uploads\/2020\/05\/94033066_1958425714349114_6165990019484876800_n.jpg?resize=350%2C200","width":350,"height":200,"srcset":"https:\/\/i0.wp.com\/www.grieta.org.mx\/wp-content\/uploads\/2020\/05\/94033066_1958425714349114_6165990019484876800_n.jpg?resize=350%2C200 1x, https:\/\/i0.wp.com\/www.grieta.org.mx\/wp-content\/uploads\/2020\/05\/94033066_1958425714349114_6165990019484876800_n.jpg?resize=525%2C300 1.5x, https:\/\/i0.wp.com\/www.grieta.org.mx\/wp-content\/uploads\/2020\/05\/94033066_1958425714349114_6165990019484876800_n.jpg?resize=700%2C400 2x, https:\/\/i0.wp.com\/www.grieta.org.mx\/wp-content\/uploads\/2020\/05\/94033066_1958425714349114_6165990019484876800_n.jpg?resize=1050%2C600 3x, https:\/\/i0.wp.com\/www.grieta.org.mx\/wp-content\/uploads\/2020\/05\/94033066_1958425714349114_6165990019484876800_n.jpg?resize=1400%2C800 4x"},"classes":[]},{"id":43550,"url":"http:\/\/www.grieta.org.mx\/index.php\/2020\/01\/23\/medicos-en-manzanillo-llevan-7-dias-en-paro-por-impago-colima\/","url_meta":{"origin":52733,"position":3},"title":"M\u00e9dicos en Manzanillo llevan 7 d\u00edas en paro por impago (Colima)","author":"grieta","date":"23 enero, 2020","format":false,"excerpt":"Foto: Ilustrativa Heidi de Le\u00f3n Guti\u00e9rrez \/ Diario Avanzada Colima, M\u00e9xico, Avanzada (23\/01\/2020).- Los m\u00e9dicos residentes del Hospital Civil de Manzanillo llevan siete d\u00edas en paro por la falta del pago de la quincena, misma que debi\u00f3 depositarse entre el 13 o 14 de enero. La misma situaci\u00f3n sucede en\u2026","rel":"","context":"En &quot;CINTILLO&quot;","block_context":{"text":"CINTILLO","link":"http:\/\/www.grieta.org.mx\/index.php\/category\/cintillo\/"},"img":{"alt_text":"","src":"https:\/\/i0.wp.com\/www.grieta.org.mx\/wp-content\/uploads\/2020\/01\/Hospital-Civil-manzanillo.jpg?resize=350%2C200","width":350,"height":200,"srcset":"https:\/\/i0.wp.com\/www.grieta.org.mx\/wp-content\/uploads\/2020\/01\/Hospital-Civil-manzanillo.jpg?resize=350%2C200 1x, https:\/\/i0.wp.com\/www.grieta.org.mx\/wp-content\/uploads\/2020\/01\/Hospital-Civil-manzanillo.jpg?resize=525%2C300 1.5x, https:\/\/i0.wp.com\/www.grieta.org.mx\/wp-content\/uploads\/2020\/01\/Hospital-Civil-manzanillo.jpg?resize=700%2C400 2x"},"classes":[]},{"id":53757,"url":"http:\/\/www.grieta.org.mx\/index.php\/2020\/09\/23\/hospital-general-de-tecoman-no-tiene-medicamentos-ventiladores-ni-tomas-de-oxigeno-colima\/","url_meta":{"origin":52733,"position":4},"title":"Hospital General de Tecom\u00e1n no tiene medicamentos, ventiladores, ni tomas de ox\u00edgeno (Colima)","author":"grieta","date":"23 septiembre, 2020","format":false,"excerpt":"Foto: Diario Avanzada Heidi de Le\u00f3n Guti\u00e9rrez \/ Diario Avanzada Colima, M\u00e9xico, Avanzada (23\/09\/2020).- M\u00e9dicos y pacientes del Hospital General de Tecom\u00e1n sufren el desabasto de medicamentos, material quir\u00fargico, ventiladores y condiciones adecuadas para poder ofrecer u recibir una adecuada atenci\u00f3n. La desprotecci\u00f3n en la que se encuentra este centro\u2026","rel":"","context":"En &quot;CINTILLO&quot;","block_context":{"text":"CINTILLO","link":"http:\/\/www.grieta.org.mx\/index.php\/category\/cintillo\/"},"img":{"alt_text":"","src":"https:\/\/i0.wp.com\/www.grieta.org.mx\/wp-content\/uploads\/2020\/09\/Salud-Covid-2.jpeg?resize=350%2C200","width":350,"height":200,"srcset":"https:\/\/i0.wp.com\/www.grieta.org.mx\/wp-content\/uploads\/2020\/09\/Salud-Covid-2.jpeg?resize=350%2C200 1x, https:\/\/i0.wp.com\/www.grieta.org.mx\/wp-content\/uploads\/2020\/09\/Salud-Covid-2.jpeg?resize=525%2C300 1.5x, https:\/\/i0.wp.com\/www.grieta.org.mx\/wp-content\/uploads\/2020\/09\/Salud-Covid-2.jpeg?resize=700%2C400 2x"},"classes":[]},{"id":59560,"url":"http:\/\/www.grieta.org.mx\/index.php\/2021\/05\/22\/colima-tiene-una-elevada-mortalidad-por-covid-19-reconoce-salud-colima\/","url_meta":{"origin":52733,"position":5},"title":"Colima tiene una elevada mortalidad por Covid-19, reconoce Salud Colima","author":"grieta","date":"22 mayo, 2021","format":false,"excerpt":"Imagen: Diario Avanzada Heidi De Le\u00f3n Guti\u00e9rrez \/ Diario Avanzada Colima, M\u00e9xico, Avanzada (22\/05\/2021).- La secretar\u00eda de Salud en Coima reconoci\u00f3 que en la entidad la tasa por mortalidad por Covid-19 es alta en comparaci\u00f3n con el n\u00famero de habitantes. En este sentido, explic\u00f3 que los municipios m\u00e1s afectados son\u2026","rel":"","context":"En &quot;CINTILLO&quot;","block_context":{"text":"CINTILLO","link":"http:\/\/www.grieta.org.mx\/index.php\/category\/cintillo\/"},"img":{"alt_text":"","src":"https:\/\/i0.wp.com\/www.grieta.org.mx\/wp-content\/uploads\/2021\/05\/179141417_3898225170268640_7317085779542696132_n-e1621893656496.jpg?resize=350%2C200","width":350,"height":200},"classes":[]}],"_links":{"self":[{"href":"http:\/\/www.grieta.org.mx\/index.php\/wp-json\/wp\/v2\/posts\/52733","targetHints":{"allow":["GET"]}}],"collection":[{"href":"http:\/\/www.grieta.org.mx\/index.php\/wp-json\/wp\/v2\/posts"}],"about":[{"href":"http:\/\/www.grieta.org.mx\/index.php\/wp-json\/wp\/v2\/types\/post"}],"author":[{"embeddable":true,"href":"http:\/\/www.grieta.org.mx\/index.php\/wp-json\/wp\/v2\/users\/2"}],"replies":[{"embeddable":true,"href":"http:\/\/www.grieta.org.mx\/index.php\/wp-json\/wp\/v2\/comments?post=52733"}],"version-history":[{"count":1,"href":"http:\/\/www.grieta.org.mx\/index.php\/wp-json\/wp\/v2\/posts\/52733\/revisions"}],"predecessor-version":[{"id":52735,"href":"http:\/\/www.grieta.org.mx\/index.php\/wp-json\/wp\/v2\/posts\/52733\/revisions\/52735"}],"wp:featuredmedia":[{"embeddable":true,"href":"http:\/\/www.grieta.org.mx\/index.php\/wp-json\/wp\/v2\/media\/52734"}],"wp:attachment":[{"href":"http:\/\/www.grieta.org.mx\/index.php\/wp-json\/wp\/v2\/media?parent=52733"}],"wp:term":[{"taxonomy":"category","embeddable":true,"href":"http:\/\/www.grieta.org.mx\/index.php\/wp-json\/wp\/v2\/categories?post=52733"},{"taxonomy":"post_tag","embeddable":true,"href":"http:\/\/www.grieta.org.mx\/index.php\/wp-json\/wp\/v2\/tags?post=52733"}],"curies":[{"name":"wp","href":"https:\/\/api.w.org\/{rel}","templated":true}]}}