{"id":52686,"date":"2020-08-18T20:05:29","date_gmt":"2020-08-19T01:05:29","guid":{"rendered":"http:\/\/www.grieta.org.mx\/?p=52686"},"modified":"2020-08-18T20:05:29","modified_gmt":"2020-08-19T01:05:29","slug":"en-alerta-roja-ahora-en-agua-zacatecas","status":"publish","type":"post","link":"http:\/\/www.grieta.org.mx\/index.php\/2020\/08\/18\/en-alerta-roja-ahora-en-agua-zacatecas\/","title":{"rendered":"En alerta roja, ahora en agua (Zacatecas)"},"content":{"rendered":"<p>FRANZELY REYNA\/NTRZACATECAS.COM, 17 de agosto de 2020.<\/p>\n<p>La calidad del agua en Zacatecas calific\u00f3 en sem\u00e1foro rojo, en el caso de la subterr\u00e1nea, debido a que se detectaron altas concentraciones de fluoruros, principalmente, as\u00ed como niveles no aptos de ars\u00e9nico, en la mayor\u00eda de las zonas monitoreadas en el estado.<\/p>\n<p>En las aguas superficiales, aunque clasificadas en promedio en alerta amarilla, se identificaron riesgos, sobre todo, por coliformes fecales y escherichia coli, sin embargo, tambi\u00e9n hubo contaminaci\u00f3n seg\u00fan demanda bioqu\u00edmica y qu\u00edmica de ox\u00edgeno, adem\u00e1s de niveles de toxicidad moderados y altos.<\/p>\n<p>La Comisi\u00f3n Nacional del Agua (Conagua) actualiz\u00f3 el diagn\u00f3stico de calidad al cierre de julio, con base en los an\u00e1lisis realizados durante 2019 en 2 mil 764 sitios de monitoreo en el pa\u00eds.<\/p>\n<p>De las estaciones de aguas subterr\u00e1neas, 39 por ciento se catalogaron con verde, 16.3 por ciento en amarillo y 44.7 por ciento en rojo.<\/p>\n<p>De las aguas superficiales, 33.2 por ciento se colocaron en sem\u00e1foro verde, 31 por ciento en amarillo y 35.8 por ciento en rojo.<\/p>\n<p>De acuerdo con el mapa del Sistema Nacional de Informaci\u00f3n del Agua (Sina), en Zacatecas se detectaron niveles no aptos de ars\u00e9nico en aguas subterr\u00e1neas de Concepci\u00f3n del Oro, El Salvador, Mazapil, Miguel Auza, Juan Aldama, Francisco R. Murgu\u00eda, R\u00edo Grande, Villa de Cos, Fresnillo, Calera, Zacatecas, Huanusco, Juchipila, P\u00e1nfilo Natera, Ojocaliente, Luis Moya y Noria de \u00c1ngeles.<\/p>\n<p>La Organizaci\u00f3n Mundial de la Salud (OMS) advierte que entre los peligros por la contaminaci\u00f3n por ars\u00e9nico est\u00e1n c\u00e1ncer de piel, vejiga y pulm\u00f3n; problemas con el desarrollo y en embarazo; mortalidad infantil; neurotoxicidad; diabetes y enfermedades pulmonares y cardiovasculares, en particular, infartos de miocardio.<\/p>\n<p>Asimismo, se registraron altas concentraciones de fluoruros en Mazapil, Juan Aldama, R\u00edo Grande, Villa de Cos, Ca\u00f1itas de Felipe Pescador, Sain Alto, Fresnillo, Jerez, Zacatecas, Villanueva, Tabasco, Huanusco, Juchipila, Apulco, Nochistl\u00e1n, P\u00e1nfilo Natera, Ojocaliente, Luis Moya, Noria de \u00c1ngeles, Villa Gonz\u00e1lez Ortega, Villa Hidalgo y Pinos.<\/p>\n<p>En cuanto a los fluoruros, organizaciones internacionales asocian a esta sustancia con fluorosis dental, rigidez esquel\u00e9tica y problemas neurol\u00f3gicos y renales.<\/p>\n<p>Entre los sitios del estado con mayor incumplimiento de los par\u00e1metros de calidad del agua, destac\u00f3 El Salvador, donde se consider\u00f3 indeseable para riego, y por tanto no recomendable para usos industriales o dom\u00e9sticos, adem\u00e1s de no apta para consumo por ars\u00e9nico.<\/p>\n<p>Iguales problemas se identificaron en la estaci\u00f3n El Cardito 2 Banderitas, de Mazapil, donde se a\u00f1adi\u00f3 la clasificaci\u00f3n de no apta por nitr\u00f3geno de nitratos.<\/p>\n<p>En La Colorada, Villa de Cos, la alcalinidad es indeseable, el l\u00edquido es dudoso para riego por conductividad y tambi\u00e9n est\u00e1n en rojo por nitr\u00f3geno de nitratos y ars\u00e9nico. A excepci\u00f3n de esta \u00faltima sustancia, esto se repite en Sierra Vieja, del mismo municipio.<\/p>\n<figure id=\"attachment_52687\" aria-describedby=\"caption-attachment-52687\" style=\"width: 700px\" class=\"wp-caption alignnone\"><img loading=\"lazy\" decoding=\"async\" data-attachment-id=\"52687\" data-permalink=\"http:\/\/www.grieta.org.mx\/index.php\/2020\/08\/18\/en-alerta-roja-ahora-en-agua-zacatecas\/agus\/\" data-orig-file=\"http:\/\/www.grieta.org.mx\/wp-content\/uploads\/2020\/08\/agus.jpg\" data-orig-size=\"650,380\" data-comments-opened=\"0\" data-image-meta=\"{&quot;aperture&quot;:&quot;0&quot;,&quot;credit&quot;:&quot;&quot;,&quot;camera&quot;:&quot;&quot;,&quot;caption&quot;:&quot;&quot;,&quot;created_timestamp&quot;:&quot;0&quot;,&quot;copyright&quot;:&quot;&quot;,&quot;focal_length&quot;:&quot;0&quot;,&quot;iso&quot;:&quot;0&quot;,&quot;shutter_speed&quot;:&quot;0&quot;,&quot;title&quot;:&quot;&quot;,&quot;orientation&quot;:&quot;0&quot;}\" data-image-title=\"agus\" data-image-description=\"\" data-image-caption=\"&lt;p&gt;Foto: NTR Zacatecas&lt;\/p&gt;\n\" data-medium-file=\"http:\/\/www.grieta.org.mx\/wp-content\/uploads\/2020\/08\/agus-300x175.jpg\" data-large-file=\"http:\/\/www.grieta.org.mx\/wp-content\/uploads\/2020\/08\/agus.jpg\" class=\"wp-image-52687\" src=\"http:\/\/www.grieta.org.mx\/wp-content\/uploads\/2020\/08\/agus.jpg\" alt=\"\" width=\"700\" height=\"409\" srcset=\"http:\/\/www.grieta.org.mx\/wp-content\/uploads\/2020\/08\/agus.jpg 650w, http:\/\/www.grieta.org.mx\/wp-content\/uploads\/2020\/08\/agus-300x175.jpg 300w\" sizes=\"auto, (max-width: 700px) 100vw, 700px\" \/><figcaption id=\"caption-attachment-52687\" class=\"wp-caption-text\">Foto: NTR Zacatecas<\/figcaption><\/figure>\n<p><strong><br \/>\nContaminaci\u00f3n fecal<\/strong><\/p>\n<p>Por otra parte, en las de tipo superficial, el mapa del Sina expone que hay aguas \u201cfuertemente contaminadas\u201d por coliformes fecales en Moyahua, Te\u00fal de Gonz\u00e1lez Ortega, Tlaltenango, Jerez, Cuauht\u00e9moc, Genaro Codina, R\u00edo Grande y en el sitio de monitoreo de Envases y Tapas Modelo, de Calera.<\/p>\n<p>Este problema, aunque no en el nivel m\u00e1ximo, tambi\u00e9n se detect\u00f3 en Jalpa, Momax, Tabasco y Valpara\u00edso. Esto se considera una \u201calteraci\u00f3n severa\u201d, debido a descargas residuales o contaminaci\u00f3n bacteriol\u00f3gica, y puede causar males gastrointestinales como tifoidea y salmonelosis.<\/p>\n<p>Tambi\u00e9n en aguas superficiales se diagnostic\u00f3 fuerte contaminaci\u00f3n por escherichia coli en Calera, Cuauht\u00e9moc y Te\u00fal de Gonz\u00e1lez Ortega.<\/p>\n<p>Resalt\u00f3 que en los monitoreos en Calera, en la Compa\u00f1\u00eda Cervecera de Zacatecas y Envases y Tapas Modelo, adem\u00e1s de coliformes fecales y s\u00f3lidos suspendidos, hubo contaminaci\u00f3n por demanda qu\u00edmica y bioqu\u00edmica de ox\u00edgeno, toxicidad moderada y alta por Dafnia Magna y Vibrio Fisheri.<\/p>\n<p><strong><br \/>\nIncumplen par\u00e1metros<\/strong><\/p>\n<p>Yolanda Carrillo Pasillas, jefa de Calidad del Agua en la Comisi\u00f3n Nacional del Agua (Conagua), inform\u00f3 que se incumplen cuatro de ocho par\u00e1metros, seg\u00fan las mediciones de 2019.<\/p>\n<p>Confirm\u00f3 que fueron indicadores relacionados con la presencia de escherichia coli, coliformes fecales, solidos suspendidos y saturaci\u00f3n de ox\u00edgeno.<\/p>\n<p>El agua subterr\u00e1nea calific\u00f3 con rojo por no acreditar m\u00e1s de la mitad de 14 est\u00e1ndares, entre ellos fluoruros, coliformes fecales, nitratos, ars\u00e9nico, cadmio, cromo, mercurio y plomo.<\/p>\n<p>Carrillo Pasillas aclar\u00f3 que, en aguas superficiales, la calidad var\u00eda en los r\u00edos Tlaltenango, Juchipila, Valpara\u00edso, Agua Naval y San Pedro, pero es mayormente en sem\u00e1foro amarillo.<\/p>\n<p>Explic\u00f3 que esto significa que \u201clo que m\u00e1s predomina son los organismos coliformes o bacterias, lo que se debe a que en muchos de los sitios vierten aguas residuales\u201d.<\/p>\n<p>Con estos an\u00e1lisis se identifican problemas como \u201csi hay que construir plantas de tratamiento, o si existen y no est\u00e1n en funcionamiento, o est\u00e1n funcionando de forma no adecuada\u201d.<\/p>\n<p>\u201cSi vemos focos de alarma, analizamos a qu\u00e9 empresas o poblaci\u00f3n se est\u00e1 afectando, y con eso se hacen visitas de inspecci\u00f3n para subsanar el problema\u201d.<\/p>\n<p>En cuanto a las aguas subterr\u00e1neas, Yolanda Carrillo especific\u00f3 que los sitios que se monitorean son los pozos para suministro potable.<\/p>\n<p>\u201cSe consideran 14 indicadores para detectar los niveles de fl\u00faor, coliformes fecales, nitr\u00f3geno, ars\u00e9nico, cadmio, cromo, plomo, mercurio, alcalinidad, conductividad, solidos disueltos, magnesio total y hierro\u201d.<\/p>\n<p>De acuerdo con la especialista, la semaforizaci\u00f3n en rojo significa que el agua subterr\u00e1nea en Zacatecas tiene mayor nivel de fl\u00faor.<\/p>\n<p>Expuso que, sobre todo en el norte del estado, se instalaron plantas potabilizadoras para mejorar la calidad del agua.<\/p>\n<p>\u201cEn referencia al resto del estado, se puede decir que tenemos calidad de agua variada, pero el par\u00e1metro que m\u00e1s se dispara es en cuanto al fl\u00faor\u201d, insisti\u00f3.<\/p>\n<p><a href=\"http:\/\/ntrzacatecas.com\/2020\/08\/17\/en-alerta-roja-ahora-en-agua\/\">http:\/\/ntrzacatecas.com\/2020\/08\/17\/en-alerta-roja-ahora-en-agua\/<\/a><\/p>\n","protected":false},"excerpt":{"rendered":"<p>FRANZELY REYNA\/NTRZACATECAS.COM, 17 de agosto de 2020. La calidad del agua en Zacatecas calific\u00f3 en sem\u00e1foro rojo, en el caso de la subterr\u00e1nea, debido a que se detectaron altas concentraciones &hellip; <a href=\"http:\/\/www.grieta.org.mx\/index.php\/2020\/08\/18\/en-alerta-roja-ahora-en-agua-zacatecas\/\" class=\"more-link\">Leer m\u00e1s<\/a><\/p>\n","protected":false},"author":2,"featured_media":52687,"comment_status":"closed","ping_status":"closed","sticky":false,"template":"","format":"standard","meta":{"ngg_post_thumbnail":0,"_jetpack_newsletter_access":"","_jetpack_dont_email_post_to_subs":false,"_jetpack_newsletter_tier_id":0,"_jetpack_memberships_contains_paywalled_content":false,"_jetpack_memberships_contains_paid_content":false,"footnotes":""},"categories":[80,3617,1505,1535,76],"tags":[425,91,1178,2309],"class_list":["post-52686","post","type-post","status-publish","format-standard","has-post-thumbnail","hentry","category-cintillo","category-contaminacion-ambiental-en-zacatecas","category-danos-ambientales-y-a-la-salud-por-mineria-en-zacatecas","category-desabasto-de-agua-en-zacatecas","category-zacatecas","tag-contaminacion-agua","tag-contaminacion-ambiental","tag-destruccion-de-la-naturaleza","tag-escasez-de-agua","entry"],"jetpack_featured_media_url":"http:\/\/www.grieta.org.mx\/wp-content\/uploads\/2020\/08\/agus.jpg","jetpack_sharing_enabled":true,"jetpack_shortlink":"https:\/\/wp.me\/p7ZJR4-dHM","jetpack_likes_enabled":false,"jetpack-related-posts":[{"id":3494,"url":"http:\/\/www.grieta.org.mx\/index.php\/2015\/06\/01\/agua-en-zacatecas-altamente-contaminada\/","url_meta":{"origin":52686,"position":0},"title":"Agua en Zacatecas, altamente contaminada","author":"grieta","date":"1 junio, 2015","format":false,"excerpt":"NTR Periodismo Cr\u00edtico Zacatecas Agua en Zacatecas, altamente contaminada Publicado: Lunes, 01 Junio 2015 STAFF\/NTRZACATECAS.COM Darcy Tetreault, investigador de la Unidad Acad\u00e9mica en Estudios en Desarrollo de la UAZ, present\u00f3 un estudio sobre los hallazgos de los altos niveles de contaminaci\u00f3n en el agua que se distribuye en Guadalupe y\u2026","rel":"","context":"En &quot;CINTILLO&quot;","block_context":{"text":"CINTILLO","link":"http:\/\/www.grieta.org.mx\/index.php\/category\/cintillo\/"},"img":{"alt_text":"","src":"https:\/\/i0.wp.com\/www.grieta.org.mx\/wp-content\/uploads\/2018\/03\/14524434_1106112876131411_958039263622046936_o.jpg?resize=350%2C200","width":350,"height":200,"srcset":"https:\/\/i0.wp.com\/www.grieta.org.mx\/wp-content\/uploads\/2018\/03\/14524434_1106112876131411_958039263622046936_o.jpg?resize=350%2C200 1x, https:\/\/i0.wp.com\/www.grieta.org.mx\/wp-content\/uploads\/2018\/03\/14524434_1106112876131411_958039263622046936_o.jpg?resize=525%2C300 1.5x, https:\/\/i0.wp.com\/www.grieta.org.mx\/wp-content\/uploads\/2018\/03\/14524434_1106112876131411_958039263622046936_o.jpg?resize=700%2C400 2x"},"classes":[]},{"id":66683,"url":"http:\/\/www.grieta.org.mx\/index.php\/2023\/01\/28\/investigan-calidad-del-agua-en-rio-suchil-por-probable-contaminacion-por-pesticidas-y-aguas-negras-zacatecas\/","url_meta":{"origin":52686,"position":1},"title":"Investigan calidad del agua en r\u00edo S\u00fachil por probable contaminaci\u00f3n por pesticidas y aguas negras (Zacatecas)","author":"grieta","date":"28 enero, 2023","format":false,"excerpt":"Por: Antonio Gayt\u00e1n 28 de enero de 2023, notigram Investigan calidad del agua en r\u00edo S\u00fachil por probable contaminaci\u00f3n por pesticidas y aguas negras, an\u00e1lisis en proceso que se realiza en la Universidad Tecnol\u00f3gica de Poanas (UTP). Jorge Adri\u00e1n Puentes Gonz\u00e1lez, estudiante de la carretera Agricultura Sustentable y Protegida, ante\u2026","rel":"","context":"En &quot;CINTILLO&quot;","block_context":{"text":"CINTILLO","link":"http:\/\/www.grieta.org.mx\/index.php\/category\/cintillo\/"},"img":{"alt_text":"","src":"https:\/\/i0.wp.com\/www.grieta.org.mx\/wp-content\/uploads\/2018\/03\/14524434_1106112876131411_958039263622046936_o.jpg?resize=350%2C200","width":350,"height":200,"srcset":"https:\/\/i0.wp.com\/www.grieta.org.mx\/wp-content\/uploads\/2018\/03\/14524434_1106112876131411_958039263622046936_o.jpg?resize=350%2C200 1x, https:\/\/i0.wp.com\/www.grieta.org.mx\/wp-content\/uploads\/2018\/03\/14524434_1106112876131411_958039263622046936_o.jpg?resize=525%2C300 1.5x, https:\/\/i0.wp.com\/www.grieta.org.mx\/wp-content\/uploads\/2018\/03\/14524434_1106112876131411_958039263622046936_o.jpg?resize=700%2C400 2x"},"classes":[]},{"id":37494,"url":"http:\/\/www.grieta.org.mx\/index.php\/2019\/08\/05\/piden-investigar-y-sancionar-a-minera-penasquitos-por-danos-en-zacatecas\/","url_meta":{"origin":52686,"position":2},"title":"Piden investigar y sancionar a minera Pe\u00f1asquitos por da\u00f1os en Zacatecas","author":"grieta","date":"5 agosto, 2019","format":false,"excerpt":"El Estado est\u00e1 incurriendo las actividades de contaminaci\u00f3n ambiental y el despojo de las tierras de los ejidatarios afectados, afirman Manrique Gandaria | El Sol de M\u00e9xico, 5 de agosto de 2019 La organizaci\u00f3n de derechos humanos Red Solidaria D\u00e9cada contra la Impunidad y la Coordinadora Plan de Ayala, pudieron\u2026","rel":"","context":"En &quot;CINTILLO&quot;","block_context":{"text":"CINTILLO","link":"http:\/\/www.grieta.org.mx\/index.php\/category\/cintillo\/"},"img":{"alt_text":"","src":"https:\/\/i0.wp.com\/www.grieta.org.mx\/wp-content\/uploads\/2018\/03\/14524434_1106112876131411_958039263622046936_o.jpg?resize=350%2C200","width":350,"height":200,"srcset":"https:\/\/i0.wp.com\/www.grieta.org.mx\/wp-content\/uploads\/2018\/03\/14524434_1106112876131411_958039263622046936_o.jpg?resize=350%2C200 1x, https:\/\/i0.wp.com\/www.grieta.org.mx\/wp-content\/uploads\/2018\/03\/14524434_1106112876131411_958039263622046936_o.jpg?resize=525%2C300 1.5x, https:\/\/i0.wp.com\/www.grieta.org.mx\/wp-content\/uploads\/2018\/03\/14524434_1106112876131411_958039263622046936_o.jpg?resize=700%2C400 2x"},"classes":[]},{"id":54558,"url":"http:\/\/www.grieta.org.mx\/index.php\/2020\/10\/20\/exigen-solucion-a-relleno-sanitario-de-cicacalco-zacatecas\/","url_meta":{"origin":52686,"position":3},"title":"Exigen soluci\u00f3n a relleno sanitario de Cicacalco (Zacatecas)","author":"grieta","date":"20 octubre, 2020","format":false,"excerpt":"ALBERTO MORONES \/ NTRZACATECAS.COM, 20 de octubre de 2020 ZACATECAS. Habitantes de la comunidad Cicacalco de Tlaltenango se manifestaron en la explanada del Congreso del Estado para pedir atenci\u00f3n de los diputados en el tema del basurero que se construy\u00f3 y del cual quieren que suspenda su actividad, por temor\u2026","rel":"","context":"En &quot;CINTILLO&quot;","block_context":{"text":"CINTILLO","link":"http:\/\/www.grieta.org.mx\/index.php\/category\/cintillo\/"},"img":{"alt_text":"","src":"https:\/\/i0.wp.com\/www.grieta.org.mx\/wp-content\/uploads\/2020\/10\/tlaltenango-3-1200x630-1.jpeg?resize=350%2C200","width":350,"height":200,"srcset":"https:\/\/i0.wp.com\/www.grieta.org.mx\/wp-content\/uploads\/2020\/10\/tlaltenango-3-1200x630-1.jpeg?resize=350%2C200 1x, https:\/\/i0.wp.com\/www.grieta.org.mx\/wp-content\/uploads\/2020\/10\/tlaltenango-3-1200x630-1.jpeg?resize=525%2C300 1.5x, https:\/\/i0.wp.com\/www.grieta.org.mx\/wp-content\/uploads\/2020\/10\/tlaltenango-3-1200x630-1.jpeg?resize=700%2C400 2x, https:\/\/i0.wp.com\/www.grieta.org.mx\/wp-content\/uploads\/2020\/10\/tlaltenango-3-1200x630-1.jpeg?resize=1050%2C600 3x"},"classes":[]},{"id":36358,"url":"http:\/\/www.grieta.org.mx\/index.php\/2019\/05\/01\/acaba-mina-de-plata-con-agua-en-zacatecas\/","url_meta":{"origin":52686,"position":4},"title":"Acaba mina de plata con agua en Zacatecas","author":"grieta","date":"1 mayo, 2019","format":false,"excerpt":"El l\u00edder del Frente Popular de Lucha asegur\u00f3 que han devastado la actividad productiva de la regi\u00f3n Carlos Lara | El sol de M\u00e9xico, 19 de mayo de 20199 Cat\u00e1strofe y destrucci\u00f3n es lo que ha provocado la operaci\u00f3n de la Mina Pe\u00f1asquito en Zacatecas; el Frente Popular de Lucha\u2026","rel":"","context":"En &quot;Conflictos mineros en Zacatecas&quot;","block_context":{"text":"Conflictos mineros en Zacatecas","link":"http:\/\/www.grieta.org.mx\/index.php\/category\/noticias-nacionales\/zacatecas\/explotacion-y-precariedad-laboral-zacatecas\/conflictos-mineros-en-zacatecas\/"},"img":{"alt_text":"","src":"https:\/\/i0.wp.com\/www.grieta.org.mx\/wp-content\/uploads\/2019\/07\/mina.jpg?resize=350%2C200","width":350,"height":200,"srcset":"https:\/\/i0.wp.com\/www.grieta.org.mx\/wp-content\/uploads\/2019\/07\/mina.jpg?resize=350%2C200 1x, https:\/\/i0.wp.com\/www.grieta.org.mx\/wp-content\/uploads\/2019\/07\/mina.jpg?resize=525%2C300 1.5x, https:\/\/i0.wp.com\/www.grieta.org.mx\/wp-content\/uploads\/2019\/07\/mina.jpg?resize=700%2C400 2x"},"classes":[]},{"id":63543,"url":"http:\/\/www.grieta.org.mx\/index.php\/2022\/02\/24\/investigan-presencia-de-metales-pesados-en-la-leche-materna-zacatecas\/","url_meta":{"origin":52686,"position":5},"title":"Investigan presencia de metales pesados en la leche materna (Zacatecas)","author":"grieta","date":"24 febrero, 2022","format":false,"excerpt":"jueves, 24 de febrero de 2022 a las 10:45am STAFF\/NTRZACATECAS.COM \u201cEfecto del plomo, cadmio y zinc sobre la expresi\u00f3n de marcadores de inflamaci\u00f3n en leche materna\u201d, es el t\u00edtulo de la investigaci\u00f3n que realiza la docente investigadora de la Unidad Acad\u00e9mica de Ciencias Qu\u00edmicas, Xelha Araujo Padilla. Al respecto, explic\u00f3\u2026","rel":"","context":"En &quot;CINTILLO&quot;","block_context":{"text":"CINTILLO","link":"http:\/\/www.grieta.org.mx\/index.php\/category\/cintillo\/"},"img":{"alt_text":"","src":"https:\/\/i0.wp.com\/www.grieta.org.mx\/wp-content\/uploads\/2018\/03\/14524434_1106112876131411_958039263622046936_o.jpg?resize=350%2C200","width":350,"height":200,"srcset":"https:\/\/i0.wp.com\/www.grieta.org.mx\/wp-content\/uploads\/2018\/03\/14524434_1106112876131411_958039263622046936_o.jpg?resize=350%2C200 1x, https:\/\/i0.wp.com\/www.grieta.org.mx\/wp-content\/uploads\/2018\/03\/14524434_1106112876131411_958039263622046936_o.jpg?resize=525%2C300 1.5x, https:\/\/i0.wp.com\/www.grieta.org.mx\/wp-content\/uploads\/2018\/03\/14524434_1106112876131411_958039263622046936_o.jpg?resize=700%2C400 2x"},"classes":[]}],"_links":{"self":[{"href":"http:\/\/www.grieta.org.mx\/index.php\/wp-json\/wp\/v2\/posts\/52686","targetHints":{"allow":["GET"]}}],"collection":[{"href":"http:\/\/www.grieta.org.mx\/index.php\/wp-json\/wp\/v2\/posts"}],"about":[{"href":"http:\/\/www.grieta.org.mx\/index.php\/wp-json\/wp\/v2\/types\/post"}],"author":[{"embeddable":true,"href":"http:\/\/www.grieta.org.mx\/index.php\/wp-json\/wp\/v2\/users\/2"}],"replies":[{"embeddable":true,"href":"http:\/\/www.grieta.org.mx\/index.php\/wp-json\/wp\/v2\/comments?post=52686"}],"version-history":[{"count":1,"href":"http:\/\/www.grieta.org.mx\/index.php\/wp-json\/wp\/v2\/posts\/52686\/revisions"}],"predecessor-version":[{"id":52688,"href":"http:\/\/www.grieta.org.mx\/index.php\/wp-json\/wp\/v2\/posts\/52686\/revisions\/52688"}],"wp:featuredmedia":[{"embeddable":true,"href":"http:\/\/www.grieta.org.mx\/index.php\/wp-json\/wp\/v2\/media\/52687"}],"wp:attachment":[{"href":"http:\/\/www.grieta.org.mx\/index.php\/wp-json\/wp\/v2\/media?parent=52686"}],"wp:term":[{"taxonomy":"category","embeddable":true,"href":"http:\/\/www.grieta.org.mx\/index.php\/wp-json\/wp\/v2\/categories?post=52686"},{"taxonomy":"post_tag","embeddable":true,"href":"http:\/\/www.grieta.org.mx\/index.php\/wp-json\/wp\/v2\/tags?post=52686"}],"curies":[{"name":"wp","href":"https:\/\/api.w.org\/{rel}","templated":true}]}}