{"id":52633,"date":"2020-08-05T14:09:08","date_gmt":"2020-08-05T19:09:08","guid":{"rendered":"http:\/\/www.grieta.org.mx\/?p=52633"},"modified":"2020-08-12T14:19:01","modified_gmt":"2020-08-12T19:19:01","slug":"mas-de-mil-trabajadores-despedidos-en-maquiladoras-de-tamaulipas","status":"publish","type":"post","link":"http:\/\/www.grieta.org.mx\/index.php\/2020\/08\/05\/mas-de-mil-trabajadores-despedidos-en-maquiladoras-de-tamaulipas\/","title":{"rendered":"M\u00e1s de mil trabajadores despedidos en maquiladoras de Tamaulipas"},"content":{"rendered":"<p>Arnoldo Garc\u00eda\/La Silla Rota<br \/>\n5 agosto 2020<\/p>\n<p><img loading=\"lazy\" decoding=\"async\" data-attachment-id=\"52634\" data-permalink=\"http:\/\/www.grieta.org.mx\/index.php\/2020\/08\/05\/mas-de-mil-trabajadores-despedidos-en-maquiladoras-de-tamaulipas\/maquiladorastamaulipas-focus-0-0-983-557\/\" data-orig-file=\"http:\/\/www.grieta.org.mx\/wp-content\/uploads\/2020\/08\/maquiladorastamaulipas-focus-0-0-983-557.jpg\" data-orig-size=\"983,557\" data-comments-opened=\"0\" data-image-meta=\"{&quot;aperture&quot;:&quot;0&quot;,&quot;credit&quot;:&quot;&quot;,&quot;camera&quot;:&quot;&quot;,&quot;caption&quot;:&quot;&quot;,&quot;created_timestamp&quot;:&quot;0&quot;,&quot;copyright&quot;:&quot;&quot;,&quot;focal_length&quot;:&quot;0&quot;,&quot;iso&quot;:&quot;0&quot;,&quot;shutter_speed&quot;:&quot;0&quot;,&quot;title&quot;:&quot;&quot;,&quot;orientation&quot;:&quot;0&quot;}\" data-image-title=\"maquiladorastamaulipas-focus-0-0-983-557\" data-image-description=\"\" data-image-caption=\"\" data-medium-file=\"http:\/\/www.grieta.org.mx\/wp-content\/uploads\/2020\/08\/maquiladorastamaulipas-focus-0-0-983-557-300x170.jpg\" data-large-file=\"http:\/\/www.grieta.org.mx\/wp-content\/uploads\/2020\/08\/maquiladorastamaulipas-focus-0-0-983-557.jpg\" class=\"alignnone wp-image-52634\" src=\"http:\/\/www.grieta.org.mx\/wp-content\/uploads\/2020\/08\/maquiladorastamaulipas-focus-0-0-983-557.jpg\" alt=\"\" width=\"800\" height=\"453\" srcset=\"http:\/\/www.grieta.org.mx\/wp-content\/uploads\/2020\/08\/maquiladorastamaulipas-focus-0-0-983-557.jpg 983w, http:\/\/www.grieta.org.mx\/wp-content\/uploads\/2020\/08\/maquiladorastamaulipas-focus-0-0-983-557-300x170.jpg 300w, http:\/\/www.grieta.org.mx\/wp-content\/uploads\/2020\/08\/maquiladorastamaulipas-focus-0-0-983-557-768x435.jpg 768w, http:\/\/www.grieta.org.mx\/wp-content\/uploads\/2020\/08\/maquiladorastamaulipas-focus-0-0-983-557-882x500.jpg 882w\" sizes=\"auto, (max-width: 800px) 100vw, 800px\" \/><\/p>\n<p>Cd. Victoria. &#8211; A las afueras de la planta maquiladora ya no hay las risas, ni los saludos alegres de otros d\u00edas, ahora entre los trabajadores hay tristeza, des\u00e1nimo y hasta l\u00e1grimas ante la incertidumbre de d\u00f3nde podr\u00e1n encontrar un nuevo empleo.<\/p>\n<p>Rosa Mar\u00eda Crespo se lamentaba expresando su preocupaci\u00f3n: &#8220;Lo que me dieron va a durar un par de meses. Tengo una ni\u00f1a que ira a la escuela entonces tengo muchos gastos que hacer por delante&#8221;.<\/p>\n<p>&#8220;Estoy triste, preocupada, pero de nada sirve estar lament\u00e1ndome, prefiero ponerme a pensar c\u00f3mo sacar dinero para vivir mi hija y yo, que vaya a la escuela, pagar renta, luz, agua, comida y dem\u00e1s. A lo mejor me dedico hacer pasteles. Me salen buenos y ya antes he vendido. A ver c\u00f3mo le hago. Dios que me habr\u00e1 de socorrer&#8221;, dijo.<\/p>\n<p><img loading=\"lazy\" decoding=\"async\" data-attachment-id=\"52635\" data-permalink=\"http:\/\/www.grieta.org.mx\/index.php\/2020\/08\/05\/mas-de-mil-trabajadores-despedidos-en-maquiladoras-de-tamaulipas\/maquiladoras2\/\" data-orig-file=\"http:\/\/www.grieta.org.mx\/wp-content\/uploads\/2020\/08\/maquiladoras2.jpeg\" data-orig-size=\"750,504\" data-comments-opened=\"0\" data-image-meta=\"{&quot;aperture&quot;:&quot;0&quot;,&quot;credit&quot;:&quot;&quot;,&quot;camera&quot;:&quot;&quot;,&quot;caption&quot;:&quot;&quot;,&quot;created_timestamp&quot;:&quot;0&quot;,&quot;copyright&quot;:&quot;&quot;,&quot;focal_length&quot;:&quot;0&quot;,&quot;iso&quot;:&quot;0&quot;,&quot;shutter_speed&quot;:&quot;0&quot;,&quot;title&quot;:&quot;&quot;,&quot;orientation&quot;:&quot;0&quot;}\" data-image-title=\"maquiladoras2\" data-image-description=\"\" data-image-caption=\"\" data-medium-file=\"http:\/\/www.grieta.org.mx\/wp-content\/uploads\/2020\/08\/maquiladoras2-300x202.jpeg\" data-large-file=\"http:\/\/www.grieta.org.mx\/wp-content\/uploads\/2020\/08\/maquiladoras2.jpeg\" src=\"http:\/\/www.grieta.org.mx\/wp-content\/uploads\/2020\/08\/maquiladoras2.jpeg\" alt=\"\" width=\"750\" height=\"504\" class=\"alignnone size-full wp-image-52635\" srcset=\"http:\/\/www.grieta.org.mx\/wp-content\/uploads\/2020\/08\/maquiladoras2.jpeg 750w, http:\/\/www.grieta.org.mx\/wp-content\/uploads\/2020\/08\/maquiladoras2-300x202.jpeg 300w, http:\/\/www.grieta.org.mx\/wp-content\/uploads\/2020\/08\/maquiladoras2-744x500.jpeg 744w\" sizes=\"auto, (max-width: 750px) 100vw, 750px\" \/><br \/>\n(Cuartoscuro)<\/p>\n<p>Para Jos\u00e9 Manuel Maldonado, quien labor\u00f3 en la planta tres a\u00f1os, tambi\u00e9n piensa en las alternativas de trabajo y admite que no ser\u00e1 f\u00e1cil encontrar algo.<\/p>\n<p>&#8220;En Kemt, la otra maquiladora, tambi\u00e9n est\u00e1 habiendo recorte de personal. Tendr\u00e9 que volver a agarrar la cuchara y la pala, darle a la alba\u00f1iler\u00eda, pero tampoco en eso hay mucho trabajo&#8221;, cuenta a La Silla Rota.<\/p>\n<p>&#8220;Tambi\u00e9n pienso en jalarme para Reynosa o Nuevo Laredo; all\u00e1 si es m\u00e1s f\u00e1cil encontrar trabajo, pero con eso del coronavirus la verdad es que est\u00e1 cabr\u00f3n. No vaya hacer que me contagie y contagie a mi esposa e hijos solo por unos cuantos pesos m\u00e1s&#8221;, apunt\u00f3 Maldonado.<\/p>\n<p><img loading=\"lazy\" decoding=\"async\" data-attachment-id=\"52636\" data-permalink=\"http:\/\/www.grieta.org.mx\/index.php\/2020\/08\/05\/mas-de-mil-trabajadores-despedidos-en-maquiladoras-de-tamaulipas\/maquiladoras\/\" data-orig-file=\"http:\/\/www.grieta.org.mx\/wp-content\/uploads\/2020\/08\/maquiladoras.jpeg\" data-orig-size=\"750,480\" data-comments-opened=\"0\" data-image-meta=\"{&quot;aperture&quot;:&quot;0&quot;,&quot;credit&quot;:&quot;&quot;,&quot;camera&quot;:&quot;&quot;,&quot;caption&quot;:&quot;&quot;,&quot;created_timestamp&quot;:&quot;0&quot;,&quot;copyright&quot;:&quot;&quot;,&quot;focal_length&quot;:&quot;0&quot;,&quot;iso&quot;:&quot;0&quot;,&quot;shutter_speed&quot;:&quot;0&quot;,&quot;title&quot;:&quot;&quot;,&quot;orientation&quot;:&quot;0&quot;}\" data-image-title=\"maquiladoras\" data-image-description=\"\" data-image-caption=\"\" data-medium-file=\"http:\/\/www.grieta.org.mx\/wp-content\/uploads\/2020\/08\/maquiladoras-300x192.jpeg\" data-large-file=\"http:\/\/www.grieta.org.mx\/wp-content\/uploads\/2020\/08\/maquiladoras.jpeg\" src=\"http:\/\/www.grieta.org.mx\/wp-content\/uploads\/2020\/08\/maquiladoras.jpeg\" alt=\"\" width=\"750\" height=\"480\" class=\"alignnone size-full wp-image-52636\" srcset=\"http:\/\/www.grieta.org.mx\/wp-content\/uploads\/2020\/08\/maquiladoras.jpeg 750w, http:\/\/www.grieta.org.mx\/wp-content\/uploads\/2020\/08\/maquiladoras-300x192.jpeg 300w\" sizes=\"auto, (max-width: 750px) 100vw, 750px\" \/><br \/>\n(Cuartoscuro)<\/p>\n<p>V\u00edctor Arcos, otro desempleado tambi\u00e9n dice: &#8220;A lo mejor es la oportunidad para regresar a estudiar si consiguiera una beca. La verdad es que a mi si me gustar\u00eda seguir estudiando para tener una carrera, un mejor trabajo. Pero tambi\u00e9n necesito trabajar para contribuir al sostenimiento de la casa. Mi pap\u00e1 ya no trabaja por la edad y enfermedad, entonces tengo que ayudar yo pues la pensi\u00f3n que recibe mi padre no alcanza ni para comer un mes&#8221;.<\/p>\n<p>Ellos son parte de los mil 100 obreros despedidos de la planta maquiladora APTIV 1, debido a la ca\u00edda de pedidos de arneses por parte de la empresa Ford.<\/p>\n<p>Los veh\u00edculos Ford Fusi\u00f3n y Lincoln MKZ ser\u00e1n retirados del mercado y es por ello que se han dejado de producir arn\u00e9s para estos con el consiguiente despido de obreros.<\/p>\n<p>La empresa inform\u00f3 hace unos d\u00edas sobre el recorte de personal en la planta.<\/p>\n<p>&#8220;Hemos llevado a cabo un recorte de personal en la planta APTI Victoria 1 de aproximadamente mil empleados, debido a la terminaci\u00f3n de la producci\u00f3n de uno de los modelos de nuestros clientes&#8221;.<\/p>\n<p>Y agreg\u00f3 a trav\u00e9s de un comunicado:<\/p>\n<p>&#8220;Estas decisiones no son f\u00e1ciles, pero son necesarias para preservar las operaciones a largo plazo de APTIV y las decenas de miles de empleos que brindamos en M\u00e9xico&#8221;.<\/p>\n<p>En M\u00e9xico, APTIV tiene 22 plantas distribuidas en siete entidades, en las cuales se generan 40 mil empleos y ante la reducci\u00f3n de los pedidos por parte de las empresas automotrices se contempla un despido de 12 mil trabajadores durante los pr\u00f3ximos meses.<\/p>\n<p>La empresa fabricante de autopartes electr\u00f3nicas para autos tiene cinco plantas en Tamaulipas distribuidas en Nuevo Laredo, Reynosa, Matamoros y Ciudad Victoria.<\/p>\n<p><a href=\"https:\/\/lasillarota.com\/estados\/desplome-en-venta-de-autos-pone-en-la-calle-a-1100-de-una-maquiladora-tamaulipas-maquiladoras-maquilas-desempleo\/420789\" rel=\"noopener noreferrer\" target=\"_blank\">https:\/\/lasillarota.com\/estados\/desplome-en-venta-de-autos-pone-en-la-calle-a-1100-de-una-maquiladora-tamaulipas-maquiladoras-maquilas-desempleo\/420789<\/a><\/p>\n","protected":false},"excerpt":{"rendered":"<p>Arnoldo Garc\u00eda\/La Silla Rota 5 agosto 2020 Cd. Victoria. &#8211; A las afueras de la planta maquiladora ya no hay las risas, ni los saludos alegres de otros d\u00edas, ahora &hellip; <a href=\"http:\/\/www.grieta.org.mx\/index.php\/2020\/08\/05\/mas-de-mil-trabajadores-despedidos-en-maquiladoras-de-tamaulipas\/\" class=\"more-link\">Leer m\u00e1s<\/a><\/p>\n","protected":false},"author":2,"featured_media":52634,"comment_status":"closed","ping_status":"closed","sticky":false,"template":"","format":"standard","meta":{"ngg_post_thumbnail":0,"_jetpack_newsletter_access":"","_jetpack_dont_email_post_to_subs":false,"_jetpack_newsletter_tier_id":0,"_jetpack_memberships_contains_paywalled_content":false,"_jetpack_memberships_contains_paid_content":false,"footnotes":""},"categories":[80,910,1137,2,33,83],"tags":[2105,2841,2003],"class_list":["post-52633","post","type-post","status-publish","format-standard","has-post-thumbnail","hentry","category-cintillo","category-explotacion-y-precariedad-laboral","category-explotacion-y-precariedad-laboral-en-tamaulipas","category-noticias-nacionales","category-tamaulipas","category-temas-nacionales","tag-despidos-masivos","tag-explotacion-y-precariedad-laboral","tag-maquiladoras","entry"],"jetpack_featured_media_url":"http:\/\/www.grieta.org.mx\/wp-content\/uploads\/2020\/08\/maquiladorastamaulipas-focus-0-0-983-557.jpg","jetpack_sharing_enabled":true,"jetpack_shortlink":"https:\/\/wp.me\/p7ZJR4-dGV","jetpack_likes_enabled":false,"jetpack-related-posts":[{"id":52279,"url":"http:\/\/www.grieta.org.mx\/index.php\/2020\/07\/22\/denuncian-a-maquiladoras-por-incumplir-medidas-sanitarias\/","url_meta":{"origin":52633,"position":0},"title":"Denuncian a maquiladoras por incumplir medidas sanitarias (Tamaulipas)","author":"grieta","date":"22 julio, 2020","format":false,"excerpt":"Carolina Garza\/Milenio 22 julio 2020 En Reynosa m\u00e1s de 400 empresas enfrentan procesos legales. Maquiladoras de Reynosa en tiempos de covid-19 | Cortes\u00eda Los despachos jur\u00eddicos de Reynosa se saturan de demandas por trabajadores del sector industrial en donde se\u00f1alan, incumplen con las medidas de sanidad. El abogado Javier Gerardo\u2026","rel":"","context":"En &quot;CINTILLO&quot;","block_context":{"text":"CINTILLO","link":"http:\/\/www.grieta.org.mx\/index.php\/category\/cintillo\/"},"img":{"alt_text":"","src":"https:\/\/i0.wp.com\/www.grieta.org.mx\/wp-content\/uploads\/2020\/08\/maquiladoras-de-reynosa-en-tiempos.jpg?resize=350%2C200","width":350,"height":200,"srcset":"https:\/\/i0.wp.com\/www.grieta.org.mx\/wp-content\/uploads\/2020\/08\/maquiladoras-de-reynosa-en-tiempos.jpg?resize=350%2C200 1x, https:\/\/i0.wp.com\/www.grieta.org.mx\/wp-content\/uploads\/2020\/08\/maquiladoras-de-reynosa-en-tiempos.jpg?resize=525%2C300 1.5x, https:\/\/i0.wp.com\/www.grieta.org.mx\/wp-content\/uploads\/2020\/08\/maquiladoras-de-reynosa-en-tiempos.jpg?resize=700%2C400 2x"},"classes":[]},{"id":64901,"url":"http:\/\/www.grieta.org.mx\/index.php\/2022\/08\/16\/maquilas-de-tamaulipas-han-despedido-a-casi-cinco-mil-trabajadores\/","url_meta":{"origin":52633,"position":1},"title":"Maquilas de Tamaulipas han despedido a casi cinco mil trabajadores","author":"grieta","date":"16 agosto, 2022","format":false,"excerpt":"Paola Mel\u00e9ndez\/Hoy Tamaulipas 16 agosto 2022 Seg\u00fan el IMSS, en el Estado se ha presentado una baja de cuatro mil 673 obreros entre marzo y julio del 2022. Ciudad Victoria, Tamaulipas.- La industria maquiladora en Tamaulipas ha recortado casi cinco mil empleos en cuatro meses, seg\u00fan el Instituto Mexicano del\u2026","rel":"","context":"En &quot;CINTILLO&quot;","block_context":{"text":"CINTILLO","link":"http:\/\/www.grieta.org.mx\/index.php\/category\/cintillo\/"},"img":{"alt_text":"","src":"https:\/\/i0.wp.com\/www.grieta.org.mx\/wp-content\/uploads\/2022\/08\/Maquilas-de-Tamaulipas-han-despedido-a-casi-cinco-mil-trabajadores-en-cuatro-meses.jpg?resize=350%2C200","width":350,"height":200,"srcset":"https:\/\/i0.wp.com\/www.grieta.org.mx\/wp-content\/uploads\/2022\/08\/Maquilas-de-Tamaulipas-han-despedido-a-casi-cinco-mil-trabajadores-en-cuatro-meses.jpg?resize=350%2C200 1x, https:\/\/i0.wp.com\/www.grieta.org.mx\/wp-content\/uploads\/2022\/08\/Maquilas-de-Tamaulipas-han-despedido-a-casi-cinco-mil-trabajadores-en-cuatro-meses.jpg?resize=525%2C300 1.5x, https:\/\/i0.wp.com\/www.grieta.org.mx\/wp-content\/uploads\/2022\/08\/Maquilas-de-Tamaulipas-han-despedido-a-casi-cinco-mil-trabajadores-en-cuatro-meses.jpg?resize=700%2C400 2x"},"classes":[]},{"id":29815,"url":"http:\/\/www.grieta.org.mx\/index.php\/2019\/03\/01\/suman-4-mil-obreros-dados-de-baja-en-maquiladoras-de-matamoros-tamaulipas\/","url_meta":{"origin":52633,"position":2},"title":"Suman 4 mil obreros dados de baja en maquiladoras de Matamoros (Tamaulipas)","author":"grieta","date":"1 marzo, 2019","format":false,"excerpt":"Miguel Jim\u00e9nez \/ El Ma\u00f1ana Tres empresas se mantienen firmes en salir tras los \u00b4paros locos\u00b4 Matamoros, Tam. La Confederaci\u00f3n Patronal de la Rep\u00fablica Mexicana (Coparmex), confirm\u00f3 que ya son cuatro mil los obreros que han sido dados de baja en la industria maquiladora luego de las huelgas y \"paros\u2026","rel":"","context":"En &quot;CINTILLO&quot;","block_context":{"text":"CINTILLO","link":"http:\/\/www.grieta.org.mx\/index.php\/category\/cintillo\/"},"img":{"alt_text":"","src":"https:\/\/i0.wp.com\/www.grieta.org.mx\/wp-content\/uploads\/2019\/03\/Suman-4-mil-obreros-dados-de-baja-en-maquiladoras-de-Matamoros-tama-mzo.jpg?resize=350%2C200","width":350,"height":200},"classes":[]},{"id":28854,"url":"http:\/\/www.grieta.org.mx\/index.php\/2019\/02\/06\/continuan-en-paro-al-menos-16-maquiladoras-de-matamoros-tamaulipas\/","url_meta":{"origin":52633,"position":3},"title":"Contin\u00faan en paro al menos 16 maquiladoras de Matamoros (Tamaulipas)","author":"grieta","date":"6 febrero, 2019","format":false,"excerpt":"Marco Esquivel \/ Hoy Tamaulipas El dirigente sindical Jes\u00fas Mendoza Reyes, del Sindicato Industrial de Trabajadores de Plantas Maquiladoras, dijo que actualmente est\u00e1 trabajando para lograr un acuerdo con las compa\u00f1\u00edas Ciudad Victoria, Tamaulipas. - Al menos unas 16 empresas maquiladoras contin\u00faan este d\u00eda en paro, tras recrudecerse desde ayer\u2026","rel":"","context":"En &quot;CINTILLO&quot;","block_context":{"text":"CINTILLO","link":"http:\/\/www.grieta.org.mx\/index.php\/category\/cintillo\/"},"img":{"alt_text":"","src":"https:\/\/i0.wp.com\/www.grieta.org.mx\/wp-content\/uploads\/2019\/02\/Contin%C3%BAan-en-paro-al-menos-16-maquiladoras-de-matamoros-tama-feb.jpg?resize=350%2C200","width":350,"height":200,"srcset":"https:\/\/i0.wp.com\/www.grieta.org.mx\/wp-content\/uploads\/2019\/02\/Contin%C3%BAan-en-paro-al-menos-16-maquiladoras-de-matamoros-tama-feb.jpg?resize=350%2C200 1x, https:\/\/i0.wp.com\/www.grieta.org.mx\/wp-content\/uploads\/2019\/02\/Contin%C3%BAan-en-paro-al-menos-16-maquiladoras-de-matamoros-tama-feb.jpg?resize=525%2C300 1.5x, https:\/\/i0.wp.com\/www.grieta.org.mx\/wp-content\/uploads\/2019\/02\/Contin%C3%BAan-en-paro-al-menos-16-maquiladoras-de-matamoros-tama-feb.jpg?resize=700%2C400 2x"},"classes":[]},{"id":28979,"url":"http:\/\/www.grieta.org.mx\/index.php\/2019\/02\/14\/continua-el-paro-en-la-empresa-tridonex-tamaulipas\/","url_meta":{"origin":52633,"position":4},"title":"Continua el paro en la empresa Tridonex (Tamaulipas)","author":"grieta","date":"14 febrero, 2019","format":false,"excerpt":"Hugo Clemente Morales \/ Peri\u00f3dico Contacto A pesar que en las dem\u00e1s maquiladoras laboran de manera normal Mientras que la totalidad de las empresas maquiladoras laboran de manera normal, luego de haber llegado acuerdos satisfactorios empresas y sindicato, en donde se autorizaron incrementos al salario m\u00ednimo de los trabajadores, por\u2026","rel":"","context":"En &quot;CINTILLO&quot;","block_context":{"text":"CINTILLO","link":"http:\/\/www.grieta.org.mx\/index.php\/category\/cintillo\/"},"img":{"alt_text":"","src":"https:\/\/i0.wp.com\/www.grieta.org.mx\/wp-content\/uploads\/2019\/02\/Continua-el-paro-en-la-empresa-Tridonex-tama-feb.jpg?resize=350%2C200","width":350,"height":200,"srcset":"https:\/\/i0.wp.com\/www.grieta.org.mx\/wp-content\/uploads\/2019\/02\/Continua-el-paro-en-la-empresa-Tridonex-tama-feb.jpg?resize=350%2C200 1x, https:\/\/i0.wp.com\/www.grieta.org.mx\/wp-content\/uploads\/2019\/02\/Continua-el-paro-en-la-empresa-Tridonex-tama-feb.jpg?resize=525%2C300 1.5x, https:\/\/i0.wp.com\/www.grieta.org.mx\/wp-content\/uploads\/2019\/02\/Continua-el-paro-en-la-empresa-Tridonex-tama-feb.jpg?resize=700%2C400 2x"},"classes":[]},{"id":49705,"url":"http:\/\/www.grieta.org.mx\/index.php\/2020\/05\/19\/trabajadores-de-maquiladoras-en-la-frontera-norte-protestan-ante-reinicio-de-actividades-baja-california-chihuahua-tamaulipas\/","url_meta":{"origin":52633,"position":5},"title":"TRABAJADORES DE MAQUILADORAS EN LA FRONTERA NORTE PROTESTAN ANTE REINICIO DE ACTIVIDADES (Baja California, Chihuahua, Tamaulipas)","author":"grieta","date":"19 mayo, 2020","format":false,"excerpt":"Lucy Sanabria\/Sopitas.com 19 mayo 2020 Foto: Cuatoscuro El gobierno se alista para la \u201cnueva normalidad\u201d, el regreso a las actividades econ\u00f3micas. Sin embargo, \u00bfc\u00f3mo se har\u00e1 la reapertura si en algunas zonas hay un mont\u00f3n de problemas en cuanto a los protocolos de la Emergencia Sanitaria y se han registrado\u2026","rel":"","context":"En &quot;Baja California&quot;","block_context":{"text":"Baja California","link":"http:\/\/www.grieta.org.mx\/index.php\/category\/noticias-nacionales\/baja-california\/"},"img":{"alt_text":"","src":"https:\/\/i0.wp.com\/www.grieta.org.mx\/wp-content\/uploads\/2020\/05\/protestas-maquiladoras-tijuana-baja-california-coronavirus-1110x581.jpeg?resize=350%2C200","width":350,"height":200,"srcset":"https:\/\/i0.wp.com\/www.grieta.org.mx\/wp-content\/uploads\/2020\/05\/protestas-maquiladoras-tijuana-baja-california-coronavirus-1110x581.jpeg?resize=350%2C200 1x, https:\/\/i0.wp.com\/www.grieta.org.mx\/wp-content\/uploads\/2020\/05\/protestas-maquiladoras-tijuana-baja-california-coronavirus-1110x581.jpeg?resize=525%2C300 1.5x, https:\/\/i0.wp.com\/www.grieta.org.mx\/wp-content\/uploads\/2020\/05\/protestas-maquiladoras-tijuana-baja-california-coronavirus-1110x581.jpeg?resize=700%2C400 2x, https:\/\/i0.wp.com\/www.grieta.org.mx\/wp-content\/uploads\/2020\/05\/protestas-maquiladoras-tijuana-baja-california-coronavirus-1110x581.jpeg?resize=1050%2C600 3x"},"classes":[]}],"_links":{"self":[{"href":"http:\/\/www.grieta.org.mx\/index.php\/wp-json\/wp\/v2\/posts\/52633","targetHints":{"allow":["GET"]}}],"collection":[{"href":"http:\/\/www.grieta.org.mx\/index.php\/wp-json\/wp\/v2\/posts"}],"about":[{"href":"http:\/\/www.grieta.org.mx\/index.php\/wp-json\/wp\/v2\/types\/post"}],"author":[{"embeddable":true,"href":"http:\/\/www.grieta.org.mx\/index.php\/wp-json\/wp\/v2\/users\/2"}],"replies":[{"embeddable":true,"href":"http:\/\/www.grieta.org.mx\/index.php\/wp-json\/wp\/v2\/comments?post=52633"}],"version-history":[{"count":1,"href":"http:\/\/www.grieta.org.mx\/index.php\/wp-json\/wp\/v2\/posts\/52633\/revisions"}],"predecessor-version":[{"id":52637,"href":"http:\/\/www.grieta.org.mx\/index.php\/wp-json\/wp\/v2\/posts\/52633\/revisions\/52637"}],"wp:featuredmedia":[{"embeddable":true,"href":"http:\/\/www.grieta.org.mx\/index.php\/wp-json\/wp\/v2\/media\/52634"}],"wp:attachment":[{"href":"http:\/\/www.grieta.org.mx\/index.php\/wp-json\/wp\/v2\/media?parent=52633"}],"wp:term":[{"taxonomy":"category","embeddable":true,"href":"http:\/\/www.grieta.org.mx\/index.php\/wp-json\/wp\/v2\/categories?post=52633"},{"taxonomy":"post_tag","embeddable":true,"href":"http:\/\/www.grieta.org.mx\/index.php\/wp-json\/wp\/v2\/tags?post=52633"}],"curies":[{"name":"wp","href":"https:\/\/api.w.org\/{rel}","templated":true}]}}