{"id":52630,"date":"2020-08-04T13:54:01","date_gmt":"2020-08-04T18:54:01","guid":{"rendered":"http:\/\/www.grieta.org.mx\/?p=52630"},"modified":"2020-08-12T14:03:07","modified_gmt":"2020-08-12T19:03:07","slug":"en-aguascalientes-sindicato-del-issste-se-manifiesta-al-exterior-del-hospital-denuncian-nepotismo","status":"publish","type":"post","link":"http:\/\/www.grieta.org.mx\/index.php\/2020\/08\/04\/en-aguascalientes-sindicato-del-issste-se-manifiesta-al-exterior-del-hospital-denuncian-nepotismo\/","title":{"rendered":"EN AGUASCALIENTES, SINDICATO DEL ISSSTE SE MANIFIESTA AL EXTERIOR DEL HOSPITAL, DENUNCIAN NEPOTISMO"},"content":{"rendered":"<p>Gabriel Soriano\/La Jornada Aguascalientes<br \/>\n4 agosto 2020<\/p>\n<p><img loading=\"lazy\" decoding=\"async\" data-attachment-id=\"52631\" data-permalink=\"http:\/\/www.grieta.org.mx\/index.php\/2020\/08\/04\/en-aguascalientes-sindicato-del-issste-se-manifiesta-al-exterior-del-hospital-denuncian-nepotismo\/50187082772_2c0036f200_b-1\/\" data-orig-file=\"http:\/\/www.grieta.org.mx\/wp-content\/uploads\/2020\/08\/50187082772_2c0036f200_b-1.jpg\" data-orig-size=\"1024,683\" data-comments-opened=\"0\" data-image-meta=\"{&quot;aperture&quot;:&quot;0&quot;,&quot;credit&quot;:&quot;&quot;,&quot;camera&quot;:&quot;&quot;,&quot;caption&quot;:&quot;&quot;,&quot;created_timestamp&quot;:&quot;0&quot;,&quot;copyright&quot;:&quot;&quot;,&quot;focal_length&quot;:&quot;0&quot;,&quot;iso&quot;:&quot;0&quot;,&quot;shutter_speed&quot;:&quot;0&quot;,&quot;title&quot;:&quot;&quot;,&quot;orientation&quot;:&quot;0&quot;}\" data-image-title=\"50187082772_2c0036f200_b-1\" data-image-description=\"\" data-image-caption=\"\" data-medium-file=\"http:\/\/www.grieta.org.mx\/wp-content\/uploads\/2020\/08\/50187082772_2c0036f200_b-1-300x200.jpg\" data-large-file=\"http:\/\/www.grieta.org.mx\/wp-content\/uploads\/2020\/08\/50187082772_2c0036f200_b-1-1024x683.jpg\" class=\"alignnone wp-image-52631\" src=\"http:\/\/www.grieta.org.mx\/wp-content\/uploads\/2020\/08\/50187082772_2c0036f200_b-1.jpg\" alt=\"\" width=\"800\" height=\"534\" srcset=\"http:\/\/www.grieta.org.mx\/wp-content\/uploads\/2020\/08\/50187082772_2c0036f200_b-1.jpg 1024w, http:\/\/www.grieta.org.mx\/wp-content\/uploads\/2020\/08\/50187082772_2c0036f200_b-1-300x200.jpg 300w, http:\/\/www.grieta.org.mx\/wp-content\/uploads\/2020\/08\/50187082772_2c0036f200_b-1-768x512.jpg 768w, http:\/\/www.grieta.org.mx\/wp-content\/uploads\/2020\/08\/50187082772_2c0036f200_b-1-750x500.jpg 750w\" sizes=\"auto, (max-width: 800px) 100vw, 800px\" \/><\/p>\n<blockquote><p>Hasta el momento, han despedido injustificadamente a dos trabajadores, siete m\u00e1s est\u00e1n en la mira y han ingresado a trabajar otros seis por nepotismo<br \/>\nEl manejo por parte del Subdelegaci\u00f3n ha sido de manera discrecional y a modo, sin respaldo de superiores<\/p><\/blockquote>\n<p>Se manifiestan trabajadores afiliados al Sitissste debido a dos despidos injustificados y siete m\u00e1s en la mira. Denuncian que la delegada administrativa de la instituci\u00f3n ha hecho un manejo discrecional de la instituci\u00f3n y que sus decisiones no han tenido sustento alguno.<\/p>\n<p>Ayer a las nueve de la ma\u00f1ana parte del gremio de afiliados al Sindicato Independiente de Trabajadores del Instituto de Seguridad y Servicios Sociales para Trabajadores del Estado (Sitissste) bloquearon la avenida universidad frente al hospital de la dependencia para solicitar la renuncia de Araceli S\u00e1nchez Ram\u00edrez, delegada administrativa de la instituci\u00f3n.<\/p>\n<p>Seg\u00fan Rosa Mar\u00eda Bonilla Barr\u00f3n, secretaria general de la secci\u00f3n 28 del Sitissste, la delegada despidi\u00f3 injustificadamente a dos personas y tiene en la mira a siete m\u00e1s para poder otorgar estos espacios a conocidos y familiares. Detall\u00f3 tambi\u00e9n que, desde que est\u00e1 en funciones, han sido a seis conocidos a los que ha contratado y basificado.<\/p>\n<p>Estas dos personas a las que acusan que fueron despedidos injustificadamente ya procedieron jur\u00eddicamente y presentaron las demandas y con ello esperar\u00e1n ser reinstalados a la brevedad.<\/p>\n<p>Pide Sitissste que se atienda esta situaci\u00f3n y sean instalados inmediatamente, as\u00ed como el despido de Araceli S\u00e1nchez del Issste ya que se\u00f1alan que gran parte de la plantilla de trabajadores no est\u00e1 conforme y las decisiones han sido solamente a su voluntad.<\/p>\n<p>\u201cAraceli S\u00e1nchez tiene su s\u00e9quito de trabajadores, queremos que entienda la se\u00f1ora que no es su hospital, que es un hospital p\u00fablico y que, por lo tanto, tiene que atender las sugerencias de los derechohabientes y sindicatos. La se\u00f1ora no sabe administrar bien el hospital y realizar sus funciones\u201d, se\u00f1al\u00f3 Bonilla Bar\u00f3n.<\/p>\n<p>Cuitl\u00e1huac S\u00e1nchez Heredia, suplente general del Sitissste, se\u00f1al\u00f3 que ha habido irregularidades en la administraci\u00f3n de Araceli S\u00e1nchez pues, a pesar de que esta afirma que sus funciones est\u00e1n respaldadas, se han hecho de manera discrecional.<\/p>\n<p><a href=\"https:\/\/www.lja.mx\/2020\/08\/en-aguascalientes-sindicato-del-issste-se-manifiesta-al-exterior-del-hospital-denuncian-nepotismo\/\" rel=\"noopener noreferrer\" target=\"_blank\">https:\/\/www.lja.mx\/2020\/08\/en-aguascalientes-sindicato-del-issste-se-manifiesta-al-exterior-del-hospital-denuncian-nepotismo\/<\/a><\/p>\n","protected":false},"excerpt":{"rendered":"<p>Gabriel Soriano\/La Jornada Aguascalientes 4 agosto 2020 Hasta el momento, han despedido injustificadamente a dos trabajadores, siete m\u00e1s est\u00e1n en la mira y han ingresado a trabajar otros seis por &hellip; <a href=\"http:\/\/www.grieta.org.mx\/index.php\/2020\/08\/04\/en-aguascalientes-sindicato-del-issste-se-manifiesta-al-exterior-del-hospital-denuncian-nepotismo\/\" class=\"more-link\">Leer m\u00e1s<\/a><\/p>\n","protected":false},"author":2,"featured_media":52631,"comment_status":"closed","ping_status":"closed","sticky":false,"template":"","format":"standard","meta":{"ngg_post_thumbnail":0,"_jetpack_newsletter_access":"","_jetpack_dont_email_post_to_subs":false,"_jetpack_newsletter_tier_id":0,"_jetpack_memberships_contains_paywalled_content":false,"_jetpack_memberships_contains_paid_content":false,"footnotes":""},"categories":[4,80,918,1747,2,83],"tags":[3133,3195],"class_list":["post-52630","post","type-post","status-publish","format-standard","has-post-thumbnail","hentry","category-aguascalientes","category-cintillo","category-privatizacion-del-sector-salud","category-crisis-en-el-sector-salud-en-aguascalientes","category-noticias-nacionales","category-temas-nacionales","tag-crisis-del-sector-salud","tag-protestas-de-medicos","entry"],"jetpack_featured_media_url":"http:\/\/www.grieta.org.mx\/wp-content\/uploads\/2020\/08\/50187082772_2c0036f200_b-1.jpg","jetpack_sharing_enabled":true,"jetpack_shortlink":"https:\/\/wp.me\/p7ZJR4-dGS","jetpack_likes_enabled":false,"jetpack-related-posts":[{"id":15183,"url":"http:\/\/www.grieta.org.mx\/index.php\/2016\/06\/23\/movilizaciones-contra-la-reforma-al-sector-salud-en-aguascalientes\/","url_meta":{"origin":52630,"position":0},"title":"Movilizaciones del sector salud en Aguascalientes","author":"grieta","date":"23 junio, 2016","format":false,"excerpt":"23\/06\/16. Ante puertas cerradas, se manifiestan m\u00e9dicos y maestros La Jornada Aguascalientes 22\/06\/16. Denuncian m\u00e9dicos locales falta de insumos y personal Aguas Digital 22\/06\/16. Personal de salud se moviliza tambi\u00e9n en Aguascalientes El Universal","rel":"","context":"En &quot;Aguascalientes&quot;","block_context":{"text":"Aguascalientes","link":"http:\/\/www.grieta.org.mx\/index.php\/category\/noticias-nacionales\/aguascalientes\/"},"img":{"alt_text":"","src":"https:\/\/i0.wp.com\/www.grieta.org.mx\/wp-content\/uploads\/2018\/03\/14524434_1106112876131411_958039263622046936_o.jpg?resize=350%2C200","width":350,"height":200,"srcset":"https:\/\/i0.wp.com\/www.grieta.org.mx\/wp-content\/uploads\/2018\/03\/14524434_1106112876131411_958039263622046936_o.jpg?resize=350%2C200 1x, https:\/\/i0.wp.com\/www.grieta.org.mx\/wp-content\/uploads\/2018\/03\/14524434_1106112876131411_958039263622046936_o.jpg?resize=525%2C300 1.5x, https:\/\/i0.wp.com\/www.grieta.org.mx\/wp-content\/uploads\/2018\/03\/14524434_1106112876131411_958039263622046936_o.jpg?resize=700%2C400 2x"},"classes":[]},{"id":52627,"url":"http:\/\/www.grieta.org.mx\/index.php\/2020\/08\/04\/sin-medicamentos-oncologicos-en-el-issste-de-aguascalientes\/","url_meta":{"origin":52630,"position":1},"title":"SIN MEDICAMENTOS ONCOL\u00d3GICOS EN EL ISSSTE DE AGUASCALIENTES","author":"grieta","date":"4 agosto, 2020","format":false,"excerpt":"Gabriel Soriano\/La Jornada Aguascalientes 4 agosto 2020 Cerca de 80 pacientes est\u00e1n en lista de espera para tener medicamentos Pacientes que siguen pagando la cuota del Issste siguen sin recibir medicamentos Denuncian pacientes con c\u00e1ncer que en el Issste no hay medicamentos para tratar su c\u00e1ncer, hay insensibilidad por parte\u2026","rel":"","context":"En &quot;Aguascalientes&quot;","block_context":{"text":"Aguascalientes","link":"http:\/\/www.grieta.org.mx\/index.php\/category\/noticias-nacionales\/aguascalientes\/"},"img":{"alt_text":"","src":"https:\/\/i0.wp.com\/www.grieta.org.mx\/wp-content\/uploads\/2020\/08\/50187074952_8ba94be9dc_b-1.jpg?resize=350%2C200","width":350,"height":200,"srcset":"https:\/\/i0.wp.com\/www.grieta.org.mx\/wp-content\/uploads\/2020\/08\/50187074952_8ba94be9dc_b-1.jpg?resize=350%2C200 1x, https:\/\/i0.wp.com\/www.grieta.org.mx\/wp-content\/uploads\/2020\/08\/50187074952_8ba94be9dc_b-1.jpg?resize=525%2C300 1.5x"},"classes":[]},{"id":54753,"url":"http:\/\/www.grieta.org.mx\/index.php\/2020\/09\/07\/12-trabajadores-de-la-salud-han-muerto-por-covid-19-en-aguascalientes-pero-existe-un-subregistro\/","url_meta":{"origin":52630,"position":2},"title":"12 TRABAJADORES DE LA SALUD HAN MUERTO POR COVID-19 EN AGUASCALIENTES, PERO EXISTE UN SUBREGISTRO","author":"grieta","date":"7 septiembre, 2020","format":false,"excerpt":"Adrian Javier Flores Nieves\/La Jornada Aguascalientes 7 septiembre 2020 No se ha logrado recopilar toda la informaci\u00f3n de las p\u00e9rdidas en el gremio de salud aguascalentense, s\u00f3lo del IMSS y del Issste No tenemos la indisposici\u00f3n, estamos dispuestos, no vamos a dar un paso atr\u00e1s, pero no tenemos tanto personal\u2026","rel":"","context":"En &quot;Aguascalientes&quot;","block_context":{"text":"Aguascalientes","link":"http:\/\/www.grieta.org.mx\/index.php\/category\/noticias-nacionales\/aguascalientes\/"},"img":{"alt_text":"","src":"https:\/\/i0.wp.com\/www.grieta.org.mx\/wp-content\/uploads\/2020\/11\/medicos-covid.jpg?resize=350%2C200","width":350,"height":200},"classes":[]},{"id":26693,"url":"http:\/\/www.grieta.org.mx\/index.php\/2018\/09\/19\/ninos-tienen-mes-y-medio-sin-recibir-la-quimio-aguascalientes\/","url_meta":{"origin":52630,"position":3},"title":"Ni\u00f1os tienen mes y medio sin recibir la quimio (Aguascalientes)","author":"grieta","date":"19 septiembre, 2018","format":false,"excerpt":"AGUASCALIENTESDIGITAL Aguascalientes.- Se recibe reporte de que a lo menos tres familias de escasos recursos que tienen peque\u00f1os recibiendo tratamiento en el Hospital Hidalgo desde hace mes y medio tienen que pagar el medicamento para quimioterapia, con un costo de 17 mil pesos, mismo que s\u00f3lo dura tres semanas. De\u2026","rel":"","context":"En &quot;Aguascalientes&quot;","block_context":{"text":"Aguascalientes","link":"http:\/\/www.grieta.org.mx\/index.php\/category\/noticias-nacionales\/aguascalientes\/"},"img":{"alt_text":"","src":"https:\/\/i0.wp.com\/www.grieta.org.mx\/wp-content\/uploads\/2018\/09\/Aguas-Salud.jpg?resize=350%2C200","width":350,"height":200,"srcset":"https:\/\/i0.wp.com\/www.grieta.org.mx\/wp-content\/uploads\/2018\/09\/Aguas-Salud.jpg?resize=350%2C200 1x, https:\/\/i0.wp.com\/www.grieta.org.mx\/wp-content\/uploads\/2018\/09\/Aguas-Salud.jpg?resize=525%2C300 1.5x"},"classes":[]},{"id":30121,"url":"http:\/\/www.grieta.org.mx\/index.php\/2019\/02\/27\/habitantes-denuncian-cierre-de-centro-de-salud-en-aguascalientes\/","url_meta":{"origin":52630,"position":4},"title":"Habitantes denuncian cierre de Centro de Salud en Aguascalientes","author":"grieta","date":"27 febrero, 2019","format":false,"excerpt":"Karla M\u00e9ndez\/Exc\u00e9lsior Pobladores de la comunidad de Guadalupe de Atlas, en Asientos, que no tienen m\u00e9dicos ni Centro de Salud, ya que \u2018el mismo gobierno se llev\u00f3 todo\u2019 a la localidad de Jarillas En la comunidad de Guadalupe de Atlas, en Asientos, la poblaci\u00f3n se encuentra inconforme, luego de que\u2026","rel":"","context":"En &quot;Aguascalientes&quot;","block_context":{"text":"Aguascalientes","link":"http:\/\/www.grieta.org.mx\/index.php\/category\/noticias-nacionales\/aguascalientes\/"},"img":{"alt_text":"","src":"https:\/\/i0.wp.com\/www.grieta.org.mx\/wp-content\/uploads\/2019\/03\/2.jpg?resize=350%2C200","width":350,"height":200,"srcset":"https:\/\/i0.wp.com\/www.grieta.org.mx\/wp-content\/uploads\/2019\/03\/2.jpg?resize=350%2C200 1x, https:\/\/i0.wp.com\/www.grieta.org.mx\/wp-content\/uploads\/2019\/03\/2.jpg?resize=525%2C300 1.5x, https:\/\/i0.wp.com\/www.grieta.org.mx\/wp-content\/uploads\/2019\/03\/2.jpg?resize=700%2C400 2x, https:\/\/i0.wp.com\/www.grieta.org.mx\/wp-content\/uploads\/2019\/03\/2.jpg?resize=1050%2C600 3x"},"classes":[]},{"id":58179,"url":"http:\/\/www.grieta.org.mx\/index.php\/2021\/03\/31\/casi-7-mil-trabajadores-de-la-salud-no-han-recibido-vacuna-en-aguascalientes-medicos\/","url_meta":{"origin":52630,"position":5},"title":"Casi 7 mil trabajadores de la salud no han recibido vacuna en Aguascalientes: m\u00e9dicos","author":"grieta","date":"31 marzo, 2021","format":false,"excerpt":"Alejandro Romo\/ NewsWeek Aguascalientes 31 marzo 2021 En rueda de prensa, integrantes de la organizaci\u00f3n \u201cTodos somos primera l\u00ednea\u201d, que aglutina a m\u00e9dicos, enfermeros y dem\u00e1s personal de salud del Instituto Mexicano del Seguro Social (IMSS), Instituto de Seguridad y Servicios Sociales para los Trabajadores del Estado (ISSSTE), el Instituto\u2026","rel":"","context":"En &quot;Aguascalientes&quot;","block_context":{"text":"Aguascalientes","link":"http:\/\/www.grieta.org.mx\/index.php\/category\/noticias-nacionales\/aguascalientes\/"},"img":{"alt_text":"","src":"https:\/\/i0.wp.com\/www.grieta.org.mx\/wp-content\/uploads\/2021\/04\/doctores.png?resize=350%2C200","width":350,"height":200,"srcset":"https:\/\/i0.wp.com\/www.grieta.org.mx\/wp-content\/uploads\/2021\/04\/doctores.png?resize=350%2C200 1x, https:\/\/i0.wp.com\/www.grieta.org.mx\/wp-content\/uploads\/2021\/04\/doctores.png?resize=525%2C300 1.5x, https:\/\/i0.wp.com\/www.grieta.org.mx\/wp-content\/uploads\/2021\/04\/doctores.png?resize=700%2C400 2x"},"classes":[]}],"_links":{"self":[{"href":"http:\/\/www.grieta.org.mx\/index.php\/wp-json\/wp\/v2\/posts\/52630","targetHints":{"allow":["GET"]}}],"collection":[{"href":"http:\/\/www.grieta.org.mx\/index.php\/wp-json\/wp\/v2\/posts"}],"about":[{"href":"http:\/\/www.grieta.org.mx\/index.php\/wp-json\/wp\/v2\/types\/post"}],"author":[{"embeddable":true,"href":"http:\/\/www.grieta.org.mx\/index.php\/wp-json\/wp\/v2\/users\/2"}],"replies":[{"embeddable":true,"href":"http:\/\/www.grieta.org.mx\/index.php\/wp-json\/wp\/v2\/comments?post=52630"}],"version-history":[{"count":1,"href":"http:\/\/www.grieta.org.mx\/index.php\/wp-json\/wp\/v2\/posts\/52630\/revisions"}],"predecessor-version":[{"id":52632,"href":"http:\/\/www.grieta.org.mx\/index.php\/wp-json\/wp\/v2\/posts\/52630\/revisions\/52632"}],"wp:featuredmedia":[{"embeddable":true,"href":"http:\/\/www.grieta.org.mx\/index.php\/wp-json\/wp\/v2\/media\/52631"}],"wp:attachment":[{"href":"http:\/\/www.grieta.org.mx\/index.php\/wp-json\/wp\/v2\/media?parent=52630"}],"wp:term":[{"taxonomy":"category","embeddable":true,"href":"http:\/\/www.grieta.org.mx\/index.php\/wp-json\/wp\/v2\/categories?post=52630"},{"taxonomy":"post_tag","embeddable":true,"href":"http:\/\/www.grieta.org.mx\/index.php\/wp-json\/wp\/v2\/tags?post=52630"}],"curies":[{"name":"wp","href":"https:\/\/api.w.org\/{rel}","templated":true}]}}