{"id":5252,"date":"2016-03-15T05:54:31","date_gmt":"2016-03-15T05:54:31","guid":{"rendered":"http:\/\/50.22.11.12\/~grietaor\/?p=5252"},"modified":"2016-03-26T06:03:53","modified_gmt":"2016-03-26T06:03:53","slug":"impacto-ambiental-en-queretaro-por-construccion-de-centro-comercial","status":"publish","type":"post","link":"http:\/\/www.grieta.org.mx\/index.php\/2016\/03\/15\/impacto-ambiental-en-queretaro-por-construccion-de-centro-comercial\/","title":{"rendered":"Impacto ambiental en Quer\u00e9taro por construcci\u00f3n de centro comercial"},"content":{"rendered":"<p><strong>15\/03\/16. <\/strong><a href=\"http:\/\/grieta.org.mx\/index.php\/2016\/03\/15\/vigilaran-que-cumplan-requisitos-para-construccion-de-supermercado\/\">Vigilar\u00e1n que cumplan requisitos para construcci\u00f3n de supermercado<\/a><br \/>\n<em>AM Quer\u00e9taro<\/em><\/p>\n<p><strong>14\/03\/15. <\/strong><a href=\"http:\/\/grieta.org.mx\/index.php\/2016\/03\/14\/se-oponen-a-llegada-de-supermercado\/\">Se oponen a llegada de supermercado<\/a><br \/>\n<em>AM Quer\u00e9taro<\/em><\/p>\n<p><strong>9\/03\/15. <\/strong><a href=\"http:\/\/grieta.org.mx\/index.php\/2016\/03\/09\/desechan-accion-popular-promovida-por-vecinos-por-cambios-en-el-uso-de-suelo\/\">Desechan acci\u00f3n popular promovida por vecinos por cambios en el uso de suelo<\/a><br \/>\n<em>AM Quer\u00e9taro<\/em><\/p>\n<p><strong>04\/08\/15. <\/strong><a href=\"http:\/\/grieta.org.mx\/index.php\/2015\/08\/04\/oposicion-a-supermercado-en-milenio-iii\/\">Oposici\u00f3n a supermercado en Milenio III<\/a><br \/>\n<em>Noticias de Quer\u00e9taro<\/em><\/p>\n","protected":false},"excerpt":{"rendered":"<p>15\/03\/16. Vigilar\u00e1n que cumplan requisitos para construcci\u00f3n de supermercado AM Quer\u00e9taro 14\/03\/15. Se oponen a llegada de supermercado AM Quer\u00e9taro 9\/03\/15. Desechan acci\u00f3n popular promovida por vecinos por cambios en &hellip; <a href=\"http:\/\/www.grieta.org.mx\/index.php\/2016\/03\/15\/impacto-ambiental-en-queretaro-por-construccion-de-centro-comercial\/\" class=\"more-link\">Leer m\u00e1s<\/a><\/p>\n","protected":false},"author":2,"featured_media":21928,"comment_status":"closed","ping_status":"open","sticky":false,"template":"","format":"standard","meta":{"ngg_post_thumbnail":0,"_jetpack_newsletter_access":"","_jetpack_dont_email_post_to_subs":false,"_jetpack_newsletter_tier_id":0,"_jetpack_memberships_contains_paywalled_content":false,"_jetpack_memberships_contains_paid_content":false,"footnotes":""},"categories":[2,27,359],"tags":[395,180],"class_list":{"0":"post-5252","1":"post","2":"type-post","3":"status-publish","4":"format-standard","5":"has-post-thumbnail","6":"hentry","7":"category-noticias-nacionales","8":"category-queretaro","10":"tag-centros-comerciales","11":"tag-protesta","12":"entry"},"jetpack_featured_media_url":"http:\/\/www.grieta.org.mx\/wp-content\/uploads\/2018\/03\/14524434_1106112876131411_958039263622046936_o.jpg","jetpack_sharing_enabled":true,"jetpack_shortlink":"https:\/\/wp.me\/p7ZJR4-1mI","jetpack_likes_enabled":false,"jetpack-related-posts":[{"id":5249,"url":"http:\/\/www.grieta.org.mx\/index.php\/2016\/03\/14\/se-oponen-a-llegada-de-supermercado\/","url_meta":{"origin":5252,"position":0},"title":"Se oponen a llegada de supermercado","author":"grieta","date":"14 marzo, 2016","format":false,"excerpt":"M\u00f3nica Gordillo\/AM Quer\u00e9taro Los vecinos tambi\u00e9n manifestaron que la construcci\u00f3n del supermercado originar\u00e1 otras problem\u00e1ticas, como tr\u00e1fico vehicular y acumulaci\u00f3n de basura Ante el intenso escurrimiento de agua que se registra durante la \u00e9poca de lluvias, vecinos de Milenio III piden al municipio de Quer\u00e9taro que no permita la construcci\u00f3n\u2026","rel":"","context":"En &quot;CINTILLO&quot;","block_context":{"text":"CINTILLO","link":"http:\/\/www.grieta.org.mx\/index.php\/category\/cintillo\/"},"img":{"alt_text":"","src":"https:\/\/i0.wp.com\/www.grieta.org.mx\/wp-content\/uploads\/2018\/03\/14524434_1106112876131411_958039263622046936_o.jpg?resize=350%2C200","width":350,"height":200,"srcset":"https:\/\/i0.wp.com\/www.grieta.org.mx\/wp-content\/uploads\/2018\/03\/14524434_1106112876131411_958039263622046936_o.jpg?resize=350%2C200 1x, https:\/\/i0.wp.com\/www.grieta.org.mx\/wp-content\/uploads\/2018\/03\/14524434_1106112876131411_958039263622046936_o.jpg?resize=525%2C300 1.5x, https:\/\/i0.wp.com\/www.grieta.org.mx\/wp-content\/uploads\/2018\/03\/14524434_1106112876131411_958039263622046936_o.jpg?resize=700%2C400 2x"},"classes":[]},{"id":5248,"url":"http:\/\/www.grieta.org.mx\/index.php\/2016\/03\/15\/vigilaran-que-cumplan-requisitos-para-construccion-de-supermercado\/","url_meta":{"origin":5252,"position":1},"title":"Vigilar\u00e1n que cumplan requisitos para construcci\u00f3n de supermercado","author":"grieta","date":"15 marzo, 2016","format":false,"excerpt":"M\u00f3nica Gordillo\/AM Quer\u00e9taro Vigilar\u00e1n que se cumpla con los requisitos t\u00e9cnicos para construir un supermercado en el predio conocido por la fracci\u00f3n segunda del Casco de Carretas, donde se encuentra un vaso regulador de agua La ambientalista queretana Am\u00e9rica Vizca\u00edno, se\u00f1al\u00f3 que dar\u00e1n seguimiento puntual a que la empresa Impulsora\u2026","rel":"","context":"En &quot;CINTILLO&quot;","block_context":{"text":"CINTILLO","link":"http:\/\/www.grieta.org.mx\/index.php\/category\/cintillo\/"},"img":{"alt_text":"","src":"https:\/\/i0.wp.com\/www.grieta.org.mx\/wp-content\/uploads\/2018\/03\/14524434_1106112876131411_958039263622046936_o.jpg?resize=350%2C200","width":350,"height":200,"srcset":"https:\/\/i0.wp.com\/www.grieta.org.mx\/wp-content\/uploads\/2018\/03\/14524434_1106112876131411_958039263622046936_o.jpg?resize=350%2C200 1x, https:\/\/i0.wp.com\/www.grieta.org.mx\/wp-content\/uploads\/2018\/03\/14524434_1106112876131411_958039263622046936_o.jpg?resize=525%2C300 1.5x, https:\/\/i0.wp.com\/www.grieta.org.mx\/wp-content\/uploads\/2018\/03\/14524434_1106112876131411_958039263622046936_o.jpg?resize=700%2C400 2x"},"classes":[]},{"id":4895,"url":"http:\/\/www.grieta.org.mx\/index.php\/2016\/03\/16\/protestas-contra-gasolineras-en-queretaro\/","url_meta":{"origin":5252,"position":2},"title":"Protestas contra gasolineras en Quer\u00e9taro","author":"grieta","date":"16 marzo, 2016","format":false,"excerpt":"16\/03\/16. Vecinos de Tequisquiapan rechazan gasolinera El Universal 29\/02\/16. Habitantes de El Porvenir luchan por evitar la construcci\u00f3n de una gasolinera AM Quer\u00e9taro 22\/11\/15. Contin\u00faan acciones en el Fraccionamiento Santiago contra gasolinera AM Quer\u00e9taro 15\/11\/15. Vecinos de la colonia El Porvenir protestan contra gasolinera Tribuna de Quer\u00e9taro 16\/10\/15. Colonos de\u2026","rel":"","context":"En &quot;NOTICIAS NACIONALES&quot;","block_context":{"text":"NOTICIAS NACIONALES","link":"http:\/\/www.grieta.org.mx\/index.php\/category\/noticias-nacionales\/"},"img":{"alt_text":"","src":"https:\/\/i0.wp.com\/www.grieta.org.mx\/wp-content\/uploads\/2018\/03\/14524434_1106112876131411_958039263622046936_o.jpg?resize=350%2C200","width":350,"height":200,"srcset":"https:\/\/i0.wp.com\/www.grieta.org.mx\/wp-content\/uploads\/2018\/03\/14524434_1106112876131411_958039263622046936_o.jpg?resize=350%2C200 1x, https:\/\/i0.wp.com\/www.grieta.org.mx\/wp-content\/uploads\/2018\/03\/14524434_1106112876131411_958039263622046936_o.jpg?resize=525%2C300 1.5x, https:\/\/i0.wp.com\/www.grieta.org.mx\/wp-content\/uploads\/2018\/03\/14524434_1106112876131411_958039263622046936_o.jpg?resize=700%2C400 2x"},"classes":[]},{"id":5251,"url":"http:\/\/www.grieta.org.mx\/index.php\/2015\/08\/04\/oposicion-a-supermercado-en-milenio-iii\/","url_meta":{"origin":5252,"position":3},"title":"Oposici\u00f3n a supermercado en Milenio III","author":"grieta","date":"4 agosto, 2015","format":false,"excerpt":"Rub\u00e9n Pacheco\/Noticias de Quer\u00e9taro Vecinos de Milenio III, se han organizado para impedir la construcci\u00f3n de un supermercado sobre el bordo Cuesta China. Al respecto, la ambientalista, Am\u00e9rica Vizca\u00edno, manifest\u00f3 que este problema se ha derivado por el cambio de uso de suelo, en el que el municipio ha permitido\u2026","rel":"","context":"En &quot;CINTILLO&quot;","block_context":{"text":"CINTILLO","link":"http:\/\/www.grieta.org.mx\/index.php\/category\/cintillo\/"},"img":{"alt_text":"","src":"https:\/\/i0.wp.com\/www.grieta.org.mx\/wp-content\/uploads\/2018\/03\/14524434_1106112876131411_958039263622046936_o.jpg?resize=350%2C200","width":350,"height":200,"srcset":"https:\/\/i0.wp.com\/www.grieta.org.mx\/wp-content\/uploads\/2018\/03\/14524434_1106112876131411_958039263622046936_o.jpg?resize=350%2C200 1x, https:\/\/i0.wp.com\/www.grieta.org.mx\/wp-content\/uploads\/2018\/03\/14524434_1106112876131411_958039263622046936_o.jpg?resize=525%2C300 1.5x, https:\/\/i0.wp.com\/www.grieta.org.mx\/wp-content\/uploads\/2018\/03\/14524434_1106112876131411_958039263622046936_o.jpg?resize=700%2C400 2x"},"classes":[]},{"id":55464,"url":"http:\/\/www.grieta.org.mx\/index.php\/2020\/11\/25\/denuncian-ante-semarnat-y-profepa-la-construccion-de-punto-olivo-en-queretaro\/","url_meta":{"origin":5252,"position":4},"title":"Denuncian ante Semarnat y Profepa la construcci\u00f3n de \u201cPunto Olivo\u201d, en Quer\u00e9taro","author":"grieta","date":"25 noviembre, 2020","format":false,"excerpt":"Las car\u00e1tulas de las denuncias que difunden desde la p\u00e1gina \u201cCiudadanos Reforestando Quer\u00e9taro\u201d. Iv\u00e1n Aldama Garnica \/ Liberta de Palabra En un video promocional, es difundido que el desarrollo se ubica \u201centre dos hermosas \u00e1reas naturales protegidas\u201d. Quer\u00e9taro, Qro.- Federico Orozco Mouret y Jessica Guerrero Nieto anunciaron que interpusieron una\u2026","rel":"","context":"En &quot;CINTILLO&quot;","block_context":{"text":"CINTILLO","link":"http:\/\/www.grieta.org.mx\/index.php\/category\/cintillo\/"},"img":{"alt_text":"","src":"https:\/\/i0.wp.com\/www.grieta.org.mx\/wp-content\/uploads\/2020\/11\/Denuncian-ante-Semarnat-y-Profepa-la-construccio%CC%81n-de-Punto-Olivo-en-Quere%CC%81taro-1024x536-1.jpg?resize=350%2C200","width":350,"height":200,"srcset":"https:\/\/i0.wp.com\/www.grieta.org.mx\/wp-content\/uploads\/2020\/11\/Denuncian-ante-Semarnat-y-Profepa-la-construccio%CC%81n-de-Punto-Olivo-en-Quere%CC%81taro-1024x536-1.jpg?resize=350%2C200 1x, https:\/\/i0.wp.com\/www.grieta.org.mx\/wp-content\/uploads\/2020\/11\/Denuncian-ante-Semarnat-y-Profepa-la-construccio%CC%81n-de-Punto-Olivo-en-Quere%CC%81taro-1024x536-1.jpg?resize=525%2C300 1.5x, https:\/\/i0.wp.com\/www.grieta.org.mx\/wp-content\/uploads\/2020\/11\/Denuncian-ante-Semarnat-y-Profepa-la-construccio%CC%81n-de-Punto-Olivo-en-Quere%CC%81taro-1024x536-1.jpg?resize=700%2C400 2x"},"classes":[]},{"id":5155,"url":"http:\/\/www.grieta.org.mx\/index.php\/2016\/04\/30\/ejidatarios-de-san-juan-y-amealco-exigen-indemnizacion-por-libramiento\/","url_meta":{"origin":5252,"position":5},"title":"Conflictos por la construcci\u00f3n del libramiento Apaseo-Palmillas","author":"grieta","date":"30 abril, 2016","format":false,"excerpt":"30\/04\/16. Dice la SCT que no puede intervenir en conflicto del libramiento AM Quer\u00e9taro 28\/04\/16. Denuncia Sindicato de Trabajadores Transportistas del Municipio de Huimilpan despojo laboral AM Quer\u00e9taro 25\/10\/15. Sin pagar a afectados por obra en Apaseo-Palmillas AM Quer\u00e9taro 15\/09\/15. ICA y la SCT incumplen con pagos a ejidatarios afectados\u2026","rel":"","context":"En &quot;Comunicaciones y transportes&quot;","block_context":{"text":"Comunicaciones y transportes","link":"http:\/\/www.grieta.org.mx\/index.php\/category\/megaproyectos\/comunicaciones-y-transportes\/"},"img":{"alt_text":"","src":"https:\/\/i0.wp.com\/www.grieta.org.mx\/wp-content\/uploads\/2018\/03\/14524434_1106112876131411_958039263622046936_o.jpg?resize=350%2C200","width":350,"height":200,"srcset":"https:\/\/i0.wp.com\/www.grieta.org.mx\/wp-content\/uploads\/2018\/03\/14524434_1106112876131411_958039263622046936_o.jpg?resize=350%2C200 1x, https:\/\/i0.wp.com\/www.grieta.org.mx\/wp-content\/uploads\/2018\/03\/14524434_1106112876131411_958039263622046936_o.jpg?resize=525%2C300 1.5x, https:\/\/i0.wp.com\/www.grieta.org.mx\/wp-content\/uploads\/2018\/03\/14524434_1106112876131411_958039263622046936_o.jpg?resize=700%2C400 2x"},"classes":[]}],"_links":{"self":[{"href":"http:\/\/www.grieta.org.mx\/index.php\/wp-json\/wp\/v2\/posts\/5252","targetHints":{"allow":["GET"]}}],"collection":[{"href":"http:\/\/www.grieta.org.mx\/index.php\/wp-json\/wp\/v2\/posts"}],"about":[{"href":"http:\/\/www.grieta.org.mx\/index.php\/wp-json\/wp\/v2\/types\/post"}],"author":[{"embeddable":true,"href":"http:\/\/www.grieta.org.mx\/index.php\/wp-json\/wp\/v2\/users\/2"}],"replies":[{"embeddable":true,"href":"http:\/\/www.grieta.org.mx\/index.php\/wp-json\/wp\/v2\/comments?post=5252"}],"version-history":[{"count":1,"href":"http:\/\/www.grieta.org.mx\/index.php\/wp-json\/wp\/v2\/posts\/5252\/revisions"}],"predecessor-version":[{"id":5257,"href":"http:\/\/www.grieta.org.mx\/index.php\/wp-json\/wp\/v2\/posts\/5252\/revisions\/5257"}],"wp:featuredmedia":[{"embeddable":true,"href":"http:\/\/www.grieta.org.mx\/index.php\/wp-json\/wp\/v2\/media\/21928"}],"wp:attachment":[{"href":"http:\/\/www.grieta.org.mx\/index.php\/wp-json\/wp\/v2\/media?parent=5252"}],"wp:term":[{"taxonomy":"category","embeddable":true,"href":"http:\/\/www.grieta.org.mx\/index.php\/wp-json\/wp\/v2\/categories?post=5252"},{"taxonomy":"post_tag","embeddable":true,"href":"http:\/\/www.grieta.org.mx\/index.php\/wp-json\/wp\/v2\/tags?post=5252"}],"curies":[{"name":"wp","href":"https:\/\/api.w.org\/{rel}","templated":true}]}}