{"id":5251,"date":"2015-08-04T05:54:26","date_gmt":"2015-08-04T05:54:26","guid":{"rendered":"http:\/\/50.22.11.12\/~grietaor\/?p=5251"},"modified":"2016-03-26T06:03:30","modified_gmt":"2016-03-26T06:03:30","slug":"oposicion-a-supermercado-en-milenio-iii","status":"publish","type":"post","link":"http:\/\/www.grieta.org.mx\/index.php\/2015\/08\/04\/oposicion-a-supermercado-en-milenio-iii\/","title":{"rendered":"Oposici\u00f3n a supermercado en Milenio III"},"content":{"rendered":"<p>Rub\u00e9n Pacheco\/Noticias de Quer\u00e9taro<\/p>\n<p>Vecinos de Milenio III, se han organizado para impedir la construcci\u00f3n de un supermercado sobre el bordo Cuesta China. Al respecto, la ambientalista, Am\u00e9rica Vizca\u00edno, manifest\u00f3 que este problema se ha derivado por el cambio de uso de suelo, en el que el municipio ha permitido que se expropien zonas no aptas para la construcci\u00f3n, motivo por el cual se pone en riesgo las condiciones la zona.<br \/>\nAfirm\u00f3 que vecinos de Milenio III se han acercado a la ambientalista con el fin de realizar una investigaci\u00f3n, en los que result\u00f3 que en el cambio de uso de suelo no se cumplieron todos los requisitos t\u00e9cnicos legales: estudio hidrol\u00f3gico dictaminado por autoridad; estudio hidrol\u00f3gico de la cuenca, evaluado y autorizado por la Comisi\u00f3n Nacional del Agua (Conagua) y an\u00e1lisis de riesgo.<\/p>\n<p>De igual manera, denunci\u00f3 que no se consider\u00f3 el Plan de Riesgos y Vulnerabilidad Urbana, el cual dictamina Protecci\u00f3n Civil, as\u00ed como el plan pluvial. En este sentido, manifest\u00f3 que de acuerdo con la materia legal al respecto no se puede urbanizar un bordo de esta naturaleza.<\/p>\n<p>Ante esta situaci\u00f3n, resalt\u00f3 la importancia de este bordo, puesto que es este el que recoge el escurrimiento que llega a la ciudad, por lo que denunci\u00f3 que de consolidarse el proyecto de construcci\u00f3n se estar\u00eda afectado la ciudad en el futuro inmediato.<\/p>\n<p>De acuerdo con declaraciones del presidente de la Comisi\u00f3n Estatal de Agua (CEA), el cual se deslinda argumentando que no es un tema de su competencia, ya que la regulaci\u00f3n de los vasos reguladores y las autorizaciones para ello, son de la jurisdicci\u00f3n de la Comisi\u00f3n Nacional de Agua y la autorizaci\u00f3n del uso de suelo del propio municipio de Quer\u00e9taro.<\/p>\n<p>Para finalizar, la ambientalista declar\u00f3 que hasta antes de la autorizaci\u00f3n del cambio de uso de suelo en esa zona, se les advirti\u00f3 a los regidores sobre el riesgo de construir ah\u00ed.<\/p>\n<p><a href=\"http:\/\/noticiasdequeretaro.com.mx\/informacion\/noticias\/22\/87\/_queretaro\/2015\/08\/04\/109905\/oposicion-a-supermercado-en-milenio-iii.aspx\" target=\"_blank\">noticiasdequeretaro.com.mx\/informacion\/noticias\/22\/87\/_queretaro\/2015\/08\/04\/109905\/oposicion-a-supermercado-en-milenio-iii.aspx<\/a><\/p>\n","protected":false},"excerpt":{"rendered":"<p>Rub\u00e9n Pacheco\/Noticias de Quer\u00e9taro Vecinos de Milenio III, se han organizado para impedir la construcci\u00f3n de un supermercado sobre el bordo Cuesta China. Al respecto, la ambientalista, Am\u00e9rica Vizca\u00edno, manifest\u00f3 &hellip; <a href=\"http:\/\/www.grieta.org.mx\/index.php\/2015\/08\/04\/oposicion-a-supermercado-en-milenio-iii\/\" class=\"more-link\">Leer m\u00e1s<\/a><\/p>\n","protected":false},"author":2,"featured_media":21928,"comment_status":"closed","ping_status":"open","sticky":false,"template":"","format":"standard","meta":{"ngg_post_thumbnail":0,"_jetpack_newsletter_access":"","_jetpack_dont_email_post_to_subs":false,"_jetpack_newsletter_tier_id":0,"_jetpack_memberships_contains_paywalled_content":false,"_jetpack_memberships_contains_paid_content":false,"footnotes":""},"categories":[80,359],"tags":[395,180],"class_list":["post-5251","post","type-post","status-publish","format-standard","has-post-thumbnail","hentry","category-cintillo","category-queretaro","tag-centros-comerciales","tag-protesta","entry"],"jetpack_featured_media_url":"http:\/\/www.grieta.org.mx\/wp-content\/uploads\/2018\/03\/14524434_1106112876131411_958039263622046936_o.jpg","jetpack_sharing_enabled":true,"jetpack_shortlink":"https:\/\/wp.me\/p7ZJR4-1mH","jetpack_likes_enabled":false,"jetpack-related-posts":[{"id":5249,"url":"http:\/\/www.grieta.org.mx\/index.php\/2016\/03\/14\/se-oponen-a-llegada-de-supermercado\/","url_meta":{"origin":5251,"position":0},"title":"Se oponen a llegada de supermercado","author":"grieta","date":"14 marzo, 2016","format":false,"excerpt":"M\u00f3nica Gordillo\/AM Quer\u00e9taro Los vecinos tambi\u00e9n manifestaron que la construcci\u00f3n del supermercado originar\u00e1 otras problem\u00e1ticas, como tr\u00e1fico vehicular y acumulaci\u00f3n de basura Ante el intenso escurrimiento de agua que se registra durante la \u00e9poca de lluvias, vecinos de Milenio III piden al municipio de Quer\u00e9taro que no permita la construcci\u00f3n\u2026","rel":"","context":"En &quot;CINTILLO&quot;","block_context":{"text":"CINTILLO","link":"http:\/\/www.grieta.org.mx\/index.php\/category\/cintillo\/"},"img":{"alt_text":"","src":"https:\/\/i0.wp.com\/www.grieta.org.mx\/wp-content\/uploads\/2018\/03\/14524434_1106112876131411_958039263622046936_o.jpg?resize=350%2C200","width":350,"height":200,"srcset":"https:\/\/i0.wp.com\/www.grieta.org.mx\/wp-content\/uploads\/2018\/03\/14524434_1106112876131411_958039263622046936_o.jpg?resize=350%2C200 1x, https:\/\/i0.wp.com\/www.grieta.org.mx\/wp-content\/uploads\/2018\/03\/14524434_1106112876131411_958039263622046936_o.jpg?resize=525%2C300 1.5x, https:\/\/i0.wp.com\/www.grieta.org.mx\/wp-content\/uploads\/2018\/03\/14524434_1106112876131411_958039263622046936_o.jpg?resize=700%2C400 2x"},"classes":[]},{"id":5252,"url":"http:\/\/www.grieta.org.mx\/index.php\/2016\/03\/15\/impacto-ambiental-en-queretaro-por-construccion-de-centro-comercial\/","url_meta":{"origin":5251,"position":1},"title":"Impacto ambiental en Quer\u00e9taro por construcci\u00f3n de centro comercial","author":"grieta","date":"15 marzo, 2016","format":false,"excerpt":"15\/03\/16. Vigilar\u00e1n que cumplan requisitos para construcci\u00f3n de supermercado AM Quer\u00e9taro 14\/03\/15. Se oponen a llegada de supermercado AM Quer\u00e9taro 9\/03\/15. Desechan acci\u00f3n popular promovida por vecinos por cambios en el uso de suelo AM Quer\u00e9taro 04\/08\/15. Oposici\u00f3n a supermercado en Milenio III Noticias de Quer\u00e9taro","rel":"","context":"En &quot;NOTICIAS NACIONALES&quot;","block_context":{"text":"NOTICIAS NACIONALES","link":"http:\/\/www.grieta.org.mx\/index.php\/category\/noticias-nacionales\/"},"img":{"alt_text":"","src":"https:\/\/i0.wp.com\/www.grieta.org.mx\/wp-content\/uploads\/2018\/03\/14524434_1106112876131411_958039263622046936_o.jpg?resize=350%2C200","width":350,"height":200,"srcset":"https:\/\/i0.wp.com\/www.grieta.org.mx\/wp-content\/uploads\/2018\/03\/14524434_1106112876131411_958039263622046936_o.jpg?resize=350%2C200 1x, https:\/\/i0.wp.com\/www.grieta.org.mx\/wp-content\/uploads\/2018\/03\/14524434_1106112876131411_958039263622046936_o.jpg?resize=525%2C300 1.5x, https:\/\/i0.wp.com\/www.grieta.org.mx\/wp-content\/uploads\/2018\/03\/14524434_1106112876131411_958039263622046936_o.jpg?resize=700%2C400 2x"},"classes":[]},{"id":5248,"url":"http:\/\/www.grieta.org.mx\/index.php\/2016\/03\/15\/vigilaran-que-cumplan-requisitos-para-construccion-de-supermercado\/","url_meta":{"origin":5251,"position":2},"title":"Vigilar\u00e1n que cumplan requisitos para construcci\u00f3n de supermercado","author":"grieta","date":"15 marzo, 2016","format":false,"excerpt":"M\u00f3nica Gordillo\/AM Quer\u00e9taro Vigilar\u00e1n que se cumpla con los requisitos t\u00e9cnicos para construir un supermercado en el predio conocido por la fracci\u00f3n segunda del Casco de Carretas, donde se encuentra un vaso regulador de agua La ambientalista queretana Am\u00e9rica Vizca\u00edno, se\u00f1al\u00f3 que dar\u00e1n seguimiento puntual a que la empresa Impulsora\u2026","rel":"","context":"En &quot;CINTILLO&quot;","block_context":{"text":"CINTILLO","link":"http:\/\/www.grieta.org.mx\/index.php\/category\/cintillo\/"},"img":{"alt_text":"","src":"https:\/\/i0.wp.com\/www.grieta.org.mx\/wp-content\/uploads\/2018\/03\/14524434_1106112876131411_958039263622046936_o.jpg?resize=350%2C200","width":350,"height":200,"srcset":"https:\/\/i0.wp.com\/www.grieta.org.mx\/wp-content\/uploads\/2018\/03\/14524434_1106112876131411_958039263622046936_o.jpg?resize=350%2C200 1x, https:\/\/i0.wp.com\/www.grieta.org.mx\/wp-content\/uploads\/2018\/03\/14524434_1106112876131411_958039263622046936_o.jpg?resize=525%2C300 1.5x, https:\/\/i0.wp.com\/www.grieta.org.mx\/wp-content\/uploads\/2018\/03\/14524434_1106112876131411_958039263622046936_o.jpg?resize=700%2C400 2x"},"classes":[]},{"id":5250,"url":"http:\/\/www.grieta.org.mx\/index.php\/2016\/03\/09\/desechan-accion-popular-promovida-por-vecinos-por-cambios-en-el-uso-de-suelo\/","url_meta":{"origin":5251,"position":3},"title":"Desechan acci\u00f3n popular promovida por vecinos por cambios en el uso de suelo","author":"grieta","date":"9 marzo, 2016","format":false,"excerpt":"Cecilia Conde\/AM Quer\u00e9taro Marcos Aguilar Vega, asegur\u00f3 que la resoluci\u00f3n se debi\u00f3 a que si se cumpl\u00eda con las condiciones que pide la ley para otorgar ese cambio de uso de suelo El ayuntamiento de Quer\u00e9taro resolvi\u00f3 como \u2018inatendible\u2019 la acci\u00f3n popular interpuesta por el Comit\u00e9 de Vecinos Milenio III,\u2026","rel":"","context":"En &quot;CINTILLO&quot;","block_context":{"text":"CINTILLO","link":"http:\/\/www.grieta.org.mx\/index.php\/category\/cintillo\/"},"img":{"alt_text":"","src":"https:\/\/i0.wp.com\/www.grieta.org.mx\/wp-content\/uploads\/2018\/03\/14524434_1106112876131411_958039263622046936_o.jpg?resize=350%2C200","width":350,"height":200,"srcset":"https:\/\/i0.wp.com\/www.grieta.org.mx\/wp-content\/uploads\/2018\/03\/14524434_1106112876131411_958039263622046936_o.jpg?resize=350%2C200 1x, https:\/\/i0.wp.com\/www.grieta.org.mx\/wp-content\/uploads\/2018\/03\/14524434_1106112876131411_958039263622046936_o.jpg?resize=525%2C300 1.5x, https:\/\/i0.wp.com\/www.grieta.org.mx\/wp-content\/uploads\/2018\/03\/14524434_1106112876131411_958039263622046936_o.jpg?resize=700%2C400 2x"},"classes":[]},{"id":58903,"url":"http:\/\/www.grieta.org.mx\/index.php\/2021\/04\/19\/vecinos-de-azcapotzalco-protestan-contra-construccion-de-mega-obras-ciudad-de-mexico\/","url_meta":{"origin":5251,"position":4},"title":"Vecinos de Azcapotzalco protestan contra construcci\u00f3n de mega obras (Ciudad de M\u00e9xico)","author":"grieta","date":"19 abril, 2021","format":false,"excerpt":"Ram\u00f3n Ram\u00edrez \/ Milenio Foto tomada de: Milenio Acusan que la alcald\u00eda ha realizado cambios de uso de suelo con el objetivo de permitir la construcci\u00f3n de obras que salen del n\u00famero de pisos.\u00a0 Vecinos de varias colonias en la alcald\u00eda Azcapotzalco bloquean la vialidad del Eje 3 norte Cuitl\u00e1huac\u2026","rel":"","context":"En &quot;CINTILLO&quot;","block_context":{"text":"CINTILLO","link":"http:\/\/www.grieta.org.mx\/index.php\/category\/cintillo\/"},"img":{"alt_text":"","src":"https:\/\/i0.wp.com\/www.grieta.org.mx\/wp-content\/uploads\/2021\/04\/Vecinos-de-Azcapotzalco-protestan-contra-construccion-de-mega-obras-cdmx-abr.jpg?resize=350%2C200","width":350,"height":200,"srcset":"https:\/\/i0.wp.com\/www.grieta.org.mx\/wp-content\/uploads\/2021\/04\/Vecinos-de-Azcapotzalco-protestan-contra-construccion-de-mega-obras-cdmx-abr.jpg?resize=350%2C200 1x, https:\/\/i0.wp.com\/www.grieta.org.mx\/wp-content\/uploads\/2021\/04\/Vecinos-de-Azcapotzalco-protestan-contra-construccion-de-mega-obras-cdmx-abr.jpg?resize=525%2C300 1.5x, https:\/\/i0.wp.com\/www.grieta.org.mx\/wp-content\/uploads\/2021\/04\/Vecinos-de-Azcapotzalco-protestan-contra-construccion-de-mega-obras-cdmx-abr.jpg?resize=700%2C400 2x"},"classes":[]},{"id":4895,"url":"http:\/\/www.grieta.org.mx\/index.php\/2016\/03\/16\/protestas-contra-gasolineras-en-queretaro\/","url_meta":{"origin":5251,"position":5},"title":"Protestas contra gasolineras en Quer\u00e9taro","author":"grieta","date":"16 marzo, 2016","format":false,"excerpt":"16\/03\/16. Vecinos de Tequisquiapan rechazan gasolinera El Universal 29\/02\/16. Habitantes de El Porvenir luchan por evitar la construcci\u00f3n de una gasolinera AM Quer\u00e9taro 22\/11\/15. Contin\u00faan acciones en el Fraccionamiento Santiago contra gasolinera AM Quer\u00e9taro 15\/11\/15. Vecinos de la colonia El Porvenir protestan contra gasolinera Tribuna de Quer\u00e9taro 16\/10\/15. Colonos de\u2026","rel":"","context":"En &quot;NOTICIAS NACIONALES&quot;","block_context":{"text":"NOTICIAS NACIONALES","link":"http:\/\/www.grieta.org.mx\/index.php\/category\/noticias-nacionales\/"},"img":{"alt_text":"","src":"https:\/\/i0.wp.com\/www.grieta.org.mx\/wp-content\/uploads\/2018\/03\/14524434_1106112876131411_958039263622046936_o.jpg?resize=350%2C200","width":350,"height":200,"srcset":"https:\/\/i0.wp.com\/www.grieta.org.mx\/wp-content\/uploads\/2018\/03\/14524434_1106112876131411_958039263622046936_o.jpg?resize=350%2C200 1x, https:\/\/i0.wp.com\/www.grieta.org.mx\/wp-content\/uploads\/2018\/03\/14524434_1106112876131411_958039263622046936_o.jpg?resize=525%2C300 1.5x, https:\/\/i0.wp.com\/www.grieta.org.mx\/wp-content\/uploads\/2018\/03\/14524434_1106112876131411_958039263622046936_o.jpg?resize=700%2C400 2x"},"classes":[]}],"_links":{"self":[{"href":"http:\/\/www.grieta.org.mx\/index.php\/wp-json\/wp\/v2\/posts\/5251","targetHints":{"allow":["GET"]}}],"collection":[{"href":"http:\/\/www.grieta.org.mx\/index.php\/wp-json\/wp\/v2\/posts"}],"about":[{"href":"http:\/\/www.grieta.org.mx\/index.php\/wp-json\/wp\/v2\/types\/post"}],"author":[{"embeddable":true,"href":"http:\/\/www.grieta.org.mx\/index.php\/wp-json\/wp\/v2\/users\/2"}],"replies":[{"embeddable":true,"href":"http:\/\/www.grieta.org.mx\/index.php\/wp-json\/wp\/v2\/comments?post=5251"}],"version-history":[{"count":1,"href":"http:\/\/www.grieta.org.mx\/index.php\/wp-json\/wp\/v2\/posts\/5251\/revisions"}],"predecessor-version":[{"id":5256,"href":"http:\/\/www.grieta.org.mx\/index.php\/wp-json\/wp\/v2\/posts\/5251\/revisions\/5256"}],"wp:featuredmedia":[{"embeddable":true,"href":"http:\/\/www.grieta.org.mx\/index.php\/wp-json\/wp\/v2\/media\/21928"}],"wp:attachment":[{"href":"http:\/\/www.grieta.org.mx\/index.php\/wp-json\/wp\/v2\/media?parent=5251"}],"wp:term":[{"taxonomy":"category","embeddable":true,"href":"http:\/\/www.grieta.org.mx\/index.php\/wp-json\/wp\/v2\/categories?post=5251"},{"taxonomy":"post_tag","embeddable":true,"href":"http:\/\/www.grieta.org.mx\/index.php\/wp-json\/wp\/v2\/tags?post=5251"}],"curies":[{"name":"wp","href":"https:\/\/api.w.org\/{rel}","templated":true}]}}