{"id":5248,"date":"2016-03-15T05:50:48","date_gmt":"2016-03-15T05:50:48","guid":{"rendered":"http:\/\/50.22.11.12\/~grietaor\/?p=5248"},"modified":"2016-03-26T05:59:50","modified_gmt":"2016-03-26T05:59:50","slug":"vigilaran-que-cumplan-requisitos-para-construccion-de-supermercado","status":"publish","type":"post","link":"http:\/\/www.grieta.org.mx\/index.php\/2016\/03\/15\/vigilaran-que-cumplan-requisitos-para-construccion-de-supermercado\/","title":{"rendered":"Vigilar\u00e1n que cumplan requisitos para construcci\u00f3n de supermercado"},"content":{"rendered":"<p>M\u00f3nica Gordillo\/AM Quer\u00e9taro<\/p>\n<p>Vigilar\u00e1n que se cumpla con los requisitos t\u00e9cnicos para construir un supermercado en el predio conocido por la fracci\u00f3n segunda del Casco de Carretas, donde se encuentra un vaso regulador de agua<\/p>\n<p>La ambientalista queretana Am\u00e9rica Vizca\u00edno, se\u00f1al\u00f3 que dar\u00e1n seguimiento puntual a que la empresa Impulsora y Promotora de Negocios Inmobiliarios S.A de C.V cumpla con los requisitos t\u00e9cnicos para construir un supermercado en el predio conocido por la fracci\u00f3n segunda del Casco de Carretas, donde se encuentra un vaso regulador de agua.<\/p>\n<p>Esto despu\u00e9s de que en Sesi\u00f3n de Cabildo, el Ayuntamiento de Quer\u00e9taro autorizara una ampliaci\u00f3n del plazo para el cumplimiento de las condicionantes faltantes y la validaci\u00f3n de proyectos por parte de la Secretar\u00eda de Desarrollo Econ\u00f3mico, Planeaci\u00f3n Urbana y Ecolog\u00eda<\/p>\n<p>Adem\u00e1s, enfatiz\u00f3 que en la Gaceta Municipal debi\u00f3 condicionarse la revocaci\u00f3n del cambio de uso de suelo, si la empresa no presenta los estudios, evaluaciones, el an\u00e1lisis de riesgos, la opini\u00f3n t\u00e9cnica de Protecci\u00f3n Civil, el impacto ambiental y el pol\u00edgono georreferenciado del proyecto.<\/p>\n<p>Asegur\u00f3 que el d\u00eda de ayer se reunir\u00eda junto con otros ambientalistas con \u2018algunas personas\u2019 del municipio de Quer\u00e9taro, quienes les mostrar\u00edan los estudios t\u00e9cnicos que en la pasada administraci\u00f3n la empresa no cubri\u00f3.<\/p>\n<p>\u201cEn esta administraci\u00f3n lo que hace Marcos es que se ampl\u00eda el plazo para que cumplan con los requisitos, estamos esperando que se presenten los estudios para ver si cumplen\u201d, apunt\u00f3.<\/p>\n<p>Se\u00f1al\u00f3 que si el promovente no cumple con la normatividad y realiza la construcci\u00f3n del supermercado sobre el vaso regulador de agua, existir\u00edan riesgos de inundaci\u00f3n y colapso hidrol\u00f3gico en las partes bajas de la ciudad, ante la falta de infraestructura pluvial.<\/p>\n<p>Indic\u00f3 que el estudio hidrol\u00f3gico debe contener la informaci\u00f3n sobre la capacidad de almacenamiento, presente y futura, del vaso regulador, as\u00ed como del volumen de escurrimientos en la cuenca para manejar el agua hac\u00eda el R\u00edo Quer\u00e9taro y otro drenes.<\/p>\n<p>\u201cDentro del estudio hidrol\u00f3gico esta tambi\u00e9n el an\u00e1lisis de riesgo y el dictamen de protecci\u00f3n civil. Necesitamos ver esa informaci\u00f3n para dar opini\u00f3n al respecto\u201d, dijo.<\/p>\n<p><a href=\"http:\/\/amqueretaro.com\/queretaro\/2016\/03\/15\/vigilaran-que-cumplan-requisitos\" target=\"_blank\">amqueretaro.com\/queretaro\/2016\/03\/15\/vigilaran-que-cumplan-requisitos<\/a><\/p>\n","protected":false},"excerpt":{"rendered":"<p>M\u00f3nica Gordillo\/AM Quer\u00e9taro Vigilar\u00e1n que se cumpla con los requisitos t\u00e9cnicos para construir un supermercado en el predio conocido por la fracci\u00f3n segunda del Casco de Carretas, donde se encuentra &hellip; <a href=\"http:\/\/www.grieta.org.mx\/index.php\/2016\/03\/15\/vigilaran-que-cumplan-requisitos-para-construccion-de-supermercado\/\" class=\"more-link\">Leer m\u00e1s<\/a><\/p>\n","protected":false},"author":2,"featured_media":21928,"comment_status":"closed","ping_status":"open","sticky":false,"template":"","format":"standard","meta":{"ngg_post_thumbnail":0,"_jetpack_newsletter_access":"","_jetpack_dont_email_post_to_subs":false,"_jetpack_newsletter_tier_id":0,"_jetpack_memberships_contains_paywalled_content":false,"_jetpack_memberships_contains_paid_content":false,"footnotes":""},"categories":[80,359],"tags":[395,180],"class_list":["post-5248","post","type-post","status-publish","format-standard","has-post-thumbnail","hentry","category-cintillo","category-queretaro","tag-centros-comerciales","tag-protesta","entry"],"jetpack_featured_media_url":"http:\/\/www.grieta.org.mx\/wp-content\/uploads\/2018\/03\/14524434_1106112876131411_958039263622046936_o.jpg","jetpack_sharing_enabled":true,"jetpack_shortlink":"https:\/\/wp.me\/p7ZJR4-1mE","jetpack_likes_enabled":false,"jetpack-related-posts":[{"id":5249,"url":"http:\/\/www.grieta.org.mx\/index.php\/2016\/03\/14\/se-oponen-a-llegada-de-supermercado\/","url_meta":{"origin":5248,"position":0},"title":"Se oponen a llegada de supermercado","author":"grieta","date":"14 marzo, 2016","format":false,"excerpt":"M\u00f3nica Gordillo\/AM Quer\u00e9taro Los vecinos tambi\u00e9n manifestaron que la construcci\u00f3n del supermercado originar\u00e1 otras problem\u00e1ticas, como tr\u00e1fico vehicular y acumulaci\u00f3n de basura Ante el intenso escurrimiento de agua que se registra durante la \u00e9poca de lluvias, vecinos de Milenio III piden al municipio de Quer\u00e9taro que no permita la construcci\u00f3n\u2026","rel":"","context":"En &quot;CINTILLO&quot;","block_context":{"text":"CINTILLO","link":"http:\/\/www.grieta.org.mx\/index.php\/category\/cintillo\/"},"img":{"alt_text":"","src":"https:\/\/i0.wp.com\/www.grieta.org.mx\/wp-content\/uploads\/2018\/03\/14524434_1106112876131411_958039263622046936_o.jpg?resize=350%2C200","width":350,"height":200,"srcset":"https:\/\/i0.wp.com\/www.grieta.org.mx\/wp-content\/uploads\/2018\/03\/14524434_1106112876131411_958039263622046936_o.jpg?resize=350%2C200 1x, https:\/\/i0.wp.com\/www.grieta.org.mx\/wp-content\/uploads\/2018\/03\/14524434_1106112876131411_958039263622046936_o.jpg?resize=525%2C300 1.5x, https:\/\/i0.wp.com\/www.grieta.org.mx\/wp-content\/uploads\/2018\/03\/14524434_1106112876131411_958039263622046936_o.jpg?resize=700%2C400 2x"},"classes":[]},{"id":5250,"url":"http:\/\/www.grieta.org.mx\/index.php\/2016\/03\/09\/desechan-accion-popular-promovida-por-vecinos-por-cambios-en-el-uso-de-suelo\/","url_meta":{"origin":5248,"position":1},"title":"Desechan acci\u00f3n popular promovida por vecinos por cambios en el uso de suelo","author":"grieta","date":"9 marzo, 2016","format":false,"excerpt":"Cecilia Conde\/AM Quer\u00e9taro Marcos Aguilar Vega, asegur\u00f3 que la resoluci\u00f3n se debi\u00f3 a que si se cumpl\u00eda con las condiciones que pide la ley para otorgar ese cambio de uso de suelo El ayuntamiento de Quer\u00e9taro resolvi\u00f3 como \u2018inatendible\u2019 la acci\u00f3n popular interpuesta por el Comit\u00e9 de Vecinos Milenio III,\u2026","rel":"","context":"En &quot;CINTILLO&quot;","block_context":{"text":"CINTILLO","link":"http:\/\/www.grieta.org.mx\/index.php\/category\/cintillo\/"},"img":{"alt_text":"","src":"https:\/\/i0.wp.com\/www.grieta.org.mx\/wp-content\/uploads\/2018\/03\/14524434_1106112876131411_958039263622046936_o.jpg?resize=350%2C200","width":350,"height":200,"srcset":"https:\/\/i0.wp.com\/www.grieta.org.mx\/wp-content\/uploads\/2018\/03\/14524434_1106112876131411_958039263622046936_o.jpg?resize=350%2C200 1x, https:\/\/i0.wp.com\/www.grieta.org.mx\/wp-content\/uploads\/2018\/03\/14524434_1106112876131411_958039263622046936_o.jpg?resize=525%2C300 1.5x, https:\/\/i0.wp.com\/www.grieta.org.mx\/wp-content\/uploads\/2018\/03\/14524434_1106112876131411_958039263622046936_o.jpg?resize=700%2C400 2x"},"classes":[]},{"id":5252,"url":"http:\/\/www.grieta.org.mx\/index.php\/2016\/03\/15\/impacto-ambiental-en-queretaro-por-construccion-de-centro-comercial\/","url_meta":{"origin":5248,"position":2},"title":"Impacto ambiental en Quer\u00e9taro por construcci\u00f3n de centro comercial","author":"grieta","date":"15 marzo, 2016","format":false,"excerpt":"15\/03\/16. Vigilar\u00e1n que cumplan requisitos para construcci\u00f3n de supermercado AM Quer\u00e9taro 14\/03\/15. Se oponen a llegada de supermercado AM Quer\u00e9taro 9\/03\/15. Desechan acci\u00f3n popular promovida por vecinos por cambios en el uso de suelo AM Quer\u00e9taro 04\/08\/15. Oposici\u00f3n a supermercado en Milenio III Noticias de Quer\u00e9taro","rel":"","context":"En &quot;NOTICIAS NACIONALES&quot;","block_context":{"text":"NOTICIAS NACIONALES","link":"http:\/\/www.grieta.org.mx\/index.php\/category\/noticias-nacionales\/"},"img":{"alt_text":"","src":"https:\/\/i0.wp.com\/www.grieta.org.mx\/wp-content\/uploads\/2018\/03\/14524434_1106112876131411_958039263622046936_o.jpg?resize=350%2C200","width":350,"height":200,"srcset":"https:\/\/i0.wp.com\/www.grieta.org.mx\/wp-content\/uploads\/2018\/03\/14524434_1106112876131411_958039263622046936_o.jpg?resize=350%2C200 1x, https:\/\/i0.wp.com\/www.grieta.org.mx\/wp-content\/uploads\/2018\/03\/14524434_1106112876131411_958039263622046936_o.jpg?resize=525%2C300 1.5x, https:\/\/i0.wp.com\/www.grieta.org.mx\/wp-content\/uploads\/2018\/03\/14524434_1106112876131411_958039263622046936_o.jpg?resize=700%2C400 2x"},"classes":[]},{"id":5251,"url":"http:\/\/www.grieta.org.mx\/index.php\/2015\/08\/04\/oposicion-a-supermercado-en-milenio-iii\/","url_meta":{"origin":5248,"position":3},"title":"Oposici\u00f3n a supermercado en Milenio III","author":"grieta","date":"4 agosto, 2015","format":false,"excerpt":"Rub\u00e9n Pacheco\/Noticias de Quer\u00e9taro Vecinos de Milenio III, se han organizado para impedir la construcci\u00f3n de un supermercado sobre el bordo Cuesta China. Al respecto, la ambientalista, Am\u00e9rica Vizca\u00edno, manifest\u00f3 que este problema se ha derivado por el cambio de uso de suelo, en el que el municipio ha permitido\u2026","rel":"","context":"En &quot;CINTILLO&quot;","block_context":{"text":"CINTILLO","link":"http:\/\/www.grieta.org.mx\/index.php\/category\/cintillo\/"},"img":{"alt_text":"","src":"https:\/\/i0.wp.com\/www.grieta.org.mx\/wp-content\/uploads\/2018\/03\/14524434_1106112876131411_958039263622046936_o.jpg?resize=350%2C200","width":350,"height":200,"srcset":"https:\/\/i0.wp.com\/www.grieta.org.mx\/wp-content\/uploads\/2018\/03\/14524434_1106112876131411_958039263622046936_o.jpg?resize=350%2C200 1x, https:\/\/i0.wp.com\/www.grieta.org.mx\/wp-content\/uploads\/2018\/03\/14524434_1106112876131411_958039263622046936_o.jpg?resize=525%2C300 1.5x, https:\/\/i0.wp.com\/www.grieta.org.mx\/wp-content\/uploads\/2018\/03\/14524434_1106112876131411_958039263622046936_o.jpg?resize=700%2C400 2x"},"classes":[]},{"id":12823,"url":"http:\/\/www.grieta.org.mx\/index.php\/2016\/05\/19\/vecinos-del-fracc-lagunas-clausuran-obra-realizada-en-vaso-regulador-tabasco\/","url_meta":{"origin":5248,"position":4},"title":"Vecinos del Fracc. Lagunas clausuran obra realizada en vaso regulador (Tabasco)","author":"grieta","date":"19 mayo, 2016","format":false,"excerpt":"Fernando Chabl\u00e9 Habitantes del fraccionamiento Lagunas, clausuraron simb\u00f3licamente la obra que se realiza sobre el vaso regulador que capta los escurrimientos de las lluvias y que las autoridades permiten esa irregularidad. Esta tarde los vecinos inconformes colocaron cartulinas con frases de protesta por todo el per\u00edmetro del predio ubicado en\u2026","rel":"","context":"En &quot;CINTILLO&quot;","block_context":{"text":"CINTILLO","link":"http:\/\/www.grieta.org.mx\/index.php\/category\/cintillo\/"},"img":{"alt_text":"","src":"https:\/\/i0.wp.com\/www.grieta.org.mx\/wp-content\/uploads\/2018\/03\/14524434_1106112876131411_958039263622046936_o.jpg?resize=350%2C200","width":350,"height":200,"srcset":"https:\/\/i0.wp.com\/www.grieta.org.mx\/wp-content\/uploads\/2018\/03\/14524434_1106112876131411_958039263622046936_o.jpg?resize=350%2C200 1x, https:\/\/i0.wp.com\/www.grieta.org.mx\/wp-content\/uploads\/2018\/03\/14524434_1106112876131411_958039263622046936_o.jpg?resize=525%2C300 1.5x, https:\/\/i0.wp.com\/www.grieta.org.mx\/wp-content\/uploads\/2018\/03\/14524434_1106112876131411_958039263622046936_o.jpg?resize=700%2C400 2x"},"classes":[]},{"id":14469,"url":"http:\/\/www.grieta.org.mx\/index.php\/2016\/06\/07\/vecinos-evitan-expropiacion-de-predio-para-vaso-regulador-en-san-pedro-puebla\/","url_meta":{"origin":5248,"position":5},"title":"Vecinos evitan expropiaci\u00f3n de predio para vaso regulador en San Pedro (Puebla)","author":"grieta","date":"7 junio, 2016","format":false,"excerpt":"Por Arturo Manzano San Pedro Cholula, Pue.- Vecinos de la junta auxiliar de San Mat\u00edas Cocoyotla se inconformaron por el retiro de una malla que proteg\u00eda el predio Acayac por elementos de la fuerza p\u00fablica, lo cual consideraron un acto de alevos\u00eda y ventaja del presidente municipal de San Pedro\u2026","rel":"","context":"En &quot;CINTILLO&quot;","block_context":{"text":"CINTILLO","link":"http:\/\/www.grieta.org.mx\/index.php\/category\/cintillo\/"},"img":{"alt_text":"","src":"https:\/\/i0.wp.com\/www.grieta.org.mx\/wp-content\/uploads\/2018\/03\/14524434_1106112876131411_958039263622046936_o.jpg?resize=350%2C200","width":350,"height":200,"srcset":"https:\/\/i0.wp.com\/www.grieta.org.mx\/wp-content\/uploads\/2018\/03\/14524434_1106112876131411_958039263622046936_o.jpg?resize=350%2C200 1x, https:\/\/i0.wp.com\/www.grieta.org.mx\/wp-content\/uploads\/2018\/03\/14524434_1106112876131411_958039263622046936_o.jpg?resize=525%2C300 1.5x, https:\/\/i0.wp.com\/www.grieta.org.mx\/wp-content\/uploads\/2018\/03\/14524434_1106112876131411_958039263622046936_o.jpg?resize=700%2C400 2x"},"classes":[]}],"_links":{"self":[{"href":"http:\/\/www.grieta.org.mx\/index.php\/wp-json\/wp\/v2\/posts\/5248","targetHints":{"allow":["GET"]}}],"collection":[{"href":"http:\/\/www.grieta.org.mx\/index.php\/wp-json\/wp\/v2\/posts"}],"about":[{"href":"http:\/\/www.grieta.org.mx\/index.php\/wp-json\/wp\/v2\/types\/post"}],"author":[{"embeddable":true,"href":"http:\/\/www.grieta.org.mx\/index.php\/wp-json\/wp\/v2\/users\/2"}],"replies":[{"embeddable":true,"href":"http:\/\/www.grieta.org.mx\/index.php\/wp-json\/wp\/v2\/comments?post=5248"}],"version-history":[{"count":1,"href":"http:\/\/www.grieta.org.mx\/index.php\/wp-json\/wp\/v2\/posts\/5248\/revisions"}],"predecessor-version":[{"id":5253,"href":"http:\/\/www.grieta.org.mx\/index.php\/wp-json\/wp\/v2\/posts\/5248\/revisions\/5253"}],"wp:featuredmedia":[{"embeddable":true,"href":"http:\/\/www.grieta.org.mx\/index.php\/wp-json\/wp\/v2\/media\/21928"}],"wp:attachment":[{"href":"http:\/\/www.grieta.org.mx\/index.php\/wp-json\/wp\/v2\/media?parent=5248"}],"wp:term":[{"taxonomy":"category","embeddable":true,"href":"http:\/\/www.grieta.org.mx\/index.php\/wp-json\/wp\/v2\/categories?post=5248"},{"taxonomy":"post_tag","embeddable":true,"href":"http:\/\/www.grieta.org.mx\/index.php\/wp-json\/wp\/v2\/tags?post=5248"}],"curies":[{"name":"wp","href":"https:\/\/api.w.org\/{rel}","templated":true}]}}