{"id":52479,"date":"2020-08-07T00:32:36","date_gmt":"2020-08-07T05:32:36","guid":{"rendered":"http:\/\/www.grieta.org.mx\/?p=52479"},"modified":"2020-08-07T11:45:55","modified_gmt":"2020-08-07T16:45:55","slug":"presa-los-pilares-una-inauguracion-a-modo-sonora","status":"publish","type":"post","link":"http:\/\/www.grieta.org.mx\/index.php\/2020\/08\/07\/presa-los-pilares-una-inauguracion-a-modo-sonora\/","title":{"rendered":"Presa Los Pilares: una inauguraci\u00f3n a modo (Sonora)"},"content":{"rendered":"<p>Pi\u00e9 de P\u00e1gina<\/p>\n<p>Texto: Reyna Hayde\u00e9 Ram\u00edrez<\/p>\n<p>Fotos: Presidencia<\/p>\n<p>\u00c1LAMOS, SONORA.- Sin respetar sitios arqueol\u00f3gicos ni consultar a ind\u00edgenas afectados, y sin permitir el acceso a los gobernadores Guarij\u00edos opositores, el presidente Andr\u00e9s Manuel L\u00f3pez Obrador inaugur\u00f3 este mi\u00e9rcoles la presa Los Pilares en \u00c1lamos, Sonora.<\/p>\n<p>Una obra a modo tuvo una inauguraci\u00f3n a modo, sin opositores.<\/p>\n<p>Con el argumento de las restricciones sanitarias por la pandemia de covid-19, una reducida comitiva de gobernadores Guarij\u00edos afines al proyecto estatal acompa\u00f1\u00f3 al presidente, a la gobernadora Claudia Pavlovich Arellano y a la titular de Conagua, Blanca Jim\u00e9nez, a cortar el list\u00f3n inaugural de la presa que se construy\u00f3 sobre tierras sagradas de Guarij\u00edos y con 44 sitios arqueol\u00f3gicos, por los que el Instituto Nacional de Antropolog\u00eda e Historia (INAH) coloc\u00f3 el martes sellos de suspensi\u00f3n de la obra.<\/p>\n<p>Previo a la inauguraci\u00f3n, sin embargo, el INAH\u00a0anunci\u00f3 un nuevo acuerdo con el gobierno de Sonora y la Conagua para conservar los 44 sitios arquel\u00f3gicos que se encuentran en la zona de embalse de la presa.<\/p>\n<p>La tarde de este mi\u00e9rcoles, el evento se adelant\u00f3 una hora y fue breve. Ah\u00ed el presidente destac\u00f3 el apoyo de los gobernadores Guarij\u00edos presentes.<\/p>\n<p>\u00abEs una presa para proteger de inundaciones, es la presa que se construye en este r\u00edo Mayo para controlar las aguas y que no haya inundaciones en el valle del Mayo (Navojoa, Etchojoa, Huatabampo).<\/p>\n<p>\u00abSin la autorizaci\u00f3n de ustedes no hubi\u00e9semos podido concluir esta obra, ya se hab\u00eda invertido una cantidad importante de dinero, no pod\u00eda quedar sin terminar\u2026 Faltaban 800 millones de pesos y eso fue lo que aport\u00f3 la federaci\u00f3n para que se terminara\u00bb, expuso el presidente.<\/p>\n<p>En la Manifestaci\u00f3n de Impacto Ambiental (MIA) que se hizo hasta 2019, con la nueva administraci\u00f3n federal, en menos de dos meses y con datos viciados, en un proceso \u201cfast track\u00bb y con la obra al 80 por ciento de construcci\u00f3n, la empresa constructora Canoras meti\u00f3 un escrito en el que indica que los gobernadores afines a la presa se\u00f1alaron que no era necesaria la consulta. Mientras otro grupo inconforme, no invitado ahora, interpuso un nuevo amparo, justo porque se volvi\u00f3 a omitir la consulta al pueblo Guarij\u00edo.<\/p>\n<figure class=\"wp-block-image size-large\"><img decoding=\"async\" class=\"wp-image-43159\" src=\"https:\/\/piedepagina.mx\/wp-content\/uploads\/2020\/08\/Inauguracion_presa_pilares_presidencia3-1200x750.jpg\" sizes=\"(max-width: 1200px) 100vw, 1200px\" srcset=\"https:\/\/piedepagina.mx\/wp-content\/uploads\/2020\/08\/Inauguracion_presa_pilares_presidencia3-1200x750.jpg 1200w, https:\/\/piedepagina.mx\/wp-content\/uploads\/2020\/08\/Inauguracion_presa_pilares_presidencia3-480x300.jpg 480w, https:\/\/piedepagina.mx\/wp-content\/uploads\/2020\/08\/Inauguracion_presa_pilares_presidencia3-768x480.jpg 768w, https:\/\/piedepagina.mx\/wp-content\/uploads\/2020\/08\/Inauguracion_presa_pilares_presidencia3.jpg 1280w\" alt=\"\" \/><\/figure>\n<h3>Dividir para imponer<\/h3>\n<p>Mientras los funcionarios cortaban el list\u00f3n inaugural. Afuera, a unos cuantos kil\u00f3metros, los gobernadores de la colonia Macurawe, Jos\u00e9 Romero, y de Mesa Colorada, Agust\u00edn Cautivo, intentaron ingresar al evento; pero les negaron el acceso. Previamente, esperaron a Jos\u00e9 Mar\u00eda Mart\u00ednez, empleado de Conagua, en la plaza de San Bernardo. Ah\u00ed los cit\u00f3 pero nunca lleg\u00f3, los dej\u00f3 esperando con el enga\u00f1o de que de ah\u00ed ser\u00edan trasladados al evento.<\/p>\n<p>El enga\u00f1o caus\u00f3 molestia y, al concluir el evento, los Guarijios divididos tuvieron un conato de discusi\u00f3n. Se gritaron, acusaron unos de lentos, otros de ser gobernadores \u00abespurios\u00bb y otros de venderse al gobierno de Sonora.<\/p>\n<p>Las acusaciones se dieron frente al titular del Instituto Nacional de Atenci\u00f3n a los Pueblos Ind\u00edgenas (INPI), Adelfo Regino Montes. El funcionario se disculp\u00f3 con los gobernadores relegados y argument\u00f3 que el evento lo organizaron el gobierno de Sonora y la titular de Conagua. A ratos trataba de mediar cuando la discusi\u00f3n sub\u00eda de tono.<\/p>\n<p>\u00ab\u00a1No hicieron consulta, no hicieron consulta!\u00bb, repet\u00eda Julia Romero, hija de Jos\u00e9 Romero, el gobernador de la colonia Macurawe destituido por no aceptar el proyecto de la presa, quien trataba de explicar y solicitar la reparaci\u00f3n del da\u00f1o.<\/p>\n<p>Agust\u00edn Cautivo, de Mesa Colorada, reclam\u00f3 la discriminaci\u00f3n y el enga\u00f1o de los organizadores, que los citaron en un lugar para evitar llevarlos al evento.<\/p>\n<p>Nombraron tambi\u00e9n a los funcionarios de Conagua y de la Secretar\u00eda de Bienestar, a quienes acusaron de relegarlos en los programas sociales, por ser opositores a la presa. Como Jos\u00e9 Romero, de 75 a\u00f1os, a quien a pesar de las reiteradas denuncias y promesas no ha podido recibir el apoyo de adultos mayores.<\/p>\n<p>\u00abEs un papeleo, cada copia me cuesta dos pesos y Mart\u00edn Preciado (subdelegado de Bienestar en Sonora) me dice que ya mero me llega, as\u00ed me traen\u00bb, reclam\u00f3.<\/p>\n<p>Y mientras ellos reclamaban, sus opositores escuchaban, les cuestionaban, o negaban las acusaciones. Aunque declinaron hablar porque sus gobernadores no estaban presentes y por jerarqu\u00eda eran los que deb\u00edan hablar.<\/p>\n<p>Los dos gobernadores que quedaron fuera pretend\u00edan entregar un documento con sus demandas, que les fue recibido por el titular del INPI, Adelfo Regino.<\/p>\n<p>Los gobernadores invitados, al finalizar la inauguraci\u00f3n, tuvieron oportunidad de hablar con el presidente en presencia de la gobernadora. Entre otros temas se quejaron ante el mandarario de ser llamados \u00abespurios\u00bb, y dieron su punto de vista sobre el porqu\u00e9 de la divisi\u00f3n.<\/p>\n<figure class=\"wp-block-image size-large\"><img decoding=\"async\" data-attachment-id=\"43160\" data-permalink=\"http:\/\/www.grieta.org.mx\/index.php\/2020\/01\/13\/victimas-de-desplazamiento-exigen-una-ley-para-atender-a-los-afectados-chihuahua\/victimas-desplazamiento-forzado-870x522\/\" data-orig-file=\"http:\/\/www.grieta.org.mx\/wp-content\/uploads\/2020\/01\/victimas-desplazamiento-forzado-870x522.jpg\" data-orig-size=\"870,522\" data-comments-opened=\"0\" data-image-meta=\"{&quot;aperture&quot;:&quot;0&quot;,&quot;credit&quot;:&quot;&quot;,&quot;camera&quot;:&quot;&quot;,&quot;caption&quot;:&quot;&quot;,&quot;created_timestamp&quot;:&quot;0&quot;,&quot;copyright&quot;:&quot;&quot;,&quot;focal_length&quot;:&quot;0&quot;,&quot;iso&quot;:&quot;0&quot;,&quot;shutter_speed&quot;:&quot;0&quot;,&quot;title&quot;:&quot;&quot;,&quot;orientation&quot;:&quot;1&quot;}\" data-image-title=\"victimas-desplazamiento-forzado-870&amp;#215;522\" data-image-description=\"\" data-image-caption=\"\" data-medium-file=\"http:\/\/www.grieta.org.mx\/wp-content\/uploads\/2020\/01\/victimas-desplazamiento-forzado-870x522-300x180.jpg\" data-large-file=\"http:\/\/www.grieta.org.mx\/wp-content\/uploads\/2020\/01\/victimas-desplazamiento-forzado-870x522.jpg\" class=\"wp-image-43160\" src=\"https:\/\/piedepagina.mx\/wp-content\/uploads\/2020\/08\/Inauguracion_presa_pilares_presidencia1.jpg\" sizes=\"(max-width: 1200px) 100vw, 1200px\" srcset=\"https:\/\/piedepagina.mx\/wp-content\/uploads\/2020\/08\/Inauguracion_presa_pilares_presidencia1.jpg 1200w, https:\/\/piedepagina.mx\/wp-content\/uploads\/2020\/08\/Inauguracion_presa_pilares_presidencia1-450x300.jpg 450w, https:\/\/piedepagina.mx\/wp-content\/uploads\/2020\/08\/Inauguracion_presa_pilares_presidencia1-768x512.jpg 768w\" alt=\"\" \/><\/figure>\n<h3>Presa inaugurada<\/h3>\n<p>La obra tuvo un costo de poco m\u00e1s de 2 mil millones de peso. Se inici\u00f3 en 2013 con el ex gobernador Guillermo Padr\u00e9s El\u00edas, quien opt\u00f3 por dividir a la tribu de Guarij\u00edos para obtener un aval de la etnia. Un amparo iniciado en 2015 y ganado en 2019 debi\u00f3 haberlo obligado a parar la obra, porque no se hizo consulta. Sin embargo ni Padr\u00e9s El\u00edas ni su sucesora Pavlovich Arellano tomaron en cuenta el amparo y continuaron la obra hasta este d\u00eda de su inauguraci\u00f3n.<\/p>\n<p>La gobernadora Pavlovich Arellano dijo que con esta presa se evitar\u00e1 que mucha gente del valle del Mayo se quede sin vivienda en tiempo de lluvias. Y que se inunden las hect\u00e1reas de cultivo y sobre todo \u00abbeneficia a quien m\u00e1s lo necesita\u00bb.<\/p>\n<p>\u00abAqu\u00ed nunca llueve, pero cuando llueve, llueve a montones, hab\u00eda mucha gente que se quedaba sin su casita, sin su lugar para vivir, entramos todos a reconstruirles su casita, y obviamente alejados del cauce del r\u00edo, esta presa protege tambi\u00e9n las hect\u00e1reas de cultivo\u00bb, dijo en su discurso.<\/p>\n<p>Destac\u00f3 que ella insisti\u00f3 mucho al actual gobierno federal para que se terminara esta obra \u00abque estuvo parada mucho tiempo\u2026 Y como usted dice, presidente: \u2018No hay peor dinero invertido que cuando se abandona una obra&#8217;\u00bb.<\/p>\n<p>La titular de Conagua, Blanca Jim\u00e9nez, tambi\u00e9n destac\u00f3 la insistencia de la gobernadora para terminar la obra que -justific\u00f3- ellos encontraron ya al 80 por ciento. Una obra ejecutada por el gobierno de Sonora y otorgada a Inmobiliaria Canoras. Que tard\u00f3 siete a\u00f1os por falta de recursos y conflictos sociales. La funcionaria asegur\u00f3 que este gobierno federal retom\u00f3 el conflicto y lo atendi\u00f3 de una manera \u00abm\u00e1s social\u00bb. Dijo que los 284 habitantes desplazados fueron reubicados Mochibampo y Nuevo Chorijoa.<\/p>\n<p>\u00abEsta presa en particular sirve para el control de inundaciones. Es una presa que no se va a llenar totalmente, eso nos va ayudar a proteger los sitios arqueol\u00f3gicos, pero le dejamos agua para que los Guarij\u00edos realicen una actividad de acuacultura\u00bb, dijo.<\/p>\n<p>En 2007, 2008, dijo, las inundaciones en el valle del Mayo costaron 3 mil millones de pesos, mil m\u00e1s que el costo de la presa.<\/p>\n<p>Jim\u00e9nez se refiri\u00f3 tambi\u00e9n al convenio que firmar\u00e1 el gobierno estatal con el INAH para conservar los 44 sitios arqueol\u00f3gicos que quedaron en el embalse de la presa y que se dio ante el sello de clausura que coloc\u00f3 el INAH en la cortina de la presa la ma\u00f1ana del martes. Para la tarde, el INAH anunci\u00f3 el acuerdo en otro comunicado, pero sin informar que retirar\u00eda los sellos antes de suspensi\u00f3n.<\/p>\n<p>Hoy la obra est\u00e1 terminada e inaugurada por el presidente L\u00f3pez Obrador, a quien ah\u00ed mismo se le cuestion\u00f3 por qu\u00e9 de nuevo releg\u00f3 a los gobernadores Guarij\u00edos que se oponen a la presa y s\u00f3lo permiti\u00f3 el paso a los afines a la gobernadora.<\/p>\n<p>Aunque escuch\u00f3 la pregunta, el presidente se neg\u00f3 a responder.<\/p>\n<p>\u00abAaaah, no, no, no\u00bb, expres\u00f3.<\/p>\n<p>La presa est\u00e1 inaugurada y un amparo en revisi\u00f3n est\u00e1 ante los tribunales. El primero tard\u00f3 cuatro a\u00f1os en resolverse. El actual empez\u00f3 en 2019.<\/p>\n<blockquote class=\"wp-embedded-content\" data-secret=\"7Ly7jGN9jf\"><p><a href=\"https:\/\/piedepagina.mx\/presa-los-pilares-una-inauguracion-a-modo\/\">Presa Los Pilares: una inauguraci\u00f3n a modo<\/a><\/p><\/blockquote>\n<p><iframe loading=\"lazy\" class=\"wp-embedded-content\" sandbox=\"allow-scripts\" security=\"restricted\" style=\"position: absolute; clip: rect(1px, 1px, 1px, 1px);\" title=\"\u00abPresa Los Pilares: una inauguraci\u00f3n a modo\u00bb \u2014 Pie de P\u00e1gina\" src=\"https:\/\/piedepagina.mx\/presa-los-pilares-una-inauguracion-a-modo\/embed\/#?secret=7Ly7jGN9jf\" data-secret=\"7Ly7jGN9jf\" width=\"600\" height=\"338\" frameborder=\"0\" marginwidth=\"0\" marginheight=\"0\" scrolling=\"no\"><\/iframe><\/p>\n","protected":false},"excerpt":{"rendered":"<p>Pi\u00e9 de P\u00e1gina Texto: Reyna Hayde\u00e9 Ram\u00edrez Fotos: Presidencia \u00c1LAMOS, SONORA.- Sin respetar sitios arqueol\u00f3gicos ni consultar a ind\u00edgenas afectados, y sin permitir el acceso a los gobernadores Guarij\u00edos opositores, &hellip; <a href=\"http:\/\/www.grieta.org.mx\/index.php\/2020\/08\/07\/presa-los-pilares-una-inauguracion-a-modo-sonora\/\" class=\"more-link\">Leer m\u00e1s<\/a><\/p>\n","protected":false},"author":2,"featured_media":52480,"comment_status":"closed","ping_status":"closed","sticky":false,"template":"","format":"standard","meta":{"ngg_post_thumbnail":0,"_jetpack_newsletter_access":"","_jetpack_dont_email_post_to_subs":false,"_jetpack_newsletter_tier_id":0,"_jetpack_memberships_contains_paywalled_content":false,"_jetpack_memberships_contains_paid_content":false,"footnotes":""},"categories":[1465,31],"tags":[184],"class_list":["post-52479","post","type-post","status-publish","format-standard","has-post-thumbnail","hentry","category-lucha-y-resistencia-del-pueblo-guarijio","category-sonora","tag-despojo","entry"],"jetpack_featured_media_url":"http:\/\/www.grieta.org.mx\/wp-content\/uploads\/2020\/08\/Inauguracion_presa_pilares_presidencia3-1200x750.jpg","jetpack_sharing_enabled":true,"jetpack_shortlink":"https:\/\/wp.me\/p7ZJR4-dEr","jetpack_likes_enabled":false,"jetpack-related-posts":[{"id":8491,"url":"http:\/\/www.grieta.org.mx\/index.php\/2014\/10\/25\/cronologia-1588-2014-guarijios-y-proyecto-de-presa-los-pilares\/","url_meta":{"origin":52479,"position":0},"title":"CRONOLOG\u00cdA 1588-2014 Guarij\u00edos y proyecto de presa Los Pilares","author":"grieta","date":"25 octubre, 2014","format":false,"excerpt":"Chiltepines CRONOLOG\u00cdA GUARIJ\u00cdOS Y PROYECTO DE PRESA LOS PILARES \/ BICENTENARIO http:\/\/chiltepines.wordpress.com\/proyecto-los-pilares\/cronologia-proyecto-guarijios-y-presa-los-pilares\/","rel":"","context":"En &quot;CINTILLO&quot;","block_context":{"text":"CINTILLO","link":"http:\/\/www.grieta.org.mx\/index.php\/category\/cintillo\/"},"img":{"alt_text":"","src":"https:\/\/i0.wp.com\/www.grieta.org.mx\/wp-content\/uploads\/2018\/03\/14524434_1106112876131411_958039263622046936_o.jpg?resize=350%2C200","width":350,"height":200,"srcset":"https:\/\/i0.wp.com\/www.grieta.org.mx\/wp-content\/uploads\/2018\/03\/14524434_1106112876131411_958039263622046936_o.jpg?resize=350%2C200 1x, https:\/\/i0.wp.com\/www.grieta.org.mx\/wp-content\/uploads\/2018\/03\/14524434_1106112876131411_958039263622046936_o.jpg?resize=525%2C300 1.5x, https:\/\/i0.wp.com\/www.grieta.org.mx\/wp-content\/uploads\/2018\/03\/14524434_1106112876131411_958039263622046936_o.jpg?resize=700%2C400 2x"},"classes":[]},{"id":9045,"url":"http:\/\/www.grieta.org.mx\/index.php\/2015\/03\/03\/lucha-y-resistencia-del-pueblo-guarijio\/","url_meta":{"origin":52479,"position":1},"title":"Lucha y resistencia del pueblo guarij\u00edo","author":"Admin","date":"3 marzo, 2015","format":false,"excerpt":"Oposici\u00f3n del pueblo Guarij\u00edo a la presa Los Pilares 25\/10\/14. Presa Los Pilares, despojo y desplazamiento del pueblo guarij\u00edo Pulso de San Luis 25\/10\/14. CRONOLOG\u00cdA 1588-2014 Guarij\u00edos y proyecto de presa Los Pilares Chiltepines 25\/10\/14. Impacto de presa Pilares en el pueblo Guarij\u00edo de Sonora Chiltepines","rel":"","context":"En &quot;23. Guarij\u00edos&quot;","block_context":{"text":"23. Guarij\u00edos","link":"http:\/\/www.grieta.org.mx\/index.php\/category\/espejos-de-la-resistencia\/23-guarijios\/"},"img":{"alt_text":"","src":"https:\/\/i0.wp.com\/www.grieta.org.mx\/wp-content\/uploads\/2018\/03\/14524434_1106112876131411_958039263622046936_o.jpg?resize=350%2C200","width":350,"height":200,"srcset":"https:\/\/i0.wp.com\/www.grieta.org.mx\/wp-content\/uploads\/2018\/03\/14524434_1106112876131411_958039263622046936_o.jpg?resize=350%2C200 1x, https:\/\/i0.wp.com\/www.grieta.org.mx\/wp-content\/uploads\/2018\/03\/14524434_1106112876131411_958039263622046936_o.jpg?resize=525%2C300 1.5x, https:\/\/i0.wp.com\/www.grieta.org.mx\/wp-content\/uploads\/2018\/03\/14524434_1106112876131411_958039263622046936_o.jpg?resize=700%2C400 2x"},"classes":[]},{"id":40700,"url":"http:\/\/www.grieta.org.mx\/index.php\/2019\/10\/30\/amlo-ofrece-consulta-para-presa-semarnat-autoriza-la-obra-un-mes-atras-sonora\/","url_meta":{"origin":52479,"position":2},"title":"AMLO ofrece consulta para presa; Semarnat autoriza la obra un mes atr\u00e1s (Sonora)","author":"grieta","date":"30 octubre, 2019","format":false,"excerpt":"Pi\u00e9 de P\u00e1gina\/Reyna Haydee Ram\u00edrez Aunque el presidente Andr\u00e9s Manuel L\u00f3pez Obrador asegur\u00f3 a ind\u00edgenas Guarij\u00edos de Sonora que la presa Bicentenario Los Pilares no se terminar\u00eda sin su consentimiento, la Semarnat ya autoriz\u00f3 la Manifestaci\u00f3n de Impacto Ambiental sin realizar una consulta a la comunidad desde el 3 de\u2026","rel":"","context":"En &quot;CINTILLO&quot;","block_context":{"text":"CINTILLO","link":"http:\/\/www.grieta.org.mx\/index.php\/category\/cintillo\/"},"img":{"alt_text":"","src":"https:\/\/i0.wp.com\/www.grieta.org.mx\/wp-content\/uploads\/2019\/10\/sanbernardo_sonora_riomayo_presaindependencia_googleearth-1-1140x570.jpg?resize=350%2C200","width":350,"height":200,"srcset":"https:\/\/i0.wp.com\/www.grieta.org.mx\/wp-content\/uploads\/2019\/10\/sanbernardo_sonora_riomayo_presaindependencia_googleearth-1-1140x570.jpg?resize=350%2C200 1x, https:\/\/i0.wp.com\/www.grieta.org.mx\/wp-content\/uploads\/2019\/10\/sanbernardo_sonora_riomayo_presaindependencia_googleearth-1-1140x570.jpg?resize=525%2C300 1.5x, https:\/\/i0.wp.com\/www.grieta.org.mx\/wp-content\/uploads\/2019\/10\/sanbernardo_sonora_riomayo_presaindependencia_googleearth-1-1140x570.jpg?resize=700%2C400 2x, https:\/\/i0.wp.com\/www.grieta.org.mx\/wp-content\/uploads\/2019\/10\/sanbernardo_sonora_riomayo_presaindependencia_googleearth-1-1140x570.jpg?resize=1050%2C600 3x"},"classes":[]},{"id":52065,"url":"http:\/\/www.grieta.org.mx\/index.php\/2020\/07\/25\/presa-los-pilares-sentencia-de-muerte-al-pueblo-guarijio\/","url_meta":{"origin":52479,"position":3},"title":"Presa Los Pilares, sentencia de muerte al Pueblo Guarij\u00edo","author":"grieta","date":"25 julio, 2020","format":false,"excerpt":"Daliri Oropeza\/Pie de P\u00e1gina Hay lugares sagrados, de siembra, de rituales, de sanaci\u00f3n del pueblo Guarij\u00edo que quedar\u00e1n inundados por la Presa Los Pilares. Sin consulta y sin respetar amparos, las autoridades comenzaron su operaci\u00f3n y ya est\u00e1 bajo el agua la comunidad de Chorijoa Los Pilares En el centro\u2026","rel":"","context":"En &quot;CINTILLO&quot;","block_context":{"text":"CINTILLO","link":"http:\/\/www.grieta.org.mx\/index.php\/category\/cintillo\/"},"img":{"alt_text":"","src":"https:\/\/i0.wp.com\/www.grieta.org.mx\/wp-content\/uploads\/2020\/07\/microfilme-presa-guarijio_asamblea-Marichuy.jpg?resize=350%2C200","width":350,"height":200,"srcset":"https:\/\/i0.wp.com\/www.grieta.org.mx\/wp-content\/uploads\/2020\/07\/microfilme-presa-guarijio_asamblea-Marichuy.jpg?resize=350%2C200 1x, https:\/\/i0.wp.com\/www.grieta.org.mx\/wp-content\/uploads\/2020\/07\/microfilme-presa-guarijio_asamblea-Marichuy.jpg?resize=525%2C300 1.5x"},"classes":[]},{"id":9046,"url":"http:\/\/www.grieta.org.mx\/index.php\/2015\/03\/02\/presa-los-pilares-despojo-y-desplazamiento-del-pueblo-guarijio\/","url_meta":{"origin":52479,"position":4},"title":"Presa Los Pilares, despojo y desplazamiento del pueblo guarij\u00edo","author":"Admin","date":"2 marzo, 2015","format":false,"excerpt":"En 1976, el gobierno federal realiz\u00f3 un descubrimiento en el estado norte\u00f1o de Sonora. Pobladores de la tribu guarij\u00eda (pueblo que se autodenomina mahkurawe) habitaban y siguen habitando territorio de la sierra madre occidental. Para 1980, el entonces presidente de la Rep\u00fablica, Jos\u00e9 L\u00f3pez Portillo les otorg\u00f3 tierras y les\u2026","rel":"","context":"En &quot;CINTILLO&quot;","block_context":{"text":"CINTILLO","link":"http:\/\/www.grieta.org.mx\/index.php\/category\/cintillo\/"},"img":{"alt_text":"","src":"https:\/\/i0.wp.com\/www.grieta.org.mx\/wp-content\/uploads\/2018\/03\/14524434_1106112876131411_958039263622046936_o.jpg?resize=350%2C200","width":350,"height":200,"srcset":"https:\/\/i0.wp.com\/www.grieta.org.mx\/wp-content\/uploads\/2018\/03\/14524434_1106112876131411_958039263622046936_o.jpg?resize=350%2C200 1x, https:\/\/i0.wp.com\/www.grieta.org.mx\/wp-content\/uploads\/2018\/03\/14524434_1106112876131411_958039263622046936_o.jpg?resize=525%2C300 1.5x, https:\/\/i0.wp.com\/www.grieta.org.mx\/wp-content\/uploads\/2018\/03\/14524434_1106112876131411_958039263622046936_o.jpg?resize=700%2C400 2x"},"classes":[]},{"id":8516,"url":"http:\/\/www.grieta.org.mx\/index.php\/2014\/10\/25\/impacto-de-presa-pilares-en-el-pueblo-guarijio-de-sonora\/","url_meta":{"origin":52479,"position":5},"title":"Impacto de presa Pilares en el pueblo Guarij\u00edo de Sonora","author":"grieta","date":"25 octubre, 2014","format":false,"excerpt":"El impacto de la presa Pilares en el pueblo Guarij\u00edo de Sonora, Red Kabueruma 2014 http:\/\/chiltepines.wordpress.com\/proyecto-los-pilares\/red-kabueruma\/impacto-de-presa-pilares-en-el-pueblo-guarijio-de-sonora\/http:\/\/www.grieta.org.mx\/wp-admin\/post-new.php#edit_timestamp","rel":"","context":"En &quot;CINTILLO&quot;","block_context":{"text":"CINTILLO","link":"http:\/\/www.grieta.org.mx\/index.php\/category\/cintillo\/"},"img":{"alt_text":"","src":"https:\/\/i0.wp.com\/www.grieta.org.mx\/wp-content\/uploads\/2018\/03\/14524434_1106112876131411_958039263622046936_o.jpg?resize=350%2C200","width":350,"height":200,"srcset":"https:\/\/i0.wp.com\/www.grieta.org.mx\/wp-content\/uploads\/2018\/03\/14524434_1106112876131411_958039263622046936_o.jpg?resize=350%2C200 1x, https:\/\/i0.wp.com\/www.grieta.org.mx\/wp-content\/uploads\/2018\/03\/14524434_1106112876131411_958039263622046936_o.jpg?resize=525%2C300 1.5x, https:\/\/i0.wp.com\/www.grieta.org.mx\/wp-content\/uploads\/2018\/03\/14524434_1106112876131411_958039263622046936_o.jpg?resize=700%2C400 2x"},"classes":[]}],"_links":{"self":[{"href":"http:\/\/www.grieta.org.mx\/index.php\/wp-json\/wp\/v2\/posts\/52479","targetHints":{"allow":["GET"]}}],"collection":[{"href":"http:\/\/www.grieta.org.mx\/index.php\/wp-json\/wp\/v2\/posts"}],"about":[{"href":"http:\/\/www.grieta.org.mx\/index.php\/wp-json\/wp\/v2\/types\/post"}],"author":[{"embeddable":true,"href":"http:\/\/www.grieta.org.mx\/index.php\/wp-json\/wp\/v2\/users\/2"}],"replies":[{"embeddable":true,"href":"http:\/\/www.grieta.org.mx\/index.php\/wp-json\/wp\/v2\/comments?post=52479"}],"version-history":[{"count":1,"href":"http:\/\/www.grieta.org.mx\/index.php\/wp-json\/wp\/v2\/posts\/52479\/revisions"}],"predecessor-version":[{"id":52481,"href":"http:\/\/www.grieta.org.mx\/index.php\/wp-json\/wp\/v2\/posts\/52479\/revisions\/52481"}],"wp:featuredmedia":[{"embeddable":true,"href":"http:\/\/www.grieta.org.mx\/index.php\/wp-json\/wp\/v2\/media\/52480"}],"wp:attachment":[{"href":"http:\/\/www.grieta.org.mx\/index.php\/wp-json\/wp\/v2\/media?parent=52479"}],"wp:term":[{"taxonomy":"category","embeddable":true,"href":"http:\/\/www.grieta.org.mx\/index.php\/wp-json\/wp\/v2\/categories?post=52479"},{"taxonomy":"post_tag","embeddable":true,"href":"http:\/\/www.grieta.org.mx\/index.php\/wp-json\/wp\/v2\/tags?post=52479"}],"curies":[{"name":"wp","href":"https:\/\/api.w.org\/{rel}","templated":true}]}}