{"id":52353,"date":"2020-08-03T09:50:21","date_gmt":"2020-08-03T14:50:21","guid":{"rendered":"http:\/\/www.grieta.org.mx\/?p=52353"},"modified":"2020-08-04T10:10:02","modified_gmt":"2020-08-04T15:10:02","slug":"maquiladora-aptiv-de-ciudad-victoria-despedira-a-750-trabajadores-tamaulipas","status":"publish","type":"post","link":"http:\/\/www.grieta.org.mx\/index.php\/2020\/08\/03\/maquiladora-aptiv-de-ciudad-victoria-despedira-a-750-trabajadores-tamaulipas\/","title":{"rendered":"Maquiladora APTIV de Ciudad Victoria despedir\u00e1 a 750 trabajadores (Tamaulipas)"},"content":{"rendered":"<p>Antonio Hern\u00e1ndez\/Milenio<br \/>\n3 agosto 2020<\/p>\n<blockquote><p>Los despidos pueden empezar esta semana o la pr\u00f3xima. <\/p><\/blockquote>\n<p><img loading=\"lazy\" decoding=\"async\" data-attachment-id=\"52355\" data-permalink=\"http:\/\/www.grieta.org.mx\/index.php\/2020\/08\/03\/maquiladora-aptiv-de-ciudad-victoria-despedira-a-750-trabajadores-tamaulipas\/maquiladoras-suspenden-confeccion-prendas-cubrebocas-2\/\" data-orig-file=\"http:\/\/www.grieta.org.mx\/wp-content\/uploads\/2020\/08\/maquiladoras-suspenden-confeccion-prendas-cubrebocas.jpeg\" data-orig-size=\"958,596\" data-comments-opened=\"0\" data-image-meta=\"{&quot;aperture&quot;:&quot;0&quot;,&quot;credit&quot;:&quot;&quot;,&quot;camera&quot;:&quot;&quot;,&quot;caption&quot;:&quot;&quot;,&quot;created_timestamp&quot;:&quot;0&quot;,&quot;copyright&quot;:&quot;&quot;,&quot;focal_length&quot;:&quot;0&quot;,&quot;iso&quot;:&quot;0&quot;,&quot;shutter_speed&quot;:&quot;0&quot;,&quot;title&quot;:&quot;&quot;,&quot;orientation&quot;:&quot;0&quot;}\" data-image-title=\"maquiladoras-suspenden-confeccion-prendas-cubrebocas\" data-image-description=\"\" data-image-caption=\"\" data-medium-file=\"http:\/\/www.grieta.org.mx\/wp-content\/uploads\/2020\/08\/maquiladoras-suspenden-confeccion-prendas-cubrebocas-300x187.jpeg\" data-large-file=\"http:\/\/www.grieta.org.mx\/wp-content\/uploads\/2020\/08\/maquiladoras-suspenden-confeccion-prendas-cubrebocas.jpeg\" src=\"http:\/\/www.grieta.org.mx\/wp-content\/uploads\/2020\/08\/maquiladoras-suspenden-confeccion-prendas-cubrebocas-300x187.jpeg\" alt=\"\" width=\"300\" height=\"187\" class=\"alignnone size-medium wp-image-52355\" srcset=\"http:\/\/www.grieta.org.mx\/wp-content\/uploads\/2020\/08\/maquiladoras-suspenden-confeccion-prendas-cubrebocas-300x187.jpeg 300w, http:\/\/www.grieta.org.mx\/wp-content\/uploads\/2020\/08\/maquiladoras-suspenden-confeccion-prendas-cubrebocas-768x478.jpeg 768w, http:\/\/www.grieta.org.mx\/wp-content\/uploads\/2020\/08\/maquiladoras-suspenden-confeccion-prendas-cubrebocas-804x500.jpeg 804w, http:\/\/www.grieta.org.mx\/wp-content\/uploads\/2020\/08\/maquiladoras-suspenden-confeccion-prendas-cubrebocas.jpeg 958w\" sizes=\"auto, (max-width: 300px) 100vw, 300px\" \/><br \/>\nFoto: Milenio (Archivo)<\/p>\n<p>Aproximadamente 750 trabajadores de la maquiladora APTIV de Ciudad Victoria est\u00e1n a la espera de\u00a0<i>\u201cnuevo c\u00f3digo\u201d<\/i>\u00a0para continuar con l\u00ednea de producci\u00f3n de\u00a0<b>Ford<\/b>\u00a0y\u00a0<b>evitar el despido.<\/b><\/p>\n<p>As\u00ed lo destac\u00f3, Mar\u00eda Dolores Z\u00fa\u00f1iga V\u00e1zquez, secretaria general del\u00a0<b>Sindicato Industrial de Trabajadores de Maquiladoras<\/b>, al se\u00f1alar que los despidos laborales en la APTIV Victoria no son a causa del\u00a0<b>coronavirus<\/b>\u00a0ni por crisis econ\u00f3mica, se dan cada vez que se cierra una l\u00ednea de producci\u00f3n de la empresa y los trabajadores lo sab\u00edan desde diciembre del a\u00f1o pasado.<\/p>\n<blockquote><p>&#8220;Los despidos pueden empezar esta semana o la pr\u00f3xima. A\u00fan no nos informan&#8221;.<\/p><\/blockquote>\n<p>Es un c\u00f3digo que se termina y hay alrededor de 750 trabajadores entre sindicalizados y de confianza que dejar\u00e1n de laborar.<\/p>\n<blockquote><p>\u201cDesde diciembre del a\u00f1o pasado nosotros como sindicato ya est\u00e1bamos enterados que esto iba a pasar y sino llega otro c\u00f3digo, el c\u00f3digo es la l\u00ednea de producci\u00f3n que trabajan para\u00a0<b>Ford<\/b>, si no llega otro termina eso\u201d, explic\u00f3.<\/p><\/blockquote>\n<p>&#8220;Si no hay negocio la plaza decide liquidarlos. No tiene que ver con la pandemia ni con el sindicato ni con la empresa, nada de eso&#8221;, a\u00f1adi\u00f3.<\/p>\n<p>Son 2 mil 800 trabajadores en cada plaza tengo entendido de la m\u00eda solamente son\u00a0<b>800 o 700<\/b>, entre sindicalizados y de confianza.<\/p>\n<p>gins<\/p>\n<p><a href=\"https:\/\/www.milenio.com\/negocios\/tamaulipas-maquiladora-ciudad-victoria-desocupara-750-empleados\" rel=\"noopener noreferrer\" target=\"_blank\">https:\/\/www.milenio.com\/negocios\/tamaulipas-maquiladora-ciudad-victoria-desocupara-750-empleados<\/a><\/p>\n","protected":false},"excerpt":{"rendered":"<p>Antonio Hern\u00e1ndez\/Milenio 3 agosto 2020 Los despidos pueden empezar esta semana o la pr\u00f3xima. Foto: Milenio (Archivo) Aproximadamente 750 trabajadores de la maquiladora APTIV de Ciudad Victoria est\u00e1n a la &hellip; <a href=\"http:\/\/www.grieta.org.mx\/index.php\/2020\/08\/03\/maquiladora-aptiv-de-ciudad-victoria-despedira-a-750-trabajadores-tamaulipas\/\" class=\"more-link\">Leer m\u00e1s<\/a><\/p>\n","protected":false},"author":2,"featured_media":52355,"comment_status":"closed","ping_status":"closed","sticky":false,"template":"","format":"standard","meta":{"ngg_post_thumbnail":0,"_jetpack_newsletter_access":"","_jetpack_dont_email_post_to_subs":false,"_jetpack_newsletter_tier_id":0,"_jetpack_memberships_contains_paywalled_content":false,"_jetpack_memberships_contains_paid_content":false,"footnotes":""},"categories":[80,1137,2,33],"tags":[2105,2841,2003],"class_list":["post-52353","post","type-post","status-publish","format-standard","has-post-thumbnail","hentry","category-cintillo","category-explotacion-y-precariedad-laboral-en-tamaulipas","category-noticias-nacionales","category-tamaulipas","tag-despidos-masivos","tag-explotacion-y-precariedad-laboral","tag-maquiladoras","entry"],"jetpack_featured_media_url":"http:\/\/www.grieta.org.mx\/wp-content\/uploads\/2020\/08\/maquiladoras-suspenden-confeccion-prendas-cubrebocas.jpeg","jetpack_sharing_enabled":true,"jetpack_shortlink":"https:\/\/wp.me\/p7ZJR4-dCp","jetpack_likes_enabled":false,"jetpack-related-posts":[{"id":52330,"url":"http:\/\/www.grieta.org.mx\/index.php\/2020\/07\/29\/alertan-que-maquiladora-de-ciudad-victoria-es-una-gran-fuente-de-contagio-de-covid-19-tamaulipas\/","url_meta":{"origin":52353,"position":0},"title":"Alertan que maquiladora de Ciudad Victoria es una gran fuente de contagio de Covid-19 (Tamaulipas)","author":"grieta","date":"29 julio, 2020","format":false,"excerpt":"Jos\u00e9 Gregorio Aguilar\/Gaceta UAT 29 julio 2020 Cd. Victoria, Tamaulipas.- El sindicato de la maquiladora Aptiv contabiliza cuando menos 50 obreros contagiados por Covid-19 y decenas de casos sospechosos de la enfermedad. Dolores Z\u00fa\u00f1iga V\u00e1zquez, dirigente sindical en la Aptiv 2, dijo que la Secretar\u00eda de Salud no voltea a\u2026","rel":"","context":"En &quot;CINTILLO&quot;","block_context":{"text":"CINTILLO","link":"http:\/\/www.grieta.org.mx\/index.php\/category\/cintillo\/"},"img":{"alt_text":"","src":"https:\/\/i0.wp.com\/www.grieta.org.mx\/wp-content\/uploads\/2020\/08\/LOLIS-300x156.jpg?resize=350%2C200","width":350,"height":200},"classes":[]},{"id":49617,"url":"http:\/\/www.grieta.org.mx\/index.php\/2020\/05\/14\/trabajadores-de-maquiladoras-aptiv-piden-sueldo-completo-en-ciudad-victoria\/","url_meta":{"origin":52353,"position":1},"title":"Trabajadores de maquiladoras Aptiv piden sueldo completo en Ciudad Victoria","author":"grieta","date":"14 mayo, 2020","format":false,"excerpt":"Everardo Egu\u00eda\/Hoy T.am 14 mayo 2020 Los trabajadores de las maquiladoras Aptiv Victoria I y II, se encuentran recibiendo tan solo la mitad de su sueldo, situaci\u00f3n que impera en cinco mil de los 10 mil trabajadores. Ciudad Victoria, Tamaulipas. \u2013 La l\u00edder del Sindicato de Maquiladoras de Ciudad Victoria,\u2026","rel":"","context":"En &quot;CINTILLO&quot;","block_context":{"text":"CINTILLO","link":"http:\/\/www.grieta.org.mx\/index.php\/category\/cintillo\/"},"img":{"alt_text":"","src":"https:\/\/i0.wp.com\/www.grieta.org.mx\/wp-content\/uploads\/2020\/05\/Trabajadores-de-maquiladoras-Aptiv-piden-sueldo-completo-en-Ciudad-Victoria-.jpg?resize=350%2C200","width":350,"height":200,"srcset":"https:\/\/i0.wp.com\/www.grieta.org.mx\/wp-content\/uploads\/2020\/05\/Trabajadores-de-maquiladoras-Aptiv-piden-sueldo-completo-en-Ciudad-Victoria-.jpg?resize=350%2C200 1x, https:\/\/i0.wp.com\/www.grieta.org.mx\/wp-content\/uploads\/2020\/05\/Trabajadores-de-maquiladoras-Aptiv-piden-sueldo-completo-en-Ciudad-Victoria-.jpg?resize=525%2C300 1.5x, https:\/\/i0.wp.com\/www.grieta.org.mx\/wp-content\/uploads\/2020\/05\/Trabajadores-de-maquiladoras-Aptiv-piden-sueldo-completo-en-Ciudad-Victoria-.jpg?resize=700%2C400 2x"},"classes":[]},{"id":49598,"url":"http:\/\/www.grieta.org.mx\/index.php\/2020\/05\/07\/denuncian-a-maquiladora-por-exponer-a-empleados-al-c-19-tamaulipas\/","url_meta":{"origin":52353,"position":2},"title":"DENUNCIAN A MAQUILADORA POR EXPONER A EMPLEADOS AL C-19 (Tamaulipas)","author":"grieta","date":"7 mayo, 2020","format":false,"excerpt":"Salvador Valadez\/Expreso.press 7 mayo 2020 Oblig\u00f3 a sus m\u00e1s de 500 empleados a regresar el lunes de esta semana CIUDAD VICTORIA, TAMAULIPAS.- Hasta este jueves, tres maquiladoras de Ciudad Victoria ya hab\u00edan reanudado sus operaciones en esta capital, bajo el argumento de que son empresas esenciales. Se trata de Kemet\u2026","rel":"","context":"En &quot;CINTILLO&quot;","block_context":{"text":"CINTILLO","link":"http:\/\/www.grieta.org.mx\/index.php\/category\/cintillo\/"},"img":{"alt_text":"","src":"https:\/\/i0.wp.com\/www.grieta.org.mx\/wp-content\/uploads\/2020\/05\/maquiladora.jpg?resize=350%2C200","width":350,"height":200,"srcset":"https:\/\/i0.wp.com\/www.grieta.org.mx\/wp-content\/uploads\/2020\/05\/maquiladora.jpg?resize=350%2C200 1x, https:\/\/i0.wp.com\/www.grieta.org.mx\/wp-content\/uploads\/2020\/05\/maquiladora.jpg?resize=525%2C300 1.5x, https:\/\/i0.wp.com\/www.grieta.org.mx\/wp-content\/uploads\/2020\/05\/maquiladora.jpg?resize=700%2C400 2x"},"classes":[]},{"id":64901,"url":"http:\/\/www.grieta.org.mx\/index.php\/2022\/08\/16\/maquilas-de-tamaulipas-han-despedido-a-casi-cinco-mil-trabajadores\/","url_meta":{"origin":52353,"position":3},"title":"Maquilas de Tamaulipas han despedido a casi cinco mil trabajadores","author":"grieta","date":"16 agosto, 2022","format":false,"excerpt":"Paola Mel\u00e9ndez\/Hoy Tamaulipas 16 agosto 2022 Seg\u00fan el IMSS, en el Estado se ha presentado una baja de cuatro mil 673 obreros entre marzo y julio del 2022. Ciudad Victoria, Tamaulipas.- La industria maquiladora en Tamaulipas ha recortado casi cinco mil empleos en cuatro meses, seg\u00fan el Instituto Mexicano del\u2026","rel":"","context":"En &quot;CINTILLO&quot;","block_context":{"text":"CINTILLO","link":"http:\/\/www.grieta.org.mx\/index.php\/category\/cintillo\/"},"img":{"alt_text":"","src":"https:\/\/i0.wp.com\/www.grieta.org.mx\/wp-content\/uploads\/2022\/08\/Maquilas-de-Tamaulipas-han-despedido-a-casi-cinco-mil-trabajadores-en-cuatro-meses.jpg?resize=350%2C200","width":350,"height":200,"srcset":"https:\/\/i0.wp.com\/www.grieta.org.mx\/wp-content\/uploads\/2022\/08\/Maquilas-de-Tamaulipas-han-despedido-a-casi-cinco-mil-trabajadores-en-cuatro-meses.jpg?resize=350%2C200 1x, https:\/\/i0.wp.com\/www.grieta.org.mx\/wp-content\/uploads\/2022\/08\/Maquilas-de-Tamaulipas-han-despedido-a-casi-cinco-mil-trabajadores-en-cuatro-meses.jpg?resize=525%2C300 1.5x, https:\/\/i0.wp.com\/www.grieta.org.mx\/wp-content\/uploads\/2022\/08\/Maquilas-de-Tamaulipas-han-despedido-a-casi-cinco-mil-trabajadores-en-cuatro-meses.jpg?resize=700%2C400 2x"},"classes":[]},{"id":52633,"url":"http:\/\/www.grieta.org.mx\/index.php\/2020\/08\/05\/mas-de-mil-trabajadores-despedidos-en-maquiladoras-de-tamaulipas\/","url_meta":{"origin":52353,"position":4},"title":"M\u00e1s de mil trabajadores despedidos en maquiladoras de Tamaulipas","author":"grieta","date":"5 agosto, 2020","format":false,"excerpt":"Arnoldo Garc\u00eda\/La Silla Rota 5 agosto 2020 Cd. Victoria. - A las afueras de la planta maquiladora ya no hay las risas, ni los saludos alegres de otros d\u00edas, ahora entre los trabajadores hay tristeza, des\u00e1nimo y hasta l\u00e1grimas ante la incertidumbre de d\u00f3nde podr\u00e1n encontrar un nuevo empleo. Rosa\u2026","rel":"","context":"En &quot;CINTILLO&quot;","block_context":{"text":"CINTILLO","link":"http:\/\/www.grieta.org.mx\/index.php\/category\/cintillo\/"},"img":{"alt_text":"","src":"https:\/\/i0.wp.com\/www.grieta.org.mx\/wp-content\/uploads\/2020\/08\/maquiladorastamaulipas-focus-0-0-983-557.jpg?resize=350%2C200","width":350,"height":200,"srcset":"https:\/\/i0.wp.com\/www.grieta.org.mx\/wp-content\/uploads\/2020\/08\/maquiladorastamaulipas-focus-0-0-983-557.jpg?resize=350%2C200 1x, https:\/\/i0.wp.com\/www.grieta.org.mx\/wp-content\/uploads\/2020\/08\/maquiladorastamaulipas-focus-0-0-983-557.jpg?resize=525%2C300 1.5x, https:\/\/i0.wp.com\/www.grieta.org.mx\/wp-content\/uploads\/2020\/08\/maquiladorastamaulipas-focus-0-0-983-557.jpg?resize=700%2C400 2x"},"classes":[]},{"id":52279,"url":"http:\/\/www.grieta.org.mx\/index.php\/2020\/07\/22\/denuncian-a-maquiladoras-por-incumplir-medidas-sanitarias\/","url_meta":{"origin":52353,"position":5},"title":"Denuncian a maquiladoras por incumplir medidas sanitarias (Tamaulipas)","author":"grieta","date":"22 julio, 2020","format":false,"excerpt":"Carolina Garza\/Milenio 22 julio 2020 En Reynosa m\u00e1s de 400 empresas enfrentan procesos legales. Maquiladoras de Reynosa en tiempos de covid-19 | Cortes\u00eda Los despachos jur\u00eddicos de Reynosa se saturan de demandas por trabajadores del sector industrial en donde se\u00f1alan, incumplen con las medidas de sanidad. El abogado Javier Gerardo\u2026","rel":"","context":"En &quot;CINTILLO&quot;","block_context":{"text":"CINTILLO","link":"http:\/\/www.grieta.org.mx\/index.php\/category\/cintillo\/"},"img":{"alt_text":"","src":"https:\/\/i0.wp.com\/www.grieta.org.mx\/wp-content\/uploads\/2020\/08\/maquiladoras-de-reynosa-en-tiempos.jpg?resize=350%2C200","width":350,"height":200,"srcset":"https:\/\/i0.wp.com\/www.grieta.org.mx\/wp-content\/uploads\/2020\/08\/maquiladoras-de-reynosa-en-tiempos.jpg?resize=350%2C200 1x, https:\/\/i0.wp.com\/www.grieta.org.mx\/wp-content\/uploads\/2020\/08\/maquiladoras-de-reynosa-en-tiempos.jpg?resize=525%2C300 1.5x, https:\/\/i0.wp.com\/www.grieta.org.mx\/wp-content\/uploads\/2020\/08\/maquiladoras-de-reynosa-en-tiempos.jpg?resize=700%2C400 2x"},"classes":[]}],"_links":{"self":[{"href":"http:\/\/www.grieta.org.mx\/index.php\/wp-json\/wp\/v2\/posts\/52353","targetHints":{"allow":["GET"]}}],"collection":[{"href":"http:\/\/www.grieta.org.mx\/index.php\/wp-json\/wp\/v2\/posts"}],"about":[{"href":"http:\/\/www.grieta.org.mx\/index.php\/wp-json\/wp\/v2\/types\/post"}],"author":[{"embeddable":true,"href":"http:\/\/www.grieta.org.mx\/index.php\/wp-json\/wp\/v2\/users\/2"}],"replies":[{"embeddable":true,"href":"http:\/\/www.grieta.org.mx\/index.php\/wp-json\/wp\/v2\/comments?post=52353"}],"version-history":[{"count":1,"href":"http:\/\/www.grieta.org.mx\/index.php\/wp-json\/wp\/v2\/posts\/52353\/revisions"}],"predecessor-version":[{"id":52356,"href":"http:\/\/www.grieta.org.mx\/index.php\/wp-json\/wp\/v2\/posts\/52353\/revisions\/52356"}],"wp:featuredmedia":[{"embeddable":true,"href":"http:\/\/www.grieta.org.mx\/index.php\/wp-json\/wp\/v2\/media\/52355"}],"wp:attachment":[{"href":"http:\/\/www.grieta.org.mx\/index.php\/wp-json\/wp\/v2\/media?parent=52353"}],"wp:term":[{"taxonomy":"category","embeddable":true,"href":"http:\/\/www.grieta.org.mx\/index.php\/wp-json\/wp\/v2\/categories?post=52353"},{"taxonomy":"post_tag","embeddable":true,"href":"http:\/\/www.grieta.org.mx\/index.php\/wp-json\/wp\/v2\/tags?post=52353"}],"curies":[{"name":"wp","href":"https:\/\/api.w.org\/{rel}","templated":true}]}}