{"id":52322,"date":"2020-07-29T18:39:33","date_gmt":"2020-07-29T23:39:33","guid":{"rendered":"http:\/\/www.grieta.org.mx\/?p=52322"},"modified":"2020-08-02T19:03:30","modified_gmt":"2020-08-03T00:03:30","slug":"protestan-pacientes-con-vih-en-aguascalientes-exigen-tratamientos","status":"publish","type":"post","link":"http:\/\/www.grieta.org.mx\/index.php\/2020\/07\/29\/protestan-pacientes-con-vih-en-aguascalientes-exigen-tratamientos\/","title":{"rendered":"Protestan pacientes con VIH en Aguascalientes; exigen tratamientos"},"content":{"rendered":"<p>La Jornada\/Head Topics M\u00e9xico<\/p>\n<p>29 julio 2020<\/p>\n<blockquote><p>Se han cancelado todas las consultas m\u00e9dicas para nosotros, nuestra salud est\u00e1 en riesgo&#8217; expuso Gonz\u00e1lez Muro dirigente del CAVA<\/p><\/blockquote>\n<p><img loading=\"lazy\" decoding=\"async\" data-attachment-id=\"52327\" data-permalink=\"http:\/\/www.grieta.org.mx\/index.php\/2020\/07\/29\/protestan-pacientes-con-vih-en-aguascalientes-exigen-tratamientos\/vih\/\" data-orig-file=\"http:\/\/www.grieta.org.mx\/wp-content\/uploads\/2020\/08\/vih.png\" data-orig-size=\"830,452\" data-comments-opened=\"0\" data-image-meta=\"{&quot;aperture&quot;:&quot;0&quot;,&quot;credit&quot;:&quot;&quot;,&quot;camera&quot;:&quot;&quot;,&quot;caption&quot;:&quot;&quot;,&quot;created_timestamp&quot;:&quot;0&quot;,&quot;copyright&quot;:&quot;&quot;,&quot;focal_length&quot;:&quot;0&quot;,&quot;iso&quot;:&quot;0&quot;,&quot;shutter_speed&quot;:&quot;0&quot;,&quot;title&quot;:&quot;&quot;,&quot;orientation&quot;:&quot;0&quot;}\" data-image-title=\"vih\" data-image-description=\"\" data-image-caption=\"\" data-medium-file=\"http:\/\/www.grieta.org.mx\/wp-content\/uploads\/2020\/08\/vih-300x163.png\" data-large-file=\"http:\/\/www.grieta.org.mx\/wp-content\/uploads\/2020\/08\/vih.png\" class=\"aligncenter wp-image-52327\" src=\"http:\/\/www.grieta.org.mx\/wp-content\/uploads\/2020\/08\/vih.png\" alt=\"\" width=\"800\" height=\"436\" srcset=\"http:\/\/www.grieta.org.mx\/wp-content\/uploads\/2020\/08\/vih.png 830w, http:\/\/www.grieta.org.mx\/wp-content\/uploads\/2020\/08\/vih-300x163.png 300w, http:\/\/www.grieta.org.mx\/wp-content\/uploads\/2020\/08\/vih-768x418.png 768w\" sizes=\"auto, (max-width: 800px) 100vw, 800px\" \/><br \/>\nFoto: Claudio Bola\u00f1os<\/p>\n<p>Pacientes con VIH se manifestaron, enmascarados, a las puertas del Instituto de Servicios de Salud del Estado (ISSEA) para exigir que se les brinden tratamientos y an\u00e1lisis que, aseguraron, no han recibido desde hace un a\u00f1o en los diferentes nosocomios estatales.<\/p>\n<p>En voz de Efra\u00edn Gonz\u00e1lez Muro, dirigente del Centro de Atenci\u00f3n Vive Aguascalientes (CAVA), ante la falta de seguimiento m\u00e9dico \u2014an\u00e1lisis, cargas virales y consultas, tanto en el ISSEA como el IMSS e ISSSTE\u2014, desconocen el estado de sus defensas y la evoluci\u00f3n del virus en su cuerpo.<\/p>\n<p>&#8220;Estamos aqu\u00ed personas que vivimos con VIH y que no hemos tenido atenci\u00f3n m\u00e9dica, muchos por m\u00e1s de un a\u00f1o. Se han cancelado todas las consultas m\u00e9dicas para nosotros, nuestra salud est\u00e1 en riesgo y nos tomamos a la exigencia de los sectores de la poblaci\u00f3n que no tenemos atenci\u00f3n m\u00e9dica&#8221;, expuso.<\/p>\n<p>Por ello, exigieron que as\u00ed como se han abierto bares, restaurantes, cines, antros y otros espacios, se reactiven las consultas en los hospitales para las m\u00e1s de dos mil personas con ese virus, cifra que se estima vive en el territorio estatal.<\/p>\n<p>Gonz\u00e1lez Muro agreg\u00f3 que con ello, los m\u00e9dicos y autoridades de los hospitales, han mostrado insensibilidad y discriminaci\u00f3n, por lo que ya se pusieron una queja en la Comisi\u00f3n Estatal de Derechos Humanos.&#8221;Pacientes del ISSSTE tienen m\u00e1s de un a\u00f1o sin una revisi\u00f3n m\u00e9dica; la doctora Leticia de Le\u00f3n (epidemi\u00f3loga del turno matutino de la cl\u00ednica del ISSSTE) es una persona insensible, a la cual tenemos demandada ante la Conapred y la Comisi\u00f3n Nacional de Derechos Humanos por malos tratos (&#8230;): personas del IMSS tambi\u00e9n&#8221;, dijo el activista.<\/p>\n<p>Tras manchar con pintura roja la entrada del ISSEA y pedir la atenci\u00f3n del sector salud estatal, Miguel \u00c1ngel Piza Jim\u00e9nez director del ISSEA y la Jefa del Departamento de Epidemiolog\u00eda, Mar\u00eda Eugenia Velasco recibieron en privado a los manifestantes.<\/p>\n<p>Al t\u00e9rmino del encuentro, Gonz\u00e1lez Muro dijo que el ISSEA se hab\u00eda comprometido a analizar la situaci\u00f3n de todos los afectados. Adem\u00e1s, se les hizo entrega de cien paquetes de pruebas r\u00e1pidas de VIH, S\u00edfilis, Hepatitis, lubricantes y condones.<\/p>\n<p>&#8220;Nos vamos confiados de su palabra (&#8230;) luego visitaremos a nuestros amigos del IMSS y al ISSSTE&#8221; finaliz\u00f3 Gonz\u00e1lez Muro.Por su parte, Piza Jim\u00e9nez extern\u00f3 que&#8221;si las otras instituciones no los est\u00e1n atendiendo como debe de ser, Nosotros tenemos que ser portavoz, conducto con el delegado de las instituciones y decirles qu\u00e9 est\u00e1 pasando&#8221;.<\/p>\n<p><a href=\"https:\/\/headtopics.com\/mx\/protestan-pacientes-con-vih-en-aguascalientes-exigen-tratamientos-14637420\" rel=\"noopener noreferrer\" target=\"_blank\">https:\/\/headtopics.com\/mx\/protestan-pacientes-con-vih-en-aguascalientes-exigen-tratamientos-14637420<\/a><\/p>\n","protected":false},"excerpt":{"rendered":"<p>La Jornada\/Head Topics M\u00e9xico 29 julio 2020 Se han cancelado todas las consultas m\u00e9dicas para nosotros, nuestra salud est\u00e1 en riesgo&#8217; expuso Gonz\u00e1lez Muro dirigente del CAVA Foto: Claudio Bola\u00f1os &hellip; <a href=\"http:\/\/www.grieta.org.mx\/index.php\/2020\/07\/29\/protestan-pacientes-con-vih-en-aguascalientes-exigen-tratamientos\/\" class=\"more-link\">Leer m\u00e1s<\/a><\/p>\n","protected":false},"author":2,"featured_media":52327,"comment_status":"closed","ping_status":"closed","sticky":false,"template":"","format":"standard","meta":{"ngg_post_thumbnail":0,"_jetpack_newsletter_access":"","_jetpack_dont_email_post_to_subs":false,"_jetpack_newsletter_tier_id":0,"_jetpack_memberships_contains_paywalled_content":false,"_jetpack_memberships_contains_paid_content":false,"footnotes":""},"categories":[4,80,918,1747,2,83],"tags":[3133,3604,3605],"class_list":["post-52322","post","type-post","status-publish","format-standard","has-post-thumbnail","hentry","category-aguascalientes","category-cintillo","category-privatizacion-del-sector-salud","category-crisis-en-el-sector-salud-en-aguascalientes","category-noticias-nacionales","category-temas-nacionales","tag-crisis-del-sector-salud","tag-falta-de-medicamentos","tag-pacientes-de-vih","entry"],"jetpack_featured_media_url":"http:\/\/www.grieta.org.mx\/wp-content\/uploads\/2020\/08\/vih.png","jetpack_sharing_enabled":true,"jetpack_shortlink":"https:\/\/wp.me\/p7ZJR4-dBU","jetpack_likes_enabled":false,"jetpack-related-posts":[{"id":53267,"url":"http:\/\/www.grieta.org.mx\/index.php\/2020\/09\/07\/en-imss-nayarit-desabasto-de-tratamientos-de-vih-sida\/","url_meta":{"origin":52322,"position":0},"title":"En IMSS Nayarit, desabasto de tratamientos de VIH\/SIDA","author":"grieta","date":"7 septiembre, 2020","format":false,"excerpt":"Imagen: Realidades de Nayarit Mildra Ben\u00edtez Robledo Tepic, Nayarit.- Lunes 07 de septiembre del 2020.- El presidente en el Estado de la \u201cRed de Diversidad Sexual\u201d, Omar Cordero, denunci\u00f3 que desde que inici\u00f3 la pandemia por COVID-19 en la Entidad, el Instituto Mexicano del Seguro Social (IMSS), ha dejado de\u2026","rel":"","context":"En &quot;CINTILLO&quot;","block_context":{"text":"CINTILLO","link":"http:\/\/www.grieta.org.mx\/index.php\/category\/cintillo\/"},"img":{"alt_text":"","src":"https:\/\/i0.wp.com\/www.grieta.org.mx\/wp-content\/uploads\/2020\/09\/vih-1.jpg?resize=350%2C200","width":350,"height":200,"srcset":"https:\/\/i0.wp.com\/www.grieta.org.mx\/wp-content\/uploads\/2020\/09\/vih-1.jpg?resize=350%2C200 1x, https:\/\/i0.wp.com\/www.grieta.org.mx\/wp-content\/uploads\/2020\/09\/vih-1.jpg?resize=525%2C300 1.5x, https:\/\/i0.wp.com\/www.grieta.org.mx\/wp-content\/uploads\/2020\/09\/vih-1.jpg?resize=700%2C400 2x"},"classes":[]},{"id":33173,"url":"http:\/\/www.grieta.org.mx\/index.php\/2019\/05\/08\/discriminan-a-pacientes-con-vih-en-el-hospital-tamaulipas\/","url_meta":{"origin":52322,"position":1},"title":"Discriminan a pacientes con VIH en el Hospital (Tamaulipas)","author":"grieta","date":"8 mayo, 2019","format":false,"excerpt":"Erik Huerta \/ El Ma\u00f1ana Han presentado dos quejas ante la Codeht Tampico, Tam.- Dos quejas ante la Comisi\u00f3n de los Derechos Humanos de Tamaulipas (Codeht) han interpuesto integrantes de la Asociaci\u00f3n Diversidad Vihda Trans, en contra del Hospital Civil de Tampico, \"Dr. Carlos Canseco\", luego de que refieren que\u2026","rel":"","context":"En &quot;CINTILLO&quot;","block_context":{"text":"CINTILLO","link":"http:\/\/www.grieta.org.mx\/index.php\/category\/cintillo\/"},"img":{"alt_text":"","src":"https:\/\/i0.wp.com\/www.grieta.org.mx\/wp-content\/uploads\/2019\/05\/Discriminan-a-pacientes-con-VIH-en-el-Hospital-tama-may.jpg?resize=350%2C200","width":350,"height":200,"srcset":"https:\/\/i0.wp.com\/www.grieta.org.mx\/wp-content\/uploads\/2019\/05\/Discriminan-a-pacientes-con-VIH-en-el-Hospital-tama-may.jpg?resize=350%2C200 1x, https:\/\/i0.wp.com\/www.grieta.org.mx\/wp-content\/uploads\/2019\/05\/Discriminan-a-pacientes-con-VIH-en-el-Hospital-tama-may.jpg?resize=525%2C300 1.5x"},"classes":[]},{"id":33770,"url":"http:\/\/www.grieta.org.mx\/index.php\/2019\/05\/09\/se-agrava-situacion-de-pacientes-con-vih-nayarit\/","url_meta":{"origin":52322,"position":2},"title":"Se agrava situaci\u00f3n de pacientes con VIH (Nayarit)","author":"grieta","date":"9 mayo, 2019","format":false,"excerpt":"Ver\u00f3nica Ram\u00edrez \/Realidades Tepic, Nayarit.- Jueves 09 de mayo del 2019.- Al igual que en el resto del pa\u00eds, Nayarit registra desabasto de antiretrovirales, es decir, el medicamento para los pacientes con VIH no est\u00e1n en los estantes de las instituciones de salud p\u00fablica, denunci\u00f3 la dirigente de la Asociaci\u00f3n,\u2026","rel":"","context":"En &quot;CINTILLO&quot;","block_context":{"text":"CINTILLO","link":"http:\/\/www.grieta.org.mx\/index.php\/category\/cintillo\/"},"img":{"alt_text":"","src":"https:\/\/i0.wp.com\/www.grieta.org.mx\/wp-content\/uploads\/2018\/03\/14524434_1106112876131411_958039263622046936_o.jpg?resize=350%2C200","width":350,"height":200,"srcset":"https:\/\/i0.wp.com\/www.grieta.org.mx\/wp-content\/uploads\/2018\/03\/14524434_1106112876131411_958039263622046936_o.jpg?resize=350%2C200 1x, https:\/\/i0.wp.com\/www.grieta.org.mx\/wp-content\/uploads\/2018\/03\/14524434_1106112876131411_958039263622046936_o.jpg?resize=525%2C300 1.5x, https:\/\/i0.wp.com\/www.grieta.org.mx\/wp-content\/uploads\/2018\/03\/14524434_1106112876131411_958039263622046936_o.jpg?resize=700%2C400 2x"},"classes":[]},{"id":33471,"url":"http:\/\/www.grieta.org.mx\/index.php\/2019\/05\/13\/de-vih-a-sida-por-desabasto-de-antirretrovirales-tamaulipas\/","url_meta":{"origin":52322,"position":3},"title":"De VIH a SIDA por desabasto de antirretrovirales (Tamaulipas)","author":"grieta","date":"13 mayo, 2019","format":false,"excerpt":"Patricia Azuara \/ CNT Cd. Victoria Tam.-El retraso de las licitaciones en materia de salud, en la Federaci\u00f3n, ya impacta el abasto en las entidades federativas; en el caso de Tamaulipas se ha cancelado la entrega de antirretrovirales provocando que al menos un paciente con VIH entr\u00f3 en periodo de\u2026","rel":"","context":"En &quot;CINTILLO&quot;","block_context":{"text":"CINTILLO","link":"http:\/\/www.grieta.org.mx\/index.php\/category\/cintillo\/"},"img":{"alt_text":"","src":"https:\/\/i0.wp.com\/www.grieta.org.mx\/wp-content\/uploads\/2019\/05\/de-VIH-a-SIDA-tama-may.jpeg?resize=350%2C200","width":350,"height":200,"srcset":"https:\/\/i0.wp.com\/www.grieta.org.mx\/wp-content\/uploads\/2019\/05\/de-VIH-a-SIDA-tama-may.jpeg?resize=350%2C200 1x, https:\/\/i0.wp.com\/www.grieta.org.mx\/wp-content\/uploads\/2019\/05\/de-VIH-a-SIDA-tama-may.jpeg?resize=525%2C300 1.5x, https:\/\/i0.wp.com\/www.grieta.org.mx\/wp-content\/uploads\/2019\/05\/de-VIH-a-SIDA-tama-may.jpeg?resize=700%2C400 2x, https:\/\/i0.wp.com\/www.grieta.org.mx\/wp-content\/uploads\/2019\/05\/de-VIH-a-SIDA-tama-may.jpeg?resize=1050%2C600 3x, https:\/\/i0.wp.com\/www.grieta.org.mx\/wp-content\/uploads\/2019\/05\/de-VIH-a-SIDA-tama-may.jpeg?resize=1400%2C800 4x"},"classes":[]},{"id":72158,"url":"http:\/\/www.grieta.org.mx\/index.php\/2025\/08\/15\/denuncian-desabasto-de-medicamentos-contra-vih-en-el-issste-en-colima\/","url_meta":{"origin":52322,"position":4},"title":"Denuncian desabasto de medicamentos contra VIH en el ISSSTE, en Colima","author":"grieta","date":"15 agosto, 2025","format":false,"excerpt":"Imagen: Ilustrativa Heidi de Le\u00f3n Guti\u00e9rrez \/ Diario Avanzada Colima, M\u00e9xico, Avanzada (15\/08\/2025).- La organizaci\u00f3n Colima Vihve denunci\u00f3 que el ISSSTE en la entidad mantiene un desabasto de medicamentos para tratar el VIH\/sida, lo que ha obligado a pacientes a comprarlos por su cuenta para no poner en riesgo su\u2026","rel":"","context":"En &quot;CINTILLO&quot;","block_context":{"text":"CINTILLO","link":"http:\/\/www.grieta.org.mx\/index.php\/category\/cintillo\/"},"img":{"alt_text":"","src":"https:\/\/i0.wp.com\/www.grieta.org.mx\/wp-content\/uploads\/2025\/08\/img_8809-1.jpg?resize=350%2C200","width":350,"height":200,"srcset":"https:\/\/i0.wp.com\/www.grieta.org.mx\/wp-content\/uploads\/2025\/08\/img_8809-1.jpg?resize=350%2C200 1x, https:\/\/i0.wp.com\/www.grieta.org.mx\/wp-content\/uploads\/2025\/08\/img_8809-1.jpg?resize=525%2C300 1.5x"},"classes":[]},{"id":42375,"url":"http:\/\/www.grieta.org.mx\/index.php\/2019\/12\/19\/denuncian-falta-de-antirretrovirales-en-el-imss-jalisco\/","url_meta":{"origin":52322,"position":5},"title":"Denuncian falta de antirretrovirales en el IMSS Jalisco","author":"grieta","date":"19 diciembre, 2019","format":false,"excerpt":"Las cl\u00ednicas donde han encontrado desabasto son 45, 46, 110 y 180, ubicadas en Guadalajara y Tlajomulco de Z\u00fa\u00f1iga Foto: Antonio Miramontes Viridiana Saavedra \/ El Occidental Desde hace mes y medio hay desabasto de antirretrovirales en el Instituto Mexicano del Seguro Social (IMSS), informaron miembros de organismos que colaboran\u2026","rel":"","context":"En &quot;CINTILLO&quot;","block_context":{"text":"CINTILLO","link":"http:\/\/www.grieta.org.mx\/index.php\/category\/cintillo\/"},"img":{"alt_text":"","src":"https:\/\/i0.wp.com\/www.grieta.org.mx\/wp-content\/uploads\/2019\/12\/WhatsApp-Image-2019-12-19-at-11.31.08.jpeg?resize=350%2C200","width":350,"height":200,"srcset":"https:\/\/i0.wp.com\/www.grieta.org.mx\/wp-content\/uploads\/2019\/12\/WhatsApp-Image-2019-12-19-at-11.31.08.jpeg?resize=350%2C200 1x, https:\/\/i0.wp.com\/www.grieta.org.mx\/wp-content\/uploads\/2019\/12\/WhatsApp-Image-2019-12-19-at-11.31.08.jpeg?resize=525%2C300 1.5x, https:\/\/i0.wp.com\/www.grieta.org.mx\/wp-content\/uploads\/2019\/12\/WhatsApp-Image-2019-12-19-at-11.31.08.jpeg?resize=700%2C400 2x"},"classes":[]}],"_links":{"self":[{"href":"http:\/\/www.grieta.org.mx\/index.php\/wp-json\/wp\/v2\/posts\/52322","targetHints":{"allow":["GET"]}}],"collection":[{"href":"http:\/\/www.grieta.org.mx\/index.php\/wp-json\/wp\/v2\/posts"}],"about":[{"href":"http:\/\/www.grieta.org.mx\/index.php\/wp-json\/wp\/v2\/types\/post"}],"author":[{"embeddable":true,"href":"http:\/\/www.grieta.org.mx\/index.php\/wp-json\/wp\/v2\/users\/2"}],"replies":[{"embeddable":true,"href":"http:\/\/www.grieta.org.mx\/index.php\/wp-json\/wp\/v2\/comments?post=52322"}],"version-history":[{"count":1,"href":"http:\/\/www.grieta.org.mx\/index.php\/wp-json\/wp\/v2\/posts\/52322\/revisions"}],"predecessor-version":[{"id":52328,"href":"http:\/\/www.grieta.org.mx\/index.php\/wp-json\/wp\/v2\/posts\/52322\/revisions\/52328"}],"wp:featuredmedia":[{"embeddable":true,"href":"http:\/\/www.grieta.org.mx\/index.php\/wp-json\/wp\/v2\/media\/52327"}],"wp:attachment":[{"href":"http:\/\/www.grieta.org.mx\/index.php\/wp-json\/wp\/v2\/media?parent=52322"}],"wp:term":[{"taxonomy":"category","embeddable":true,"href":"http:\/\/www.grieta.org.mx\/index.php\/wp-json\/wp\/v2\/categories?post=52322"},{"taxonomy":"post_tag","embeddable":true,"href":"http:\/\/www.grieta.org.mx\/index.php\/wp-json\/wp\/v2\/tags?post=52322"}],"curies":[{"name":"wp","href":"https:\/\/api.w.org\/{rel}","templated":true}]}}