{"id":52267,"date":"2020-07-22T09:38:47","date_gmt":"2020-07-22T14:38:47","guid":{"rendered":"http:\/\/www.grieta.org.mx\/?p=52267"},"modified":"2020-08-02T09:46:29","modified_gmt":"2020-08-02T14:46:29","slug":"organizaciones-presentan-amparos-contra-acuerdo-de-militarizacion","status":"publish","type":"post","link":"http:\/\/www.grieta.org.mx\/index.php\/2020\/07\/22\/organizaciones-presentan-amparos-contra-acuerdo-de-militarizacion\/","title":{"rendered":"Organizaciones presentan amparos contra acuerdo de militarizaci\u00f3n"},"content":{"rendered":"<p>Alexis Ortiz\/El Universal<br \/>\n22 julio 2020<\/p>\n<p><img loading=\"lazy\" decoding=\"async\" data-attachment-id=\"52268\" data-permalink=\"http:\/\/www.grieta.org.mx\/index.php\/2020\/07\/22\/organizaciones-presentan-amparos-contra-acuerdo-de-militarizacion\/mil-un\/\" data-orig-file=\"http:\/\/www.grieta.org.mx\/wp-content\/uploads\/2020\/08\/mil-un.png\" data-orig-size=\"651,424\" data-comments-opened=\"0\" data-image-meta=\"{&quot;aperture&quot;:&quot;0&quot;,&quot;credit&quot;:&quot;&quot;,&quot;camera&quot;:&quot;&quot;,&quot;caption&quot;:&quot;&quot;,&quot;created_timestamp&quot;:&quot;0&quot;,&quot;copyright&quot;:&quot;&quot;,&quot;focal_length&quot;:&quot;0&quot;,&quot;iso&quot;:&quot;0&quot;,&quot;shutter_speed&quot;:&quot;0&quot;,&quot;title&quot;:&quot;&quot;,&quot;orientation&quot;:&quot;0&quot;}\" data-image-title=\"mil un\" data-image-description=\"\" data-image-caption=\"\" data-medium-file=\"http:\/\/www.grieta.org.mx\/wp-content\/uploads\/2020\/08\/mil-un-300x195.png\" data-large-file=\"http:\/\/www.grieta.org.mx\/wp-content\/uploads\/2020\/08\/mil-un.png\" src=\"http:\/\/www.grieta.org.mx\/wp-content\/uploads\/2020\/08\/mil-un.png\" alt=\"\" width=\"651\" height=\"424\" class=\"aligncenter size-full wp-image-52268\" srcset=\"http:\/\/www.grieta.org.mx\/wp-content\/uploads\/2020\/08\/mil-un.png 651w, http:\/\/www.grieta.org.mx\/wp-content\/uploads\/2020\/08\/mil-un-300x195.png 300w\" sizes=\"auto, (max-width: 651px) 100vw, 651px\" \/><\/p>\n<p>Organizaciones de la sociedad civil presentaron m\u00faltiples amparos contra un acuerdo publicado el 11 de mayo en el Diario Oficial de la Federaci\u00f3n (DOF), el cual permite que las Fuerzas Armadas participen en labores de seguridad hasta el 2024.<\/p>\n<p>El acuerdo fue publicado por el presidente Andr\u00e9s Manuel L\u00f3pez Obrador y ahora es impugnado por las asociaciones civiles. Quienes promovieron el recurso legal argumentaron que esta acci\u00f3n viola la Constituci\u00f3n de M\u00e9xico, pues no garantiza que el uso de las Fuerzas Armadas en labores de seguridad sea extraordinario, regulado, fiscalizado, subordinado y complementado.<\/p>\n<p>A trav\u00e9s de un comunicado, las ONG alegaron que el Ej\u00e9rcito y la Marina han llevado a cabo tareas de seguridad p\u00fablica durante 14 a\u00f1os, tiempo en el que se ha documentado su participaci\u00f3n en detenciones arbitrarias, tortura, desaparici\u00f3n forzada, desplazamientos forzados y ejecuciones extrajudiciales.<\/p>\n<p>&#8220;La evidencia acumulada indica que la militarizaci\u00f3n de la seguridad p\u00fablica no s\u00f3lo no ha logrado disminuir los \u00edndices de violencia, sino que los ha agravado. A pesar de ello, la estrategia que apuesta por profundizar la militarizaci\u00f3n avanza contradiciendo a la Constituci\u00f3n, a los tratados internacionales, al Plan Nacional de Desarrollo de la actual administraci\u00f3n federal, y pone en riesgo los derechos humanos de todas las personas&#8221;, reclamaron las asociaciones.<\/p>\n<p>Quienes interpusieron los amparos fueron la Fundaci\u00f3n para la Justicia y el Estado Democr\u00e1tico de Derecho, M\u00e9xico Unido contra la Delincuencia, EQUIS Justicia para las Mujeres, la Comisi\u00f3n Mexicana de Defensa y Promoci\u00f3n de los Derechos Humanos, Intersecta y la acci\u00f3n fue respaldada por el colectivo Seguridad sin Guerra.<\/p>\n<p>Todas estas organizaciones pidieron al Poder Judicial de la Federaci\u00f3n (PJF) interpretar como &#8220;caso urgente&#8221; la militarizaci\u00f3n de la seguridad p\u00fablica, y tramitar las demandas de amparo que se le presentaron de manera f\u00edsica.<\/p>\n<p>&#8220;La operaci\u00f3n regular de las Fuerzas Armadas en tareas de seguridad p\u00fablica provoca un efecto amedrentador que inhibe el ejercicio del derecho a defender los derechos humanos, el derecho de asociaci\u00f3n, el derecho a la protesta, y el derecho al acceso a la informaci\u00f3n&#8221;, mencionaron las organizaciones en su comunicado.<\/p>\n","protected":false},"excerpt":{"rendered":"<p>Alexis Ortiz\/El Universal 22 julio 2020 Organizaciones de la sociedad civil presentaron m\u00faltiples amparos contra un acuerdo publicado el 11 de mayo en el Diario Oficial de la Federaci\u00f3n (DOF), &hellip; <a href=\"http:\/\/www.grieta.org.mx\/index.php\/2020\/07\/22\/organizaciones-presentan-amparos-contra-acuerdo-de-militarizacion\/\" class=\"more-link\">Leer m\u00e1s<\/a><\/p>\n","protected":false},"author":2,"featured_media":52268,"comment_status":"closed","ping_status":"closed","sticky":false,"template":"","format":"standard","meta":{"ngg_post_thumbnail":0,"_jetpack_newsletter_access":"","_jetpack_dont_email_post_to_subs":false,"_jetpack_newsletter_tier_id":0,"_jetpack_memberships_contains_paywalled_content":false,"_jetpack_memberships_contains_paid_content":false,"footnotes":""},"categories":[80,912,83],"tags":[2974,2772,3387,3593,614,1803,1790],"class_list":["post-52267","post","type-post","status-publish","format-standard","has-post-thumbnail","hentry","category-cintillo","category-militarizacion","category-temas-nacionales","tag-aumento-de-la-militarizacion","tag-ejercito-mexicano","tag-fuerzas-armadas-en-tareas-civiles","tag-lucha-contra-la-militarizacion","tag-militarizacion","tag-sedena","tag-semar","entry"],"jetpack_featured_media_url":"http:\/\/www.grieta.org.mx\/wp-content\/uploads\/2020\/08\/mil-un.png","jetpack_sharing_enabled":true,"jetpack_shortlink":"https:\/\/wp.me\/p7ZJR4-dB1","jetpack_likes_enabled":false,"jetpack-related-posts":[{"id":52270,"url":"http:\/\/www.grieta.org.mx\/index.php\/2020\/07\/22\/la-sociedad-civil-presento-una-serie-de-amparos-en-contra-de-la-militarizacion-de-la-seguridad-publica\/","url_meta":{"origin":52267,"position":0},"title":"La sociedad civil present\u00f3 una serie de amparos en contra de la militarizaci\u00f3n de la seguridad p\u00fablica","author":"grieta","date":"22 julio, 2020","format":false,"excerpt":"Infobae\/Redacci\u00f3n 22 julio 2020 Distintas asociaciones denunciaron un acuerdo militarista de la Presidencia y la inaccesibilidad de los recursos judiciales para el amparo Foto: Cuartoscuro El 11 de mayo de 2020 el Diario Oficial de la Federaci\u00f3n public\u00f3 el Acuerdo bajo el cual la Presidencia de la Rep\u00fablica decret\u00f3 la\u2026","rel":"","context":"En &quot;CINTILLO&quot;","block_context":{"text":"CINTILLO","link":"http:\/\/www.grieta.org.mx\/index.php\/category\/cintillo\/"},"img":{"alt_text":"","src":"https:\/\/i0.wp.com\/www.grieta.org.mx\/wp-content\/uploads\/2020\/08\/WBTTGG5PKNFOXKTJRHLKGCV3YU.jpg?resize=350%2C200","width":350,"height":200,"srcset":"https:\/\/i0.wp.com\/www.grieta.org.mx\/wp-content\/uploads\/2020\/08\/WBTTGG5PKNFOXKTJRHLKGCV3YU.jpg?resize=350%2C200 1x, https:\/\/i0.wp.com\/www.grieta.org.mx\/wp-content\/uploads\/2020\/08\/WBTTGG5PKNFOXKTJRHLKGCV3YU.jpg?resize=525%2C300 1.5x, https:\/\/i0.wp.com\/www.grieta.org.mx\/wp-content\/uploads\/2020\/08\/WBTTGG5PKNFOXKTJRHLKGCV3YU.jpg?resize=700%2C400 2x"},"classes":[]},{"id":51282,"url":"http:\/\/www.grieta.org.mx\/index.php\/2020\/06\/18\/ongs-piden-a-congreso-frenar-decreto-de-amlo-sobre-militarizacion-de-seguridad\/","url_meta":{"origin":52267,"position":1},"title":"ONGs piden a Congreso frenar decreto de AMLO sobre militarizaci\u00f3n de seguridad","author":"grieta","date":"18 junio, 2020","format":false,"excerpt":"Francisco Mej\u00eda\/Milenio 18 junio 2020 La solicitud est\u00e1 motivada a ra\u00edz del decreto emitido por L\u00f3pez Obrador en el que se dispone de las Fuerzas Armadas para llevar a cabo tareas de seguridad p\u00fablica durante cinco a\u00f1os mientras se consolida la Guardia Nacional. Las ONGs pidieron al legislativo impugnar dicho\u2026","rel":"","context":"En &quot;CINTILLO&quot;","block_context":{"text":"CINTILLO","link":"http:\/\/www.grieta.org.mx\/index.php\/category\/cintillo\/"},"img":{"alt_text":"","src":"https:\/\/i0.wp.com\/www.grieta.org.mx\/wp-content\/uploads\/2020\/06\/militares-rolando-riestra_24_69_754_469.jpg?resize=350%2C200","width":350,"height":200,"srcset":"https:\/\/i0.wp.com\/www.grieta.org.mx\/wp-content\/uploads\/2020\/06\/militares-rolando-riestra_24_69_754_469.jpg?resize=350%2C200 1x, https:\/\/i0.wp.com\/www.grieta.org.mx\/wp-content\/uploads\/2020\/06\/militares-rolando-riestra_24_69_754_469.jpg?resize=525%2C300 1.5x, https:\/\/i0.wp.com\/www.grieta.org.mx\/wp-content\/uploads\/2020\/06\/militares-rolando-riestra_24_69_754_469.jpg?resize=700%2C400 2x"},"classes":[]},{"id":65316,"url":"http:\/\/www.grieta.org.mx\/index.php\/2022\/09\/19\/militarizacion-afecta-directa-e-indirectamente-a-las-mujeres-en-mexico\/","url_meta":{"origin":52267,"position":2},"title":"Militarizaci\u00f3n afecta directa e indirectamente a las mujeres en M\u00e9xico","author":"grieta","date":"19 septiembre, 2022","format":false,"excerpt":"Redacci\u00f3n\/ContraR\u00e9plica 19 septiembre 2022 La posible integraci\u00f3n de la Guardia Nacional (GN) a la Secretar\u00eda de la Defensa Nacional (Sedena) ha causado diversos cuestionamientos de organizaciones civiles y oposici\u00f3n al actual gobierno de M\u00e9xico. El 15 de septiembre de 2022, mujeres de la colectiva Hasta Encontrarte se pronunciaron en contra\u2026","rel":"","context":"En &quot;CINTILLO&quot;","block_context":{"text":"CINTILLO","link":"http:\/\/www.grieta.org.mx\/index.php\/category\/cintillo\/"},"img":{"alt_text":"","src":"https:\/\/i0.wp.com\/www.grieta.org.mx\/wp-content\/uploads\/2022\/09\/11d042e513be5f5b0d5d0c87e5c3e8df.jpg?resize=350%2C200","width":350,"height":200,"srcset":"https:\/\/i0.wp.com\/www.grieta.org.mx\/wp-content\/uploads\/2022\/09\/11d042e513be5f5b0d5d0c87e5c3e8df.jpg?resize=350%2C200 1x, https:\/\/i0.wp.com\/www.grieta.org.mx\/wp-content\/uploads\/2022\/09\/11d042e513be5f5b0d5d0c87e5c3e8df.jpg?resize=525%2C300 1.5x, https:\/\/i0.wp.com\/www.grieta.org.mx\/wp-content\/uploads\/2022\/09\/11d042e513be5f5b0d5d0c87e5c3e8df.jpg?resize=700%2C400 2x"},"classes":[]},{"id":65097,"url":"http:\/\/www.grieta.org.mx\/index.php\/2022\/09\/05\/organizaciones-exhortan-a-ciudadanos-a-manifestar-su-oposicion-ante-militarizacion\/","url_meta":{"origin":52267,"position":3},"title":"Organizaciones exhortan a ciudadanos a manifestar su oposici\u00f3n ante militarizaci\u00f3n","author":"grieta","date":"5 septiembre, 2022","format":false,"excerpt":"Redacci\u00f3n\/Aristegui Noticias 3 septiembre 2022 Es un fraude constitucional trasladar la Guardia Nacional a la Sedena, afirm\u00f3 Causa Com\u00fan. Causa en Com\u00fan, en colaboraci\u00f3n con el Observatorio de la Guardia Nacional y la Militarizaci\u00f3n en M\u00e9xico, exhortaron a los partidos, acad\u00e9micos, y ciudadanos en general, a manifestar su oposici\u00f3n ante\u2026","rel":"","context":"En &quot;CINTILLO&quot;","block_context":{"text":"CINTILLO","link":"http:\/\/www.grieta.org.mx\/index.php\/category\/cintillo\/"},"img":{"alt_text":"","src":"https:\/\/i0.wp.com\/www.grieta.org.mx\/wp-content\/uploads\/2022\/09\/MANIFESTAR-OPOSICION-MILITARIZACION-ONGS-02092022.webp?resize=350%2C200","width":350,"height":200,"srcset":"https:\/\/i0.wp.com\/www.grieta.org.mx\/wp-content\/uploads\/2022\/09\/MANIFESTAR-OPOSICION-MILITARIZACION-ONGS-02092022.webp?resize=350%2C200 1x, https:\/\/i0.wp.com\/www.grieta.org.mx\/wp-content\/uploads\/2022\/09\/MANIFESTAR-OPOSICION-MILITARIZACION-ONGS-02092022.webp?resize=525%2C300 1.5x, https:\/\/i0.wp.com\/www.grieta.org.mx\/wp-content\/uploads\/2022\/09\/MANIFESTAR-OPOSICION-MILITARIZACION-ONGS-02092022.webp?resize=700%2C400 2x, https:\/\/i0.wp.com\/www.grieta.org.mx\/wp-content\/uploads\/2022\/09\/MANIFESTAR-OPOSICION-MILITARIZACION-ONGS-02092022.webp?resize=1050%2C600 3x"},"classes":[]},{"id":49479,"url":"http:\/\/www.grieta.org.mx\/index.php\/2020\/05\/16\/un-paso-mas-hacia-la-militarizacion\/","url_meta":{"origin":52267,"position":4},"title":"Un paso m\u00e1s hacia la militarizaci\u00f3n","author":"grieta","date":"16 mayo, 2020","format":false,"excerpt":"Juan Omar Fierro\/Proceso 16 mayo 2020 Foto:Hugo Cruz Con el acuerdo que el presidente L\u00f3pez Obrador public\u00f3 el lunes 11 para extender hasta 2024 la intervenci\u00f3n de militares en la seguridad p\u00fablica, no s\u00f3lo revivi\u00f3 las protestas de los defensores de derechos humanos sino que profundiz\u00f3 los riesgos que entra\u00f1a\u2026","rel":"","context":"En &quot;CINTILLO&quot;","block_context":{"text":"CINTILLO","link":"http:\/\/www.grieta.org.mx\/index.php\/category\/cintillo\/"},"img":{"alt_text":"","src":"https:\/\/i0.wp.com\/www.grieta.org.mx\/wp-content\/uploads\/2020\/05\/decreto-870x522.jpg?resize=350%2C200","width":350,"height":200,"srcset":"https:\/\/i0.wp.com\/www.grieta.org.mx\/wp-content\/uploads\/2020\/05\/decreto-870x522.jpg?resize=350%2C200 1x, https:\/\/i0.wp.com\/www.grieta.org.mx\/wp-content\/uploads\/2020\/05\/decreto-870x522.jpg?resize=525%2C300 1.5x, https:\/\/i0.wp.com\/www.grieta.org.mx\/wp-content\/uploads\/2020\/05\/decreto-870x522.jpg?resize=700%2C400 2x"},"classes":[]},{"id":65179,"url":"http:\/\/www.grieta.org.mx\/index.php\/2022\/09\/09\/senado-aprueba-militarizacion-de-mexico\/","url_meta":{"origin":52267,"position":5},"title":"Senado aprueba militarizaci\u00f3n de M\u00e9xico","author":"grieta","date":"9 septiembre, 2022","format":false,"excerpt":"\u00d1an\u00ed Pinto\/Avispa Midia 9 septiembre 2022 Despu\u00e9s de 12 horas de sesi\u00f3n, entre reparticiones de culpas y reclamos, la madrugada de este viernes (9) el Senado mexicano aprob\u00f3 la transferencia de la Guardia Nacional (GN) a la Secretar\u00eda de la Defensa Nacional (Sedena). Con el visto bueno del partido Movimiento\u2026","rel":"","context":"En &quot;CINTILLO&quot;","block_context":{"text":"CINTILLO","link":"http:\/\/www.grieta.org.mx\/index.php\/category\/cintillo\/"},"img":{"alt_text":"","src":"","width":0,"height":0},"classes":[]}],"_links":{"self":[{"href":"http:\/\/www.grieta.org.mx\/index.php\/wp-json\/wp\/v2\/posts\/52267","targetHints":{"allow":["GET"]}}],"collection":[{"href":"http:\/\/www.grieta.org.mx\/index.php\/wp-json\/wp\/v2\/posts"}],"about":[{"href":"http:\/\/www.grieta.org.mx\/index.php\/wp-json\/wp\/v2\/types\/post"}],"author":[{"embeddable":true,"href":"http:\/\/www.grieta.org.mx\/index.php\/wp-json\/wp\/v2\/users\/2"}],"replies":[{"embeddable":true,"href":"http:\/\/www.grieta.org.mx\/index.php\/wp-json\/wp\/v2\/comments?post=52267"}],"version-history":[{"count":1,"href":"http:\/\/www.grieta.org.mx\/index.php\/wp-json\/wp\/v2\/posts\/52267\/revisions"}],"predecessor-version":[{"id":52269,"href":"http:\/\/www.grieta.org.mx\/index.php\/wp-json\/wp\/v2\/posts\/52267\/revisions\/52269"}],"wp:featuredmedia":[{"embeddable":true,"href":"http:\/\/www.grieta.org.mx\/index.php\/wp-json\/wp\/v2\/media\/52268"}],"wp:attachment":[{"href":"http:\/\/www.grieta.org.mx\/index.php\/wp-json\/wp\/v2\/media?parent=52267"}],"wp:term":[{"taxonomy":"category","embeddable":true,"href":"http:\/\/www.grieta.org.mx\/index.php\/wp-json\/wp\/v2\/categories?post=52267"},{"taxonomy":"post_tag","embeddable":true,"href":"http:\/\/www.grieta.org.mx\/index.php\/wp-json\/wp\/v2\/tags?post=52267"}],"curies":[{"name":"wp","href":"https:\/\/api.w.org\/{rel}","templated":true}]}}