{"id":52217,"date":"2020-08-01T14:50:25","date_gmt":"2020-08-01T19:50:25","guid":{"rendered":"http:\/\/www.grieta.org.mx\/?p=52217"},"modified":"2020-08-01T14:50:25","modified_gmt":"2020-08-01T19:50:25","slug":"pobladores-de-tecuala-denuncian-falta-de-agua-nayarit","status":"publish","type":"post","link":"http:\/\/www.grieta.org.mx\/index.php\/2020\/08\/01\/pobladores-de-tecuala-denuncian-falta-de-agua-nayarit\/","title":{"rendered":"Pobladores de Tecuala denuncian falta de agua (Nayarit)"},"content":{"rendered":"<p><img loading=\"lazy\" decoding=\"async\" data-attachment-id=\"52218\" data-permalink=\"http:\/\/www.grieta.org.mx\/index.php\/2020\/08\/01\/pobladores-de-tecuala-denuncian-falta-de-agua-nayarit\/agua-3-2\/\" data-orig-file=\"http:\/\/www.grieta.org.mx\/wp-content\/uploads\/2020\/08\/agua-3.jpg\" data-orig-size=\"800,498\" data-comments-opened=\"0\" data-image-meta=\"{&quot;aperture&quot;:&quot;0&quot;,&quot;credit&quot;:&quot;&quot;,&quot;camera&quot;:&quot;&quot;,&quot;caption&quot;:&quot;&quot;,&quot;created_timestamp&quot;:&quot;0&quot;,&quot;copyright&quot;:&quot;&quot;,&quot;focal_length&quot;:&quot;0&quot;,&quot;iso&quot;:&quot;0&quot;,&quot;shutter_speed&quot;:&quot;0&quot;,&quot;title&quot;:&quot;&quot;,&quot;orientation&quot;:&quot;0&quot;}\" data-image-title=\"agua-3\" data-image-description=\"\" data-image-caption=\"\" data-medium-file=\"http:\/\/www.grieta.org.mx\/wp-content\/uploads\/2020\/08\/agua-3-300x187.jpg\" data-large-file=\"http:\/\/www.grieta.org.mx\/wp-content\/uploads\/2020\/08\/agua-3.jpg\" class=\"aligncenter size-full wp-image-52218\" src=\"http:\/\/www.grieta.org.mx\/wp-content\/uploads\/2020\/08\/agua-3.jpg\" alt=\"\" width=\"800\" height=\"498\" srcset=\"http:\/\/www.grieta.org.mx\/wp-content\/uploads\/2020\/08\/agua-3.jpg 800w, http:\/\/www.grieta.org.mx\/wp-content\/uploads\/2020\/08\/agua-3-300x187.jpg 300w, http:\/\/www.grieta.org.mx\/wp-content\/uploads\/2020\/08\/agua-3-768x478.jpg 768w\" sizes=\"auto, (max-width: 800px) 100vw, 800px\" \/><\/p>\n<p>Imagen: Realidades de Nayarit<\/p>\n<p>Emilio Castillo Hern\u00e1ndez \/ Realidades de Nayarit<\/p>\n<p>Tecuala, Nayarit. S\u00e1bado 01 de agosto del 2020.- La falta de agua potable es un problema constante en el municipio de Tecuala, y en la comunidad de San Felipe no es la excepci\u00f3n; pobladores de dicha comunidad aseguran que el encargado de las bombas que abastecen su comunidad no pag\u00f3 la luz y por lo tanto, se qued\u00f3 sin el servicio de agua.<\/p>\n<p>Se denuncia que Antonio Medina es un irresponsable y no paga el recibo de la luz por lo tanto la C.F.E. realiz\u00f3 el corte de energ\u00eda el\u00e9ctrica dejando sin agua de decenas de familias las cuales no saben qu\u00e9 hacer pues necesitan el servicio y m\u00e1s en estos momentos que las altas temperaturas est\u00e1n haciendo estragos en la zona norte del estado.<\/p>\n<p>Este viernes pasados el juez auxiliar de San Felipe Arnoldo Estrada visit\u00f3 a las familias afectadas y les pidi\u00f3 una cooperaci\u00f3n de ciento cincuenta pesos por toma domiciliaria para poder pagar el servicio de energ\u00eda el\u00e9ctrica y as\u00ed de esa forma se tenga agua en las casas, los usuarios le reclamaron al juez por qu\u00e9 no da la cara el encargado de dar el servicio, y le dijeron que ellos pagan los 30 pesos por mes para tener el servicio, la cooperaci\u00f3n que se les pide se les hace injusta, el encargado del agua debe explicar en qu\u00e9 se gasta el dinero Antonio Medina y no era justo que por su irresponsabilidad el pueblo est\u00e1 sufriendo la falta de agua en sus hogares.<\/p>\n<p>Los denunciantes no est\u00e1n dispuesto a pagar ciento cincuenta pesos extras para tener el servicio, ya es tiempo de que las autoridades llamen a cuentas al encargado pues seguido le corta la energ\u00eda el\u00e9ctrica a las bombas que abastece de agua a los hogares de San Felipe, pero ven con tristeza que nadie les hace caso, ya acudieron con el secretario de gobierno David Medina Ayala y no les hizo caso, este servidor p\u00fablico jam\u00e1s escucha las quejas de los ciudadanos.<\/p>\n<p>Se dice que han buscado al edil priista Heriberto L\u00f3pez Rojas alias \u201cEl Titiyo\u201d pero no lo pueden encontrar, pues les dicen que anda en Estado Unidos arreglando negocios personales, los afectados no tienen apoyo de las autoridades municipales para que ya le pongan un alto a Antonio Medina pues est\u00e1 dando muchos problemas a los usuarios y adem\u00e1s se esconde para no dar cuentas claras del dinero que la gente paga mes con mes para poder tener el servicio de agua en sus hogares, ya hasta el juez auxiliar Arnoldo Estrada est\u00e1 sirviendo de c\u00f3mplice, denuncian afectados, y es quien, aseguran, anda pidieron cooperaci\u00f3n para que en San Felipe se tenga el servicio de agua potable.<\/p>\n<p>En todo el municipio sufre por la falta de agua potable, el edil y el director de OROMAPA, Eleuterio Monta\u00f1o alias, \u201cEl Charro\u201d Ponciano no han sabido y no han tenido la capacidad para solucionar un problema tan a\u00f1ejo, la ciudadan\u00eda pone de ejemplo playas de novillero lugar en donde solo se tiene agua un d\u00eda a la semana, as\u00ed es como trabajan las autoridades municipales en Tecuala la orgullosa.<\/p>\n<p><a href=\"http:\/\/realidadessperiodico.com\/49700\/\">http:\/\/realidadessperiodico.com\/49700\/<\/a><\/p>\n","protected":false},"excerpt":{"rendered":"<p>Imagen: Realidades de Nayarit Emilio Castillo Hern\u00e1ndez \/ Realidades de Nayarit Tecuala, Nayarit. S\u00e1bado 01 de agosto del 2020.- La falta de agua potable es un problema constante en el &hellip; <a href=\"http:\/\/www.grieta.org.mx\/index.php\/2020\/08\/01\/pobladores-de-tecuala-denuncian-falta-de-agua-nayarit\/\" class=\"more-link\">Leer m\u00e1s<\/a><\/p>\n","protected":false},"author":2,"featured_media":52218,"comment_status":"closed","ping_status":"closed","sticky":false,"template":"","format":"standard","meta":{"ngg_post_thumbnail":0,"_jetpack_newsletter_access":"","_jetpack_dont_email_post_to_subs":false,"_jetpack_newsletter_tier_id":0,"_jetpack_memberships_contains_paywalled_content":false,"_jetpack_memberships_contains_paid_content":false,"footnotes":""},"categories":[80,2432,914,23,2,83],"tags":[2403,1558,3044],"class_list":["post-52217","post","type-post","status-publish","format-standard","has-post-thumbnail","hentry","category-cintillo","category-conflictos-por-el-agua-el-nayarit","category-privatizacion-del-agua","category-nayarit","category-noticias-nacionales","category-temas-nacionales","tag-crisis-del-agua","tag-desabasto-de-agua","tag-despojo-del-agua","entry"],"jetpack_featured_media_url":"http:\/\/www.grieta.org.mx\/wp-content\/uploads\/2020\/08\/agua-3.jpg","jetpack_sharing_enabled":true,"jetpack_shortlink":"https:\/\/wp.me\/p7ZJR4-dAd","jetpack_likes_enabled":false,"jetpack-related-posts":[{"id":51327,"url":"http:\/\/www.grieta.org.mx\/index.php\/2020\/06\/22\/falta-de-agua-y-energia-electrica-en-poblado-de-palos-blancos-nayarit\/","url_meta":{"origin":52217,"position":0},"title":"Falta de agua y energ\u00eda el\u00e9ctrica en poblado de Palos Blancos (Nayarit)","author":"grieta","date":"22 junio, 2020","format":false,"excerpt":"Foto: Realidades de Nayarit Miguel Castillo Sandoval \/ Realidades de Nayarit Tecuala, Nayarit. 22\/06\/20.- Heriberto L\u00f3pez Rojas alias, \u201cEl Titiyo\u201d ha abandonado a los pobladores de Palos Blancos; sus habitantes se\u00f1alan que desde tiempo que no llega agua entubada a sus domicilios, la bomba tambi\u00e9n tiene mucho tiempo que no\u2026","rel":"","context":"En &quot;CINTILLO&quot;","block_context":{"text":"CINTILLO","link":"http:\/\/www.grieta.org.mx\/index.php\/category\/cintillo\/"},"img":{"alt_text":"","src":"https:\/\/i0.wp.com\/www.grieta.org.mx\/wp-content\/uploads\/2020\/06\/pozo.jpg?resize=350%2C200","width":350,"height":200,"srcset":"https:\/\/i0.wp.com\/www.grieta.org.mx\/wp-content\/uploads\/2020\/06\/pozo.jpg?resize=350%2C200 1x, https:\/\/i0.wp.com\/www.grieta.org.mx\/wp-content\/uploads\/2020\/06\/pozo.jpg?resize=525%2C300 1.5x, https:\/\/i0.wp.com\/www.grieta.org.mx\/wp-content\/uploads\/2020\/06\/pozo.jpg?resize=700%2C400 2x"},"classes":[]},{"id":48887,"url":"http:\/\/www.grieta.org.mx\/index.php\/2020\/05\/08\/en-plena-pandemia-la-col-nueva-esperanza-sin-agua-luz-ni-drenaje\/","url_meta":{"origin":52217,"position":1},"title":"En plena pandemia, la Col. Nueva Esperanza sin agua, luz ni drenaje (Nayarit)","author":"grieta","date":"8 mayo, 2020","format":false,"excerpt":"Existe un riesgo latente de propagaci\u00f3n del COVID-19 Arcelia Garc\u00eda Ortega \/ Realidades de Nayarit Tepic, Nayarit.- Viernes 08 de mayo del 2020.- Habitantes de la colonia Nueva Esperanza, est\u00e1n desesperados porque en plena contingencia por el COVID-19, no tienen los servicios b\u00e1sicos e indispensables, como son el agua, la\u2026","rel":"","context":"En &quot;CINTILLO&quot;","block_context":{"text":"CINTILLO","link":"http:\/\/www.grieta.org.mx\/index.php\/category\/cintillo\/"},"img":{"alt_text":"","src":"https:\/\/i0.wp.com\/www.grieta.org.mx\/wp-content\/uploads\/2020\/05\/agua-2.jpg?resize=350%2C200","width":350,"height":200,"srcset":"https:\/\/i0.wp.com\/www.grieta.org.mx\/wp-content\/uploads\/2020\/05\/agua-2.jpg?resize=350%2C200 1x, https:\/\/i0.wp.com\/www.grieta.org.mx\/wp-content\/uploads\/2020\/05\/agua-2.jpg?resize=525%2C300 1.5x, https:\/\/i0.wp.com\/www.grieta.org.mx\/wp-content\/uploads\/2020\/05\/agua-2.jpg?resize=700%2C400 2x"},"classes":[]},{"id":36978,"url":"http:\/\/www.grieta.org.mx\/index.php\/2019\/07\/16\/vecinos-bloquean-avenida-victoria-de-tepic-por-falta-de-agua-potable-nayarit\/","url_meta":{"origin":52217,"position":2},"title":"Vecinos bloquean avenida Victoria de Tepic por falta de agua potable (Nayarit)","author":"grieta","date":"16 julio, 2019","format":false,"excerpt":"Foto: El Sol de Nayarit Redacci\u00f3n \/ El Sol de Nayarit Esta tarde de martes un grupo de ciudadanos pertenecientes a colonia Santa Teresita, H. Casas y otras zonas aleda\u00f1as a la avenida Victoria, tomaron un tramo de esta vialidad, a la altura de la calle P. Guerrero. El motivo\u2026","rel":"","context":"En &quot;CINTILLO&quot;","block_context":{"text":"CINTILLO","link":"http:\/\/www.grieta.org.mx\/index.php\/category\/cintillo\/"},"img":{"alt_text":"","src":"https:\/\/i0.wp.com\/www.grieta.org.mx\/wp-content\/uploads\/2019\/07\/temp_nota_01_67072_17_20190716203110_117agua.jpg?resize=350%2C200","width":350,"height":200,"srcset":"https:\/\/i0.wp.com\/www.grieta.org.mx\/wp-content\/uploads\/2019\/07\/temp_nota_01_67072_17_20190716203110_117agua.jpg?resize=350%2C200 1x, https:\/\/i0.wp.com\/www.grieta.org.mx\/wp-content\/uploads\/2019\/07\/temp_nota_01_67072_17_20190716203110_117agua.jpg?resize=525%2C300 1.5x"},"classes":[]},{"id":46119,"url":"http:\/\/www.grieta.org.mx\/index.php\/2020\/03\/10\/rosamorada-sin-agua-nayarit\/","url_meta":{"origin":52217,"position":3},"title":"Rosamorada sin agua (Nayarit)","author":"grieta","date":"10 marzo, 2020","format":false,"excerpt":"Foto: Realidades de Nayarit Distintos ejidos tienen m\u00e1s de un mes sin el vital l\u00edquido Misael Santana Huerta \/ Realidades de Nayarit Pimientillo del municipio de Rosamorada, Nayarit. Habitantes de ejidos del sur de Rosamorada, con desesperaci\u00f3n nos est\u00e1n haciendo llegar la fatal noticia, en el sentido de que desde\u2026","rel":"","context":"En &quot;CINTILLO&quot;","block_context":{"text":"CINTILLO","link":"http:\/\/www.grieta.org.mx\/index.php\/category\/cintillo\/"},"img":{"alt_text":"","src":"https:\/\/i0.wp.com\/www.grieta.org.mx\/wp-content\/uploads\/2020\/03\/sin-agua.jpg?resize=350%2C200","width":350,"height":200,"srcset":"https:\/\/i0.wp.com\/www.grieta.org.mx\/wp-content\/uploads\/2020\/03\/sin-agua.jpg?resize=350%2C200 1x, https:\/\/i0.wp.com\/www.grieta.org.mx\/wp-content\/uploads\/2020\/03\/sin-agua.jpg?resize=525%2C300 1.5x, https:\/\/i0.wp.com\/www.grieta.org.mx\/wp-content\/uploads\/2020\/03\/sin-agua.jpg?resize=700%2C400 2x"},"classes":[]},{"id":51698,"url":"http:\/\/www.grieta.org.mx\/index.php\/2020\/07\/10\/agua-con-heces-en-san-vicente-nayarit\/","url_meta":{"origin":52217,"position":4},"title":"Agua con heces en San Vicente (Nayarit)","author":"grieta","date":"10 julio, 2020","format":false,"excerpt":"Imagen: Realidades de Nayarit V\u00edctor Trejo Olmos \/ Realidades de Nayarit Bah\u00eda de Banderas, Nayarit. Viernes 10 de julio del 2020.- Ex\u00e1menes de laboratorio arrojan que el agua que dota el Oromapas en el fraccionamiento Hacienda de San Vicente contiene heces fecales. Vecinos del fraccionamiento en menci\u00f3n hacen el reporte\u2026","rel":"","context":"En &quot;CINTILLO&quot;","block_context":{"text":"CINTILLO","link":"http:\/\/www.grieta.org.mx\/index.php\/category\/cintillo\/"},"img":{"alt_text":"","src":"https:\/\/i0.wp.com\/www.grieta.org.mx\/wp-content\/uploads\/2020\/07\/agua.jpg?resize=350%2C200","width":350,"height":200,"srcset":"https:\/\/i0.wp.com\/www.grieta.org.mx\/wp-content\/uploads\/2020\/07\/agua.jpg?resize=350%2C200 1x, https:\/\/i0.wp.com\/www.grieta.org.mx\/wp-content\/uploads\/2020\/07\/agua.jpg?resize=525%2C300 1.5x, https:\/\/i0.wp.com\/www.grieta.org.mx\/wp-content\/uploads\/2020\/07\/agua.jpg?resize=700%2C400 2x"},"classes":[]},{"id":60072,"url":"http:\/\/www.grieta.org.mx\/index.php\/2021\/06\/12\/padecen-mas-de-30-anos-por-falta-de-agua-potable-nayarit\/","url_meta":{"origin":52217,"position":5},"title":"Padecen m\u00e1s de 30 a\u00f1os por falta de agua potable (Nayarit)","author":"grieta","date":"12 junio, 2021","format":false,"excerpt":"Foto: Tribuna de la Bah\u00eda Alberto Garc\u00eda \/ Tribuna de la Bah\u00eda Una situaci\u00f3n desgarradora es la que vive la gente de la comunidad de\u00a0Agua Milpa\u00a0en el municipio de\u00a0Bah\u00eda de Banderas, quienes por a\u00f1os han padecido por la falta de agua, la gente vive una desesperante situaci\u00f3n que dicen nunca\u2026","rel":"","context":"En &quot;CINTILLO&quot;","block_context":{"text":"CINTILLO","link":"http:\/\/www.grieta.org.mx\/index.php\/category\/cintillo\/"},"img":{"alt_text":"","src":"https:\/\/i0.wp.com\/www.grieta.org.mx\/wp-content\/uploads\/2021\/06\/desabasto-agua-cover.jpg?resize=350%2C200","width":350,"height":200,"srcset":"https:\/\/i0.wp.com\/www.grieta.org.mx\/wp-content\/uploads\/2021\/06\/desabasto-agua-cover.jpg?resize=350%2C200 1x, https:\/\/i0.wp.com\/www.grieta.org.mx\/wp-content\/uploads\/2021\/06\/desabasto-agua-cover.jpg?resize=525%2C300 1.5x, https:\/\/i0.wp.com\/www.grieta.org.mx\/wp-content\/uploads\/2021\/06\/desabasto-agua-cover.jpg?resize=700%2C400 2x"},"classes":[]}],"_links":{"self":[{"href":"http:\/\/www.grieta.org.mx\/index.php\/wp-json\/wp\/v2\/posts\/52217","targetHints":{"allow":["GET"]}}],"collection":[{"href":"http:\/\/www.grieta.org.mx\/index.php\/wp-json\/wp\/v2\/posts"}],"about":[{"href":"http:\/\/www.grieta.org.mx\/index.php\/wp-json\/wp\/v2\/types\/post"}],"author":[{"embeddable":true,"href":"http:\/\/www.grieta.org.mx\/index.php\/wp-json\/wp\/v2\/users\/2"}],"replies":[{"embeddable":true,"href":"http:\/\/www.grieta.org.mx\/index.php\/wp-json\/wp\/v2\/comments?post=52217"}],"version-history":[{"count":1,"href":"http:\/\/www.grieta.org.mx\/index.php\/wp-json\/wp\/v2\/posts\/52217\/revisions"}],"predecessor-version":[{"id":52219,"href":"http:\/\/www.grieta.org.mx\/index.php\/wp-json\/wp\/v2\/posts\/52217\/revisions\/52219"}],"wp:featuredmedia":[{"embeddable":true,"href":"http:\/\/www.grieta.org.mx\/index.php\/wp-json\/wp\/v2\/media\/52218"}],"wp:attachment":[{"href":"http:\/\/www.grieta.org.mx\/index.php\/wp-json\/wp\/v2\/media?parent=52217"}],"wp:term":[{"taxonomy":"category","embeddable":true,"href":"http:\/\/www.grieta.org.mx\/index.php\/wp-json\/wp\/v2\/categories?post=52217"},{"taxonomy":"post_tag","embeddable":true,"href":"http:\/\/www.grieta.org.mx\/index.php\/wp-json\/wp\/v2\/tags?post=52217"}],"curies":[{"name":"wp","href":"https:\/\/api.w.org\/{rel}","templated":true}]}}