{"id":5219,"date":"2015-08-25T05:09:11","date_gmt":"2015-08-25T05:09:11","guid":{"rendered":"http:\/\/50.22.11.12\/~grietaor\/?p=5219"},"modified":"2019-03-03T23:40:11","modified_gmt":"2019-03-04T05:40:11","slug":"usebeq-miente-sobre-paros-asegura-vocera-de-docentes-fueron-cerca-de-500-escuelas-codice-informativo","status":"publish","type":"post","link":"http:\/\/www.grieta.org.mx\/index.php\/2015\/08\/25\/usebeq-miente-sobre-paros-asegura-vocera-de-docentes-fueron-cerca-de-500-escuelas-codice-informativo\/","title":{"rendered":"Usebeq miente sobre paros, asegura vocera de docentes; fueron cerca de 500 escuelas (Quer\u00e9taro)"},"content":{"rendered":"<p>Karen Mungu\u00eda\/C\u00f3dice Informativo<\/p>\n<p>Rosa Mar\u00eda C\u00f3rdoba, maestra vocera de los docentes, asegur\u00f3 que no fueron solo 17 escuelas en Quer\u00e9taro las que hicieron paro el lunes pasado.<\/p>\n<p>La Unidad de Servicios para la Educaci\u00f3n B\u00e1sica del Estado de Quer\u00e9taro (Usebeq) miente cuando afirma que s\u00f3lo fueron 17 escuelas en paro a nivel estatal, siendo que al menos el lunes se contabilizaron de manera preliminar cerca de 500 escuelas sin labores, asever\u00f3 Rosa Mar\u00eda C\u00f3rdoba, maestra vocera de los docentes.<\/p>\n<p>En entrevista, lament\u00f3 que una vez m\u00e1s la autoridad este maquillando las cifras para minimizar esta serie de movilizaciones del magisterio queretano, que organiza para emitir su negativa en contra de la Reforma Educativa; y es que tan s\u00f3lo se contabilizaron escuelas con paro de labores en nueve municipios.<\/p>\n<p>Lo anterior, luego de que la Usebeq inform\u00f3 a trav\u00e9s del departamento de comunicaci\u00f3n social, que el lunes se hab\u00eda registrado paro de labores en s\u00f3lo 17 escuelas de educaci\u00f3n b\u00e1sica en el estado, en las que 163 maestros decidieron no trabajar y afectar a aproximadamente 5 mil 783 alumnos del sistema educativo.<\/p>\n<p>\u201cHubo paro en Huimilpan, hubo escuelas en paro en El Marqu\u00e9s, hubo escuelas en paro, cuando le estoy hablando de la sierra, le estoy hablando de los tres municipios, la regi\u00f3n 3 es para nosotros es la zona serrana que incluye Jalpan, Landa y Pinal, entonces en los tres municipios hubo paro, toda la regi\u00f3n de Tolim\u00e1n, San Juan del R\u00edo, hubo una importante cantidad de escuelas en San Juan del R\u00edo\u201d, explic\u00f3.<\/p>\n<p>La maestra puntualiz\u00f3 que entre Jalpan de Serra, Pinal de Amoles y Landa de Matamoros sumaron cerca de 100 escuelas en paro de labores, en Tequisquiapan no hubo clases en ninguna primaria ni el 70 por ciento de los preescolares, mientras que en San Juan del R\u00edo y Tolim\u00e1n hubo otro importante n\u00famero de escuelas que se sumaron al paro nacional.<br \/>\nHasta las 16:00 horas de este martes, indic\u00f3 que no ten\u00eda el dato de cu\u00e1ntas escuelas se sumaron o continuaron en paro, considerando que la mayor\u00eda de las instituciones opt\u00f3 por hacer paro de 24 horas y las menos de 48 horas, lo que significa que la mayor\u00eda de las que no abrieron el lunes si lo hicieron este d\u00eda y las que si tuvieron clases ayer, no abrieron este martes.<\/p>\n<p>Finalmente, coment\u00f3 que esta serie de movilizaciones y expresiones no han ayudado en lo absoluto para abrirse puertas con las autoridades, siendo que hasta el momento no los han recibido ni autoridades federales ni estatales para entablar alguna mesa de di\u00e1logo, contrario a lo que han logrado con los padres de familia, en quienes encontraron muestras de apoyo contra la Reforma Educativa.<\/p>\n<p><a href=\"http:\/\/codiceinformativo.com\/2015\/08\/usebeq-miente-sobre-paros-asegura-vocera-de-docentes-fueron-cerca-de-500-escuelas\/\" target=\"_blank\">codiceinformativo.com\/2015\/08\/usebeq-miente-sobre-paros-asegura-vocera-de-docentes-fueron-cerca-de-500-escuelas\/<\/a><\/p>\n","protected":false},"excerpt":{"rendered":"<p>Karen Mungu\u00eda\/C\u00f3dice Informativo Rosa Mar\u00eda C\u00f3rdoba, maestra vocera de los docentes, asegur\u00f3 que no fueron solo 17 escuelas en Quer\u00e9taro las que hicieron paro el lunes pasado. La Unidad de &hellip; <a href=\"http:\/\/www.grieta.org.mx\/index.php\/2015\/08\/25\/usebeq-miente-sobre-paros-asegura-vocera-de-docentes-fueron-cerca-de-500-escuelas-codice-informativo\/\" class=\"more-link\">Leer m\u00e1s<\/a><\/p>\n","protected":false},"author":2,"featured_media":21928,"comment_status":"closed","ping_status":"open","sticky":false,"template":"","format":"standard","meta":{"ngg_post_thumbnail":0,"_jetpack_newsletter_access":"","_jetpack_dont_email_post_to_subs":false,"_jetpack_newsletter_tier_id":0,"_jetpack_memberships_contains_paywalled_content":false,"_jetpack_memberships_contains_paid_content":false,"footnotes":""},"categories":[80,27,359,2241],"tags":[180,135,294],"class_list":{"0":"post-5219","1":"post","2":"type-post","3":"status-publish","4":"format-standard","5":"has-post-thumbnail","6":"hentry","7":"category-cintillo","8":"category-queretaro","10":"category-reforma-educativa-y-evaluacion-al-desempeno-en-queretaro","11":"tag-protesta","12":"tag-reforma-educativa","13":"tag-reforma-laboral","14":"entry"},"jetpack_featured_media_url":"http:\/\/www.grieta.org.mx\/wp-content\/uploads\/2018\/03\/14524434_1106112876131411_958039263622046936_o.jpg","jetpack_sharing_enabled":true,"jetpack_shortlink":"https:\/\/wp.me\/p7ZJR4-1mb","jetpack_likes_enabled":false,"jetpack-related-posts":[{"id":5221,"url":"http:\/\/www.grieta.org.mx\/index.php\/2016\/08\/23\/reforma-educativa-y-evaluacion-al-desempeno-en-queretaro\/","url_meta":{"origin":5219,"position":0},"title":"Reforma educativa y evaluaci\u00f3n al desempe\u00f1o en Quer\u00e9taro","author":"grieta","date":"23 agosto, 2016","format":false,"excerpt":"23\/08\/16. Sancionan a 100 maestros de Quer\u00e9taro por unirse a paro nacional UnoTv 13\/08\/16. USEBEQ, sin justificar cese de maestros AM Quer\u00e9taro 03\/08\/16. Maestros se manifiestan pac\u00edficamente en la caseta de Palmillas AM Quer\u00e9taro 02\/06\/16. Quer\u00e9taro: Profesores exigen respeto a sus derechos afuera de la oficina del gobernador Libertad de\u2026","rel":"","context":"En &quot;NOTICIAS NACIONALES&quot;","block_context":{"text":"NOTICIAS NACIONALES","link":"http:\/\/www.grieta.org.mx\/index.php\/category\/noticias-nacionales\/"},"img":{"alt_text":"","src":"https:\/\/i0.wp.com\/www.grieta.org.mx\/wp-content\/uploads\/2018\/03\/14524434_1106112876131411_958039263622046936_o.jpg?resize=350%2C200","width":350,"height":200,"srcset":"https:\/\/i0.wp.com\/www.grieta.org.mx\/wp-content\/uploads\/2018\/03\/14524434_1106112876131411_958039263622046936_o.jpg?resize=350%2C200 1x, https:\/\/i0.wp.com\/www.grieta.org.mx\/wp-content\/uploads\/2018\/03\/14524434_1106112876131411_958039263622046936_o.jpg?resize=525%2C300 1.5x, https:\/\/i0.wp.com\/www.grieta.org.mx\/wp-content\/uploads\/2018\/03\/14524434_1106112876131411_958039263622046936_o.jpg?resize=700%2C400 2x"},"classes":[]},{"id":21217,"url":"http:\/\/www.grieta.org.mx\/index.php\/2016\/08\/23\/sancionan-a-100-maestros-de-queretaro-por-unirse-a-paro-nacional\/","url_meta":{"origin":5219,"position":1},"title":"Sancionan a 100 maestros de Quer\u00e9taro por unirse a paro nacional","author":"grieta","date":"23 agosto, 2016","format":false,"excerpt":"\u00c1ngel Zohar Ram\u00edrez\/UnoTv Los profesores que no acudieron a impartir clase en el inicio del ciclo escolar 2016-2017 ser\u00e1n sancionados con el descuento de un d\u00eda de trabajo, inform\u00f3 la Unidad de Servicios para la Educaci\u00f3n B\u00e1sica en el Estado de Quer\u00e9taro (USEBEQ). En total son 100 docentes que en\u2026","rel":"","context":"En &quot;CINTILLO&quot;","block_context":{"text":"CINTILLO","link":"http:\/\/www.grieta.org.mx\/index.php\/category\/cintillo\/"},"img":{"alt_text":"","src":"https:\/\/i0.wp.com\/www.grieta.org.mx\/wp-content\/uploads\/2018\/03\/14524434_1106112876131411_958039263622046936_o.jpg?resize=350%2C200","width":350,"height":200,"srcset":"https:\/\/i0.wp.com\/www.grieta.org.mx\/wp-content\/uploads\/2018\/03\/14524434_1106112876131411_958039263622046936_o.jpg?resize=350%2C200 1x, https:\/\/i0.wp.com\/www.grieta.org.mx\/wp-content\/uploads\/2018\/03\/14524434_1106112876131411_958039263622046936_o.jpg?resize=525%2C300 1.5x, https:\/\/i0.wp.com\/www.grieta.org.mx\/wp-content\/uploads\/2018\/03\/14524434_1106112876131411_958039263622046936_o.jpg?resize=700%2C400 2x"},"classes":[]},{"id":5218,"url":"http:\/\/www.grieta.org.mx\/index.php\/2015\/08\/26\/maestros-de-queretaro-anuncian-movilizaciones-contra-reforma-educativa\/","url_meta":{"origin":5219,"position":2},"title":"Maestros de Quer\u00e9taro anuncian movilizaciones contra reforma educativa","author":"grieta","date":"26 agosto, 2015","format":false,"excerpt":"Rafael Camacho\/C\u00f3dice Informativo Instalar\u00e1n un campamento permanente frente a los juzgados federales Ante la falta de apertura al di\u00e1logo tanto de las autoridades educativas estatales como federales, el pr\u00f3ximo viernes continuar\u00e1n con las manifestaciones, campamentos y hasta eventuales paros contra la Reforma Educativa, advirti\u00f3 Rosa Mar\u00eda C\u00f3rdoba, maestra vocera de\u2026","rel":"","context":"En &quot;CINTILLO&quot;","block_context":{"text":"CINTILLO","link":"http:\/\/www.grieta.org.mx\/index.php\/category\/cintillo\/"},"img":{"alt_text":"","src":"https:\/\/i0.wp.com\/www.grieta.org.mx\/wp-content\/uploads\/2018\/03\/14524434_1106112876131411_958039263622046936_o.jpg?resize=350%2C200","width":350,"height":200,"srcset":"https:\/\/i0.wp.com\/www.grieta.org.mx\/wp-content\/uploads\/2018\/03\/14524434_1106112876131411_958039263622046936_o.jpg?resize=350%2C200 1x, https:\/\/i0.wp.com\/www.grieta.org.mx\/wp-content\/uploads\/2018\/03\/14524434_1106112876131411_958039263622046936_o.jpg?resize=525%2C300 1.5x, https:\/\/i0.wp.com\/www.grieta.org.mx\/wp-content\/uploads\/2018\/03\/14524434_1106112876131411_958039263622046936_o.jpg?resize=700%2C400 2x"},"classes":[]},{"id":19602,"url":"http:\/\/www.grieta.org.mx\/index.php\/2016\/08\/13\/usebeq-sin-justificar-cese-de-maestros\/","url_meta":{"origin":5219,"position":3},"title":"USEBEQ, sin justificar cese de maestros","author":"grieta","date":"13 agosto, 2016","format":false,"excerpt":"M\u00f3nica Gordillo\/AM Quer\u00e9taro Denunciaron que en el estado ha continuado la represi\u00f3n, por parte de las autoridades educativas, en contra de los maestros que participan en el movimiento Integrantes de la Coordinadora Nacional de Trabajadores de la Educaci\u00f3n (CNTE) en el estado, en compa\u00f1\u00eda de la Uni\u00f3n C\u00edvica Felipe Carrillo\u2026","rel":"","context":"En &quot;CINTILLO&quot;","block_context":{"text":"CINTILLO","link":"http:\/\/www.grieta.org.mx\/index.php\/category\/cintillo\/"},"img":{"alt_text":"","src":"https:\/\/i0.wp.com\/www.grieta.org.mx\/wp-content\/uploads\/2018\/03\/14524434_1106112876131411_958039263622046936_o.jpg?resize=350%2C200","width":350,"height":200,"srcset":"https:\/\/i0.wp.com\/www.grieta.org.mx\/wp-content\/uploads\/2018\/03\/14524434_1106112876131411_958039263622046936_o.jpg?resize=350%2C200 1x, https:\/\/i0.wp.com\/www.grieta.org.mx\/wp-content\/uploads\/2018\/03\/14524434_1106112876131411_958039263622046936_o.jpg?resize=525%2C300 1.5x, https:\/\/i0.wp.com\/www.grieta.org.mx\/wp-content\/uploads\/2018\/03\/14524434_1106112876131411_958039263622046936_o.jpg?resize=700%2C400 2x"},"classes":[]},{"id":16010,"url":"http:\/\/www.grieta.org.mx\/index.php\/2016\/06\/02\/queretaro-profesores-exigen-respeto-a-sus-derechos-afuera-de-la-oficina-del-gobernador\/","url_meta":{"origin":5219,"position":4},"title":"Quer\u00e9taro: Profesores exigen respeto a sus derechos afuera de la oficina del gobernador","author":"grieta","date":"2 junio, 2016","format":false,"excerpt":"Gildardo Jacinto Garc\u00eda\/Libertad de palabra Quer\u00e9taro, Qro.- Docentes cesados del Colegio de Bachilleres (Cobaq), integrantes del Movimiento Magisterial de Bases de Quer\u00e9taro y de la Coordinadora Nacional de Trabajadores de la Educaci\u00f3n, realizaron la noche de este mi\u00e9rcoles un mitin en la Plaza de Armas de Quer\u00e9taro, afuera de la\u2026","rel":"","context":"En &quot;CINTILLO&quot;","block_context":{"text":"CINTILLO","link":"http:\/\/www.grieta.org.mx\/index.php\/category\/cintillo\/"},"img":{"alt_text":"","src":"https:\/\/i0.wp.com\/www.grieta.org.mx\/wp-content\/uploads\/2018\/03\/14524434_1106112876131411_958039263622046936_o.jpg?resize=350%2C200","width":350,"height":200,"srcset":"https:\/\/i0.wp.com\/www.grieta.org.mx\/wp-content\/uploads\/2018\/03\/14524434_1106112876131411_958039263622046936_o.jpg?resize=350%2C200 1x, https:\/\/i0.wp.com\/www.grieta.org.mx\/wp-content\/uploads\/2018\/03\/14524434_1106112876131411_958039263622046936_o.jpg?resize=525%2C300 1.5x, https:\/\/i0.wp.com\/www.grieta.org.mx\/wp-content\/uploads\/2018\/03\/14524434_1106112876131411_958039263622046936_o.jpg?resize=700%2C400 2x"},"classes":[]},{"id":5216,"url":"http:\/\/www.grieta.org.mx\/index.php\/2016\/03\/18\/se-manifiestan-por-despidos-de-maestros-en-cobaq\/","url_meta":{"origin":5219,"position":5},"title":"Se manifiestan por despidos de maestros en Cobaq","author":"grieta","date":"18 marzo, 2016","format":false,"excerpt":"M\u00f3nica Gordillo\/AM Quer\u00e9taro Maestros y alumnos del COBAQ se manifestaron en varios planteles de la instituci\u00f3n, puesto que 28 docentes fueron separados de su cargo por no participar en la evaluaci\u00f3n docente Maestros y alumnos del Colegio de Bachilleres del Estado de Quer\u00e9taro (COBAQ) se manifestaron en las instalaciones de\u2026","rel":"","context":"En &quot;CINTILLO&quot;","block_context":{"text":"CINTILLO","link":"http:\/\/www.grieta.org.mx\/index.php\/category\/cintillo\/"},"img":{"alt_text":"","src":"https:\/\/i0.wp.com\/www.grieta.org.mx\/wp-content\/uploads\/2018\/03\/14524434_1106112876131411_958039263622046936_o.jpg?resize=350%2C200","width":350,"height":200,"srcset":"https:\/\/i0.wp.com\/www.grieta.org.mx\/wp-content\/uploads\/2018\/03\/14524434_1106112876131411_958039263622046936_o.jpg?resize=350%2C200 1x, https:\/\/i0.wp.com\/www.grieta.org.mx\/wp-content\/uploads\/2018\/03\/14524434_1106112876131411_958039263622046936_o.jpg?resize=525%2C300 1.5x, https:\/\/i0.wp.com\/www.grieta.org.mx\/wp-content\/uploads\/2018\/03\/14524434_1106112876131411_958039263622046936_o.jpg?resize=700%2C400 2x"},"classes":[]}],"_links":{"self":[{"href":"http:\/\/www.grieta.org.mx\/index.php\/wp-json\/wp\/v2\/posts\/5219","targetHints":{"allow":["GET"]}}],"collection":[{"href":"http:\/\/www.grieta.org.mx\/index.php\/wp-json\/wp\/v2\/posts"}],"about":[{"href":"http:\/\/www.grieta.org.mx\/index.php\/wp-json\/wp\/v2\/types\/post"}],"author":[{"embeddable":true,"href":"http:\/\/www.grieta.org.mx\/index.php\/wp-json\/wp\/v2\/users\/2"}],"replies":[{"embeddable":true,"href":"http:\/\/www.grieta.org.mx\/index.php\/wp-json\/wp\/v2\/comments?post=5219"}],"version-history":[{"count":1,"href":"http:\/\/www.grieta.org.mx\/index.php\/wp-json\/wp\/v2\/posts\/5219\/revisions"}],"predecessor-version":[{"id":30140,"href":"http:\/\/www.grieta.org.mx\/index.php\/wp-json\/wp\/v2\/posts\/5219\/revisions\/30140"}],"wp:featuredmedia":[{"embeddable":true,"href":"http:\/\/www.grieta.org.mx\/index.php\/wp-json\/wp\/v2\/media\/21928"}],"wp:attachment":[{"href":"http:\/\/www.grieta.org.mx\/index.php\/wp-json\/wp\/v2\/media?parent=5219"}],"wp:term":[{"taxonomy":"category","embeddable":true,"href":"http:\/\/www.grieta.org.mx\/index.php\/wp-json\/wp\/v2\/categories?post=5219"},{"taxonomy":"post_tag","embeddable":true,"href":"http:\/\/www.grieta.org.mx\/index.php\/wp-json\/wp\/v2\/tags?post=5219"}],"curies":[{"name":"wp","href":"https:\/\/api.w.org\/{rel}","templated":true}]}}