{"id":5206,"date":"2015-08-13T04:53:18","date_gmt":"2015-08-13T04:53:18","guid":{"rendered":"http:\/\/50.22.11.12\/~grietaor\/?p=5206"},"modified":"2016-03-26T05:05:42","modified_gmt":"2016-03-26T05:05:42","slug":"preparan-amparo-vs-alza-al-transporte","status":"publish","type":"post","link":"http:\/\/www.grieta.org.mx\/index.php\/2015\/08\/13\/preparan-amparo-vs-alza-al-transporte\/","title":{"rendered":"Preparan amparo vs alza al transporte"},"content":{"rendered":"<p>Arlene Pati\u00f1o\/El Economista<\/p>\n<p>Estudiantes de la Facultad de Derecho de la Universidad Aut\u00f3noma de Quer\u00e9taro (UAQ) presentar\u00e1n un amparo colectivo en contra del alza de 30% a 8.5 pesos en la tarifa del transporte p\u00fablico.<\/p>\n<p>De acuerdo con la secretaria particular de Rector\u00eda, Blanca Guti\u00e9rrez Grageda, se encuentran en la fundamentaci\u00f3n y argumentaci\u00f3n para presentar este amparo integrantes de la comunidad universitaria, y de esta manera ejercer presi\u00f3n a la autoridad estatal para que presente la justificaci\u00f3n de dicho aumento, tal como lo prev\u00e9 la ley estatal de movilidad.<\/p>\n<p>A la fecha, afirm\u00f3 la UAQ, no ha recibido respuesta del Instituto Queretano del Transporte, luego del escrito que se le hizo llegar para revelar dicho estudio.<\/p>\n<p>\u201cB\u00e1sicamente es insistir en el planteamiento de la universidad de la transparencia de las decisiones de la autoridad. El aumento afecta a la sociedad en general y lo que estamos planteando es transparencia, queremos conocer los argumentos que ampara esta decisi\u00f3n. Lo que los estudiantes quieren es insistir en conocer este estudio y detener el efecto de esta decisi\u00f3n\u201d, coment\u00f3 la catedr\u00e1tica.<\/p>\n<p>A trav\u00e9s de redes sociales, a\u00f1adi\u00f3, se realiza una campa\u00f1a para la recolecci\u00f3n de firmas para el amparo; pr\u00f3ximamente los j\u00f3venes dar\u00e1n cuenta de la presentaci\u00f3n de dicho recurso.<\/p>\n<p>A m\u00e1s de dos semanas del incremento de la tarifa, Guti\u00e9rrez Grageda advirti\u00f3 que el descontento por el aumento tarifario ir\u00e1 creciendo cuando la sociedad se d\u00e9 cuenta del impacto que representar\u00e1 en su econom\u00eda.<\/p>\n<p><a href=\"http:\/\/eleconomista.com.mx\/estados\/queretaro\/2015\/08\/13\/preparan-amparo-vs-alza-transporte\" target=\"_blank\">eleconomista.com.mx\/estados\/queretaro\/2015\/08\/13\/preparan-amparo-vs-alza-transporte<\/a><\/p>\n","protected":false},"excerpt":{"rendered":"<p>Arlene Pati\u00f1o\/El Economista Estudiantes de la Facultad de Derecho de la Universidad Aut\u00f3noma de Quer\u00e9taro (UAQ) presentar\u00e1n un amparo colectivo en contra del alza de 30% a 8.5 pesos en &hellip; <a href=\"http:\/\/www.grieta.org.mx\/index.php\/2015\/08\/13\/preparan-amparo-vs-alza-al-transporte\/\" class=\"more-link\">Leer m\u00e1s<\/a><\/p>\n","protected":false},"author":2,"featured_media":21928,"comment_status":"closed","ping_status":"open","sticky":false,"template":"","format":"standard","meta":{"ngg_post_thumbnail":0,"_jetpack_newsletter_access":"","_jetpack_dont_email_post_to_subs":false,"_jetpack_newsletter_tier_id":0,"_jetpack_memberships_contains_paywalled_content":false,"_jetpack_memberships_contains_paid_content":false,"footnotes":""},"categories":[80,359],"tags":[97,180],"class_list":["post-5206","post","type-post","status-publish","format-standard","has-post-thumbnail","hentry","category-cintillo","category-queretaro","tag-comunicaciones-y-transportes","tag-protesta","entry"],"jetpack_featured_media_url":"http:\/\/www.grieta.org.mx\/wp-content\/uploads\/2018\/03\/14524434_1106112876131411_958039263622046936_o.jpg","jetpack_sharing_enabled":true,"jetpack_shortlink":"https:\/\/wp.me\/p7ZJR4-1lY","jetpack_likes_enabled":false,"jetpack-related-posts":[{"id":5201,"url":"http:\/\/www.grieta.org.mx\/index.php\/2015\/09\/12\/protestas-contra-el-alza-en-tarifa-de-transporte-en-queretaro\/","url_meta":{"origin":5206,"position":0},"title":"Protestas contra el alza en tarifa de transporte en Quer\u00e9taro","author":"grieta","date":"12 septiembre, 2015","format":false,"excerpt":"12\/09\/15. Presentan amparos contra alza de tarifa El Universal 07\/09\/15. Desestiman amparo de la UAQ contra aumento al transporte p\u00fablico AM Quer\u00e9taro 26\/08\/15. UAQ instalar\u00e1 mesas en 13 facultades para recolectar firmas a favor del amparo contra aumento a tarifa de RedQ C\u00f3dice informativo 21\/08\/15. Colegio de Abogados de Quer\u00e9taro\u2026","rel":"","context":"En &quot;Comunicaciones y transportes&quot;","block_context":{"text":"Comunicaciones y transportes","link":"http:\/\/www.grieta.org.mx\/index.php\/category\/megaproyectos\/comunicaciones-y-transportes\/"},"img":{"alt_text":"","src":"https:\/\/i0.wp.com\/www.grieta.org.mx\/wp-content\/uploads\/2018\/03\/14524434_1106112876131411_958039263622046936_o.jpg?resize=350%2C200","width":350,"height":200,"srcset":"https:\/\/i0.wp.com\/www.grieta.org.mx\/wp-content\/uploads\/2018\/03\/14524434_1106112876131411_958039263622046936_o.jpg?resize=350%2C200 1x, https:\/\/i0.wp.com\/www.grieta.org.mx\/wp-content\/uploads\/2018\/03\/14524434_1106112876131411_958039263622046936_o.jpg?resize=525%2C300 1.5x, https:\/\/i0.wp.com\/www.grieta.org.mx\/wp-content\/uploads\/2018\/03\/14524434_1106112876131411_958039263622046936_o.jpg?resize=700%2C400 2x"},"classes":[]},{"id":5204,"url":"http:\/\/www.grieta.org.mx\/index.php\/2015\/08\/21\/colegio-de-abogados-de-queretaro-respalda-amparo-colectivo-de-la-uaq-contra-alza-en-red-q\/","url_meta":{"origin":5206,"position":1},"title":"Colegio de Abogados de Quer\u00e9taro respalda amparo colectivo de la UAQ contra alza en Red Q","author":"grieta","date":"21 agosto, 2015","format":false,"excerpt":"Staff C\u00f3dice Informativo En voz de su presidente, Calixto de Santiago, el gremio considera que existi\u00f3 falta de legalidad y legitimidad en los incrementos El Colegio de Abogados Litigantes de Quer\u00e9taro manifest\u00f3 su respaldo al amparo colectivo contra el aumento de las tarifas de Red Q, asegur\u00f3 Calixto de Santiago\u2026","rel":"","context":"En &quot;CINTILLO&quot;","block_context":{"text":"CINTILLO","link":"http:\/\/www.grieta.org.mx\/index.php\/category\/cintillo\/"},"img":{"alt_text":"","src":"https:\/\/i0.wp.com\/www.grieta.org.mx\/wp-content\/uploads\/2018\/03\/14524434_1106112876131411_958039263622046936_o.jpg?resize=350%2C200","width":350,"height":200,"srcset":"https:\/\/i0.wp.com\/www.grieta.org.mx\/wp-content\/uploads\/2018\/03\/14524434_1106112876131411_958039263622046936_o.jpg?resize=350%2C200 1x, https:\/\/i0.wp.com\/www.grieta.org.mx\/wp-content\/uploads\/2018\/03\/14524434_1106112876131411_958039263622046936_o.jpg?resize=525%2C300 1.5x, https:\/\/i0.wp.com\/www.grieta.org.mx\/wp-content\/uploads\/2018\/03\/14524434_1106112876131411_958039263622046936_o.jpg?resize=700%2C400 2x"},"classes":[]},{"id":4929,"url":"http:\/\/www.grieta.org.mx\/index.php\/2016\/03\/23\/conflictos-en-la-universidad-autonoma-de-queretaro\/","url_meta":{"origin":5206,"position":2},"title":"Conflictos en la Universidad Aut\u00f3noma de Quer\u00e9taro","author":"grieta","date":"23 marzo, 2016","format":false,"excerpt":"23\/03\/16. Levantan huelga en UAQ; no se presentaron autoridades universitarias Quadrat\u00edn 22\/03\/16. Junta de Conciliaci\u00f3n y Arbitraje resuelve levantamiento de la huelga en la UAQ AM Quer\u00e9taro 18\/03\/16. Exige STEUAQ modificaciones a propuesta de la UAQ AM Quer\u00e9taro 15\/03\/16. Insistir\u00e1 UAQ en declarar inexistente la huelga; preparan amparo Quadrat\u00edn 15\/03\/16.\u2026","rel":"","context":"En &quot;NOTICIAS NACIONALES&quot;","block_context":{"text":"NOTICIAS NACIONALES","link":"http:\/\/www.grieta.org.mx\/index.php\/category\/noticias-nacionales\/"},"img":{"alt_text":"","src":"https:\/\/i0.wp.com\/www.grieta.org.mx\/wp-content\/uploads\/2018\/03\/14524434_1106112876131411_958039263622046936_o.jpg?resize=350%2C200","width":350,"height":200,"srcset":"https:\/\/i0.wp.com\/www.grieta.org.mx\/wp-content\/uploads\/2018\/03\/14524434_1106112876131411_958039263622046936_o.jpg?resize=350%2C200 1x, https:\/\/i0.wp.com\/www.grieta.org.mx\/wp-content\/uploads\/2018\/03\/14524434_1106112876131411_958039263622046936_o.jpg?resize=525%2C300 1.5x, https:\/\/i0.wp.com\/www.grieta.org.mx\/wp-content\/uploads\/2018\/03\/14524434_1106112876131411_958039263622046936_o.jpg?resize=700%2C400 2x"},"classes":[]},{"id":10244,"url":"http:\/\/www.grieta.org.mx\/index.php\/2016\/03\/15\/insistira-uaq-en-declarar-inexistente-la-huelga-preparan-amparo\/","url_meta":{"origin":5206,"position":3},"title":"Insistir\u00e1 UAQ en declarar inexistente la huelga; preparan amparo","author":"grieta","date":"15 marzo, 2016","format":false,"excerpt":"Redacci\u00f3n\/Quadrat\u00edn El abogado general de la Universidad, Oscar Guerra Becerra, coment\u00f3 que las autoridades universitarias preparan una nueva propuesta para que los trabajadores tomen una decisi\u00f3n. QUER\u00c9TARO, Qro., 15 de marzo de 2016.- Luego de que la Junta Local de Conciliaci\u00f3n y Arbitraje declarara leg\u00edtima la huelga del Sindicato de\u2026","rel":"","context":"En &quot;CINTILLO&quot;","block_context":{"text":"CINTILLO","link":"http:\/\/www.grieta.org.mx\/index.php\/category\/cintillo\/"},"img":{"alt_text":"","src":"https:\/\/i0.wp.com\/www.grieta.org.mx\/wp-content\/uploads\/2018\/03\/14524434_1106112876131411_958039263622046936_o.jpg?resize=350%2C200","width":350,"height":200,"srcset":"https:\/\/i0.wp.com\/www.grieta.org.mx\/wp-content\/uploads\/2018\/03\/14524434_1106112876131411_958039263622046936_o.jpg?resize=350%2C200 1x, https:\/\/i0.wp.com\/www.grieta.org.mx\/wp-content\/uploads\/2018\/03\/14524434_1106112876131411_958039263622046936_o.jpg?resize=525%2C300 1.5x, https:\/\/i0.wp.com\/www.grieta.org.mx\/wp-content\/uploads\/2018\/03\/14524434_1106112876131411_958039263622046936_o.jpg?resize=700%2C400 2x"},"classes":[]},{"id":38254,"url":"http:\/\/www.grieta.org.mx\/index.php\/2019\/08\/23\/universitarios-se-manifiestan-en-queretaro-contra-tarifas-de-transporte\/","url_meta":{"origin":5206,"position":4},"title":"Universitarios se manifiestan en Quer\u00e9taro contra tarifas de transporte","author":"grieta","date":"23 agosto, 2019","format":false,"excerpt":"Viviana Estrella\/El Economista Quer\u00e9taro.- La comunidad de la Universidad Aut\u00f3noma de Quer\u00e9taro (UAQ), de otras instituciones educativas y ciudadanos, se manifestaron este viernes en la capital del estado en contra del incremento a la tarifa del transporte p\u00fablico. Los manifestantes salieron de la explanada del Centro Universitario de la UAQ,\u2026","rel":"","context":"En &quot;CINTILLO&quot;","block_context":{"text":"CINTILLO","link":"http:\/\/www.grieta.org.mx\/index.php\/category\/cintillo\/"},"img":{"alt_text":"","src":"https:\/\/i0.wp.com\/www.grieta.org.mx\/wp-content\/uploads\/2019\/08\/20190823_123049.jpg_1741123634.jpg?resize=350%2C200","width":350,"height":200,"srcset":"https:\/\/i0.wp.com\/www.grieta.org.mx\/wp-content\/uploads\/2019\/08\/20190823_123049.jpg_1741123634.jpg?resize=350%2C200 1x, https:\/\/i0.wp.com\/www.grieta.org.mx\/wp-content\/uploads\/2019\/08\/20190823_123049.jpg_1741123634.jpg?resize=525%2C300 1.5x, https:\/\/i0.wp.com\/www.grieta.org.mx\/wp-content\/uploads\/2019\/08\/20190823_123049.jpg_1741123634.jpg?resize=700%2C400 2x, https:\/\/i0.wp.com\/www.grieta.org.mx\/wp-content\/uploads\/2019\/08\/20190823_123049.jpg_1741123634.jpg?resize=1050%2C600 3x"},"classes":[]},{"id":5207,"url":"http:\/\/www.grieta.org.mx\/index.php\/2015\/08\/10\/aumento-a-tarifa-de-transporte-de-queretaro-es-desproporcional-observatorio-ciudadano-de-movilidad\/","url_meta":{"origin":5206,"position":5},"title":"Aumento a tarifa de transporte de Quer\u00e9taro es desproporcional: Observatorio Ciudadano de Movilidad","author":"grieta","date":"10 agosto, 2015","format":false,"excerpt":"Alejandro Nieto Quer\u00e9taro\/C\u00f3dice Informativo Buscan mesas de di\u00e1logo con autoridades y universitarios para mejorar la calidad con las investigaciones de la Facultad de Ingenier\u00eda de la UAQ Integrantes del Observatorio Ciudadano de Movilidad piden a las autoridades del estado de Quer\u00e9taro entablar mesas de di\u00e1logo para mejorar las tarifas y\u2026","rel":"","context":"En &quot;CINTILLO&quot;","block_context":{"text":"CINTILLO","link":"http:\/\/www.grieta.org.mx\/index.php\/category\/cintillo\/"},"img":{"alt_text":"","src":"https:\/\/i0.wp.com\/www.grieta.org.mx\/wp-content\/uploads\/2018\/03\/14524434_1106112876131411_958039263622046936_o.jpg?resize=350%2C200","width":350,"height":200,"srcset":"https:\/\/i0.wp.com\/www.grieta.org.mx\/wp-content\/uploads\/2018\/03\/14524434_1106112876131411_958039263622046936_o.jpg?resize=350%2C200 1x, https:\/\/i0.wp.com\/www.grieta.org.mx\/wp-content\/uploads\/2018\/03\/14524434_1106112876131411_958039263622046936_o.jpg?resize=525%2C300 1.5x, https:\/\/i0.wp.com\/www.grieta.org.mx\/wp-content\/uploads\/2018\/03\/14524434_1106112876131411_958039263622046936_o.jpg?resize=700%2C400 2x"},"classes":[]}],"_links":{"self":[{"href":"http:\/\/www.grieta.org.mx\/index.php\/wp-json\/wp\/v2\/posts\/5206","targetHints":{"allow":["GET"]}}],"collection":[{"href":"http:\/\/www.grieta.org.mx\/index.php\/wp-json\/wp\/v2\/posts"}],"about":[{"href":"http:\/\/www.grieta.org.mx\/index.php\/wp-json\/wp\/v2\/types\/post"}],"author":[{"embeddable":true,"href":"http:\/\/www.grieta.org.mx\/index.php\/wp-json\/wp\/v2\/users\/2"}],"replies":[{"embeddable":true,"href":"http:\/\/www.grieta.org.mx\/index.php\/wp-json\/wp\/v2\/comments?post=5206"}],"version-history":[{"count":1,"href":"http:\/\/www.grieta.org.mx\/index.php\/wp-json\/wp\/v2\/posts\/5206\/revisions"}],"predecessor-version":[{"id":5213,"href":"http:\/\/www.grieta.org.mx\/index.php\/wp-json\/wp\/v2\/posts\/5206\/revisions\/5213"}],"wp:featuredmedia":[{"embeddable":true,"href":"http:\/\/www.grieta.org.mx\/index.php\/wp-json\/wp\/v2\/media\/21928"}],"wp:attachment":[{"href":"http:\/\/www.grieta.org.mx\/index.php\/wp-json\/wp\/v2\/media?parent=5206"}],"wp:term":[{"taxonomy":"category","embeddable":true,"href":"http:\/\/www.grieta.org.mx\/index.php\/wp-json\/wp\/v2\/categories?post=5206"},{"taxonomy":"post_tag","embeddable":true,"href":"http:\/\/www.grieta.org.mx\/index.php\/wp-json\/wp\/v2\/tags?post=5206"}],"curies":[{"name":"wp","href":"https:\/\/api.w.org\/{rel}","templated":true}]}}